{"id":105,"date":"2018-09-29T12:37:58","date_gmt":"2018-09-29T12:37:58","guid":{"rendered":"http:\/\/localhost\/wordpress\/2018\/09\/29\/un-appel-pour-la-direction-et-le-fonctionnement-de-lcole\/"},"modified":"2018-09-29T12:37:58","modified_gmt":"2018-09-29T12:37:58","slug":"un-appel-pour-la-direction-et-le-fonctionnement-de-lcole","status":"publish","type":"post","link":"https:\/\/snuipp86.fr\/index.php\/2018\/09\/29\/un-appel-pour-la-direction-et-le-fonctionnement-de-lcole\/","title":{"rendered":"Un appel pour la direction et le fonctionnement de l&rsquo;\u00e9cole"},"content":{"rendered":"<p><img decoding=\"async\" src=\"https:\/\/snuipp86.fr\/wp-content\/spip\/IMG\/arton4114.jpg\" alt=\"\" align=\"right\" width=\"300\" height=\"245\" class=\"spip_logos\" \/><\/p>\n","protected":false},"excerpt":{"rendered":"<p>Une aide au fonctionnement de l&rsquo;\u00e9cole, assur\u00e9e par des personnels qualifi\u00e9s pour \u00e0 la fois am\u00e9liorer les conditions de travail des directrices et directeurs d&rsquo;\u00e9cole et le fonctionnement de l&rsquo;\u00e9cole, c&rsquo;est ce que demande le SNUipp-FSU.<br \/>\n&#8211;<br \/>\n<a href=\"http:\/\/86.snuipp.fr\/spip.php?rubrique296\" rel=\"directory\">Directions d&rsquo;\u00e9coles<\/a><br \/>\n\/<br \/>\n<a href=\"http:\/\/86.snuipp.fr\/spip.php?mot303\" rel=\"tag\">Directions d&rsquo;\u00e9coles<\/a><\/p>\n","protected":false},"author":1,"featured_media":0,"comment_status":"open","ping_status":"open","sticky":false,"template":"","format":"standard","meta":{"footnotes":""},"categories":[14],"tags":[],"class_list":["post-105","post","type-post","status-publish","format-standard","hentry","category-a-la-une"],"yoast_head":"<!-- This site is optimized with the Yoast SEO plugin v26.6 - https:\/\/yoast.com\/wordpress\/plugins\/seo\/ -->\n<title>Un appel pour la direction et le fonctionnement de l&#039;\u00e9cole - FSU-SNUipp 86<\/title>\n<meta name=\"robots\" content=\"index, follow, max-snippet:-1, max-image-preview:large, max-video-preview:-1\" \/>\n<link rel=\"canonical\" href=\"https:\/\/snuipp86.fr\/index.php\/2018\/09\/29\/un-appel-pour-la-direction-et-le-fonctionnement-de-lcole\/\" \/>\n<meta property=\"og:locale\" content=\"fr_FR\" \/>\n<meta property=\"og:type\" content=\"article\" \/>\n<meta property=\"og:title\" content=\"Un appel pour la direction et le fonctionnement de l&#039;\u00e9cole - FSU-SNUipp 86\" \/>\n<meta property=\"og:description\" content=\"Une aide au fonctionnement de l&#039;\u00e9cole, assur\u00e9e par des personnels qualifi\u00e9s pour \u00e0 la fois am\u00e9liorer les conditions de travail des directrices et directeurs d&#039;\u00e9cole et le fonctionnement de l&#039;\u00e9cole, c&#039;est ce que demande le SNUipp-FSU. - Directions d&#039;\u00e9coles \/ Directions d&#039;\u00e9coles\" \/>\n<meta property=\"og:url\" content=\"https:\/\/snuipp86.fr\/index.php\/2018\/09\/29\/un-appel-pour-la-direction-et-le-fonctionnement-de-lcole\/\" \/>\n<meta property=\"og:site_name\" content=\"FSU-SNUipp 86\" \/>\n<meta property=\"article:published_time\" content=\"2018-09-29T12:37:58+00:00\" \/>\n<meta property=\"og:image\" content=\"http:\/\/snuipp86.fr\/wp-content\/spip\/IMG\/arton4114.jpg\" \/>\n<meta name=\"author\" content=\"WP86Admin\" \/>\n<meta name=\"twitter:card\" content=\"summary_large_image\" \/>\n<meta name=\"twitter:label1\" content=\"\u00c9crit par\" \/>\n\t<meta name=\"twitter:data1\" content=\"WP86Admin\" \/>\n<script type=\"application\/ld+json\" class=\"yoast-schema-graph\">{\"@context\":\"https:\/\/schema.org\",\"@graph\":[{\"@type\":\"WebPage\",\"@id\":\"https:\/\/snuipp86.fr\/index.php\/2018\/09\/29\/un-appel-pour-la-direction-et-le-fonctionnement-de-lcole\/\",\"url\":\"https:\/\/snuipp86.fr\/index.php\/2018\/09\/29\/un-appel-pour-la-direction-et-le-fonctionnement-de-lcole\/\",\"name\":\"Un appel pour la direction et le fonctionnement de l'\u00e9cole - FSU-SNUipp 86\",\"isPartOf\":{\"@id\":\"https:\/\/snuipp86.fr\/#website\"},\"primaryImageOfPage\":{\"@id\":\"https:\/\/snuipp86.fr\/index.php\/2018\/09\/29\/un-appel-pour-la-direction-et-le-fonctionnement-de-lcole\/#primaryimage\"},\"image\":{\"@id\":\"https:\/\/snuipp86.fr\/index.php\/2018\/09\/29\/un-appel-pour-la-direction-et-le-fonctionnement-de-lcole\/#primaryimage\"},\"thumbnailUrl\":\"http:\/\/snuipp86.fr\/wp-content\/spip\/IMG\/arton4114.jpg\",\"datePublished\":\"2018-09-29T12:37:58+00:00\",\"author\":{\"@id\":\"https:\/\/snuipp86.fr\/#\/schema\/person\/901b28b9ae1c7a63a6a940102e52a7a2\"},\"breadcrumb\":{\"@id\":\"https:\/\/snuipp86.fr\/index.php\/2018\/09\/29\/un-appel-pour-la-direction-et-le-fonctionnement-de-lcole\/#breadcrumb\"},\"inLanguage\":\"fr-FR\",\"potentialAction\":[{\"@type\":\"ReadAction\",\"target\":[\"https:\/\/snuipp86.fr\/index.php\/2018\/09\/29\/un-appel-pour-la-direction-et-le-fonctionnement-de-lcole\/\"]}]},{\"@type\":\"ImageObject\",\"inLanguage\":\"fr-FR\",\"@id\":\"https:\/\/snuipp86.fr\/index.php\/2018\/09\/29\/un-appel-pour-la-direction-et-le-fonctionnement-de-lcole\/#primaryimage\",\"url\":\"http:\/\/snuipp86.fr\/wp-content\/spip\/IMG\/arton4114.jpg\",\"contentUrl\":\"http:\/\/snuipp86.fr\/wp-content\/spip\/IMG\/arton4114.jpg\"},{\"@type\":\"BreadcrumbList\",\"@id\":\"https:\/\/snuipp86.fr\/index.php\/2018\/09\/29\/un-appel-pour-la-direction-et-le-fonctionnement-de-lcole\/#breadcrumb\",\"itemListElement\":[{\"@type\":\"ListItem\",\"position\":1,\"name\":\"Accueil\",\"item\":\"https:\/\/snuipp86.fr\/\"},{\"@type\":\"ListItem\",\"position\":2,\"name\":\"Un appel pour la direction et le fonctionnement de l&#8217;\u00e9cole\"}]},{\"@type\":\"WebSite\",\"@id\":\"https:\/\/snuipp86.fr\/#website\",\"url\":\"https:\/\/snuipp86.fr\/\",\"name\":\"FSU-SNUipp 86\",\"description\":\"Des id\u00e9es qui font l&#039;\u00e9cole\",\"potentialAction\":[{\"@type\":\"SearchAction\",\"target\":{\"@type\":\"EntryPoint\",\"urlTemplate\":\"https:\/\/snuipp86.fr\/?s={search_term_string}\"},\"query-input\":{\"@type\":\"PropertyValueSpecification\",\"valueRequired\":true,\"valueName\":\"search_term_string\"}}],\"inLanguage\":\"fr-FR\"},{\"@type\":\"Person\",\"@id\":\"https:\/\/snuipp86.fr\/#\/schema\/person\/901b28b9ae1c7a63a6a940102e52a7a2\",\"name\":\"WP86Admin\",\"image\":{\"@type\":\"ImageObject\",\"inLanguage\":\"fr-FR\",\"@id\":\"https:\/\/snuipp86.fr\/#\/schema\/person\/image\/\",\"url\":\"https:\/\/secure.gravatar.com\/avatar\/0099845c7ec05dc10d777d8ab4f5142c5ba316283821af2459738ad469a37a1a?s=96&d=mm&r=g\",\"contentUrl\":\"https:\/\/secure.gravatar.com\/avatar\/0099845c7ec05dc10d777d8ab4f5142c5ba316283821af2459738ad469a37a1a?s=96&d=mm&r=g\",\"caption\":\"WP86Admin\"},\"url\":\"https:\/\/snuipp86.fr\/index.php\/author\/wp86admin\/\"}]}<\/script>\n<!-- \/ Yoast SEO plugin. -->","yoast_head_json":{"title":"Un appel pour la direction et le fonctionnement de l'\u00e9cole - FSU-SNUipp 86","robots":{"index":"index","follow":"follow","max-snippet":"max-snippet:-1","max-image-preview":"max-image-preview:large","max-video-preview":"max-video-preview:-1"},"canonical":"https:\/\/snuipp86.fr\/index.php\/2018\/09\/29\/un-appel-pour-la-direction-et-le-fonctionnement-de-lcole\/","og_locale":"fr_FR","og_type":"article","og_title":"Un appel pour la direction et le fonctionnement de l'\u00e9cole - FSU-SNUipp 86","og_description":"Une aide au fonctionnement de l'\u00e9cole, assur\u00e9e par des personnels qualifi\u00e9s pour \u00e0 la fois am\u00e9liorer les conditions de travail des directrices et directeurs d'\u00e9cole et le fonctionnement de l'\u00e9cole, c'est ce que demande le SNUipp-FSU. - Directions d'\u00e9coles \/ Directions d'\u00e9coles","og_url":"https:\/\/snuipp86.fr\/index.php\/2018\/09\/29\/un-appel-pour-la-direction-et-le-fonctionnement-de-lcole\/","og_site_name":"FSU-SNUipp 86","article_published_time":"2018-09-29T12:37:58+00:00","og_image":[{"url":"http:\/\/snuipp86.fr\/wp-content\/spip\/IMG\/arton4114.jpg","type":"","width":"","height":""}],"author":"WP86Admin","twitter_card":"summary_large_image","twitter_misc":{"\u00c9crit par":"WP86Admin"},"schema":{"@context":"https:\/\/schema.org","@graph":[{"@type":"WebPage","@id":"https:\/\/snuipp86.fr\/index.php\/2018\/09\/29\/un-appel-pour-la-direction-et-le-fonctionnement-de-lcole\/","url":"https:\/\/snuipp86.fr\/index.php\/2018\/09\/29\/un-appel-pour-la-direction-et-le-fonctionnement-de-lcole\/","name":"Un appel pour la direction et le fonctionnement de l'\u00e9cole - FSU-SNUipp 86","isPartOf":{"@id":"https:\/\/snuipp86.fr\/#website"},"primaryImageOfPage":{"@id":"https:\/\/snuipp86.fr\/index.php\/2018\/09\/29\/un-appel-pour-la-direction-et-le-fonctionnement-de-lcole\/#primaryimage"},"image":{"@id":"https:\/\/snuipp86.fr\/index.php\/2018\/09\/29\/un-appel-pour-la-direction-et-le-fonctionnement-de-lcole\/#primaryimage"},"thumbnailUrl":"http:\/\/snuipp86.fr\/wp-content\/spip\/IMG\/arton4114.jpg","datePublished":"2018-09-29T12:37:58+00:00","author":{"@id":"https:\/\/snuipp86.fr\/#\/schema\/person\/901b28b9ae1c7a63a6a940102e52a7a2"},"breadcrumb":{"@id":"https:\/\/snuipp86.fr\/index.php\/2018\/09\/29\/un-appel-pour-la-direction-et-le-fonctionnement-de-lcole\/#breadcrumb"},"inLanguage":"fr-FR","potentialAction":[{"@type":"ReadAction","target":["https:\/\/snuipp86.fr\/index.php\/2018\/09\/29\/un-appel-pour-la-direction-et-le-fonctionnement-de-lcole\/"]}]},{"@type":"ImageObject","inLanguage":"fr-FR","@id":"https:\/\/snuipp86.fr\/index.php\/2018\/09\/29\/un-appel-pour-la-direction-et-le-fonctionnement-de-lcole\/#primaryimage","url":"http:\/\/snuipp86.fr\/wp-content\/spip\/IMG\/arton4114.jpg","contentUrl":"http:\/\/snuipp86.fr\/wp-content\/spip\/IMG\/arton4114.jpg"},{"@type":"BreadcrumbList","@id":"https:\/\/snuipp86.fr\/index.php\/2018\/09\/29\/un-appel-pour-la-direction-et-le-fonctionnement-de-lcole\/#breadcrumb","itemListElement":[{"@type":"ListItem","position":1,"name":"Accueil","item":"https:\/\/snuipp86.fr\/"},{"@type":"ListItem","position":2,"name":"Un appel pour la direction et le fonctionnement de l&#8217;\u00e9cole"}]},{"@type":"WebSite","@id":"https:\/\/snuipp86.fr\/#website","url":"https:\/\/snuipp86.fr\/","name":"FSU-SNUipp 86","description":"Des id\u00e9es qui font l&#039;\u00e9cole","potentialAction":[{"@type":"SearchAction","target":{"@type":"EntryPoint","urlTemplate":"https:\/\/snuipp86.fr\/?s={search_term_string}"},"query-input":{"@type":"PropertyValueSpecification","valueRequired":true,"valueName":"search_term_string"}}],"inLanguage":"fr-FR"},{"@type":"Person","@id":"https:\/\/snuipp86.fr\/#\/schema\/person\/901b28b9ae1c7a63a6a940102e52a7a2","name":"WP86Admin","image":{"@type":"ImageObject","inLanguage":"fr-FR","@id":"https:\/\/snuipp86.fr\/#\/schema\/person\/image\/","url":"https:\/\/secure.gravatar.com\/avatar\/0099845c7ec05dc10d777d8ab4f5142c5ba316283821af2459738ad469a37a1a?s=96&d=mm&r=g","contentUrl":"https:\/\/secure.gravatar.com\/avatar\/0099845c7ec05dc10d777d8ab4f5142c5ba316283821af2459738ad469a37a1a?s=96&d=mm&r=g","caption":"WP86Admin"},"url":"https:\/\/snuipp86.fr\/index.php\/author\/wp86admin\/"}]}},"_links":{"self":[{"href":"https:\/\/snuipp86.fr\/index.php\/wp-json\/wp\/v2\/posts\/105","targetHints":{"allow":["GET"]}}],"collection":[{"href":"https:\/\/snuipp86.fr\/index.php\/wp-json\/wp\/v2\/posts"}],"about":[{"href":"https:\/\/snuipp86.fr\/index.php\/wp-json\/wp\/v2\/types\/post"}],"author":[{"embeddable":true,"href":"https:\/\/snuipp86.fr\/index.php\/wp-json\/wp\/v2\/users\/1"}],"replies":[{"embeddable":true,"href":"https:\/\/snuipp86.fr\/index.php\/wp-json\/wp\/v2\/comments?post=105"}],"version-history":[{"count":0,"href":"https:\/\/snuipp86.fr\/index.php\/wp-json\/wp\/v2\/posts\/105\/revisions"}],"wp:attachment":[{"href":"https:\/\/snuipp86.fr\/index.php\/wp-json\/wp\/v2\/media?parent=105"}],"wp:term":[{"taxonomy":"category","embeddable":true,"href":"https:\/\/snuipp86.fr\/index.php\/wp-json\/wp\/v2\/categories?post=105"},{"taxonomy":"post_tag","embeddable":true,"href":"https:\/\/snuipp86.fr\/index.php\/wp-json\/wp\/v2\/tags?post=105"}],"curies":[{"name":"wp","href":"https:\/\/api.w.org\/{rel}","templated":true}]}}