{"id":1055,"date":"2014-01-05T20:11:25","date_gmt":"2014-01-05T20:11:25","guid":{"rendered":"http:\/\/localhost\/wordpress\/2014\/01\/05\/calendrier-2014-du-virement-des-pensions\/"},"modified":"2014-01-05T20:11:25","modified_gmt":"2014-01-05T20:11:25","slug":"calendrier-2014-du-virement-des-pensions","status":"publish","type":"post","link":"https:\/\/snuipp86.fr\/index.php\/2014\/01\/05\/calendrier-2014-du-virement-des-pensions\/","title":{"rendered":"Calendrier 2014 du virement des pensions"},"content":{"rendered":"<p><img decoding=\"async\" src=\"https:\/\/snuipp86.fr\/wp-content\/spip\/IMG\/arton2563.jpg\" alt=\"\" align=\"right\" width=\"800\" height=\"800\" class=\"spip_logos\" \/><\/p>\n<div class='rss_texte'>\n<h3 class=\"spip\">Calendrier 2014 du virement des pensions<\/h3>\n<p class=\"spip\"><strong class=\"spip\"> A quelle date ma pension est-t-elle pay\u00e9e ?<\/strong><\/p>\n<p class=\"spip\">Votre pension est pay\u00e9e mensuellement. En fin de mois, votre compte est cr\u00e9dit\u00e9 du montant de la pension correspondant au mois en cours.<\/p>\n<p class=\"spip\"><strong class=\"spip\">O\u00f9 puis-je trouver les dates de virement de ma pension ?<\/strong><\/p>\n<p class=\"spip\">Retrouvez <a href=\"http:\/\/www.pensions.bercy.gouv.fr\/vous-%C3%AAtes-retrait%C3%A9-ou-pensionn%C3%A9\/le-paiement-de-ma-pension\/quelle-date-est-pay%C3%A9e-ma-pension\" class=\"spip_out\">sur ce lien<\/a> votre calendrier pr\u00e9visionnel des r\u00e8glements des pensions de retraite.<\/p>\n<\/div>\n","protected":false},"excerpt":{"rendered":"<p>Calendrier 2014 du virement des pensions <br \/>A quelle date ma pension est-t-elle pay\u00e9e ? <br \/>Votre pension est pay\u00e9e mensuellement. En fin de mois, votre compte est cr\u00e9dit\u00e9 du montant de la pension correspondant au mois en cours. <br \/>O\u00f9 puis-je trouver les dates de virement de ma pension ? <br \/>Retrouvez sur ce lien votre calendrier pr\u00e9visionnel des r\u00e8glements des pensions de retraite.<br \/>\n&#8211;<br \/>\n<a href=\"http:\/\/86.snuipp.fr\/spip.php?rubrique157\" rel=\"directory\">Retraites<\/a><br \/>\n\/<br \/>\n<a href=\"http:\/\/86.snuipp.fr\/spip.php?mot286\" rel=\"tag\">Salaires, indemnit\u00e9s, primes .<\/a>,<br \/>\n<a href=\"http:\/\/86.snuipp.fr\/spip.php?mot305\" rel=\"tag\">Retraites<\/a><\/p>\n","protected":false},"author":1,"featured_media":0,"comment_status":"open","ping_status":"open","sticky":false,"template":"","format":"standard","meta":{"footnotes":""},"categories":[14],"tags":[],"class_list":["post-1055","post","type-post","status-publish","format-standard","hentry","category-a-la-une"],"yoast_head":"<!-- This site is optimized with the Yoast SEO plugin v26.6 - https:\/\/yoast.com\/wordpress\/plugins\/seo\/ -->\n<title>Calendrier 2014 du virement des pensions - FSU-SNUipp 86<\/title>\n<meta name=\"robots\" content=\"index, follow, max-snippet:-1, max-image-preview:large, max-video-preview:-1\" \/>\n<link rel=\"canonical\" href=\"https:\/\/snuipp86.fr\/index.php\/2014\/01\/05\/calendrier-2014-du-virement-des-pensions\/\" \/>\n<meta property=\"og:locale\" content=\"fr_FR\" \/>\n<meta property=\"og:type\" content=\"article\" \/>\n<meta property=\"og:title\" content=\"Calendrier 2014 du virement des pensions - FSU-SNUipp 86\" \/>\n<meta property=\"og:description\" content=\"Calendrier 2014 du virement des pensions A quelle date ma pension est-t-elle pay\u00e9e ? Votre pension est pay\u00e9e mensuellement. En fin de mois, votre compte est cr\u00e9dit\u00e9 du montant de la pension correspondant au mois en cours. O\u00f9 puis-je trouver les dates de virement de ma pension ? Retrouvez sur ce lien votre calendrier pr\u00e9visionnel des r\u00e8glements des pensions de retraite. - Retraites \/ Salaires, indemnit\u00e9s, primes ., Retraites\" \/>\n<meta property=\"og:url\" content=\"https:\/\/snuipp86.fr\/index.php\/2014\/01\/05\/calendrier-2014-du-virement-des-pensions\/\" \/>\n<meta property=\"og:site_name\" content=\"FSU-SNUipp 86\" \/>\n<meta property=\"article:published_time\" content=\"2014-01-05T20:11:25+00:00\" \/>\n<meta property=\"og:image\" content=\"http:\/\/snuipp86.fr\/wp-content\/spip\/IMG\/arton2563.jpg\" \/>\n<meta name=\"author\" content=\"WP86Admin\" \/>\n<meta name=\"twitter:card\" content=\"summary_large_image\" \/>\n<meta name=\"twitter:label1\" content=\"\u00c9crit par\" \/>\n\t<meta name=\"twitter:data1\" content=\"WP86Admin\" \/>\n<script type=\"application\/ld+json\" class=\"yoast-schema-graph\">{\"@context\":\"https:\/\/schema.org\",\"@graph\":[{\"@type\":\"WebPage\",\"@id\":\"https:\/\/snuipp86.fr\/index.php\/2014\/01\/05\/calendrier-2014-du-virement-des-pensions\/\",\"url\":\"https:\/\/snuipp86.fr\/index.php\/2014\/01\/05\/calendrier-2014-du-virement-des-pensions\/\",\"name\":\"Calendrier 2014 du virement des pensions - FSU-SNUipp 86\",\"isPartOf\":{\"@id\":\"https:\/\/snuipp86.fr\/#website\"},\"primaryImageOfPage\":{\"@id\":\"https:\/\/snuipp86.fr\/index.php\/2014\/01\/05\/calendrier-2014-du-virement-des-pensions\/#primaryimage\"},\"image\":{\"@id\":\"https:\/\/snuipp86.fr\/index.php\/2014\/01\/05\/calendrier-2014-du-virement-des-pensions\/#primaryimage\"},\"thumbnailUrl\":\"http:\/\/snuipp86.fr\/wp-content\/spip\/IMG\/arton2563.jpg\",\"datePublished\":\"2014-01-05T20:11:25+00:00\",\"author\":{\"@id\":\"https:\/\/snuipp86.fr\/#\/schema\/person\/901b28b9ae1c7a63a6a940102e52a7a2\"},\"breadcrumb\":{\"@id\":\"https:\/\/snuipp86.fr\/index.php\/2014\/01\/05\/calendrier-2014-du-virement-des-pensions\/#breadcrumb\"},\"inLanguage\":\"fr-FR\",\"potentialAction\":[{\"@type\":\"ReadAction\",\"target\":[\"https:\/\/snuipp86.fr\/index.php\/2014\/01\/05\/calendrier-2014-du-virement-des-pensions\/\"]}]},{\"@type\":\"ImageObject\",\"inLanguage\":\"fr-FR\",\"@id\":\"https:\/\/snuipp86.fr\/index.php\/2014\/01\/05\/calendrier-2014-du-virement-des-pensions\/#primaryimage\",\"url\":\"http:\/\/snuipp86.fr\/wp-content\/spip\/IMG\/arton2563.jpg\",\"contentUrl\":\"http:\/\/snuipp86.fr\/wp-content\/spip\/IMG\/arton2563.jpg\"},{\"@type\":\"BreadcrumbList\",\"@id\":\"https:\/\/snuipp86.fr\/index.php\/2014\/01\/05\/calendrier-2014-du-virement-des-pensions\/#breadcrumb\",\"itemListElement\":[{\"@type\":\"ListItem\",\"position\":1,\"name\":\"Accueil\",\"item\":\"https:\/\/snuipp86.fr\/\"},{\"@type\":\"ListItem\",\"position\":2,\"name\":\"Calendrier 2014 du virement des pensions\"}]},{\"@type\":\"WebSite\",\"@id\":\"https:\/\/snuipp86.fr\/#website\",\"url\":\"https:\/\/snuipp86.fr\/\",\"name\":\"FSU-SNUipp 86\",\"description\":\"Des id\u00e9es qui font l&#039;\u00e9cole\",\"potentialAction\":[{\"@type\":\"SearchAction\",\"target\":{\"@type\":\"EntryPoint\",\"urlTemplate\":\"https:\/\/snuipp86.fr\/?s={search_term_string}\"},\"query-input\":{\"@type\":\"PropertyValueSpecification\",\"valueRequired\":true,\"valueName\":\"search_term_string\"}}],\"inLanguage\":\"fr-FR\"},{\"@type\":\"Person\",\"@id\":\"https:\/\/snuipp86.fr\/#\/schema\/person\/901b28b9ae1c7a63a6a940102e52a7a2\",\"name\":\"WP86Admin\",\"image\":{\"@type\":\"ImageObject\",\"inLanguage\":\"fr-FR\",\"@id\":\"https:\/\/snuipp86.fr\/#\/schema\/person\/image\/\",\"url\":\"https:\/\/secure.gravatar.com\/avatar\/0099845c7ec05dc10d777d8ab4f5142c5ba316283821af2459738ad469a37a1a?s=96&d=mm&r=g\",\"contentUrl\":\"https:\/\/secure.gravatar.com\/avatar\/0099845c7ec05dc10d777d8ab4f5142c5ba316283821af2459738ad469a37a1a?s=96&d=mm&r=g\",\"caption\":\"WP86Admin\"},\"url\":\"https:\/\/snuipp86.fr\/index.php\/author\/wp86admin\/\"}]}<\/script>\n<!-- \/ Yoast SEO plugin. -->","yoast_head_json":{"title":"Calendrier 2014 du virement des pensions - FSU-SNUipp 86","robots":{"index":"index","follow":"follow","max-snippet":"max-snippet:-1","max-image-preview":"max-image-preview:large","max-video-preview":"max-video-preview:-1"},"canonical":"https:\/\/snuipp86.fr\/index.php\/2014\/01\/05\/calendrier-2014-du-virement-des-pensions\/","og_locale":"fr_FR","og_type":"article","og_title":"Calendrier 2014 du virement des pensions - FSU-SNUipp 86","og_description":"Calendrier 2014 du virement des pensions A quelle date ma pension est-t-elle pay\u00e9e ? Votre pension est pay\u00e9e mensuellement. En fin de mois, votre compte est cr\u00e9dit\u00e9 du montant de la pension correspondant au mois en cours. O\u00f9 puis-je trouver les dates de virement de ma pension ? Retrouvez sur ce lien votre calendrier pr\u00e9visionnel des r\u00e8glements des pensions de retraite. - Retraites \/ Salaires, indemnit\u00e9s, primes ., Retraites","og_url":"https:\/\/snuipp86.fr\/index.php\/2014\/01\/05\/calendrier-2014-du-virement-des-pensions\/","og_site_name":"FSU-SNUipp 86","article_published_time":"2014-01-05T20:11:25+00:00","og_image":[{"url":"http:\/\/snuipp86.fr\/wp-content\/spip\/IMG\/arton2563.jpg","type":"","width":"","height":""}],"author":"WP86Admin","twitter_card":"summary_large_image","twitter_misc":{"\u00c9crit par":"WP86Admin"},"schema":{"@context":"https:\/\/schema.org","@graph":[{"@type":"WebPage","@id":"https:\/\/snuipp86.fr\/index.php\/2014\/01\/05\/calendrier-2014-du-virement-des-pensions\/","url":"https:\/\/snuipp86.fr\/index.php\/2014\/01\/05\/calendrier-2014-du-virement-des-pensions\/","name":"Calendrier 2014 du virement des pensions - FSU-SNUipp 86","isPartOf":{"@id":"https:\/\/snuipp86.fr\/#website"},"primaryImageOfPage":{"@id":"https:\/\/snuipp86.fr\/index.php\/2014\/01\/05\/calendrier-2014-du-virement-des-pensions\/#primaryimage"},"image":{"@id":"https:\/\/snuipp86.fr\/index.php\/2014\/01\/05\/calendrier-2014-du-virement-des-pensions\/#primaryimage"},"thumbnailUrl":"http:\/\/snuipp86.fr\/wp-content\/spip\/IMG\/arton2563.jpg","datePublished":"2014-01-05T20:11:25+00:00","author":{"@id":"https:\/\/snuipp86.fr\/#\/schema\/person\/901b28b9ae1c7a63a6a940102e52a7a2"},"breadcrumb":{"@id":"https:\/\/snuipp86.fr\/index.php\/2014\/01\/05\/calendrier-2014-du-virement-des-pensions\/#breadcrumb"},"inLanguage":"fr-FR","potentialAction":[{"@type":"ReadAction","target":["https:\/\/snuipp86.fr\/index.php\/2014\/01\/05\/calendrier-2014-du-virement-des-pensions\/"]}]},{"@type":"ImageObject","inLanguage":"fr-FR","@id":"https:\/\/snuipp86.fr\/index.php\/2014\/01\/05\/calendrier-2014-du-virement-des-pensions\/#primaryimage","url":"http:\/\/snuipp86.fr\/wp-content\/spip\/IMG\/arton2563.jpg","contentUrl":"http:\/\/snuipp86.fr\/wp-content\/spip\/IMG\/arton2563.jpg"},{"@type":"BreadcrumbList","@id":"https:\/\/snuipp86.fr\/index.php\/2014\/01\/05\/calendrier-2014-du-virement-des-pensions\/#breadcrumb","itemListElement":[{"@type":"ListItem","position":1,"name":"Accueil","item":"https:\/\/snuipp86.fr\/"},{"@type":"ListItem","position":2,"name":"Calendrier 2014 du virement des pensions"}]},{"@type":"WebSite","@id":"https:\/\/snuipp86.fr\/#website","url":"https:\/\/snuipp86.fr\/","name":"FSU-SNUipp 86","description":"Des id\u00e9es qui font l&#039;\u00e9cole","potentialAction":[{"@type":"SearchAction","target":{"@type":"EntryPoint","urlTemplate":"https:\/\/snuipp86.fr\/?s={search_term_string}"},"query-input":{"@type":"PropertyValueSpecification","valueRequired":true,"valueName":"search_term_string"}}],"inLanguage":"fr-FR"},{"@type":"Person","@id":"https:\/\/snuipp86.fr\/#\/schema\/person\/901b28b9ae1c7a63a6a940102e52a7a2","name":"WP86Admin","image":{"@type":"ImageObject","inLanguage":"fr-FR","@id":"https:\/\/snuipp86.fr\/#\/schema\/person\/image\/","url":"https:\/\/secure.gravatar.com\/avatar\/0099845c7ec05dc10d777d8ab4f5142c5ba316283821af2459738ad469a37a1a?s=96&d=mm&r=g","contentUrl":"https:\/\/secure.gravatar.com\/avatar\/0099845c7ec05dc10d777d8ab4f5142c5ba316283821af2459738ad469a37a1a?s=96&d=mm&r=g","caption":"WP86Admin"},"url":"https:\/\/snuipp86.fr\/index.php\/author\/wp86admin\/"}]}},"_links":{"self":[{"href":"https:\/\/snuipp86.fr\/index.php\/wp-json\/wp\/v2\/posts\/1055","targetHints":{"allow":["GET"]}}],"collection":[{"href":"https:\/\/snuipp86.fr\/index.php\/wp-json\/wp\/v2\/posts"}],"about":[{"href":"https:\/\/snuipp86.fr\/index.php\/wp-json\/wp\/v2\/types\/post"}],"author":[{"embeddable":true,"href":"https:\/\/snuipp86.fr\/index.php\/wp-json\/wp\/v2\/users\/1"}],"replies":[{"embeddable":true,"href":"https:\/\/snuipp86.fr\/index.php\/wp-json\/wp\/v2\/comments?post=1055"}],"version-history":[{"count":0,"href":"https:\/\/snuipp86.fr\/index.php\/wp-json\/wp\/v2\/posts\/1055\/revisions"}],"wp:attachment":[{"href":"https:\/\/snuipp86.fr\/index.php\/wp-json\/wp\/v2\/media?parent=1055"}],"wp:term":[{"taxonomy":"category","embeddable":true,"href":"https:\/\/snuipp86.fr\/index.php\/wp-json\/wp\/v2\/categories?post=1055"},{"taxonomy":"post_tag","embeddable":true,"href":"https:\/\/snuipp86.fr\/index.php\/wp-json\/wp\/v2\/tags?post=1055"}],"curies":[{"name":"wp","href":"https:\/\/api.w.org\/{rel}","templated":true}]}}