{"id":1064,"date":"2013-12-12T12:09:48","date_gmt":"2013-12-12T12:09:48","guid":{"rendered":"http:\/\/localhost\/wordpress\/2013\/12\/12\/conclusion-des-chantiers-mtier-direction-rased-cp-mf-duc-prio\/"},"modified":"2013-12-12T12:09:48","modified_gmt":"2013-12-12T12:09:48","slug":"conclusion-des-chantiers-mtier-direction-rased-cp-mf-duc-prio","status":"publish","type":"post","link":"https:\/\/snuipp86.fr\/index.php\/2013\/12\/12\/conclusion-des-chantiers-mtier-direction-rased-cp-mf-duc-prio\/","title":{"rendered":"Conclusion des Chantiers \u00ab\u00a0M\u00e9tier\u00a0\u00bb : direction, Rased, CP, MF, \u00e9duc prio.."},"content":{"rendered":"<p><img decoding=\"async\" src=\"https:\/\/snuipp86.fr\/wp-content\/spip\/IMG\/arton2553.jpg\" alt=\"\" align=\"right\" width=\"232\" height=\"109\" class=\"spip_logos\" \/><\/p>\n<div class='rss_texte'>\n<p class=\"spip\"><strong class=\"spip\"><br \/>\nLes mesures d\u00e9finitives des chantiers m\u00e9tier ont \u00e9t\u00e9 annonc\u00e9es ce matin par le ministre. Quelques avanc\u00e9es notamment pour la direction, mais 8 enseignants sur 10 ne font l&rsquo;objet d&rsquo;aucune mesure nouvelle. Il y a pourtant encore beaucoup \u00e0 faire pour la valorisation de notre m\u00e9tier comme la reconnaissance \u00e0 hauteur de 3 heures hebdomadaires de notre travail invisible (r\u00e9unions, pr\u00e9paration, parents,\u2026). Le SNUipp-FSU va continuer d&rsquo;intervenir avec d\u00e9termination pour une am\u00e9lioration concr\u00e8te de la vie professionnelle et personnelle des enseignants.<br \/>\n<\/strong><\/p>\n<p class=\"spip\">Ce matin, le ministre a pr\u00e9sent\u00e9 les mesures d\u00e9finitives des chantiers m\u00e9tiers ouverts voil\u00e0 \u00e0 peine trois semaines. Cinq chantiers (PE, direction, ma\u00eetres formateurs, conseillers p\u00e9dagogiques, RASED) et deux tours de tables plus tard, les avanc\u00e9es concr\u00e8tes pour la rentr\u00e9e 2014 sont bien minces. Dans chaque groupe, le SNUipp-FSU a agi de mani\u00e8re d\u00e9termin\u00e9e, obtenu ici et l\u00e0 de premi\u00e8res avanc\u00e9es (APC pour certains directeurs et de l&rsquo;indemnitaire pour les quatre classes et moins), contraint le minist\u00e8re \u00e0 s&rsquo;engager sur une programmation \u2013 certes modeste &#8211; pour des d\u00e9charges de direction d&rsquo;\u00e9cole en 2015 ( trois et neuf classes) et 2016 (deux et huit classes ).<\/p>\n<p class=\"spip\">Au cours de cette s\u00e9ance, le ministre a \u00e9galement officiellement r\u00e9pondu positivement au SNUipp qui demandait un <strong class=\"spip\">all\u00e9gement du temps d&rsquo;enseignement pour les PE en \u00e9ducation prioritaire<\/strong> de m\u00eame niveau que pour les enseignants des coll\u00e8ges.<\/p>\n<p class=\"spip\">Malgr\u00e9 tout, du fait des choix budg\u00e9taires faits par le gouvernement, les mesures restent largement insuffisantes notamment sur le temps et l&rsquo;indemnitaire. D&rsquo;autres propositions pr\u00e9sent\u00e9es comme am\u00e9liorant les perspectives de carri\u00e8re de certains (GRAF pour directrices, directeurs d&rsquo;\u00e9coles et CPC) ne sont destin\u00e9es qu&rsquo;\u00e0 quelques-uns, choisis sur la base du \u00ab\u00a0m\u00e9rite\u00a0\u00bb et mettent \u00e0 mal la n\u00e9cessaire unit\u00e9 professionnelle des enseignants des \u00e9coles.<\/p>\n<h3 class=\"spip\">Reconnaissance et revalorisation<\/h3>\n<p class=\"spip\">\u00ab Le temps des personnels promis par le ministre, c&rsquo;est pour quand ? \u00bb demande le SNUipp-FSU. La situation de la grande majorit\u00e9 des 330 000 enseignants des \u00e9coles ne fait l&rsquo;objet d&rsquo;aucune mesure nouvelle : quid de la mont\u00e9e en charge de l&rsquo;ISAE pour l&rsquo;aligner sur l&rsquo;ISOE du second degr\u00e9, et de son versement \u00e0 tous les PE, quid de la reconnaissance du travail invisible (r\u00e9unions, pr\u00e9parations, organisation de l&rsquo;\u00e9cole, relation aux parents et aux partenaires, travail en \u00e9quipe\u2026)<\/p>\n<p class=\"spip\">Pour cette reconnaissance,<strong class=\"spip\"> Le SNUipp-FSU r\u00e9clame trois heures par semaines soit la totalit\u00e9 des 108 heures annuelles.<\/strong><\/p>\n<p class=\"spip\">Ces deux questions sont essentielles. Elles concernent la revalorisation de notre m\u00e9tier et la reconnaissance de notre investissement au service de la r\u00e9ussite des \u00e9l\u00e8ves. Le SNUipp-FSU a donc interpell\u00e9 le ministre estimant qu&rsquo;il \u00e9tait temps d&rsquo;avancer concr\u00e8tement sur ces deux dossiers. Il a aussi demand\u00e9 la mise en place d&rsquo;une vraie formation continue d\u00e8s la rentr\u00e9e 2014 et l&rsquo;am\u00e9lioration des proc\u00e9dures de mobilit\u00e9 inter et intra d\u00e9partementales. Le SNUipp-FSU agit avec ambition pour am\u00e9liorer concr\u00e8tement la vie professionnelle et personnelle de tous les enseignants. Pour nous, une chose est s\u00fbre. Ces dossiers \u00ab m\u00e9tier \u00bb ne peuvent se clore en l&rsquo;\u00e9tat et maintenant. Des avanc\u00e9es significatives restent \u00e0 gagner. Vous pouvez compter sur le SNUipp-FSU !<\/p>\n<p class=\"spip\"><strong class=\"spip\"><br \/>\nLire les conclusions de chaque chantier :<\/strong><\/p>\n<p class=\"spip\"><img decoding=\"async\" src=\"https:\/\/snuipp86.fr\/wp-content\/spip\/cache-vignettes\/L8xH11\/puce-68c92.gif\" width='8' height='11' alt=\"-\" style='height:11px;width:8px;' class='' \/> <a href=\"http:\/\/www.snuipp.fr\/Quelques-progres-mais-beaucoup\" class=\"spip_out\">Direction d&rsquo;\u00e9cole : \u00c9volutions \u00e0 la marge, beaucoup reste \u00e0 faire !<\/a><\/p>\n<p class=\"spip\"><img decoding=\"async\" src=\"https:\/\/snuipp86.fr\/wp-content\/spip\/cache-vignettes\/L8xH11\/puce-68c92.gif\" width='8' height='11' alt=\"-\" style='height:11px;width:8px;' class='' \/> <a href=\"http:\/\/www.snuipp.fr\/Le-SNUipp-obtient-une-reduction-de\" class=\"spip_out\">Temps de service en \u00e9ducation prioritaire : le SNUipp obtient une r\u00e9duction de m\u00eame niveau qu&rsquo;en coll\u00e8ge<\/a><\/p>\n<p class=\"spip\"><img decoding=\"async\" src=\"https:\/\/snuipp86.fr\/wp-content\/spip\/cache-vignettes\/L8xH11\/puce-68c92.gif\" width='8' height='11' alt=\"-\" style='height:11px;width:8px;' class='' \/> <a href=\"http:\/\/www.snuipp.fr\/Dispositif-reaffirme\" class=\"spip_out\"> Rased : dispositif r\u00e9affirm\u00e9<\/a><\/p>\n<p class=\"spip\"><img decoding=\"async\" src=\"https:\/\/snuipp86.fr\/wp-content\/spip\/cache-vignettes\/L8xH11\/puce-68c92.gif\" width='8' height='11' alt=\"-\" style='height:11px;width:8px;' class='' \/> <a href=\"http:\/\/www.snuipp.fr\/PEMF-des-missions-clarifiees-sans\" class=\"spip_out\"> PEMF : des missions clarifi\u00e9es, sans am\u00e9lioration des conditions de travail<\/a><\/p>\n<p class=\"spip\"><img decoding=\"async\" src=\"https:\/\/snuipp86.fr\/wp-content\/spip\/cache-vignettes\/L8xH11\/puce-68c92.gif\" width='8' height='11' alt=\"-\" style='height:11px;width:8px;' class='' \/> <a href=\"http:\/\/www.snuipp.fr\/CPC-des-avancees-pour-redefinir\" class=\"spip_out\">CPC : des avanc\u00e9es pour red\u00e9finir les missions<\/a><\/p>\n<\/div>\n","protected":false},"excerpt":{"rendered":"<p>Les mesures d\u00e9finitives des chantiers m\u00e9tier ont \u00e9t\u00e9 annonc\u00e9es ce matin par le ministre. Quelques avanc\u00e9es notamment pour la direction, mais 8 enseignants sur 10 ne font l&rsquo;objet d&rsquo;aucune mesure nouvelle. Il y a pourtant encore beaucoup \u00e0 faire pour la valorisation de notre m\u00e9tier comme la reconnaissance \u00e0 hauteur de 3 heures hebdomadaires de notre travail invisible (r\u00e9unions, pr\u00e9paration, parents,\u2026). Le SNUipp-FSU va continuer d&rsquo;intervenir avec d\u00e9termination pour (&#8230;)<br \/>\n&#8211;<br \/>\n<a href=\"http:\/\/86.snuipp.fr\/spip.php?rubrique249\" rel=\"directory\">L&rsquo;ACTUALIT\u00c9<\/a><br \/>\n\/<br \/>\n<a href=\"http:\/\/86.snuipp.fr\/spip.php?mot286\" rel=\"tag\">Salaires, indemnit\u00e9s, primes .<\/a>,<br \/>\n<a href=\"http:\/\/86.snuipp.fr\/spip.php?mot289\" rel=\"tag\">Formation<\/a>,<br \/>\n<a href=\"http:\/\/86.snuipp.fr\/spip.php?mot303\" rel=\"tag\">Directions d&rsquo;\u00e9coles<\/a>,<br \/>\n<a href=\"http:\/\/86.snuipp.fr\/spip.php?mot304\" rel=\"tag\">R.A.S.E.D<\/a>,<br \/>\n<a href=\"http:\/\/86.snuipp.fr\/spip.php?mot308\" rel=\"tag\">P.E. ma\u00eetres-formateurs<\/a>,<br \/>\n<a href=\"http:\/\/86.snuipp.fr\/spip.php?mot310\" rel=\"tag\">Les r\u00e9formes<\/a><\/p>\n","protected":false},"author":1,"featured_media":0,"comment_status":"open","ping_status":"open","sticky":false,"template":"","format":"standard","meta":{"footnotes":""},"categories":[14],"tags":[],"class_list":["post-1064","post","type-post","status-publish","format-standard","hentry","category-a-la-une"],"yoast_head":"<!-- This site is optimized with the Yoast SEO plugin v26.6 - https:\/\/yoast.com\/wordpress\/plugins\/seo\/ -->\n<title>Conclusion des Chantiers &quot;M\u00e9tier&quot; : direction, Rased, CP, MF, \u00e9duc prio.. - FSU-SNUipp 86<\/title>\n<meta name=\"robots\" content=\"index, follow, max-snippet:-1, max-image-preview:large, max-video-preview:-1\" \/>\n<link rel=\"canonical\" href=\"https:\/\/snuipp86.fr\/index.php\/2013\/12\/12\/conclusion-des-chantiers-mtier-direction-rased-cp-mf-duc-prio\/\" \/>\n<meta property=\"og:locale\" content=\"fr_FR\" \/>\n<meta property=\"og:type\" content=\"article\" \/>\n<meta property=\"og:title\" content=\"Conclusion des Chantiers &quot;M\u00e9tier&quot; : direction, Rased, CP, MF, \u00e9duc prio.. - FSU-SNUipp 86\" \/>\n<meta property=\"og:description\" content=\"Les mesures d\u00e9finitives des chantiers m\u00e9tier ont \u00e9t\u00e9 annonc\u00e9es ce matin par le ministre. Quelques avanc\u00e9es notamment pour la direction, mais 8 enseignants sur 10 ne font l&#039;objet d&#039;aucune mesure nouvelle. Il y a pourtant encore beaucoup \u00e0 faire pour la valorisation de notre m\u00e9tier comme la reconnaissance \u00e0 hauteur de 3 heures hebdomadaires de notre travail invisible (r\u00e9unions, pr\u00e9paration, parents,\u2026). Le SNUipp-FSU va continuer d&#039;intervenir avec d\u00e9termination pour (...) - L&#039;ACTUALIT\u00c9 \/ Salaires, indemnit\u00e9s, primes ., Formation, Directions d&#039;\u00e9coles, R.A.S.E.D, P.E. ma\u00eetres-formateurs, Les r\u00e9formes\" \/>\n<meta property=\"og:url\" content=\"https:\/\/snuipp86.fr\/index.php\/2013\/12\/12\/conclusion-des-chantiers-mtier-direction-rased-cp-mf-duc-prio\/\" \/>\n<meta property=\"og:site_name\" content=\"FSU-SNUipp 86\" \/>\n<meta property=\"article:published_time\" content=\"2013-12-12T12:09:48+00:00\" \/>\n<meta property=\"og:image\" content=\"http:\/\/snuipp86.fr\/wp-content\/spip\/IMG\/arton2553.jpg\" \/>\n<meta name=\"author\" content=\"WP86Admin\" \/>\n<meta name=\"twitter:card\" content=\"summary_large_image\" \/>\n<meta name=\"twitter:label1\" content=\"\u00c9crit par\" \/>\n\t<meta name=\"twitter:data1\" content=\"WP86Admin\" \/>\n\t<meta name=\"twitter:label2\" content=\"Dur\u00e9e de lecture estim\u00e9e\" \/>\n\t<meta name=\"twitter:data2\" content=\"3 minutes\" \/>\n<script type=\"application\/ld+json\" class=\"yoast-schema-graph\">{\"@context\":\"https:\/\/schema.org\",\"@graph\":[{\"@type\":\"WebPage\",\"@id\":\"https:\/\/snuipp86.fr\/index.php\/2013\/12\/12\/conclusion-des-chantiers-mtier-direction-rased-cp-mf-duc-prio\/\",\"url\":\"https:\/\/snuipp86.fr\/index.php\/2013\/12\/12\/conclusion-des-chantiers-mtier-direction-rased-cp-mf-duc-prio\/\",\"name\":\"Conclusion des Chantiers \\\"M\u00e9tier\\\" : direction, Rased, CP, MF, \u00e9duc prio.. - FSU-SNUipp 86\",\"isPartOf\":{\"@id\":\"https:\/\/snuipp86.fr\/#website\"},\"primaryImageOfPage\":{\"@id\":\"https:\/\/snuipp86.fr\/index.php\/2013\/12\/12\/conclusion-des-chantiers-mtier-direction-rased-cp-mf-duc-prio\/#primaryimage\"},\"image\":{\"@id\":\"https:\/\/snuipp86.fr\/index.php\/2013\/12\/12\/conclusion-des-chantiers-mtier-direction-rased-cp-mf-duc-prio\/#primaryimage\"},\"thumbnailUrl\":\"http:\/\/snuipp86.fr\/wp-content\/spip\/IMG\/arton2553.jpg\",\"datePublished\":\"2013-12-12T12:09:48+00:00\",\"author\":{\"@id\":\"https:\/\/snuipp86.fr\/#\/schema\/person\/901b28b9ae1c7a63a6a940102e52a7a2\"},\"breadcrumb\":{\"@id\":\"https:\/\/snuipp86.fr\/index.php\/2013\/12\/12\/conclusion-des-chantiers-mtier-direction-rased-cp-mf-duc-prio\/#breadcrumb\"},\"inLanguage\":\"fr-FR\",\"potentialAction\":[{\"@type\":\"ReadAction\",\"target\":[\"https:\/\/snuipp86.fr\/index.php\/2013\/12\/12\/conclusion-des-chantiers-mtier-direction-rased-cp-mf-duc-prio\/\"]}]},{\"@type\":\"ImageObject\",\"inLanguage\":\"fr-FR\",\"@id\":\"https:\/\/snuipp86.fr\/index.php\/2013\/12\/12\/conclusion-des-chantiers-mtier-direction-rased-cp-mf-duc-prio\/#primaryimage\",\"url\":\"http:\/\/snuipp86.fr\/wp-content\/spip\/IMG\/arton2553.jpg\",\"contentUrl\":\"http:\/\/snuipp86.fr\/wp-content\/spip\/IMG\/arton2553.jpg\"},{\"@type\":\"BreadcrumbList\",\"@id\":\"https:\/\/snuipp86.fr\/index.php\/2013\/12\/12\/conclusion-des-chantiers-mtier-direction-rased-cp-mf-duc-prio\/#breadcrumb\",\"itemListElement\":[{\"@type\":\"ListItem\",\"position\":1,\"name\":\"Accueil\",\"item\":\"https:\/\/snuipp86.fr\/\"},{\"@type\":\"ListItem\",\"position\":2,\"name\":\"Conclusion des Chantiers &#8220;M\u00e9tier&#8221; : direction, Rased, CP, MF, \u00e9duc prio..\"}]},{\"@type\":\"WebSite\",\"@id\":\"https:\/\/snuipp86.fr\/#website\",\"url\":\"https:\/\/snuipp86.fr\/\",\"name\":\"FSU-SNUipp 86\",\"description\":\"Des id\u00e9es qui font l&#039;\u00e9cole\",\"potentialAction\":[{\"@type\":\"SearchAction\",\"target\":{\"@type\":\"EntryPoint\",\"urlTemplate\":\"https:\/\/snuipp86.fr\/?s={search_term_string}\"},\"query-input\":{\"@type\":\"PropertyValueSpecification\",\"valueRequired\":true,\"valueName\":\"search_term_string\"}}],\"inLanguage\":\"fr-FR\"},{\"@type\":\"Person\",\"@id\":\"https:\/\/snuipp86.fr\/#\/schema\/person\/901b28b9ae1c7a63a6a940102e52a7a2\",\"name\":\"WP86Admin\",\"image\":{\"@type\":\"ImageObject\",\"inLanguage\":\"fr-FR\",\"@id\":\"https:\/\/snuipp86.fr\/#\/schema\/person\/image\/\",\"url\":\"https:\/\/secure.gravatar.com\/avatar\/0099845c7ec05dc10d777d8ab4f5142c5ba316283821af2459738ad469a37a1a?s=96&d=mm&r=g\",\"contentUrl\":\"https:\/\/secure.gravatar.com\/avatar\/0099845c7ec05dc10d777d8ab4f5142c5ba316283821af2459738ad469a37a1a?s=96&d=mm&r=g\",\"caption\":\"WP86Admin\"},\"url\":\"https:\/\/snuipp86.fr\/index.php\/author\/wp86admin\/\"}]}<\/script>\n<!-- \/ Yoast SEO plugin. -->","yoast_head_json":{"title":"Conclusion des Chantiers \"M\u00e9tier\" : direction, Rased, CP, MF, \u00e9duc prio.. - FSU-SNUipp 86","robots":{"index":"index","follow":"follow","max-snippet":"max-snippet:-1","max-image-preview":"max-image-preview:large","max-video-preview":"max-video-preview:-1"},"canonical":"https:\/\/snuipp86.fr\/index.php\/2013\/12\/12\/conclusion-des-chantiers-mtier-direction-rased-cp-mf-duc-prio\/","og_locale":"fr_FR","og_type":"article","og_title":"Conclusion des Chantiers \"M\u00e9tier\" : direction, Rased, CP, MF, \u00e9duc prio.. - FSU-SNUipp 86","og_description":"Les mesures d\u00e9finitives des chantiers m\u00e9tier ont \u00e9t\u00e9 annonc\u00e9es ce matin par le ministre. Quelques avanc\u00e9es notamment pour la direction, mais 8 enseignants sur 10 ne font l'objet d'aucune mesure nouvelle. Il y a pourtant encore beaucoup \u00e0 faire pour la valorisation de notre m\u00e9tier comme la reconnaissance \u00e0 hauteur de 3 heures hebdomadaires de notre travail invisible (r\u00e9unions, pr\u00e9paration, parents,\u2026). Le SNUipp-FSU va continuer d'intervenir avec d\u00e9termination pour (...) - L'ACTUALIT\u00c9 \/ Salaires, indemnit\u00e9s, primes ., Formation, Directions d'\u00e9coles, R.A.S.E.D, P.E. ma\u00eetres-formateurs, Les r\u00e9formes","og_url":"https:\/\/snuipp86.fr\/index.php\/2013\/12\/12\/conclusion-des-chantiers-mtier-direction-rased-cp-mf-duc-prio\/","og_site_name":"FSU-SNUipp 86","article_published_time":"2013-12-12T12:09:48+00:00","og_image":[{"url":"http:\/\/snuipp86.fr\/wp-content\/spip\/IMG\/arton2553.jpg","type":"","width":"","height":""}],"author":"WP86Admin","twitter_card":"summary_large_image","twitter_misc":{"\u00c9crit par":"WP86Admin","Dur\u00e9e de lecture estim\u00e9e":"3 minutes"},"schema":{"@context":"https:\/\/schema.org","@graph":[{"@type":"WebPage","@id":"https:\/\/snuipp86.fr\/index.php\/2013\/12\/12\/conclusion-des-chantiers-mtier-direction-rased-cp-mf-duc-prio\/","url":"https:\/\/snuipp86.fr\/index.php\/2013\/12\/12\/conclusion-des-chantiers-mtier-direction-rased-cp-mf-duc-prio\/","name":"Conclusion des Chantiers \"M\u00e9tier\" : direction, Rased, CP, MF, \u00e9duc prio.. - FSU-SNUipp 86","isPartOf":{"@id":"https:\/\/snuipp86.fr\/#website"},"primaryImageOfPage":{"@id":"https:\/\/snuipp86.fr\/index.php\/2013\/12\/12\/conclusion-des-chantiers-mtier-direction-rased-cp-mf-duc-prio\/#primaryimage"},"image":{"@id":"https:\/\/snuipp86.fr\/index.php\/2013\/12\/12\/conclusion-des-chantiers-mtier-direction-rased-cp-mf-duc-prio\/#primaryimage"},"thumbnailUrl":"http:\/\/snuipp86.fr\/wp-content\/spip\/IMG\/arton2553.jpg","datePublished":"2013-12-12T12:09:48+00:00","author":{"@id":"https:\/\/snuipp86.fr\/#\/schema\/person\/901b28b9ae1c7a63a6a940102e52a7a2"},"breadcrumb":{"@id":"https:\/\/snuipp86.fr\/index.php\/2013\/12\/12\/conclusion-des-chantiers-mtier-direction-rased-cp-mf-duc-prio\/#breadcrumb"},"inLanguage":"fr-FR","potentialAction":[{"@type":"ReadAction","target":["https:\/\/snuipp86.fr\/index.php\/2013\/12\/12\/conclusion-des-chantiers-mtier-direction-rased-cp-mf-duc-prio\/"]}]},{"@type":"ImageObject","inLanguage":"fr-FR","@id":"https:\/\/snuipp86.fr\/index.php\/2013\/12\/12\/conclusion-des-chantiers-mtier-direction-rased-cp-mf-duc-prio\/#primaryimage","url":"http:\/\/snuipp86.fr\/wp-content\/spip\/IMG\/arton2553.jpg","contentUrl":"http:\/\/snuipp86.fr\/wp-content\/spip\/IMG\/arton2553.jpg"},{"@type":"BreadcrumbList","@id":"https:\/\/snuipp86.fr\/index.php\/2013\/12\/12\/conclusion-des-chantiers-mtier-direction-rased-cp-mf-duc-prio\/#breadcrumb","itemListElement":[{"@type":"ListItem","position":1,"name":"Accueil","item":"https:\/\/snuipp86.fr\/"},{"@type":"ListItem","position":2,"name":"Conclusion des Chantiers &#8220;M\u00e9tier&#8221; : direction, Rased, CP, MF, \u00e9duc prio.."}]},{"@type":"WebSite","@id":"https:\/\/snuipp86.fr\/#website","url":"https:\/\/snuipp86.fr\/","name":"FSU-SNUipp 86","description":"Des id\u00e9es qui font l&#039;\u00e9cole","potentialAction":[{"@type":"SearchAction","target":{"@type":"EntryPoint","urlTemplate":"https:\/\/snuipp86.fr\/?s={search_term_string}"},"query-input":{"@type":"PropertyValueSpecification","valueRequired":true,"valueName":"search_term_string"}}],"inLanguage":"fr-FR"},{"@type":"Person","@id":"https:\/\/snuipp86.fr\/#\/schema\/person\/901b28b9ae1c7a63a6a940102e52a7a2","name":"WP86Admin","image":{"@type":"ImageObject","inLanguage":"fr-FR","@id":"https:\/\/snuipp86.fr\/#\/schema\/person\/image\/","url":"https:\/\/secure.gravatar.com\/avatar\/0099845c7ec05dc10d777d8ab4f5142c5ba316283821af2459738ad469a37a1a?s=96&d=mm&r=g","contentUrl":"https:\/\/secure.gravatar.com\/avatar\/0099845c7ec05dc10d777d8ab4f5142c5ba316283821af2459738ad469a37a1a?s=96&d=mm&r=g","caption":"WP86Admin"},"url":"https:\/\/snuipp86.fr\/index.php\/author\/wp86admin\/"}]}},"_links":{"self":[{"href":"https:\/\/snuipp86.fr\/index.php\/wp-json\/wp\/v2\/posts\/1064","targetHints":{"allow":["GET"]}}],"collection":[{"href":"https:\/\/snuipp86.fr\/index.php\/wp-json\/wp\/v2\/posts"}],"about":[{"href":"https:\/\/snuipp86.fr\/index.php\/wp-json\/wp\/v2\/types\/post"}],"author":[{"embeddable":true,"href":"https:\/\/snuipp86.fr\/index.php\/wp-json\/wp\/v2\/users\/1"}],"replies":[{"embeddable":true,"href":"https:\/\/snuipp86.fr\/index.php\/wp-json\/wp\/v2\/comments?post=1064"}],"version-history":[{"count":0,"href":"https:\/\/snuipp86.fr\/index.php\/wp-json\/wp\/v2\/posts\/1064\/revisions"}],"wp:attachment":[{"href":"https:\/\/snuipp86.fr\/index.php\/wp-json\/wp\/v2\/media?parent=1064"}],"wp:term":[{"taxonomy":"category","embeddable":true,"href":"https:\/\/snuipp86.fr\/index.php\/wp-json\/wp\/v2\/categories?post=1064"},{"taxonomy":"post_tag","embeddable":true,"href":"https:\/\/snuipp86.fr\/index.php\/wp-json\/wp\/v2\/tags?post=1064"}],"curies":[{"name":"wp","href":"https:\/\/api.w.org\/{rel}","templated":true}]}}