{"id":1068,"date":"2013-12-09T16:12:06","date_gmt":"2013-12-09T16:12:06","guid":{"rendered":"http:\/\/localhost\/wordpress\/2013\/12\/09\/programmes-le-snuipp-fsu-publie-le-bilan-des-enseignants\/"},"modified":"2013-12-09T16:12:06","modified_gmt":"2013-12-09T16:12:06","slug":"programmes-le-snuipp-fsu-publie-le-bilan-des-enseignants","status":"publish","type":"post","link":"https:\/\/snuipp86.fr\/index.php\/2013\/12\/09\/programmes-le-snuipp-fsu-publie-le-bilan-des-enseignants\/","title":{"rendered":"Programmes : Le SNUipp-FSU publie le bilan des enseignants"},"content":{"rendered":"<p><img decoding=\"async\" src=\"https:\/\/snuipp86.fr\/wp-content\/spip\/IMG\/arton2549.jpg\" alt=\"\" align=\"right\" width=\"110\" height=\"110\" class=\"spip_logos\" \/><\/p>\n<div class='rss_texte'>\n<p class=\"spip\">Alors que le ministre donne le coup d&rsquo;envoi des travaux du Conseil sup\u00e9rieur des programmes, le SNUipp-FSU publie les contributions des \u00e9coles qui ont particip\u00e9 \u00e0 la consultation sur le bilan des programmes de 2008 organis\u00e9e par le minist\u00e8re en octobre dernier. Il en rend compte en pr\u00e9sence du ministre \u00e0 l&rsquo;occasion du CSE.<\/p>\n<p class=\"spip\">Le SNUipp-FSU avait demand\u00e9 aux \u00e9coles de lui faire remonter le double des contributions transmises au minist\u00e8re. 846 \u00e9coles issues de 67 d\u00e9partements ont particip\u00e9 \u00e0 cette op\u00e9ration. Aujourd&rsquo;hui, le SNUipp-FSU publie une synth\u00e8se de ces contributions ainsi que de nombreux extraits des verbatims des travaux des \u00e9coles. Il en ressort la n\u00e9cessit\u00e9 de revoir les programmes de 2008 aussi bien en maternelle qu&rsquo;en \u00e9l\u00e9mentaire. Ces programmes apparaissent d\u00e9s\u00e9quilibr\u00e9s et impossibles \u00e0 tenir dans le temps : trop lourds, trop d&#8217;empilement de savoirs, trop simplistes dans leur conception des apprentissages.<\/p>\n<p class=\"spip\">En maternelle, les contenus ne doivent plus se focaliser sur une unique et pr\u00e9matur\u00e9e pr\u00e9paration au CP. Il faut retrouver un \u00e9quilibre et une progressivit\u00e9 de la toute petite section \u00e0 la grande section entre le n\u00e9cessaire \u00e9panouissement et les indispensables premiers apprentissages. Le langage doit rester au c\u0153ur des apprentissages de la maternelle. Il faut revoir notamment le domaine \u00ab devenir \u00e9l\u00e8ve \u00bb : une attente trop scolaire ne laisse pas le temps \u00e0 l&rsquo;enfant de construire son identit\u00e9 d&rsquo;\u00e9l\u00e8ve. Les activit\u00e9s artistiques, motrices et sensorielles participant au d\u00e9veloppement de l&rsquo;\u00e9l\u00e8ve doivent retrouver une bonne place.<\/p>\n<p class=\"spip\">En \u00e9l\u00e9mentaire, il faudra \u00e9viter l&#8217;empilement successif et mettre en lien les disciplines en d\u00e9veloppant les comp\u00e9tences transversales. La n\u00e9cessit\u00e9 de mettre du sens par rapport \u00e0 la technique est mise en avant. Il faut \u00e9galement revoir la programmation de notions en fran\u00e7ais et en math\u00e9matiques abord\u00e9es de fa\u00e7on trop pr\u00e9matur\u00e9e. De m\u00eame, Il faut revaloriser la place de l&rsquo;oral en tant qu&rsquo;objet et outil d&rsquo;apprentissage.<\/p>\n<p class=\"spip\">En maternelle comme en \u00e9l\u00e9mentaire, les nouveaux programmes doivent trouver un vrai \u00e9quilibre entre les activit\u00e9s d&rsquo;exercice, d&rsquo;entrainement et de r\u00e9p\u00e9tition (qui sont bien \u00e9videmment n\u00e9cessaires) et les activit\u00e9s de d\u00e9couverte, de manipulation, et de construction des savoirs. La litt\u00e9rature de jeunesse introduite en 2002 doit retrouver toute sa place comme ressources culturelles aux apprentissages de la langue. La transversalit\u00e9 doit \u00eatre mise en valeur. De plus, l&rsquo;organisation en cycles est demand\u00e9e avec des rep\u00e8res par niveaux \u00e0 l&rsquo;int\u00e9rieur de ceux-ci. Les programmes devront aussi tenir compte des nouveaux rythmes. Ils devront int\u00e9grer le fait que les apr\u00e8s-midi scolaires sont appel\u00e9s \u00e0 \u00eatre plus courts. Il faudra alors veiller \u00e0 la place l\u00e9gitime et n\u00e9cessaire des domaines d&rsquo;enseignement fondamentaux comme les sciences, l&rsquo;histoire et la g\u00e9ographie, l&rsquo;EPS et les arts visuels notamment qui sont souvent plac\u00e9s les apr\u00e8s-midi.<\/p>\n<p class=\"spip\">De mani\u00e8re g\u00e9n\u00e9rale, ces nouveaux programmes devront \u00eatre pr\u00e9cis, clairs ambitieux et r\u00e9alisables. Il est temps de stabiliser les contenus d&rsquo;enseignement pour une dur\u00e9e suffisamment longue et pour une appropriation efficace et p\u00e9renne. Les programmes sont une chose, ce qu&rsquo;en font les enseignants et ce qu&rsquo;en retiennent les \u00e9l\u00e8ves une autre. De fait, il est incontournable de mettre en place des formations solides et des documents d&rsquo;accompagnement aidant \u00e0 leur mise en \u0153uvre. Les conditions d&rsquo;apprentissages ( effectifs, possibilit\u00e9 de varier les organisations p\u00e9dagogiques et les formes scolaires) sont aussi d\u00e9terminantes.<\/p>\n<p class=\"spip\">Paris, le 6 d\u00e9cembre 2013<\/p>\n<p class=\"spip\">T\u00e9l\u00e9charger :<br \/>\n<br \/><img decoding=\"async\" src=\"https:\/\/snuipp86.fr\/wp-content\/spip\/cache-vignettes\/L8xH11\/puce-68c92.gif\" width='8' height='11' alt=\"-\" style='height:11px;width:8px;' class='' \/> <a href=\"http:\/\/snuipp.fr\/IMG\/pdf\/Synthese_consult_programme_2.pdf\" class=\"spip_out\">la synth\u00e8se des contributions<\/a><br \/>\n<br \/><img decoding=\"async\" src=\"https:\/\/snuipp86.fr\/wp-content\/spip\/cache-vignettes\/L8xH11\/puce-68c92.gif\" width='8' height='11' alt=\"-\" style='height:11px;width:8px;' class='' \/> <a href=\"http:\/\/snuipp.fr\/IMG\/pdf\/verbatim_programmes_2008-2.pdf\" class=\"spip_out\">verbatim<\/a><\/p>\n<\/div>\n","protected":false},"excerpt":{"rendered":"<p>Alors que le ministre donne le coup d&rsquo;envoi des travaux du Conseil sup\u00e9rieur des programmes, le SNUipp-FSU publie les contributions des \u00e9coles qui ont particip\u00e9 \u00e0 la consultation sur le bilan des programmes de 2008 organis\u00e9e par le minist\u00e8re en octobre dernier. Il en rend compte en pr\u00e9sence du ministre \u00e0 l&rsquo;occasion du CSE. <br \/>Le SNUipp-FSU avait demand\u00e9 aux \u00e9coles de lui faire remonter le double des contributions transmises au minist\u00e8re. 846 \u00e9coles issues de 67 d\u00e9partements ont (&#8230;)<br \/>\n&#8211;<br \/>\n<a href=\"http:\/\/86.snuipp.fr\/spip.php?rubrique261\" rel=\"directory\">R\u00e9sistance p\u00e9dagogique<\/a><br \/>\n\/<br \/>\n<a href=\"http:\/\/86.snuipp.fr\/spip.php?mot310\" rel=\"tag\">Les r\u00e9formes<\/a><\/p>\n","protected":false},"author":1,"featured_media":0,"comment_status":"open","ping_status":"open","sticky":false,"template":"","format":"standard","meta":{"footnotes":""},"categories":[14],"tags":[],"class_list":["post-1068","post","type-post","status-publish","format-standard","hentry","category-a-la-une"],"yoast_head":"<!-- This site is optimized with the Yoast SEO plugin v26.6 - https:\/\/yoast.com\/wordpress\/plugins\/seo\/ -->\n<title>Programmes : Le SNUipp-FSU publie le bilan des enseignants - FSU-SNUipp 86<\/title>\n<meta name=\"robots\" content=\"index, follow, max-snippet:-1, max-image-preview:large, max-video-preview:-1\" \/>\n<link rel=\"canonical\" href=\"https:\/\/snuipp86.fr\/index.php\/2013\/12\/09\/programmes-le-snuipp-fsu-publie-le-bilan-des-enseignants\/\" \/>\n<meta property=\"og:locale\" content=\"fr_FR\" \/>\n<meta property=\"og:type\" content=\"article\" \/>\n<meta property=\"og:title\" content=\"Programmes : Le SNUipp-FSU publie le bilan des enseignants - FSU-SNUipp 86\" \/>\n<meta property=\"og:description\" content=\"Alors que le ministre donne le coup d&#039;envoi des travaux du Conseil sup\u00e9rieur des programmes, le SNUipp-FSU publie les contributions des \u00e9coles qui ont particip\u00e9 \u00e0 la consultation sur le bilan des programmes de 2008 organis\u00e9e par le minist\u00e8re en octobre dernier. Il en rend compte en pr\u00e9sence du ministre \u00e0 l&#039;occasion du CSE. Le SNUipp-FSU avait demand\u00e9 aux \u00e9coles de lui faire remonter le double des contributions transmises au minist\u00e8re. 846 \u00e9coles issues de 67 d\u00e9partements ont (...) - R\u00e9sistance p\u00e9dagogique \/ Les r\u00e9formes\" \/>\n<meta property=\"og:url\" content=\"https:\/\/snuipp86.fr\/index.php\/2013\/12\/09\/programmes-le-snuipp-fsu-publie-le-bilan-des-enseignants\/\" \/>\n<meta property=\"og:site_name\" content=\"FSU-SNUipp 86\" \/>\n<meta property=\"article:published_time\" content=\"2013-12-09T16:12:06+00:00\" \/>\n<meta property=\"og:image\" content=\"http:\/\/snuipp86.fr\/wp-content\/spip\/IMG\/arton2549.jpg\" \/>\n<meta name=\"author\" content=\"WP86Admin\" \/>\n<meta name=\"twitter:card\" content=\"summary_large_image\" \/>\n<meta name=\"twitter:label1\" content=\"\u00c9crit par\" \/>\n\t<meta name=\"twitter:data1\" content=\"WP86Admin\" \/>\n\t<meta name=\"twitter:label2\" content=\"Dur\u00e9e de lecture estim\u00e9e\" \/>\n\t<meta name=\"twitter:data2\" content=\"3 minutes\" \/>\n<script type=\"application\/ld+json\" class=\"yoast-schema-graph\">{\"@context\":\"https:\/\/schema.org\",\"@graph\":[{\"@type\":\"WebPage\",\"@id\":\"https:\/\/snuipp86.fr\/index.php\/2013\/12\/09\/programmes-le-snuipp-fsu-publie-le-bilan-des-enseignants\/\",\"url\":\"https:\/\/snuipp86.fr\/index.php\/2013\/12\/09\/programmes-le-snuipp-fsu-publie-le-bilan-des-enseignants\/\",\"name\":\"Programmes : Le SNUipp-FSU publie le bilan des enseignants - FSU-SNUipp 86\",\"isPartOf\":{\"@id\":\"https:\/\/snuipp86.fr\/#website\"},\"primaryImageOfPage\":{\"@id\":\"https:\/\/snuipp86.fr\/index.php\/2013\/12\/09\/programmes-le-snuipp-fsu-publie-le-bilan-des-enseignants\/#primaryimage\"},\"image\":{\"@id\":\"https:\/\/snuipp86.fr\/index.php\/2013\/12\/09\/programmes-le-snuipp-fsu-publie-le-bilan-des-enseignants\/#primaryimage\"},\"thumbnailUrl\":\"http:\/\/snuipp86.fr\/wp-content\/spip\/IMG\/arton2549.jpg\",\"datePublished\":\"2013-12-09T16:12:06+00:00\",\"author\":{\"@id\":\"https:\/\/snuipp86.fr\/#\/schema\/person\/901b28b9ae1c7a63a6a940102e52a7a2\"},\"breadcrumb\":{\"@id\":\"https:\/\/snuipp86.fr\/index.php\/2013\/12\/09\/programmes-le-snuipp-fsu-publie-le-bilan-des-enseignants\/#breadcrumb\"},\"inLanguage\":\"fr-FR\",\"potentialAction\":[{\"@type\":\"ReadAction\",\"target\":[\"https:\/\/snuipp86.fr\/index.php\/2013\/12\/09\/programmes-le-snuipp-fsu-publie-le-bilan-des-enseignants\/\"]}]},{\"@type\":\"ImageObject\",\"inLanguage\":\"fr-FR\",\"@id\":\"https:\/\/snuipp86.fr\/index.php\/2013\/12\/09\/programmes-le-snuipp-fsu-publie-le-bilan-des-enseignants\/#primaryimage\",\"url\":\"http:\/\/snuipp86.fr\/wp-content\/spip\/IMG\/arton2549.jpg\",\"contentUrl\":\"http:\/\/snuipp86.fr\/wp-content\/spip\/IMG\/arton2549.jpg\"},{\"@type\":\"BreadcrumbList\",\"@id\":\"https:\/\/snuipp86.fr\/index.php\/2013\/12\/09\/programmes-le-snuipp-fsu-publie-le-bilan-des-enseignants\/#breadcrumb\",\"itemListElement\":[{\"@type\":\"ListItem\",\"position\":1,\"name\":\"Accueil\",\"item\":\"https:\/\/snuipp86.fr\/\"},{\"@type\":\"ListItem\",\"position\":2,\"name\":\"Programmes : Le SNUipp-FSU publie le bilan des enseignants\"}]},{\"@type\":\"WebSite\",\"@id\":\"https:\/\/snuipp86.fr\/#website\",\"url\":\"https:\/\/snuipp86.fr\/\",\"name\":\"FSU-SNUipp 86\",\"description\":\"Des id\u00e9es qui font l&#039;\u00e9cole\",\"potentialAction\":[{\"@type\":\"SearchAction\",\"target\":{\"@type\":\"EntryPoint\",\"urlTemplate\":\"https:\/\/snuipp86.fr\/?s={search_term_string}\"},\"query-input\":{\"@type\":\"PropertyValueSpecification\",\"valueRequired\":true,\"valueName\":\"search_term_string\"}}],\"inLanguage\":\"fr-FR\"},{\"@type\":\"Person\",\"@id\":\"https:\/\/snuipp86.fr\/#\/schema\/person\/901b28b9ae1c7a63a6a940102e52a7a2\",\"name\":\"WP86Admin\",\"image\":{\"@type\":\"ImageObject\",\"inLanguage\":\"fr-FR\",\"@id\":\"https:\/\/snuipp86.fr\/#\/schema\/person\/image\/\",\"url\":\"https:\/\/secure.gravatar.com\/avatar\/0099845c7ec05dc10d777d8ab4f5142c5ba316283821af2459738ad469a37a1a?s=96&d=mm&r=g\",\"contentUrl\":\"https:\/\/secure.gravatar.com\/avatar\/0099845c7ec05dc10d777d8ab4f5142c5ba316283821af2459738ad469a37a1a?s=96&d=mm&r=g\",\"caption\":\"WP86Admin\"},\"url\":\"https:\/\/snuipp86.fr\/index.php\/author\/wp86admin\/\"}]}<\/script>\n<!-- \/ Yoast SEO plugin. -->","yoast_head_json":{"title":"Programmes : Le SNUipp-FSU publie le bilan des enseignants - FSU-SNUipp 86","robots":{"index":"index","follow":"follow","max-snippet":"max-snippet:-1","max-image-preview":"max-image-preview:large","max-video-preview":"max-video-preview:-1"},"canonical":"https:\/\/snuipp86.fr\/index.php\/2013\/12\/09\/programmes-le-snuipp-fsu-publie-le-bilan-des-enseignants\/","og_locale":"fr_FR","og_type":"article","og_title":"Programmes : Le SNUipp-FSU publie le bilan des enseignants - FSU-SNUipp 86","og_description":"Alors que le ministre donne le coup d'envoi des travaux du Conseil sup\u00e9rieur des programmes, le SNUipp-FSU publie les contributions des \u00e9coles qui ont particip\u00e9 \u00e0 la consultation sur le bilan des programmes de 2008 organis\u00e9e par le minist\u00e8re en octobre dernier. Il en rend compte en pr\u00e9sence du ministre \u00e0 l'occasion du CSE. Le SNUipp-FSU avait demand\u00e9 aux \u00e9coles de lui faire remonter le double des contributions transmises au minist\u00e8re. 846 \u00e9coles issues de 67 d\u00e9partements ont (...) - R\u00e9sistance p\u00e9dagogique \/ Les r\u00e9formes","og_url":"https:\/\/snuipp86.fr\/index.php\/2013\/12\/09\/programmes-le-snuipp-fsu-publie-le-bilan-des-enseignants\/","og_site_name":"FSU-SNUipp 86","article_published_time":"2013-12-09T16:12:06+00:00","og_image":[{"url":"http:\/\/snuipp86.fr\/wp-content\/spip\/IMG\/arton2549.jpg","type":"","width":"","height":""}],"author":"WP86Admin","twitter_card":"summary_large_image","twitter_misc":{"\u00c9crit par":"WP86Admin","Dur\u00e9e de lecture estim\u00e9e":"3 minutes"},"schema":{"@context":"https:\/\/schema.org","@graph":[{"@type":"WebPage","@id":"https:\/\/snuipp86.fr\/index.php\/2013\/12\/09\/programmes-le-snuipp-fsu-publie-le-bilan-des-enseignants\/","url":"https:\/\/snuipp86.fr\/index.php\/2013\/12\/09\/programmes-le-snuipp-fsu-publie-le-bilan-des-enseignants\/","name":"Programmes : Le SNUipp-FSU publie le bilan des enseignants - FSU-SNUipp 86","isPartOf":{"@id":"https:\/\/snuipp86.fr\/#website"},"primaryImageOfPage":{"@id":"https:\/\/snuipp86.fr\/index.php\/2013\/12\/09\/programmes-le-snuipp-fsu-publie-le-bilan-des-enseignants\/#primaryimage"},"image":{"@id":"https:\/\/snuipp86.fr\/index.php\/2013\/12\/09\/programmes-le-snuipp-fsu-publie-le-bilan-des-enseignants\/#primaryimage"},"thumbnailUrl":"http:\/\/snuipp86.fr\/wp-content\/spip\/IMG\/arton2549.jpg","datePublished":"2013-12-09T16:12:06+00:00","author":{"@id":"https:\/\/snuipp86.fr\/#\/schema\/person\/901b28b9ae1c7a63a6a940102e52a7a2"},"breadcrumb":{"@id":"https:\/\/snuipp86.fr\/index.php\/2013\/12\/09\/programmes-le-snuipp-fsu-publie-le-bilan-des-enseignants\/#breadcrumb"},"inLanguage":"fr-FR","potentialAction":[{"@type":"ReadAction","target":["https:\/\/snuipp86.fr\/index.php\/2013\/12\/09\/programmes-le-snuipp-fsu-publie-le-bilan-des-enseignants\/"]}]},{"@type":"ImageObject","inLanguage":"fr-FR","@id":"https:\/\/snuipp86.fr\/index.php\/2013\/12\/09\/programmes-le-snuipp-fsu-publie-le-bilan-des-enseignants\/#primaryimage","url":"http:\/\/snuipp86.fr\/wp-content\/spip\/IMG\/arton2549.jpg","contentUrl":"http:\/\/snuipp86.fr\/wp-content\/spip\/IMG\/arton2549.jpg"},{"@type":"BreadcrumbList","@id":"https:\/\/snuipp86.fr\/index.php\/2013\/12\/09\/programmes-le-snuipp-fsu-publie-le-bilan-des-enseignants\/#breadcrumb","itemListElement":[{"@type":"ListItem","position":1,"name":"Accueil","item":"https:\/\/snuipp86.fr\/"},{"@type":"ListItem","position":2,"name":"Programmes : Le SNUipp-FSU publie le bilan des enseignants"}]},{"@type":"WebSite","@id":"https:\/\/snuipp86.fr\/#website","url":"https:\/\/snuipp86.fr\/","name":"FSU-SNUipp 86","description":"Des id\u00e9es qui font l&#039;\u00e9cole","potentialAction":[{"@type":"SearchAction","target":{"@type":"EntryPoint","urlTemplate":"https:\/\/snuipp86.fr\/?s={search_term_string}"},"query-input":{"@type":"PropertyValueSpecification","valueRequired":true,"valueName":"search_term_string"}}],"inLanguage":"fr-FR"},{"@type":"Person","@id":"https:\/\/snuipp86.fr\/#\/schema\/person\/901b28b9ae1c7a63a6a940102e52a7a2","name":"WP86Admin","image":{"@type":"ImageObject","inLanguage":"fr-FR","@id":"https:\/\/snuipp86.fr\/#\/schema\/person\/image\/","url":"https:\/\/secure.gravatar.com\/avatar\/0099845c7ec05dc10d777d8ab4f5142c5ba316283821af2459738ad469a37a1a?s=96&d=mm&r=g","contentUrl":"https:\/\/secure.gravatar.com\/avatar\/0099845c7ec05dc10d777d8ab4f5142c5ba316283821af2459738ad469a37a1a?s=96&d=mm&r=g","caption":"WP86Admin"},"url":"https:\/\/snuipp86.fr\/index.php\/author\/wp86admin\/"}]}},"_links":{"self":[{"href":"https:\/\/snuipp86.fr\/index.php\/wp-json\/wp\/v2\/posts\/1068","targetHints":{"allow":["GET"]}}],"collection":[{"href":"https:\/\/snuipp86.fr\/index.php\/wp-json\/wp\/v2\/posts"}],"about":[{"href":"https:\/\/snuipp86.fr\/index.php\/wp-json\/wp\/v2\/types\/post"}],"author":[{"embeddable":true,"href":"https:\/\/snuipp86.fr\/index.php\/wp-json\/wp\/v2\/users\/1"}],"replies":[{"embeddable":true,"href":"https:\/\/snuipp86.fr\/index.php\/wp-json\/wp\/v2\/comments?post=1068"}],"version-history":[{"count":0,"href":"https:\/\/snuipp86.fr\/index.php\/wp-json\/wp\/v2\/posts\/1068\/revisions"}],"wp:attachment":[{"href":"https:\/\/snuipp86.fr\/index.php\/wp-json\/wp\/v2\/media?parent=1068"}],"wp:term":[{"taxonomy":"category","embeddable":true,"href":"https:\/\/snuipp86.fr\/index.php\/wp-json\/wp\/v2\/categories?post=1068"},{"taxonomy":"post_tag","embeddable":true,"href":"https:\/\/snuipp86.fr\/index.php\/wp-json\/wp\/v2\/tags?post=1068"}],"curies":[{"name":"wp","href":"https:\/\/api.w.org\/{rel}","templated":true}]}}