{"id":1076,"date":"2013-11-27T08:51:40","date_gmt":"2013-11-27T08:51:40","guid":{"rendered":"http:\/\/localhost\/wordpress\/2013\/11\/27\/isae-premier-versement-en-novembre\/"},"modified":"2013-11-27T08:51:40","modified_gmt":"2013-11-27T08:51:40","slug":"isae-premier-versement-en-novembre","status":"publish","type":"post","link":"https:\/\/snuipp86.fr\/index.php\/2013\/11\/27\/isae-premier-versement-en-novembre\/","title":{"rendered":"ISAE : Premier versement en novembre"},"content":{"rendered":"<p><img decoding=\"async\" src=\"https:\/\/snuipp86.fr\/wp-content\/spip\/IMG\/arton2537.jpg\" alt=\"\" align=\"right\" width=\"199\" height=\"111\" class=\"spip_logos\" \/><\/p>\n<div class='rss_texte'>\n<p class=\"spip\">\u00ab L &lsquo;attribution de cette indemnit\u00e9 est li\u00e9e \u00e0 l&rsquo;exercice effectif des fonctions enseignantes et de direction y ouvrant droit, en particulier au suivi individuel et \u00e0 l&rsquo;\u00e9valuation p\u00e9dagogique des \u00e9l\u00e8ves, au travail en \u00e9quipe et au dialogue avec les familles. \u00bb (Article 2 du d\u00e9cret n\u00b0 2013-790 du 30 ao\u00fbt 2013).<\/p>\n<h3 class=\"spip\" id=\"outil_sommaire_0\"><a title=\"Sommaire\" href=\"http:\/\/86.snuipp.fr\/spip.php?page=backend&#038;id_rubrique=#outil_sommaire\" class=\"sommaire_ancre\"> <\/a>Les modalit\u00e9s de versement<\/h3>\n<p class=\"spip\">La premi\u00e8re part de l&rsquo;ISAE a \u00e9t\u00e9 vers\u00e9e fin novembre. Le SNUipp-FSU d\u00e9crypte ses modalit\u00e9s de versement et demande que tous les PE la per\u00e7oivent.<\/p>\n<p class=\"spip\">L&rsquo;indemnit\u00e9 de suivi et d&rsquo;accompagnement des \u00e9l\u00e8ves (ISAE), nouvellement cr\u00e9\u00e9e pour les enseignants du premier degr\u00e9, titulaires et non titulaires, est vers\u00e9e :<\/p>\n<p class=\"spip\"><img decoding=\"async\" src=\"https:\/\/snuipp86.fr\/wp-content\/spip\/cache-vignettes\/L8xH11\/puce-68c92.gif\" width='8' height='11' alt=\"-\" style='height:11px;width:8px;' class='' \/> aux enseignants du premier degr\u00e9 exer\u00e7ant dans les \u00e9coles maternelles et \u00e9l\u00e9mentaires (y compris CLIS, ma\u00eetres E et G, psychologues scolaires, directeurs, rempla\u00e7ants) ; <br \/><img decoding=\"async\" src=\"https:\/\/snuipp86.fr\/wp-content\/spip\/cache-vignettes\/L8xH11\/puce-68c92.gif\" width='8' height='11' alt=\"-\" style='height:11px;width:8px;' class='' \/> aux enseignants du premier degr\u00e9 exer\u00e7ant dans les \u00e9tablissements ou services de sant\u00e9 ou m\u00e9dico-sociaux (y compris les directeurs d&rsquo;\u00e9tablissements sp\u00e9cialis\u00e9s).<\/p>\n<p class=\"spip\">Pour l&rsquo;ann\u00e9e scolaire 2013\/2014, les stagiaires b\u00e9n\u00e9ficient de l&rsquo;indemnit\u00e9 au taux plein.<\/p>\n<h3 class=\"spip\" id=\"outil_sommaire_1\"><a title=\"Sommaire\" href=\"http:\/\/86.snuipp.fr\/spip.php?page=backend&#038;id_rubrique=#outil_sommaire\" class=\"sommaire_ancre\"> <\/a><strong class=\"spip\">Non b\u00e9n\u00e9ficiaires<\/strong><\/h3>\n<p class=\"spip\">Ne per\u00e7oivent pas l&rsquo;ISAE :<\/p>\n<p class=\"spip\"><img decoding=\"async\" src=\"https:\/\/snuipp86.fr\/wp-content\/spip\/cache-vignettes\/L8xH11\/puce-68c92.gif\" width='8' height='11' alt=\"-\" style='height:11px;width:8px;' class='' \/> les conseillers p\u00e9dagogiques de circonscription et d\u00e9partementaux ; <br \/><img decoding=\"async\" src=\"https:\/\/snuipp86.fr\/wp-content\/spip\/cache-vignettes\/L8xH11\/puce-68c92.gif\" width='8' height='11' alt=\"-\" style='height:11px;width:8px;' class='' \/> les enseignants mis \u00e0 disposition des MDPH ; <br \/><img decoding=\"async\" src=\"https:\/\/snuipp86.fr\/wp-content\/spip\/cache-vignettes\/L8xH11\/puce-68c92.gif\" width='8' height='11' alt=\"-\" style='height:11px;width:8px;' class='' \/> les enseignants en milieu p\u00e9nitentiaire ; <br \/><img decoding=\"async\" src=\"https:\/\/snuipp86.fr\/wp-content\/spip\/cache-vignettes\/L8xH11\/puce-68c92.gif\" width='8' height='11' alt=\"-\" style='height:11px;width:8px;' class='' \/> les r\u00e9f\u00e9rents handicap ; <br \/><img decoding=\"async\" src=\"https:\/\/snuipp86.fr\/wp-content\/spip\/cache-vignettes\/L8xH11\/puce-68c92.gif\" width='8' height='11' alt=\"-\" style='height:11px;width:8px;' class='' \/> les enseignants en ULIS, SEGPA, EREA, dispositifs relais, ERPD, CNED ;<\/p>\n<p class=\"spip\"><strong class=\"spip\">Une p\u00e9tition nationale du SNUipp-FSU est en ligne ci-dessous pour que ces personnels b\u00e9n\u00e9ficient de cette prime.<\/strong><\/p>\n<h3 class=\"spip\" id=\"outil_sommaire_2\"><a title=\"Sommaire\" href=\"http:\/\/86.snuipp.fr\/spip.php?page=backend&#038;id_rubrique=#outil_sommaire\" class=\"sommaire_ancre\"> <\/a><strong class=\"spip\">Cas particuliers<\/strong><\/h3>\n<p class=\"spip\">Le versement de l&rsquo;indemnit\u00e9 est li\u00e9 \u00e0 l&rsquo;exercice effectif des fonctions enseignantes et de direction ; par cons\u00e9quent :<\/p>\n<p class=\"spip\"><img decoding=\"async\" src=\"https:\/\/snuipp86.fr\/wp-content\/spip\/cache-vignettes\/L8xH11\/puce-68c92.gif\" width='8' height='11' alt=\"-\" style='height:11px;width:8px;' class='' \/> l&rsquo;indemnit\u00e9 est proratis\u00e9e en cas de temps partiel et temps incomplet ; <br \/><img decoding=\"async\" src=\"https:\/\/snuipp86.fr\/wp-content\/spip\/cache-vignettes\/L8xH11\/puce-68c92.gif\" width='8' height='11' alt=\"-\" style='height:11px;width:8px;' class='' \/> l&rsquo;indemnit\u00e9 est proratis\u00e9e en cas d&rsquo;exercice partag\u00e9 entre une \u00e9cole y ouvrant droit et un \u00e9tablissement n&rsquo;y ouvrant pas droit ; <br \/><img decoding=\"async\" src=\"https:\/\/snuipp86.fr\/wp-content\/spip\/cache-vignettes\/L8xH11\/puce-68c92.gif\" width='8' height='11' alt=\"-\" style='height:11px;width:8px;' class='' \/> les ma\u00eetres formateurs b\u00e9n\u00e9ficient de l&rsquo;indemnit\u00e9 au prorata de leur temps d&rsquo;enseignement, soit 300 \u20ac par an. <br \/><img decoding=\"async\" src=\"https:\/\/snuipp86.fr\/wp-content\/spip\/cache-vignettes\/L8xH11\/puce-68c92.gif\" width='8' height='11' alt=\"-\" style='height:11px;width:8px;' class='' \/> l&rsquo;indemnit\u00e9 cesse d&rsquo;\u00eatre vers\u00e9e en cas de CLM ou CLD.<\/p>\n<p class=\"spip\"><strong class=\"spip\">Le SNUipp-FSU 86 a \u00e9crit au Dasen pour d\u00e9noncer le fait que les personnels compl\u00e9t\u00e9s par les \u00ab\u00a0C2&Prime;, ne per\u00e7oivent qu&rsquo;en partie cette prime alors qu&rsquo;ils effectuent la quasi totalit\u00e9 du travail de \u00a0\u00bb suivi et d&rsquo;accompagnement des \u00e9l\u00e8ves \u00bb.<\/strong><\/p>\n<p class=\"spip\">Par contre, l&rsquo; ISAE est maintenue comme le salaire en cas de cong\u00e9 maternit\u00e9, paternit\u00e9, d&rsquo;adoption. En cas de cong\u00e9 maladie ordinaire, elle est maintenue \u00e0 taux plein pendant 3 mois et \u00e0 demi-taux pendant 9 mois.<\/p>\n<h3 class=\"spip\" id=\"outil_sommaire_3\"><a title=\"Sommaire\" href=\"http:\/\/86.snuipp.fr\/spip.php?page=backend&#038;id_rubrique=#outil_sommaire\" class=\"sommaire_ancre\"> <\/a><strong class=\"spip\">Modalit\u00e9s de paiement<\/strong><\/h3>\n<p class=\"spip\">Le montant annuel est de 400 \u20ac brut (d&rsquo;o\u00f9 il faut d\u00e9duire les cotisations sociales), vers\u00e9e en 2 fractions de 200 \u20ac brut, en novembre et en juin. Pour les coll\u00e8gues non affect\u00e9s \u00e0 l&rsquo;ann\u00e9e et ceux ayant une p\u00e9riode de CLM, CLD ou CMO \u00e0 demi-traitement, la situation sera examin\u00e9e en fin d&rsquo;ann\u00e9e scolaire pour un paiement en une seule fois.<\/p>\n<p class=\"spip\"><a href=\"http:\/\/snuipp.fr\/IMG\/pdf\/carte_ISAE.pdf\" class=\"spip_out\">Signer la carte p\u00e9tition<\/a><\/p>\n<\/div>\n","protected":false},"excerpt":{"rendered":"<p>\u00ab L &lsquo;attribution de cette indemnit\u00e9 est li\u00e9e \u00e0 l&rsquo;exercice effectif des fonctions enseignantes et de direction y ouvrant droit, en particulier au suivi individuel et \u00e0 l&rsquo;\u00e9valuation p\u00e9dagogique des \u00e9l\u00e8ves, au travail en \u00e9quipe et au dialogue avec les familles. \u00bb (Article 2 du d\u00e9cret n\u00b0 2013-790 du 30 ao\u00fbt 2013). <br \/>Les modalit\u00e9s de versement <br \/>La premi\u00e8re part de l&rsquo;ISAE a \u00e9t\u00e9 vers\u00e9e fin novembre. Le SNUipp-FSU d\u00e9crypte ses modalit\u00e9s de versement et demande que tous les PE la per\u00e7oivent. (&#8230;)<br \/>\n&#8211;<br \/>\n<a href=\"http:\/\/86.snuipp.fr\/spip.php?rubrique86\" rel=\"directory\">Salaires, Indices, Indemnit\u00e9s, Primes, GIPA<\/a><br \/>\n\/<br \/>\n<a href=\"http:\/\/86.snuipp.fr\/spip.php?mot286\" rel=\"tag\">Salaires, indemnit\u00e9s, primes .<\/a><\/p>\n","protected":false},"author":1,"featured_media":0,"comment_status":"open","ping_status":"open","sticky":false,"template":"","format":"standard","meta":{"footnotes":""},"categories":[14],"tags":[],"class_list":["post-1076","post","type-post","status-publish","format-standard","hentry","category-a-la-une"],"yoast_head":"<!-- This site is optimized with the Yoast SEO plugin v26.6 - https:\/\/yoast.com\/wordpress\/plugins\/seo\/ -->\n<title>ISAE : Premier versement en novembre - FSU-SNUipp 86<\/title>\n<meta name=\"robots\" content=\"index, follow, max-snippet:-1, max-image-preview:large, max-video-preview:-1\" \/>\n<link rel=\"canonical\" href=\"https:\/\/snuipp86.fr\/index.php\/2013\/11\/27\/isae-premier-versement-en-novembre\/\" \/>\n<meta property=\"og:locale\" content=\"fr_FR\" \/>\n<meta property=\"og:type\" content=\"article\" \/>\n<meta property=\"og:title\" content=\"ISAE : Premier versement en novembre - FSU-SNUipp 86\" \/>\n<meta property=\"og:description\" content=\"\u00ab L &#039;attribution de cette indemnit\u00e9 est li\u00e9e \u00e0 l&#039;exercice effectif des fonctions enseignantes et de direction y ouvrant droit, en particulier au suivi individuel et \u00e0 l&#039;\u00e9valuation p\u00e9dagogique des \u00e9l\u00e8ves, au travail en \u00e9quipe et au dialogue avec les familles. \u00bb (Article 2 du d\u00e9cret n\u00b0 2013-790 du 30 ao\u00fbt 2013). Les modalit\u00e9s de versement La premi\u00e8re part de l&#039;ISAE a \u00e9t\u00e9 vers\u00e9e fin novembre. Le SNUipp-FSU d\u00e9crypte ses modalit\u00e9s de versement et demande que tous les PE la per\u00e7oivent. (...) - Salaires, Indices, Indemnit\u00e9s, Primes, GIPA \/ Salaires, indemnit\u00e9s, primes .\" \/>\n<meta property=\"og:url\" content=\"https:\/\/snuipp86.fr\/index.php\/2013\/11\/27\/isae-premier-versement-en-novembre\/\" \/>\n<meta property=\"og:site_name\" content=\"FSU-SNUipp 86\" \/>\n<meta property=\"article:published_time\" content=\"2013-11-27T08:51:40+00:00\" \/>\n<meta property=\"og:image\" content=\"http:\/\/snuipp86.fr\/wp-content\/spip\/IMG\/arton2537.jpg\" \/>\n<meta name=\"author\" content=\"WP86Admin\" \/>\n<meta name=\"twitter:card\" content=\"summary_large_image\" \/>\n<meta name=\"twitter:label1\" content=\"\u00c9crit par\" \/>\n\t<meta name=\"twitter:data1\" content=\"WP86Admin\" \/>\n\t<meta name=\"twitter:label2\" content=\"Dur\u00e9e de lecture estim\u00e9e\" \/>\n\t<meta name=\"twitter:data2\" content=\"2 minutes\" \/>\n<script type=\"application\/ld+json\" class=\"yoast-schema-graph\">{\"@context\":\"https:\/\/schema.org\",\"@graph\":[{\"@type\":\"WebPage\",\"@id\":\"https:\/\/snuipp86.fr\/index.php\/2013\/11\/27\/isae-premier-versement-en-novembre\/\",\"url\":\"https:\/\/snuipp86.fr\/index.php\/2013\/11\/27\/isae-premier-versement-en-novembre\/\",\"name\":\"ISAE : Premier versement en novembre - FSU-SNUipp 86\",\"isPartOf\":{\"@id\":\"https:\/\/snuipp86.fr\/#website\"},\"primaryImageOfPage\":{\"@id\":\"https:\/\/snuipp86.fr\/index.php\/2013\/11\/27\/isae-premier-versement-en-novembre\/#primaryimage\"},\"image\":{\"@id\":\"https:\/\/snuipp86.fr\/index.php\/2013\/11\/27\/isae-premier-versement-en-novembre\/#primaryimage\"},\"thumbnailUrl\":\"http:\/\/snuipp86.fr\/wp-content\/spip\/IMG\/arton2537.jpg\",\"datePublished\":\"2013-11-27T08:51:40+00:00\",\"author\":{\"@id\":\"https:\/\/snuipp86.fr\/#\/schema\/person\/901b28b9ae1c7a63a6a940102e52a7a2\"},\"breadcrumb\":{\"@id\":\"https:\/\/snuipp86.fr\/index.php\/2013\/11\/27\/isae-premier-versement-en-novembre\/#breadcrumb\"},\"inLanguage\":\"fr-FR\",\"potentialAction\":[{\"@type\":\"ReadAction\",\"target\":[\"https:\/\/snuipp86.fr\/index.php\/2013\/11\/27\/isae-premier-versement-en-novembre\/\"]}]},{\"@type\":\"ImageObject\",\"inLanguage\":\"fr-FR\",\"@id\":\"https:\/\/snuipp86.fr\/index.php\/2013\/11\/27\/isae-premier-versement-en-novembre\/#primaryimage\",\"url\":\"http:\/\/snuipp86.fr\/wp-content\/spip\/IMG\/arton2537.jpg\",\"contentUrl\":\"http:\/\/snuipp86.fr\/wp-content\/spip\/IMG\/arton2537.jpg\"},{\"@type\":\"BreadcrumbList\",\"@id\":\"https:\/\/snuipp86.fr\/index.php\/2013\/11\/27\/isae-premier-versement-en-novembre\/#breadcrumb\",\"itemListElement\":[{\"@type\":\"ListItem\",\"position\":1,\"name\":\"Accueil\",\"item\":\"https:\/\/snuipp86.fr\/\"},{\"@type\":\"ListItem\",\"position\":2,\"name\":\"ISAE : Premier versement en novembre\"}]},{\"@type\":\"WebSite\",\"@id\":\"https:\/\/snuipp86.fr\/#website\",\"url\":\"https:\/\/snuipp86.fr\/\",\"name\":\"FSU-SNUipp 86\",\"description\":\"Des id\u00e9es qui font l&#039;\u00e9cole\",\"potentialAction\":[{\"@type\":\"SearchAction\",\"target\":{\"@type\":\"EntryPoint\",\"urlTemplate\":\"https:\/\/snuipp86.fr\/?s={search_term_string}\"},\"query-input\":{\"@type\":\"PropertyValueSpecification\",\"valueRequired\":true,\"valueName\":\"search_term_string\"}}],\"inLanguage\":\"fr-FR\"},{\"@type\":\"Person\",\"@id\":\"https:\/\/snuipp86.fr\/#\/schema\/person\/901b28b9ae1c7a63a6a940102e52a7a2\",\"name\":\"WP86Admin\",\"image\":{\"@type\":\"ImageObject\",\"inLanguage\":\"fr-FR\",\"@id\":\"https:\/\/snuipp86.fr\/#\/schema\/person\/image\/\",\"url\":\"https:\/\/secure.gravatar.com\/avatar\/0099845c7ec05dc10d777d8ab4f5142c5ba316283821af2459738ad469a37a1a?s=96&d=mm&r=g\",\"contentUrl\":\"https:\/\/secure.gravatar.com\/avatar\/0099845c7ec05dc10d777d8ab4f5142c5ba316283821af2459738ad469a37a1a?s=96&d=mm&r=g\",\"caption\":\"WP86Admin\"},\"url\":\"https:\/\/snuipp86.fr\/index.php\/author\/wp86admin\/\"}]}<\/script>\n<!-- \/ Yoast SEO plugin. -->","yoast_head_json":{"title":"ISAE : Premier versement en novembre - FSU-SNUipp 86","robots":{"index":"index","follow":"follow","max-snippet":"max-snippet:-1","max-image-preview":"max-image-preview:large","max-video-preview":"max-video-preview:-1"},"canonical":"https:\/\/snuipp86.fr\/index.php\/2013\/11\/27\/isae-premier-versement-en-novembre\/","og_locale":"fr_FR","og_type":"article","og_title":"ISAE : Premier versement en novembre - FSU-SNUipp 86","og_description":"\u00ab L 'attribution de cette indemnit\u00e9 est li\u00e9e \u00e0 l'exercice effectif des fonctions enseignantes et de direction y ouvrant droit, en particulier au suivi individuel et \u00e0 l'\u00e9valuation p\u00e9dagogique des \u00e9l\u00e8ves, au travail en \u00e9quipe et au dialogue avec les familles. \u00bb (Article 2 du d\u00e9cret n\u00b0 2013-790 du 30 ao\u00fbt 2013). Les modalit\u00e9s de versement La premi\u00e8re part de l'ISAE a \u00e9t\u00e9 vers\u00e9e fin novembre. Le SNUipp-FSU d\u00e9crypte ses modalit\u00e9s de versement et demande que tous les PE la per\u00e7oivent. (...) - Salaires, Indices, Indemnit\u00e9s, Primes, GIPA \/ Salaires, indemnit\u00e9s, primes .","og_url":"https:\/\/snuipp86.fr\/index.php\/2013\/11\/27\/isae-premier-versement-en-novembre\/","og_site_name":"FSU-SNUipp 86","article_published_time":"2013-11-27T08:51:40+00:00","og_image":[{"url":"http:\/\/snuipp86.fr\/wp-content\/spip\/IMG\/arton2537.jpg","type":"","width":"","height":""}],"author":"WP86Admin","twitter_card":"summary_large_image","twitter_misc":{"\u00c9crit par":"WP86Admin","Dur\u00e9e de lecture estim\u00e9e":"2 minutes"},"schema":{"@context":"https:\/\/schema.org","@graph":[{"@type":"WebPage","@id":"https:\/\/snuipp86.fr\/index.php\/2013\/11\/27\/isae-premier-versement-en-novembre\/","url":"https:\/\/snuipp86.fr\/index.php\/2013\/11\/27\/isae-premier-versement-en-novembre\/","name":"ISAE : Premier versement en novembre - FSU-SNUipp 86","isPartOf":{"@id":"https:\/\/snuipp86.fr\/#website"},"primaryImageOfPage":{"@id":"https:\/\/snuipp86.fr\/index.php\/2013\/11\/27\/isae-premier-versement-en-novembre\/#primaryimage"},"image":{"@id":"https:\/\/snuipp86.fr\/index.php\/2013\/11\/27\/isae-premier-versement-en-novembre\/#primaryimage"},"thumbnailUrl":"http:\/\/snuipp86.fr\/wp-content\/spip\/IMG\/arton2537.jpg","datePublished":"2013-11-27T08:51:40+00:00","author":{"@id":"https:\/\/snuipp86.fr\/#\/schema\/person\/901b28b9ae1c7a63a6a940102e52a7a2"},"breadcrumb":{"@id":"https:\/\/snuipp86.fr\/index.php\/2013\/11\/27\/isae-premier-versement-en-novembre\/#breadcrumb"},"inLanguage":"fr-FR","potentialAction":[{"@type":"ReadAction","target":["https:\/\/snuipp86.fr\/index.php\/2013\/11\/27\/isae-premier-versement-en-novembre\/"]}]},{"@type":"ImageObject","inLanguage":"fr-FR","@id":"https:\/\/snuipp86.fr\/index.php\/2013\/11\/27\/isae-premier-versement-en-novembre\/#primaryimage","url":"http:\/\/snuipp86.fr\/wp-content\/spip\/IMG\/arton2537.jpg","contentUrl":"http:\/\/snuipp86.fr\/wp-content\/spip\/IMG\/arton2537.jpg"},{"@type":"BreadcrumbList","@id":"https:\/\/snuipp86.fr\/index.php\/2013\/11\/27\/isae-premier-versement-en-novembre\/#breadcrumb","itemListElement":[{"@type":"ListItem","position":1,"name":"Accueil","item":"https:\/\/snuipp86.fr\/"},{"@type":"ListItem","position":2,"name":"ISAE : Premier versement en novembre"}]},{"@type":"WebSite","@id":"https:\/\/snuipp86.fr\/#website","url":"https:\/\/snuipp86.fr\/","name":"FSU-SNUipp 86","description":"Des id\u00e9es qui font l&#039;\u00e9cole","potentialAction":[{"@type":"SearchAction","target":{"@type":"EntryPoint","urlTemplate":"https:\/\/snuipp86.fr\/?s={search_term_string}"},"query-input":{"@type":"PropertyValueSpecification","valueRequired":true,"valueName":"search_term_string"}}],"inLanguage":"fr-FR"},{"@type":"Person","@id":"https:\/\/snuipp86.fr\/#\/schema\/person\/901b28b9ae1c7a63a6a940102e52a7a2","name":"WP86Admin","image":{"@type":"ImageObject","inLanguage":"fr-FR","@id":"https:\/\/snuipp86.fr\/#\/schema\/person\/image\/","url":"https:\/\/secure.gravatar.com\/avatar\/0099845c7ec05dc10d777d8ab4f5142c5ba316283821af2459738ad469a37a1a?s=96&d=mm&r=g","contentUrl":"https:\/\/secure.gravatar.com\/avatar\/0099845c7ec05dc10d777d8ab4f5142c5ba316283821af2459738ad469a37a1a?s=96&d=mm&r=g","caption":"WP86Admin"},"url":"https:\/\/snuipp86.fr\/index.php\/author\/wp86admin\/"}]}},"_links":{"self":[{"href":"https:\/\/snuipp86.fr\/index.php\/wp-json\/wp\/v2\/posts\/1076","targetHints":{"allow":["GET"]}}],"collection":[{"href":"https:\/\/snuipp86.fr\/index.php\/wp-json\/wp\/v2\/posts"}],"about":[{"href":"https:\/\/snuipp86.fr\/index.php\/wp-json\/wp\/v2\/types\/post"}],"author":[{"embeddable":true,"href":"https:\/\/snuipp86.fr\/index.php\/wp-json\/wp\/v2\/users\/1"}],"replies":[{"embeddable":true,"href":"https:\/\/snuipp86.fr\/index.php\/wp-json\/wp\/v2\/comments?post=1076"}],"version-history":[{"count":0,"href":"https:\/\/snuipp86.fr\/index.php\/wp-json\/wp\/v2\/posts\/1076\/revisions"}],"wp:attachment":[{"href":"https:\/\/snuipp86.fr\/index.php\/wp-json\/wp\/v2\/media?parent=1076"}],"wp:term":[{"taxonomy":"category","embeddable":true,"href":"https:\/\/snuipp86.fr\/index.php\/wp-json\/wp\/v2\/categories?post=1076"},{"taxonomy":"post_tag","embeddable":true,"href":"https:\/\/snuipp86.fr\/index.php\/wp-json\/wp\/v2\/tags?post=1076"}],"curies":[{"name":"wp","href":"https:\/\/api.w.org\/{rel}","templated":true}]}}