{"id":1088,"date":"2013-11-15T12:58:32","date_gmt":"2013-11-15T12:58:32","guid":{"rendered":"http:\/\/localhost\/wordpress\/2013\/11\/15\/ne-pas-accepter-linacceptable\/"},"modified":"2013-11-15T12:58:32","modified_gmt":"2013-11-15T12:58:32","slug":"ne-pas-accepter-linacceptable","status":"publish","type":"post","link":"https:\/\/snuipp86.fr\/index.php\/2013\/11\/15\/ne-pas-accepter-linacceptable\/","title":{"rendered":"Ne pas accepter l&rsquo;inacceptable"},"content":{"rendered":"<p><img decoding=\"async\" src=\"https:\/\/snuipp86.fr\/wp-content\/spip\/IMG\/arton2524.png\" alt=\"\" align=\"right\" width=\"150\" height=\"216\" class=\"spip_logos\" \/><\/p>\n<div class='rss_texte'>\n<p class=\"spip\">Depuis plusieurs semaines, des attaques racistes se multiplient \u00e0 l&rsquo;encontre de la ministre Christiane Taubira.<\/p>\n<p class=\"spip\">La FSU condamne fermement toutes les attaques \u00e0 caract\u00e8re raciste, doubl\u00e9es par ailleurs de sexisme, dont madame Taubira est l&rsquo;objet.<\/p>\n<p class=\"spip\">Des forces politiques, largement gangren\u00e9es par les id\u00e9es de l&rsquo;extr\u00eame-droite, sur l&rsquo;utilisation des \u00e9migr\u00e9s comme boucs \u00e9missaires notamment, ont depuis longtemps pr\u00e9par\u00e9 le terrain des d\u00e9rives populistes et racistes quand ils ne les ont pas directement initi\u00e9es.<\/p>\n<p class=\"spip\">Ainsi lorsque Jean-Fran\u00e7ois Cop\u00e9 \u00e9nonce : \u00ab Quand on vote FN, on a la gauche qui passe\u2026et on a Taubira \u00bb les limites de l&rsquo;allusion \u00e0 caract\u00e8re raciste sont d\u00e9j\u00e0 d\u00e9pass\u00e9es. Les sous-entendus sur le lien entre l&rsquo;arriv\u00e9e de la gauche au gouvernement et la pr\u00e9tendue invasion des \u00e9trangers est explicite, de m\u00eame que le r\u00f4le de la gauche dans le renforcement des id\u00e9es du FN.<\/p>\n<p class=\"spip\">Les d\u00e9clarations du ministre de l&rsquo;Int\u00e9rieur sur la pr\u00e9sence des Roms alimentent aussi ce climat de stigmatisation. Elles contribuent \u00e0 placer les questions s\u00e9curitaires au premier plan alors que c&rsquo;est de la satisfaction des besoins sociaux dont il faut avant tout parler.<\/p>\n<p class=\"spip\">Car la situation \u00e9conomique et sociale extr\u00eamement d\u00e9grad\u00e9e g\u00e9n\u00e8re une inqui\u00e9tude profonde et l\u00e9gitime dans l&rsquo;opinion.<\/p>\n<p class=\"spip\">Le gouvernent doit maintenant y r\u00e9pondre.<\/p>\n<p class=\"spip\">Sans r\u00e9action la plus large possible, le risque est de contribuer \u00e0 accentuer la banalisation de la x\u00e9nophobie et du racisme.<\/p>\n<p class=\"spip\">La FSU sait que les valeurs de tol\u00e9rance, de respect, d&rsquo;\u00e9galit\u00e9 et de d\u00e9mocratie sont partag\u00e9es par les citoyens de notre pays. Elle appelle \u00e0 une r\u00e9action forte et unitaire pour le rappeler.<\/p>\n<p class=\"spip\">Les Lilas, vendredi 15 novembre 2013<\/p>\n<\/div>\n","protected":false},"excerpt":{"rendered":"<p>Depuis plusieurs semaines, des attaques racistes se multiplient \u00e0 l&rsquo;encontre de la ministre Christiane Taubira. <br \/>La FSU condamne fermement toutes les attaques \u00e0 caract\u00e8re raciste, doubl\u00e9es par ailleurs de sexisme, dont madame Taubira est l&rsquo;objet. <br \/>Des forces politiques, largement gangren\u00e9es par les id\u00e9es de l&rsquo;extr\u00eame-droite, sur l&rsquo;utilisation des \u00e9migr\u00e9s comme boucs \u00e9missaires notamment, ont depuis longtemps pr\u00e9par\u00e9 le terrain des d\u00e9rives populistes et racistes quand (&#8230;)<br \/>\n&#8211;<br \/>\n<a href=\"http:\/\/86.snuipp.fr\/spip.php?rubrique249\" rel=\"directory\">L&rsquo;ACTUALIT\u00c9<\/a><\/p>\n","protected":false},"author":1,"featured_media":0,"comment_status":"open","ping_status":"open","sticky":false,"template":"","format":"standard","meta":{"footnotes":""},"categories":[14],"tags":[],"class_list":["post-1088","post","type-post","status-publish","format-standard","hentry","category-a-la-une"],"yoast_head":"<!-- This site is optimized with the Yoast SEO plugin v26.6 - https:\/\/yoast.com\/wordpress\/plugins\/seo\/ -->\n<title>Ne pas accepter l&#039;inacceptable - FSU-SNUipp 86<\/title>\n<meta name=\"robots\" content=\"index, follow, max-snippet:-1, max-image-preview:large, max-video-preview:-1\" \/>\n<link rel=\"canonical\" href=\"https:\/\/snuipp86.fr\/index.php\/2013\/11\/15\/ne-pas-accepter-linacceptable\/\" \/>\n<meta property=\"og:locale\" content=\"fr_FR\" \/>\n<meta property=\"og:type\" content=\"article\" \/>\n<meta property=\"og:title\" content=\"Ne pas accepter l&#039;inacceptable - FSU-SNUipp 86\" \/>\n<meta property=\"og:description\" content=\"Depuis plusieurs semaines, des attaques racistes se multiplient \u00e0 l&#039;encontre de la ministre Christiane Taubira. La FSU condamne fermement toutes les attaques \u00e0 caract\u00e8re raciste, doubl\u00e9es par ailleurs de sexisme, dont madame Taubira est l&#039;objet. Des forces politiques, largement gangren\u00e9es par les id\u00e9es de l&#039;extr\u00eame-droite, sur l&#039;utilisation des \u00e9migr\u00e9s comme boucs \u00e9missaires notamment, ont depuis longtemps pr\u00e9par\u00e9 le terrain des d\u00e9rives populistes et racistes quand (...) - L&#039;ACTUALIT\u00c9\" \/>\n<meta property=\"og:url\" content=\"https:\/\/snuipp86.fr\/index.php\/2013\/11\/15\/ne-pas-accepter-linacceptable\/\" \/>\n<meta property=\"og:site_name\" content=\"FSU-SNUipp 86\" \/>\n<meta property=\"article:published_time\" content=\"2013-11-15T12:58:32+00:00\" \/>\n<meta property=\"og:image\" content=\"http:\/\/snuipp86.fr\/wp-content\/spip\/IMG\/arton2524.png\" \/>\n<meta name=\"author\" content=\"WP86Admin\" \/>\n<meta name=\"twitter:card\" content=\"summary_large_image\" \/>\n<meta name=\"twitter:label1\" content=\"\u00c9crit par\" \/>\n\t<meta name=\"twitter:data1\" content=\"WP86Admin\" \/>\n\t<meta name=\"twitter:label2\" content=\"Dur\u00e9e de lecture estim\u00e9e\" \/>\n\t<meta name=\"twitter:data2\" content=\"1 minute\" \/>\n<script type=\"application\/ld+json\" class=\"yoast-schema-graph\">{\"@context\":\"https:\/\/schema.org\",\"@graph\":[{\"@type\":\"WebPage\",\"@id\":\"https:\/\/snuipp86.fr\/index.php\/2013\/11\/15\/ne-pas-accepter-linacceptable\/\",\"url\":\"https:\/\/snuipp86.fr\/index.php\/2013\/11\/15\/ne-pas-accepter-linacceptable\/\",\"name\":\"Ne pas accepter l'inacceptable - FSU-SNUipp 86\",\"isPartOf\":{\"@id\":\"https:\/\/snuipp86.fr\/#website\"},\"primaryImageOfPage\":{\"@id\":\"https:\/\/snuipp86.fr\/index.php\/2013\/11\/15\/ne-pas-accepter-linacceptable\/#primaryimage\"},\"image\":{\"@id\":\"https:\/\/snuipp86.fr\/index.php\/2013\/11\/15\/ne-pas-accepter-linacceptable\/#primaryimage\"},\"thumbnailUrl\":\"http:\/\/snuipp86.fr\/wp-content\/spip\/IMG\/arton2524.png\",\"datePublished\":\"2013-11-15T12:58:32+00:00\",\"author\":{\"@id\":\"https:\/\/snuipp86.fr\/#\/schema\/person\/901b28b9ae1c7a63a6a940102e52a7a2\"},\"breadcrumb\":{\"@id\":\"https:\/\/snuipp86.fr\/index.php\/2013\/11\/15\/ne-pas-accepter-linacceptable\/#breadcrumb\"},\"inLanguage\":\"fr-FR\",\"potentialAction\":[{\"@type\":\"ReadAction\",\"target\":[\"https:\/\/snuipp86.fr\/index.php\/2013\/11\/15\/ne-pas-accepter-linacceptable\/\"]}]},{\"@type\":\"ImageObject\",\"inLanguage\":\"fr-FR\",\"@id\":\"https:\/\/snuipp86.fr\/index.php\/2013\/11\/15\/ne-pas-accepter-linacceptable\/#primaryimage\",\"url\":\"http:\/\/snuipp86.fr\/wp-content\/spip\/IMG\/arton2524.png\",\"contentUrl\":\"http:\/\/snuipp86.fr\/wp-content\/spip\/IMG\/arton2524.png\"},{\"@type\":\"BreadcrumbList\",\"@id\":\"https:\/\/snuipp86.fr\/index.php\/2013\/11\/15\/ne-pas-accepter-linacceptable\/#breadcrumb\",\"itemListElement\":[{\"@type\":\"ListItem\",\"position\":1,\"name\":\"Accueil\",\"item\":\"https:\/\/snuipp86.fr\/\"},{\"@type\":\"ListItem\",\"position\":2,\"name\":\"Ne pas accepter l&#8217;inacceptable\"}]},{\"@type\":\"WebSite\",\"@id\":\"https:\/\/snuipp86.fr\/#website\",\"url\":\"https:\/\/snuipp86.fr\/\",\"name\":\"FSU-SNUipp 86\",\"description\":\"Des id\u00e9es qui font l&#039;\u00e9cole\",\"potentialAction\":[{\"@type\":\"SearchAction\",\"target\":{\"@type\":\"EntryPoint\",\"urlTemplate\":\"https:\/\/snuipp86.fr\/?s={search_term_string}\"},\"query-input\":{\"@type\":\"PropertyValueSpecification\",\"valueRequired\":true,\"valueName\":\"search_term_string\"}}],\"inLanguage\":\"fr-FR\"},{\"@type\":\"Person\",\"@id\":\"https:\/\/snuipp86.fr\/#\/schema\/person\/901b28b9ae1c7a63a6a940102e52a7a2\",\"name\":\"WP86Admin\",\"image\":{\"@type\":\"ImageObject\",\"inLanguage\":\"fr-FR\",\"@id\":\"https:\/\/snuipp86.fr\/#\/schema\/person\/image\/\",\"url\":\"https:\/\/secure.gravatar.com\/avatar\/0099845c7ec05dc10d777d8ab4f5142c5ba316283821af2459738ad469a37a1a?s=96&d=mm&r=g\",\"contentUrl\":\"https:\/\/secure.gravatar.com\/avatar\/0099845c7ec05dc10d777d8ab4f5142c5ba316283821af2459738ad469a37a1a?s=96&d=mm&r=g\",\"caption\":\"WP86Admin\"},\"url\":\"https:\/\/snuipp86.fr\/index.php\/author\/wp86admin\/\"}]}<\/script>\n<!-- \/ Yoast SEO plugin. -->","yoast_head_json":{"title":"Ne pas accepter l'inacceptable - FSU-SNUipp 86","robots":{"index":"index","follow":"follow","max-snippet":"max-snippet:-1","max-image-preview":"max-image-preview:large","max-video-preview":"max-video-preview:-1"},"canonical":"https:\/\/snuipp86.fr\/index.php\/2013\/11\/15\/ne-pas-accepter-linacceptable\/","og_locale":"fr_FR","og_type":"article","og_title":"Ne pas accepter l'inacceptable - FSU-SNUipp 86","og_description":"Depuis plusieurs semaines, des attaques racistes se multiplient \u00e0 l'encontre de la ministre Christiane Taubira. La FSU condamne fermement toutes les attaques \u00e0 caract\u00e8re raciste, doubl\u00e9es par ailleurs de sexisme, dont madame Taubira est l'objet. Des forces politiques, largement gangren\u00e9es par les id\u00e9es de l'extr\u00eame-droite, sur l'utilisation des \u00e9migr\u00e9s comme boucs \u00e9missaires notamment, ont depuis longtemps pr\u00e9par\u00e9 le terrain des d\u00e9rives populistes et racistes quand (...) - L'ACTUALIT\u00c9","og_url":"https:\/\/snuipp86.fr\/index.php\/2013\/11\/15\/ne-pas-accepter-linacceptable\/","og_site_name":"FSU-SNUipp 86","article_published_time":"2013-11-15T12:58:32+00:00","og_image":[{"url":"http:\/\/snuipp86.fr\/wp-content\/spip\/IMG\/arton2524.png","type":"","width":"","height":""}],"author":"WP86Admin","twitter_card":"summary_large_image","twitter_misc":{"\u00c9crit par":"WP86Admin","Dur\u00e9e de lecture estim\u00e9e":"1 minute"},"schema":{"@context":"https:\/\/schema.org","@graph":[{"@type":"WebPage","@id":"https:\/\/snuipp86.fr\/index.php\/2013\/11\/15\/ne-pas-accepter-linacceptable\/","url":"https:\/\/snuipp86.fr\/index.php\/2013\/11\/15\/ne-pas-accepter-linacceptable\/","name":"Ne pas accepter l'inacceptable - FSU-SNUipp 86","isPartOf":{"@id":"https:\/\/snuipp86.fr\/#website"},"primaryImageOfPage":{"@id":"https:\/\/snuipp86.fr\/index.php\/2013\/11\/15\/ne-pas-accepter-linacceptable\/#primaryimage"},"image":{"@id":"https:\/\/snuipp86.fr\/index.php\/2013\/11\/15\/ne-pas-accepter-linacceptable\/#primaryimage"},"thumbnailUrl":"http:\/\/snuipp86.fr\/wp-content\/spip\/IMG\/arton2524.png","datePublished":"2013-11-15T12:58:32+00:00","author":{"@id":"https:\/\/snuipp86.fr\/#\/schema\/person\/901b28b9ae1c7a63a6a940102e52a7a2"},"breadcrumb":{"@id":"https:\/\/snuipp86.fr\/index.php\/2013\/11\/15\/ne-pas-accepter-linacceptable\/#breadcrumb"},"inLanguage":"fr-FR","potentialAction":[{"@type":"ReadAction","target":["https:\/\/snuipp86.fr\/index.php\/2013\/11\/15\/ne-pas-accepter-linacceptable\/"]}]},{"@type":"ImageObject","inLanguage":"fr-FR","@id":"https:\/\/snuipp86.fr\/index.php\/2013\/11\/15\/ne-pas-accepter-linacceptable\/#primaryimage","url":"http:\/\/snuipp86.fr\/wp-content\/spip\/IMG\/arton2524.png","contentUrl":"http:\/\/snuipp86.fr\/wp-content\/spip\/IMG\/arton2524.png"},{"@type":"BreadcrumbList","@id":"https:\/\/snuipp86.fr\/index.php\/2013\/11\/15\/ne-pas-accepter-linacceptable\/#breadcrumb","itemListElement":[{"@type":"ListItem","position":1,"name":"Accueil","item":"https:\/\/snuipp86.fr\/"},{"@type":"ListItem","position":2,"name":"Ne pas accepter l&#8217;inacceptable"}]},{"@type":"WebSite","@id":"https:\/\/snuipp86.fr\/#website","url":"https:\/\/snuipp86.fr\/","name":"FSU-SNUipp 86","description":"Des id\u00e9es qui font l&#039;\u00e9cole","potentialAction":[{"@type":"SearchAction","target":{"@type":"EntryPoint","urlTemplate":"https:\/\/snuipp86.fr\/?s={search_term_string}"},"query-input":{"@type":"PropertyValueSpecification","valueRequired":true,"valueName":"search_term_string"}}],"inLanguage":"fr-FR"},{"@type":"Person","@id":"https:\/\/snuipp86.fr\/#\/schema\/person\/901b28b9ae1c7a63a6a940102e52a7a2","name":"WP86Admin","image":{"@type":"ImageObject","inLanguage":"fr-FR","@id":"https:\/\/snuipp86.fr\/#\/schema\/person\/image\/","url":"https:\/\/secure.gravatar.com\/avatar\/0099845c7ec05dc10d777d8ab4f5142c5ba316283821af2459738ad469a37a1a?s=96&d=mm&r=g","contentUrl":"https:\/\/secure.gravatar.com\/avatar\/0099845c7ec05dc10d777d8ab4f5142c5ba316283821af2459738ad469a37a1a?s=96&d=mm&r=g","caption":"WP86Admin"},"url":"https:\/\/snuipp86.fr\/index.php\/author\/wp86admin\/"}]}},"_links":{"self":[{"href":"https:\/\/snuipp86.fr\/index.php\/wp-json\/wp\/v2\/posts\/1088","targetHints":{"allow":["GET"]}}],"collection":[{"href":"https:\/\/snuipp86.fr\/index.php\/wp-json\/wp\/v2\/posts"}],"about":[{"href":"https:\/\/snuipp86.fr\/index.php\/wp-json\/wp\/v2\/types\/post"}],"author":[{"embeddable":true,"href":"https:\/\/snuipp86.fr\/index.php\/wp-json\/wp\/v2\/users\/1"}],"replies":[{"embeddable":true,"href":"https:\/\/snuipp86.fr\/index.php\/wp-json\/wp\/v2\/comments?post=1088"}],"version-history":[{"count":0,"href":"https:\/\/snuipp86.fr\/index.php\/wp-json\/wp\/v2\/posts\/1088\/revisions"}],"wp:attachment":[{"href":"https:\/\/snuipp86.fr\/index.php\/wp-json\/wp\/v2\/media?parent=1088"}],"wp:term":[{"taxonomy":"category","embeddable":true,"href":"https:\/\/snuipp86.fr\/index.php\/wp-json\/wp\/v2\/categories?post=1088"},{"taxonomy":"post_tag","embeddable":true,"href":"https:\/\/snuipp86.fr\/index.php\/wp-json\/wp\/v2\/tags?post=1088"}],"curies":[{"name":"wp","href":"https:\/\/api.w.org\/{rel}","templated":true}]}}