{"id":1098,"date":"2013-11-06T10:59:04","date_gmt":"2013-11-06T10:59:04","guid":{"rendered":"http:\/\/localhost\/wordpress\/2013\/11\/06\/cr-du-cden-du-5-novembre-carte-scolaire-rythmes\/"},"modified":"2013-11-06T10:59:04","modified_gmt":"2013-11-06T10:59:04","slug":"cr-du-cden-du-5-novembre-carte-scolaire-rythmes","status":"publish","type":"post","link":"https:\/\/snuipp86.fr\/index.php\/2013\/11\/06\/cr-du-cden-du-5-novembre-carte-scolaire-rythmes\/","title":{"rendered":"CR du CDEN du 5 novembre : carte scolaire, rythmes &#8230;."},"content":{"rendered":"<p><img decoding=\"async\" src=\"https:\/\/snuipp86.fr\/wp-content\/spip\/IMG\/arton2514.jpg\" alt=\"\" align=\"right\" width=\"261\" height=\"193\" class=\"spip_logos\" \/><\/p>\n<div class='rss_texte'>\n<h3 class=\"spip\" id=\"outil_sommaire_0\"><a title=\"Sommaire\" href=\"http:\/\/86.snuipp.fr\/spip.php?page=backend&#038;id_rubrique=#outil_sommaire\" class=\"sommaire_ancre\"> <\/a>Pr\u00e9sentation de la carte scolaire 1er degr\u00e9<\/h3>\n<p class=\"spip\"><strong class=\"spip\">Chiffres de la Rentr\u00e9e 2013 : + 324 \u00e9l\u00e8ves (dont 308 hors enseignement sp\u00e9cialis\u00e9) soit 170 \u00e9l\u00e8ves de plus que la pr\u00e9vision.<\/strong><\/p>\n<p class=\"spip\">La dotation \u00e9tait de 25 emplois dont 2 pour la scolarisation des moins de 3 ans et 11 \u00ab maitres en plus \u00bb. (<a href=\"http:\/\/86.snuipp.fr\/spip.php?article2467&#038;var_recherche=carte%20scolaire\" class=\"spip_out\">cliquez ici pour retrouver les ajustements de rentr\u00e9e<\/a>)<\/p>\n<p class=\"spip\">Le SNUipp-FSU a de nouveau d\u00e9nonc\u00e9 le fait que les postes allou\u00e9s \u00e0 la mise en place de la \u00ab formation \u00bb (Contractuels stagiaires, les \u00ab C2 \u00bb ) soient pr\u00e9lev\u00e9s sur cette dotation d\u00e9partementale (qui \u00e9quivalent \u00e0 10 postes). Ce qui n&rsquo;est pas le cas dans le second degr\u00e9 ! Nous avons de nouveau d\u00e9nonc\u00e9 la mise en responsabilit\u00e9 des \u00e9tudiants, ce qui ne peut pour le SNUipp constituer des conditions de formation id\u00e9ales.<\/p>\n<p class=\"spip\">Le DASEN fait observer que les ouvertures \u00e0 cette rentr\u00e9e correspondent davantage aux besoins identifi\u00e9s et aux situations particuli\u00e8res des \u00e9coles.<\/p>\n<p class=\"spip\">Le SNUipp a cit\u00e9 des \u00e9coles qui ont de r\u00e9els besoins et y compris pour faire face aux effectifs les plus lourds.<\/p>\n<p class=\"spip\">Le DASEN veut poursuivre l&rsquo;\u00e9tude du sch\u00e9ma territorial, dont le SNUipp rappelle l&rsquo;importance \u00e0 chaque CDEN, pour pr\u00e9parer la future carte scolaire.<\/p>\n<p class=\"spip\">Le SNUipp en a profit\u00e9 pour rappeler qu&rsquo;il faudra \u00e9viter la confusion poste classe \/ Maitre en plus . Une autre fa\u00e7on de travailler avec un maitre en plus, n&rsquo;est pas opposable \u00e0 une ouverture de classe. Nous serons vigilants sur ce point.<\/p>\n<p class=\"spip\"><strong class=\"spip\"> Maternelle<\/strong><\/p>\n<p class=\"spip\">228 \u00e9l\u00e8ves de plus par rapport \u00e0 l&rsquo;ann\u00e9e derni\u00e8re<\/p>\n<p class=\"spip\"><img decoding=\"async\" src=\"https:\/\/snuipp86.fr\/wp-content\/spip\/cache-vignettes\/L8xH11\/puce-68c92.gif\" width='8' height='11' alt=\"-\" style='height:11px;width:8px;' class='' \/> l&rsquo;effectif moyen a augment\u00e9 pour passer \u00e0 25.59 \u00e9l\u00e8ves\/classe.<br \/>\n<br \/><img decoding=\"async\" src=\"https:\/\/snuipp86.fr\/wp-content\/spip\/cache-vignettes\/L8xH11\/puce-68c92.gif\" width='8' height='11' alt=\"-\" style='height:11px;width:8px;' class='' \/> Le taux de scolarisation des moins de 3 ans a lui l\u00e9g\u00e8rement augment\u00e9 pour passer de 4.6% \u00e0 5,1 % (on est loin des 60% d&rsquo;il y a un peu plus de 10 ans)<\/p>\n<p class=\"spip\"><strong class=\"spip\"> \u00c9l\u00e9mentaire<\/strong><\/p>\n<p class=\"spip\"><img decoding=\"async\" src=\"https:\/\/snuipp86.fr\/wp-content\/spip\/cache-vignettes\/L8xH11\/puce-68c92.gif\" width='8' height='11' alt=\"-\" style='height:11px;width:8px;' class='' \/> + 80 \u00e9l\u00e8ves,<br \/>\n<br \/><img decoding=\"async\" src=\"https:\/\/snuipp86.fr\/wp-content\/spip\/cache-vignettes\/L8xH11\/puce-68c92.gif\" width='8' height='11' alt=\"-\" style='height:11px;width:8px;' class='' \/> Le taux d&rsquo;encadrement a l\u00e9g\u00e8rement diminu\u00e9 pour passer \u00e0 22.32 \u00e9l\u00e8ves\/classe.<\/p>\n<p class=\"spip\"><strong class=\"spip\">Enseignement sp\u00e9cialis\u00e9<\/strong> &#8211; 16 \u00e9l\u00e8ves sur le d\u00e9partement &#8211; une CLIS suppl\u00e9mentaire par rapport \u00e0 l&rsquo;ann\u00e9e derni\u00e8re.<\/p>\n<p class=\"spip\"><strong class=\"spip\"> Dispositif ma\u00eetre en plus<\/strong><\/p>\n<p class=\"spip\"><img decoding=\"async\" src=\"https:\/\/snuipp86.fr\/wp-content\/spip\/cache-vignettes\/L8xH11\/puce-68c92.gif\" width='8' height='11' alt=\"-\" style='height:11px;width:8px;' class='' \/> 11 postes<\/p>\n<p class=\"spip\">Le SNUipp-FSU regrette que les nouveaux dispositifs visent essentiellement des \u00e9coles urbaines et demande qu&rsquo;un bilan soit effectu\u00e9 et pr\u00e9sent\u00e9. A l&rsquo;image de ces revendications sur l&rsquo;\u00e9ducation prioritaire, pour le SNUipp-FSU, l&rsquo;\u00e9cole rurale ne doit plus \u00eatre oubli\u00e9e.<\/p>\n<p class=\"spip\">Il souhaite une extension de ce dispositif avec des maitres en plus sur une seule \u00e9cole et une formation assur\u00e9e partout.<\/p>\n<h3 class=\"spip\" id=\"outil_sommaire_1\"><a title=\"Sommaire\" href=\"http:\/\/86.snuipp.fr\/spip.php?page=backend&#038;id_rubrique=#outil_sommaire\" class=\"sommaire_ancre\"> <\/a>Pr\u00e9sentation de la carte scolaire 2nd degr\u00e9<\/h3>\n<p class=\"spip\"><strong class=\"spip\"> Coll\u00e8ges<\/strong><\/p>\n<p class=\"spip\">Chiffres de la Rentr\u00e9e 2013 : public + 1000 \u00e9l\u00e8ves , priv\u00e9 +300<\/p>\n<p class=\"spip\">La baisse du nombre d&rsquo;\u00e9l\u00e8ves en 6\u00e8me SEGPA s&rsquo;explique en partie par la baisse du redoublement en primaire, ce qui ne permet plus d&rsquo;orienter l&rsquo;\u00e9l\u00e8ve en SEGPA puisqu&rsquo;une des conditions est qu&rsquo;il y ait eu un maintien dans la scolarit\u00e9 en primaire. C&rsquo;est un constat qui cache des r\u00e9alit\u00e9s qu&rsquo;il nous faudra analyser.<\/p>\n<p class=\"spip\">Il n&rsquo;en reste pas moins que de trop nombreuses divisions de SEGPA sont au-del\u00e0 de 15 \u00e9l\u00e8ves.<\/p>\n<h3 class=\"spip\" id=\"outil_sommaire_2\"><a title=\"Sommaire\" href=\"http:\/\/86.snuipp.fr\/spip.php?page=backend&#038;id_rubrique=#outil_sommaire\" class=\"sommaire_ancre\"> <\/a>R\u00e9forme des rythmes scolaires<\/h3>\n<p class=\"spip\"><strong class=\"spip\">Bilan de rentr\u00e9e 2013 :<\/strong><\/p>\n<p class=\"spip\">Le DASEN se f\u00e9licite de l&rsquo; \u00ab excellence du travail r\u00e9alis\u00e9 avec les partenaires ! \u00bb<\/p>\n<p class=\"spip\">&#8211; 52 communes (24%) sont dans la r\u00e9forme, soit 7941 \u00e9l\u00e8ves sur 35 287, dont :<\/p>\n<ul class=\"spip\">\n<li class=\"spip\"> 86% soit 44 ont des journ\u00e9es r\u00e9guli\u00e8res de 5h15 et des mercredis de 3h<\/li>\n<li class=\"spip\"> 13% soit 7 communes ont une ou des journ\u00e9es \u00e0 dur\u00e9es d&rsquo;enseignement diff\u00e9rentes et le mercredi de 3h<\/li>\n<li class=\"spip\"> 1% soit 1 commune a des journ\u00e9es r\u00e9guli\u00e8res de 5h30 et un mercredi de 2h<\/li>\n<\/ul>\n<p class=\"spip\">&#8211; 37 communes fonctionnent avec l&rsquo;organisation dite des mercredis lib\u00e9r\u00e9s<\/p>\n<p class=\"spip\"><img decoding=\"async\" src=\"https:\/\/snuipp86.fr\/wp-content\/spip\/cache-vignettes\/L8xH11\/puce-68c92.gif\" width='8' height='11' alt=\"-\" style='height:11px;width:8px;' class='' \/> 124 communes fonctionnent \u00e0 4 jours<\/p>\n<p class=\"spip\"><a href=\"http:\/\/86.snuipp.fr\/spip.php?article2400&#038;var_recherche=rythmes%20vienne\" class=\"spip_out\">Retrouvez la liste des communes en cliquant sur ce lien<\/a><\/p>\n<p class=\"spip\"><strong class=\"spip\"> PEDT<\/strong><\/p>\n<p class=\"spip\">20 PEDT sont actuellement valid\u00e9s dont 3 \u00e9labor\u00e9s en intercommunalit\u00e9.<\/p>\n<p class=\"spip\">Crit\u00e8res de validation : \u00ab qualit\u00e9 du travail de concertation entre les diff\u00e9rents acteurs, coh\u00e9rence, compl\u00e9mentarit\u00e9 des actions avec l&rsquo;\u00e9cole, \u00e9galit\u00e9 de l&rsquo;acc\u00e8s, s\u00e9curit\u00e9, mise aux normes, encadrement&#8230; \u00bb<\/p>\n<p class=\"spip\"><strong class=\"spip\"> Le SNUipp a rappel\u00e9 quelques points essentiels \u00e0 la mise en \u0153uvre de la r\u00e9forme des rythmes :<\/strong><\/p>\n<p class=\"spip\"><img decoding=\"async\" src=\"https:\/\/snuipp86.fr\/wp-content\/spip\/cache-vignettes\/L8xH11\/puce-68c92.gif\" width='8' height='11' alt=\"-\" style='height:11px;width:8px;' class='' \/> Le temps de concertation doit \u00eatre un temps long et indispensable et c&rsquo;est une condition \u00e0 la r\u00e9ussite : l&rsquo;avis des enseignants sur le temps de l&rsquo;\u00e9l\u00e8ve et la bonne articulation entre temps de l&rsquo;\u00e9l\u00e8ve et temps de l&rsquo;enfant doit \u00eatre pris en compte. L&rsquo;avis des conseils d&rsquo;\u00e9cole doit \u00eatre incontournable<br \/>\n<br \/><img decoding=\"async\" src=\"https:\/\/snuipp86.fr\/wp-content\/spip\/cache-vignettes\/L8xH11\/puce-68c92.gif\" width='8' height='11' alt=\"-\" style='height:11px;width:8px;' class='' \/> La pause m\u00e9ridienne ne doit pas \u00eatre allong\u00e9e \u00e0 l&rsquo;exc\u00e8s : un enfant fatigu\u00e9 par une pause m\u00e9ridienne dans le bruit ou le froid ne peut l&rsquo;aider \u00e0 \u00eatre bien dans ses apprentissages<br \/>\n<br \/><img decoding=\"async\" src=\"https:\/\/snuipp86.fr\/wp-content\/spip\/cache-vignettes\/L8xH11\/puce-68c92.gif\" width='8' height='11' alt=\"-\" style='height:11px;width:8px;' class='' \/> Une attention toute particuli\u00e8re doit \u00eatre port\u00e9e sur les maternelles : la journ\u00e9e d&rsquo;un enfant de 4 ans n&rsquo;est pas celle d&rsquo;un enfant de 10 ans.<br \/>\n<br \/><img decoding=\"async\" src=\"https:\/\/snuipp86.fr\/wp-content\/spip\/cache-vignettes\/L8xH11\/puce-68c92.gif\" width='8' height='11' alt=\"-\" style='height:11px;width:8px;' class='' \/> Le transport s&rsquo;il est un \u00e9l\u00e9ment \u00e0 prendre en compte, ne doit pas \u00eatre d\u00e9terminant dans l&rsquo;organisation scolaire : des choix doivent \u00eatre possibles<br \/>\n<br \/><img decoding=\"async\" src=\"https:\/\/snuipp86.fr\/wp-content\/spip\/cache-vignettes\/L8xH11\/puce-68c92.gif\" width='8' height='11' alt=\"-\" style='height:11px;width:8px;' class='' \/> Les \u00e9quipements comme les personnels et notamment les ATSEM ne doivent pas quitter le champ scolaire pour le p\u00e9ri-scolaire<br \/>\n<br \/><img decoding=\"async\" src=\"https:\/\/snuipp86.fr\/wp-content\/spip\/cache-vignettes\/L8xH11\/puce-68c92.gif\" width='8' height='11' alt=\"-\" style='height:11px;width:8px;' class='' \/> Un temps de concertation institutionnel entre les enseignants reste indispensable, ce que ne permet pas le d\u00e9cret. Ainsi le Snuipp a rappel\u00e9 la r\u00e9alit\u00e9 du travail enseignant (44 h\/semaine) et rappel\u00e9 que le mercredi apr\u00e8s-midi doit rester un temps \u00e0 la disposition des enseignants.<\/p>\n<p class=\"spip\"><strong class=\"spip\">Le SNUipp rappelle qu&rsquo;il s&rsquo;est oppos\u00e9 au d\u00e9cret DARCOS et qu&rsquo;il est favorable \u00e0 une am\u00e9lioration des rythmes de l&rsquo;enfant sur la journ\u00e9e, la semaine et l&rsquo;ann\u00e9e mais notre syndicat rel\u00e8ve des difficult\u00e9s qui doivent trouver des r\u00e9ponses.<\/strong><\/p>\n<p class=\"spip\">Pour toutes ces raisons, <strong class=\"spip\">le SNUipp-FSU demande la r\u00e9\u00e9criture du d\u00e9cret.<\/strong> (voir texte \u2192 <a href=\"http:\/\/86.snuipp.fr\/spip.php?article2493\" class=\"spip_out\">http:\/\/86.snuipp.fr\/spip.php ?article2493<\/a>). Ce message sera notamment celui port\u00e9 lors du rassemblement du 20 novembre devant le minist\u00e8re.<\/p>\n<p class=\"spip\"><strong class=\"spip\"> Pour les \u00e9coles entrant dans la r\u00e9forme en 2014 :<\/strong><\/p>\n<p class=\"spip\">Les projets d&rsquo;Organisation du Temps Scolaire (POTS) doivent \u00eatre finalis\u00e9s avant le <strong class=\"spip\">11 d\u00e9cembre.<\/strong> En cons\u00e9quence, les \u00e9coles doivent r\u00e9unir imp\u00e9rativement un conseil d&rsquo;\u00e9cole avant le 11 d\u00e9cembre 2013 pour d\u00e9cider de l&rsquo;organisation du temps scolaire. <strong class=\"spip\">Ces organisations devraient \u00eatre pr\u00e9sent\u00e9es au prochain CDEN du 19 d\u00e9cembre<\/strong>.<\/p>\n<p class=\"spip\">Le SNUipp a demand\u00e9 au DASEN de transmettre rapidement des consignes claires aux \u00e9coles afin que la n\u00e9cessaire concertation avec les partenaires (parents, \u00e9lus) puisse se d\u00e9rouler dans de bonnes conditions.<\/p>\n<p class=\"spip\">Conform\u00e9ment au texte, un comit\u00e9 de suivi des rythmes se tiendra mi-novembre : Nous y si\u00e9geons, <strong class=\"spip\">faites nous remonter vos observations pour que nous puissions porter les r\u00e9alit\u00e9s du terrain, points faibles comme points forts.<\/strong><\/p>\n<h3 class=\"spip\" id=\"outil_sommaire_3\"><a title=\"Sommaire\" href=\"http:\/\/86.snuipp.fr\/spip.php?page=backend&#038;id_rubrique=#outil_sommaire\" class=\"sommaire_ancre\"> <\/a>Direction d&rsquo;\u00e9cole :<\/h3>\n<p class=\"spip\">50 contrats d&rsquo;Aide \u00e0 la direction \u00e9taient pr\u00e9vus initialement. Actuellement 96 ont \u00e9t\u00e9 sign\u00e9s. Le DASEN assure qu&rsquo;il est pr\u00eat \u00e0 prendre en compte toutes les nouvelles demandes.<strong class=\"spip\"> Envoyez nous une copie de vos demandes.<\/strong><\/p>\n<p class=\"spip\">Un document concernant les questions sur \u00ab l&rsquo; aide \u00e0 la direction \u00bb devrait \u00eatre envoy\u00e9 prochainement dans les \u00e9coles..<\/p>\n<h3 class=\"spip\" id=\"outil_sommaire_4\"><a title=\"Sommaire\" href=\"http:\/\/86.snuipp.fr\/spip.php?page=backend&#038;id_rubrique=#outil_sommaire\" class=\"sommaire_ancre\"> <\/a>ECLORE<\/h3>\n<p class=\"spip\">Le nouveau projet acad\u00e9mique porte le nom d&rsquo; << ECLORE \u00bb ( Ecole Coll\u00e8ge Lyc\u00e9e pour la R\u00e9ussite et l'Orientation des El\u00e8ves). Il vise \u00e0 mieux articuler l'\u00e9cole, le coll\u00e8ge et le lyc\u00e9e.<\/p>\n<p class=\"spip\">Ce projet est \u00e0 l&rsquo;\u00e9tat de concertation mais sa mise en place est pr\u00e9vue pour 2014.<\/p>\n<p class=\"spip\">Ce projet suscite des interrogations sur le r\u00f4le des directeurs, sur la coh\u00e9rence avec les circonscriptions, sur les incidences sur le projet d&rsquo;\u00e9cole, sur le temps l\u00e0 encore pour travailler dans le cadre de ce projet\u2026.<\/p>\n<p class=\"spip\"><i class=\"spip\">\u200bVos repr\u00e9sentants FSU\/CGT : Francette Popineau, Laurent Audurier, Julien Dupont, Michel Fouques, Matthieu Menaut \u200b<\/i><\/p>\n<\/div>\n","protected":false},"excerpt":{"rendered":"<p>Pr\u00e9sentation de la carte scolaire 1er degr\u00e9 <br \/>Chiffres de la Rentr\u00e9e 2013 : + 324 \u00e9l\u00e8ves (dont 308 hors enseignement sp\u00e9cialis\u00e9) soit 170 \u00e9l\u00e8ves de plus que la pr\u00e9vision. <br \/>La dotation \u00e9tait de 25 emplois dont 2 pour la scolarisation des moins de 3 ans et 11 \u00ab maitres en plus \u00bb. (cliquez ici pour retrouver les ajustements de rentr\u00e9e) <br \/>Le SNUipp-FSU a de nouveau d\u00e9nonc\u00e9 le fait que les postes allou\u00e9s \u00e0 la mise en place de la \u00ab formation \u00bb (Contractuels stagiaires, les \u00ab C2 \u00bb (&#8230;)<br \/>\n&#8211;<br \/>\n<a href=\"http:\/\/86.snuipp.fr\/spip.php?rubrique41\" rel=\"directory\">CDEN<\/a><br \/>\n\/<br \/>\n<a href=\"http:\/\/86.snuipp.fr\/spip.php?mot293\" rel=\"tag\">Carte scolaire<\/a>,<br \/>\n<a href=\"http:\/\/86.snuipp.fr\/spip.php?mot303\" rel=\"tag\">Directions d&rsquo;\u00e9coles<\/a>,<br \/>\n<a href=\"http:\/\/86.snuipp.fr\/spip.php?mot320\" rel=\"tag\">Rythmes scolaires<\/a><\/p>\n","protected":false},"author":1,"featured_media":0,"comment_status":"open","ping_status":"open","sticky":false,"template":"","format":"standard","meta":{"footnotes":""},"categories":[14],"tags":[],"class_list":["post-1098","post","type-post","status-publish","format-standard","hentry","category-a-la-une"],"yoast_head":"<!-- This site is optimized with the Yoast SEO plugin v26.6 - https:\/\/yoast.com\/wordpress\/plugins\/seo\/ -->\n<title>CR du CDEN du 5 novembre : carte scolaire, rythmes .... - FSU-SNUipp 86<\/title>\n<meta name=\"robots\" content=\"index, follow, max-snippet:-1, max-image-preview:large, max-video-preview:-1\" \/>\n<link rel=\"canonical\" href=\"https:\/\/snuipp86.fr\/index.php\/2013\/11\/06\/cr-du-cden-du-5-novembre-carte-scolaire-rythmes\/\" \/>\n<meta property=\"og:locale\" content=\"fr_FR\" \/>\n<meta property=\"og:type\" content=\"article\" \/>\n<meta property=\"og:title\" content=\"CR du CDEN du 5 novembre : carte scolaire, rythmes .... - FSU-SNUipp 86\" \/>\n<meta property=\"og:description\" content=\"Pr\u00e9sentation de la carte scolaire 1er degr\u00e9 Chiffres de la Rentr\u00e9e 2013 : + 324 \u00e9l\u00e8ves (dont 308 hors enseignement sp\u00e9cialis\u00e9) soit 170 \u00e9l\u00e8ves de plus que la pr\u00e9vision. La dotation \u00e9tait de 25 emplois dont 2 pour la scolarisation des moins de 3 ans et 11 \u00ab maitres en plus \u00bb. (cliquez ici pour retrouver les ajustements de rentr\u00e9e) Le SNUipp-FSU a de nouveau d\u00e9nonc\u00e9 le fait que les postes allou\u00e9s \u00e0 la mise en place de la \u00ab formation \u00bb (Contractuels stagiaires, les \u00ab C2 \u00bb (...) - CDEN \/ Carte scolaire, Directions d&#039;\u00e9coles, Rythmes scolaires\" \/>\n<meta property=\"og:url\" content=\"https:\/\/snuipp86.fr\/index.php\/2013\/11\/06\/cr-du-cden-du-5-novembre-carte-scolaire-rythmes\/\" \/>\n<meta property=\"og:site_name\" content=\"FSU-SNUipp 86\" \/>\n<meta property=\"article:published_time\" content=\"2013-11-06T10:59:04+00:00\" \/>\n<meta property=\"og:image\" content=\"http:\/\/snuipp86.fr\/wp-content\/spip\/IMG\/arton2514.jpg\" \/>\n<meta name=\"author\" content=\"WP86Admin\" \/>\n<meta name=\"twitter:card\" content=\"summary_large_image\" \/>\n<meta name=\"twitter:label1\" content=\"\u00c9crit par\" \/>\n\t<meta name=\"twitter:data1\" content=\"WP86Admin\" \/>\n\t<meta name=\"twitter:label2\" content=\"Dur\u00e9e de lecture estim\u00e9e\" \/>\n\t<meta name=\"twitter:data2\" content=\"6 minutes\" \/>\n<script type=\"application\/ld+json\" class=\"yoast-schema-graph\">{\"@context\":\"https:\/\/schema.org\",\"@graph\":[{\"@type\":\"WebPage\",\"@id\":\"https:\/\/snuipp86.fr\/index.php\/2013\/11\/06\/cr-du-cden-du-5-novembre-carte-scolaire-rythmes\/\",\"url\":\"https:\/\/snuipp86.fr\/index.php\/2013\/11\/06\/cr-du-cden-du-5-novembre-carte-scolaire-rythmes\/\",\"name\":\"CR du CDEN du 5 novembre : carte scolaire, rythmes .... - FSU-SNUipp 86\",\"isPartOf\":{\"@id\":\"https:\/\/snuipp86.fr\/#website\"},\"primaryImageOfPage\":{\"@id\":\"https:\/\/snuipp86.fr\/index.php\/2013\/11\/06\/cr-du-cden-du-5-novembre-carte-scolaire-rythmes\/#primaryimage\"},\"image\":{\"@id\":\"https:\/\/snuipp86.fr\/index.php\/2013\/11\/06\/cr-du-cden-du-5-novembre-carte-scolaire-rythmes\/#primaryimage\"},\"thumbnailUrl\":\"http:\/\/snuipp86.fr\/wp-content\/spip\/IMG\/arton2514.jpg\",\"datePublished\":\"2013-11-06T10:59:04+00:00\",\"author\":{\"@id\":\"https:\/\/snuipp86.fr\/#\/schema\/person\/901b28b9ae1c7a63a6a940102e52a7a2\"},\"breadcrumb\":{\"@id\":\"https:\/\/snuipp86.fr\/index.php\/2013\/11\/06\/cr-du-cden-du-5-novembre-carte-scolaire-rythmes\/#breadcrumb\"},\"inLanguage\":\"fr-FR\",\"potentialAction\":[{\"@type\":\"ReadAction\",\"target\":[\"https:\/\/snuipp86.fr\/index.php\/2013\/11\/06\/cr-du-cden-du-5-novembre-carte-scolaire-rythmes\/\"]}]},{\"@type\":\"ImageObject\",\"inLanguage\":\"fr-FR\",\"@id\":\"https:\/\/snuipp86.fr\/index.php\/2013\/11\/06\/cr-du-cden-du-5-novembre-carte-scolaire-rythmes\/#primaryimage\",\"url\":\"http:\/\/snuipp86.fr\/wp-content\/spip\/IMG\/arton2514.jpg\",\"contentUrl\":\"http:\/\/snuipp86.fr\/wp-content\/spip\/IMG\/arton2514.jpg\"},{\"@type\":\"BreadcrumbList\",\"@id\":\"https:\/\/snuipp86.fr\/index.php\/2013\/11\/06\/cr-du-cden-du-5-novembre-carte-scolaire-rythmes\/#breadcrumb\",\"itemListElement\":[{\"@type\":\"ListItem\",\"position\":1,\"name\":\"Accueil\",\"item\":\"https:\/\/snuipp86.fr\/\"},{\"@type\":\"ListItem\",\"position\":2,\"name\":\"CR du CDEN du 5 novembre : carte scolaire, rythmes &#8230;.\"}]},{\"@type\":\"WebSite\",\"@id\":\"https:\/\/snuipp86.fr\/#website\",\"url\":\"https:\/\/snuipp86.fr\/\",\"name\":\"FSU-SNUipp 86\",\"description\":\"Des id\u00e9es qui font l&#039;\u00e9cole\",\"potentialAction\":[{\"@type\":\"SearchAction\",\"target\":{\"@type\":\"EntryPoint\",\"urlTemplate\":\"https:\/\/snuipp86.fr\/?s={search_term_string}\"},\"query-input\":{\"@type\":\"PropertyValueSpecification\",\"valueRequired\":true,\"valueName\":\"search_term_string\"}}],\"inLanguage\":\"fr-FR\"},{\"@type\":\"Person\",\"@id\":\"https:\/\/snuipp86.fr\/#\/schema\/person\/901b28b9ae1c7a63a6a940102e52a7a2\",\"name\":\"WP86Admin\",\"image\":{\"@type\":\"ImageObject\",\"inLanguage\":\"fr-FR\",\"@id\":\"https:\/\/snuipp86.fr\/#\/schema\/person\/image\/\",\"url\":\"https:\/\/secure.gravatar.com\/avatar\/0099845c7ec05dc10d777d8ab4f5142c5ba316283821af2459738ad469a37a1a?s=96&d=mm&r=g\",\"contentUrl\":\"https:\/\/secure.gravatar.com\/avatar\/0099845c7ec05dc10d777d8ab4f5142c5ba316283821af2459738ad469a37a1a?s=96&d=mm&r=g\",\"caption\":\"WP86Admin\"},\"url\":\"https:\/\/snuipp86.fr\/index.php\/author\/wp86admin\/\"}]}<\/script>\n<!-- \/ Yoast SEO plugin. -->","yoast_head_json":{"title":"CR du CDEN du 5 novembre : carte scolaire, rythmes .... - FSU-SNUipp 86","robots":{"index":"index","follow":"follow","max-snippet":"max-snippet:-1","max-image-preview":"max-image-preview:large","max-video-preview":"max-video-preview:-1"},"canonical":"https:\/\/snuipp86.fr\/index.php\/2013\/11\/06\/cr-du-cden-du-5-novembre-carte-scolaire-rythmes\/","og_locale":"fr_FR","og_type":"article","og_title":"CR du CDEN du 5 novembre : carte scolaire, rythmes .... - FSU-SNUipp 86","og_description":"Pr\u00e9sentation de la carte scolaire 1er degr\u00e9 Chiffres de la Rentr\u00e9e 2013 : + 324 \u00e9l\u00e8ves (dont 308 hors enseignement sp\u00e9cialis\u00e9) soit 170 \u00e9l\u00e8ves de plus que la pr\u00e9vision. La dotation \u00e9tait de 25 emplois dont 2 pour la scolarisation des moins de 3 ans et 11 \u00ab maitres en plus \u00bb. (cliquez ici pour retrouver les ajustements de rentr\u00e9e) Le SNUipp-FSU a de nouveau d\u00e9nonc\u00e9 le fait que les postes allou\u00e9s \u00e0 la mise en place de la \u00ab formation \u00bb (Contractuels stagiaires, les \u00ab C2 \u00bb (...) - CDEN \/ Carte scolaire, Directions d'\u00e9coles, Rythmes scolaires","og_url":"https:\/\/snuipp86.fr\/index.php\/2013\/11\/06\/cr-du-cden-du-5-novembre-carte-scolaire-rythmes\/","og_site_name":"FSU-SNUipp 86","article_published_time":"2013-11-06T10:59:04+00:00","og_image":[{"url":"http:\/\/snuipp86.fr\/wp-content\/spip\/IMG\/arton2514.jpg","type":"","width":"","height":""}],"author":"WP86Admin","twitter_card":"summary_large_image","twitter_misc":{"\u00c9crit par":"WP86Admin","Dur\u00e9e de lecture estim\u00e9e":"6 minutes"},"schema":{"@context":"https:\/\/schema.org","@graph":[{"@type":"WebPage","@id":"https:\/\/snuipp86.fr\/index.php\/2013\/11\/06\/cr-du-cden-du-5-novembre-carte-scolaire-rythmes\/","url":"https:\/\/snuipp86.fr\/index.php\/2013\/11\/06\/cr-du-cden-du-5-novembre-carte-scolaire-rythmes\/","name":"CR du CDEN du 5 novembre : carte scolaire, rythmes .... - FSU-SNUipp 86","isPartOf":{"@id":"https:\/\/snuipp86.fr\/#website"},"primaryImageOfPage":{"@id":"https:\/\/snuipp86.fr\/index.php\/2013\/11\/06\/cr-du-cden-du-5-novembre-carte-scolaire-rythmes\/#primaryimage"},"image":{"@id":"https:\/\/snuipp86.fr\/index.php\/2013\/11\/06\/cr-du-cden-du-5-novembre-carte-scolaire-rythmes\/#primaryimage"},"thumbnailUrl":"http:\/\/snuipp86.fr\/wp-content\/spip\/IMG\/arton2514.jpg","datePublished":"2013-11-06T10:59:04+00:00","author":{"@id":"https:\/\/snuipp86.fr\/#\/schema\/person\/901b28b9ae1c7a63a6a940102e52a7a2"},"breadcrumb":{"@id":"https:\/\/snuipp86.fr\/index.php\/2013\/11\/06\/cr-du-cden-du-5-novembre-carte-scolaire-rythmes\/#breadcrumb"},"inLanguage":"fr-FR","potentialAction":[{"@type":"ReadAction","target":["https:\/\/snuipp86.fr\/index.php\/2013\/11\/06\/cr-du-cden-du-5-novembre-carte-scolaire-rythmes\/"]}]},{"@type":"ImageObject","inLanguage":"fr-FR","@id":"https:\/\/snuipp86.fr\/index.php\/2013\/11\/06\/cr-du-cden-du-5-novembre-carte-scolaire-rythmes\/#primaryimage","url":"http:\/\/snuipp86.fr\/wp-content\/spip\/IMG\/arton2514.jpg","contentUrl":"http:\/\/snuipp86.fr\/wp-content\/spip\/IMG\/arton2514.jpg"},{"@type":"BreadcrumbList","@id":"https:\/\/snuipp86.fr\/index.php\/2013\/11\/06\/cr-du-cden-du-5-novembre-carte-scolaire-rythmes\/#breadcrumb","itemListElement":[{"@type":"ListItem","position":1,"name":"Accueil","item":"https:\/\/snuipp86.fr\/"},{"@type":"ListItem","position":2,"name":"CR du CDEN du 5 novembre : carte scolaire, rythmes &#8230;."}]},{"@type":"WebSite","@id":"https:\/\/snuipp86.fr\/#website","url":"https:\/\/snuipp86.fr\/","name":"FSU-SNUipp 86","description":"Des id\u00e9es qui font l&#039;\u00e9cole","potentialAction":[{"@type":"SearchAction","target":{"@type":"EntryPoint","urlTemplate":"https:\/\/snuipp86.fr\/?s={search_term_string}"},"query-input":{"@type":"PropertyValueSpecification","valueRequired":true,"valueName":"search_term_string"}}],"inLanguage":"fr-FR"},{"@type":"Person","@id":"https:\/\/snuipp86.fr\/#\/schema\/person\/901b28b9ae1c7a63a6a940102e52a7a2","name":"WP86Admin","image":{"@type":"ImageObject","inLanguage":"fr-FR","@id":"https:\/\/snuipp86.fr\/#\/schema\/person\/image\/","url":"https:\/\/secure.gravatar.com\/avatar\/0099845c7ec05dc10d777d8ab4f5142c5ba316283821af2459738ad469a37a1a?s=96&d=mm&r=g","contentUrl":"https:\/\/secure.gravatar.com\/avatar\/0099845c7ec05dc10d777d8ab4f5142c5ba316283821af2459738ad469a37a1a?s=96&d=mm&r=g","caption":"WP86Admin"},"url":"https:\/\/snuipp86.fr\/index.php\/author\/wp86admin\/"}]}},"_links":{"self":[{"href":"https:\/\/snuipp86.fr\/index.php\/wp-json\/wp\/v2\/posts\/1098","targetHints":{"allow":["GET"]}}],"collection":[{"href":"https:\/\/snuipp86.fr\/index.php\/wp-json\/wp\/v2\/posts"}],"about":[{"href":"https:\/\/snuipp86.fr\/index.php\/wp-json\/wp\/v2\/types\/post"}],"author":[{"embeddable":true,"href":"https:\/\/snuipp86.fr\/index.php\/wp-json\/wp\/v2\/users\/1"}],"replies":[{"embeddable":true,"href":"https:\/\/snuipp86.fr\/index.php\/wp-json\/wp\/v2\/comments?post=1098"}],"version-history":[{"count":0,"href":"https:\/\/snuipp86.fr\/index.php\/wp-json\/wp\/v2\/posts\/1098\/revisions"}],"wp:attachment":[{"href":"https:\/\/snuipp86.fr\/index.php\/wp-json\/wp\/v2\/media?parent=1098"}],"wp:term":[{"taxonomy":"category","embeddable":true,"href":"https:\/\/snuipp86.fr\/index.php\/wp-json\/wp\/v2\/categories?post=1098"},{"taxonomy":"post_tag","embeddable":true,"href":"https:\/\/snuipp86.fr\/index.php\/wp-json\/wp\/v2\/tags?post=1098"}],"curies":[{"name":"wp","href":"https:\/\/api.w.org\/{rel}","templated":true}]}}