{"id":117,"date":"2018-08-28T12:40:33","date_gmt":"2018-08-28T12:40:33","guid":{"rendered":"http:\/\/localhost\/wordpress\/2018\/08\/28\/4-septembre-ctsd-et-capd-de-rentre\/"},"modified":"2018-08-28T12:40:33","modified_gmt":"2018-08-28T12:40:33","slug":"4-septembre-ctsd-et-capd-de-rentre","status":"publish","type":"post","link":"https:\/\/snuipp86.fr\/index.php\/2018\/08\/28\/4-septembre-ctsd-et-capd-de-rentre\/","title":{"rendered":"4 septembre : CTSD et CAPD de rentr\u00e9e !"},"content":{"rendered":"<p><img decoding=\"async\" src=\"https:\/\/snuipp86.fr\/wp-content\/spip\/IMG\/arton4068.png\" alt=\"\" align=\"right\" width=\"142\" height=\"142\" class=\"spip_logos\" \/><\/p>\n<div class='rss_texte'>\n<h3 class=\"spip\" id=\"outil_sommaire_0\"><a title=\"Sommaire\" href=\"http:\/\/86.snuipp.fr\/spip.php?page=backend&#038;id_rubrique=#outil_sommaire\" class=\"sommaire_ancre\"> <\/a>Carte Scolaire : CTSD \u00e0 9h &#8211;<\/h3>\n<p class=\"spip\">Faites nous remonter vos effectifs et vos demandes d&rsquo;ouvertures !<\/p>\n<dl class='spip_document_3672 spip_documents spip_documents_center' >\n<dt><img src='https:\/\/snuipp86.fr\/wp-content\/spip\/cache-vignettes\/L142xH142\/logo_carte_scolaire2b-423f9-5d1be.png' width='142' height='142' alt='PNG - 35 ko' style='height:142px;width:142px;' class=' format_png' \/><\/dt>\n<dt class='spip_doc_titre' style='width:142px;'><strong>logo_carte_scolaire2b-423f9<\/strong><\/dt>\n<\/dl>\n<h3 class=\"spip\" id=\"outil_sommaire_1\"><a title=\"Sommaire\" href=\"http:\/\/86.snuipp.fr\/spip.php?page=backend&#038;id_rubrique=#outil_sommaire\" class=\"sommaire_ancre\"> <\/a>CAPD \u00e0 14h30 &#8211;<\/h3>\n<p class=\"spip\"><img decoding=\"async\" src=\"https:\/\/snuipp86.fr\/wp-content\/spip\/cache-vignettes\/L8xH11\/puce-68c92.gif\" width='8' height='11' alt=\"-\" style='height:11px;width:8px;' class='' \/> Affectations de rentr\u00e9e<\/p>\n<p class=\"spip\"><img decoding=\"async\" src=\"https:\/\/snuipp86.fr\/wp-content\/spip\/cache-vignettes\/L8xH11\/puce-68c92.gif\" width='8' height='11' alt=\"-\" style='height:11px;width:8px;' class='' \/> Candidature pour les stages MIN ASH \u00e0 demander jusqu&rsquo;au 2 septembre ( <a href=\"http:\/\/86.snuipp.fr\/spip.php?article4038\" class=\"spip_out\">http:\/\/86.snuipp.fr\/spip.php ?article4038<\/a> )<\/p>\n<\/div>\n","protected":false},"excerpt":{"rendered":"<p>Carte Scolaire : CTSD \u00e0 9h &#8211; <br \/>Faites nous remonter vos effectifs et vos demandes d&rsquo;ouvertures ! <br \/>CAPD \u00e0 14h30 &#8211; <br \/>Affectations de rentr\u00e9e <br \/>Candidature pour les stages MIN ASH \u00e0 demander jusqu&rsquo;au 2 septembre ( http:\/\/86.snuipp.fr\/spip.php ?article4038 )<br \/>\n&#8211;<br \/>\n<a href=\"http:\/\/86.snuipp.fr\/spip.php?rubrique4\" rel=\"directory\">LES INSTANCES PARITAIRES<\/a><br \/>\n\/<br \/>\n<a href=\"http:\/\/86.snuipp.fr\/spip.php?mot293\" rel=\"tag\">Carte scolaire<\/a>,<br \/>\n<a href=\"http:\/\/86.snuipp.fr\/spip.php?mot296\" rel=\"tag\">CAPD<\/a><\/p>\n","protected":false},"author":1,"featured_media":0,"comment_status":"open","ping_status":"open","sticky":false,"template":"","format":"standard","meta":{"footnotes":""},"categories":[14],"tags":[],"class_list":["post-117","post","type-post","status-publish","format-standard","hentry","category-a-la-une"],"yoast_head":"<!-- This site is optimized with the Yoast SEO plugin v26.6 - https:\/\/yoast.com\/wordpress\/plugins\/seo\/ -->\n<title>4 septembre : CTSD et CAPD de rentr\u00e9e ! - FSU-SNUipp 86<\/title>\n<meta name=\"robots\" content=\"index, follow, max-snippet:-1, max-image-preview:large, max-video-preview:-1\" \/>\n<link rel=\"canonical\" href=\"https:\/\/snuipp86.fr\/index.php\/2018\/08\/28\/4-septembre-ctsd-et-capd-de-rentre\/\" \/>\n<meta property=\"og:locale\" content=\"fr_FR\" \/>\n<meta property=\"og:type\" content=\"article\" \/>\n<meta property=\"og:title\" content=\"4 septembre : CTSD et CAPD de rentr\u00e9e ! - FSU-SNUipp 86\" \/>\n<meta property=\"og:description\" content=\"Carte Scolaire : CTSD \u00e0 9h - Faites nous remonter vos effectifs et vos demandes d&#039;ouvertures ! CAPD \u00e0 14h30 - Affectations de rentr\u00e9e Candidature pour les stages MIN ASH \u00e0 demander jusqu&#039;au 2 septembre ( http:\/\/86.snuipp.fr\/spip.php ?article4038 ) - LES INSTANCES PARITAIRES \/ Carte scolaire, CAPD\" \/>\n<meta property=\"og:url\" content=\"https:\/\/snuipp86.fr\/index.php\/2018\/08\/28\/4-septembre-ctsd-et-capd-de-rentre\/\" \/>\n<meta property=\"og:site_name\" content=\"FSU-SNUipp 86\" \/>\n<meta property=\"article:published_time\" content=\"2018-08-28T12:40:33+00:00\" \/>\n<meta property=\"og:image\" content=\"http:\/\/snuipp86.fr\/wp-content\/spip\/IMG\/arton4068.png\" \/>\n<meta name=\"author\" content=\"WP86Admin\" \/>\n<meta name=\"twitter:card\" content=\"summary_large_image\" \/>\n<meta name=\"twitter:label1\" content=\"\u00c9crit par\" \/>\n\t<meta name=\"twitter:data1\" content=\"WP86Admin\" \/>\n<script type=\"application\/ld+json\" class=\"yoast-schema-graph\">{\"@context\":\"https:\/\/schema.org\",\"@graph\":[{\"@type\":\"WebPage\",\"@id\":\"https:\/\/snuipp86.fr\/index.php\/2018\/08\/28\/4-septembre-ctsd-et-capd-de-rentre\/\",\"url\":\"https:\/\/snuipp86.fr\/index.php\/2018\/08\/28\/4-septembre-ctsd-et-capd-de-rentre\/\",\"name\":\"4 septembre : CTSD et CAPD de rentr\u00e9e ! - FSU-SNUipp 86\",\"isPartOf\":{\"@id\":\"https:\/\/snuipp86.fr\/#website\"},\"primaryImageOfPage\":{\"@id\":\"https:\/\/snuipp86.fr\/index.php\/2018\/08\/28\/4-septembre-ctsd-et-capd-de-rentre\/#primaryimage\"},\"image\":{\"@id\":\"https:\/\/snuipp86.fr\/index.php\/2018\/08\/28\/4-septembre-ctsd-et-capd-de-rentre\/#primaryimage\"},\"thumbnailUrl\":\"http:\/\/snuipp86.fr\/wp-content\/spip\/IMG\/arton4068.png\",\"datePublished\":\"2018-08-28T12:40:33+00:00\",\"author\":{\"@id\":\"https:\/\/snuipp86.fr\/#\/schema\/person\/901b28b9ae1c7a63a6a940102e52a7a2\"},\"breadcrumb\":{\"@id\":\"https:\/\/snuipp86.fr\/index.php\/2018\/08\/28\/4-septembre-ctsd-et-capd-de-rentre\/#breadcrumb\"},\"inLanguage\":\"fr-FR\",\"potentialAction\":[{\"@type\":\"ReadAction\",\"target\":[\"https:\/\/snuipp86.fr\/index.php\/2018\/08\/28\/4-septembre-ctsd-et-capd-de-rentre\/\"]}]},{\"@type\":\"ImageObject\",\"inLanguage\":\"fr-FR\",\"@id\":\"https:\/\/snuipp86.fr\/index.php\/2018\/08\/28\/4-septembre-ctsd-et-capd-de-rentre\/#primaryimage\",\"url\":\"http:\/\/snuipp86.fr\/wp-content\/spip\/IMG\/arton4068.png\",\"contentUrl\":\"http:\/\/snuipp86.fr\/wp-content\/spip\/IMG\/arton4068.png\"},{\"@type\":\"BreadcrumbList\",\"@id\":\"https:\/\/snuipp86.fr\/index.php\/2018\/08\/28\/4-septembre-ctsd-et-capd-de-rentre\/#breadcrumb\",\"itemListElement\":[{\"@type\":\"ListItem\",\"position\":1,\"name\":\"Accueil\",\"item\":\"https:\/\/snuipp86.fr\/\"},{\"@type\":\"ListItem\",\"position\":2,\"name\":\"4 septembre : CTSD et CAPD de rentr\u00e9e !\"}]},{\"@type\":\"WebSite\",\"@id\":\"https:\/\/snuipp86.fr\/#website\",\"url\":\"https:\/\/snuipp86.fr\/\",\"name\":\"FSU-SNUipp 86\",\"description\":\"Des id\u00e9es qui font l&#039;\u00e9cole\",\"potentialAction\":[{\"@type\":\"SearchAction\",\"target\":{\"@type\":\"EntryPoint\",\"urlTemplate\":\"https:\/\/snuipp86.fr\/?s={search_term_string}\"},\"query-input\":{\"@type\":\"PropertyValueSpecification\",\"valueRequired\":true,\"valueName\":\"search_term_string\"}}],\"inLanguage\":\"fr-FR\"},{\"@type\":\"Person\",\"@id\":\"https:\/\/snuipp86.fr\/#\/schema\/person\/901b28b9ae1c7a63a6a940102e52a7a2\",\"name\":\"WP86Admin\",\"image\":{\"@type\":\"ImageObject\",\"inLanguage\":\"fr-FR\",\"@id\":\"https:\/\/snuipp86.fr\/#\/schema\/person\/image\/\",\"url\":\"https:\/\/secure.gravatar.com\/avatar\/0099845c7ec05dc10d777d8ab4f5142c5ba316283821af2459738ad469a37a1a?s=96&d=mm&r=g\",\"contentUrl\":\"https:\/\/secure.gravatar.com\/avatar\/0099845c7ec05dc10d777d8ab4f5142c5ba316283821af2459738ad469a37a1a?s=96&d=mm&r=g\",\"caption\":\"WP86Admin\"},\"url\":\"https:\/\/snuipp86.fr\/index.php\/author\/wp86admin\/\"}]}<\/script>\n<!-- \/ Yoast SEO plugin. -->","yoast_head_json":{"title":"4 septembre : CTSD et CAPD de rentr\u00e9e ! - FSU-SNUipp 86","robots":{"index":"index","follow":"follow","max-snippet":"max-snippet:-1","max-image-preview":"max-image-preview:large","max-video-preview":"max-video-preview:-1"},"canonical":"https:\/\/snuipp86.fr\/index.php\/2018\/08\/28\/4-septembre-ctsd-et-capd-de-rentre\/","og_locale":"fr_FR","og_type":"article","og_title":"4 septembre : CTSD et CAPD de rentr\u00e9e ! - FSU-SNUipp 86","og_description":"Carte Scolaire : CTSD \u00e0 9h - Faites nous remonter vos effectifs et vos demandes d'ouvertures ! CAPD \u00e0 14h30 - Affectations de rentr\u00e9e Candidature pour les stages MIN ASH \u00e0 demander jusqu'au 2 septembre ( http:\/\/86.snuipp.fr\/spip.php ?article4038 ) - LES INSTANCES PARITAIRES \/ Carte scolaire, CAPD","og_url":"https:\/\/snuipp86.fr\/index.php\/2018\/08\/28\/4-septembre-ctsd-et-capd-de-rentre\/","og_site_name":"FSU-SNUipp 86","article_published_time":"2018-08-28T12:40:33+00:00","og_image":[{"url":"http:\/\/snuipp86.fr\/wp-content\/spip\/IMG\/arton4068.png","type":"","width":"","height":""}],"author":"WP86Admin","twitter_card":"summary_large_image","twitter_misc":{"\u00c9crit par":"WP86Admin"},"schema":{"@context":"https:\/\/schema.org","@graph":[{"@type":"WebPage","@id":"https:\/\/snuipp86.fr\/index.php\/2018\/08\/28\/4-septembre-ctsd-et-capd-de-rentre\/","url":"https:\/\/snuipp86.fr\/index.php\/2018\/08\/28\/4-septembre-ctsd-et-capd-de-rentre\/","name":"4 septembre : CTSD et CAPD de rentr\u00e9e ! - FSU-SNUipp 86","isPartOf":{"@id":"https:\/\/snuipp86.fr\/#website"},"primaryImageOfPage":{"@id":"https:\/\/snuipp86.fr\/index.php\/2018\/08\/28\/4-septembre-ctsd-et-capd-de-rentre\/#primaryimage"},"image":{"@id":"https:\/\/snuipp86.fr\/index.php\/2018\/08\/28\/4-septembre-ctsd-et-capd-de-rentre\/#primaryimage"},"thumbnailUrl":"http:\/\/snuipp86.fr\/wp-content\/spip\/IMG\/arton4068.png","datePublished":"2018-08-28T12:40:33+00:00","author":{"@id":"https:\/\/snuipp86.fr\/#\/schema\/person\/901b28b9ae1c7a63a6a940102e52a7a2"},"breadcrumb":{"@id":"https:\/\/snuipp86.fr\/index.php\/2018\/08\/28\/4-septembre-ctsd-et-capd-de-rentre\/#breadcrumb"},"inLanguage":"fr-FR","potentialAction":[{"@type":"ReadAction","target":["https:\/\/snuipp86.fr\/index.php\/2018\/08\/28\/4-septembre-ctsd-et-capd-de-rentre\/"]}]},{"@type":"ImageObject","inLanguage":"fr-FR","@id":"https:\/\/snuipp86.fr\/index.php\/2018\/08\/28\/4-septembre-ctsd-et-capd-de-rentre\/#primaryimage","url":"http:\/\/snuipp86.fr\/wp-content\/spip\/IMG\/arton4068.png","contentUrl":"http:\/\/snuipp86.fr\/wp-content\/spip\/IMG\/arton4068.png"},{"@type":"BreadcrumbList","@id":"https:\/\/snuipp86.fr\/index.php\/2018\/08\/28\/4-septembre-ctsd-et-capd-de-rentre\/#breadcrumb","itemListElement":[{"@type":"ListItem","position":1,"name":"Accueil","item":"https:\/\/snuipp86.fr\/"},{"@type":"ListItem","position":2,"name":"4 septembre : CTSD et CAPD de rentr\u00e9e !"}]},{"@type":"WebSite","@id":"https:\/\/snuipp86.fr\/#website","url":"https:\/\/snuipp86.fr\/","name":"FSU-SNUipp 86","description":"Des id\u00e9es qui font l&#039;\u00e9cole","potentialAction":[{"@type":"SearchAction","target":{"@type":"EntryPoint","urlTemplate":"https:\/\/snuipp86.fr\/?s={search_term_string}"},"query-input":{"@type":"PropertyValueSpecification","valueRequired":true,"valueName":"search_term_string"}}],"inLanguage":"fr-FR"},{"@type":"Person","@id":"https:\/\/snuipp86.fr\/#\/schema\/person\/901b28b9ae1c7a63a6a940102e52a7a2","name":"WP86Admin","image":{"@type":"ImageObject","inLanguage":"fr-FR","@id":"https:\/\/snuipp86.fr\/#\/schema\/person\/image\/","url":"https:\/\/secure.gravatar.com\/avatar\/0099845c7ec05dc10d777d8ab4f5142c5ba316283821af2459738ad469a37a1a?s=96&d=mm&r=g","contentUrl":"https:\/\/secure.gravatar.com\/avatar\/0099845c7ec05dc10d777d8ab4f5142c5ba316283821af2459738ad469a37a1a?s=96&d=mm&r=g","caption":"WP86Admin"},"url":"https:\/\/snuipp86.fr\/index.php\/author\/wp86admin\/"}]}},"_links":{"self":[{"href":"https:\/\/snuipp86.fr\/index.php\/wp-json\/wp\/v2\/posts\/117","targetHints":{"allow":["GET"]}}],"collection":[{"href":"https:\/\/snuipp86.fr\/index.php\/wp-json\/wp\/v2\/posts"}],"about":[{"href":"https:\/\/snuipp86.fr\/index.php\/wp-json\/wp\/v2\/types\/post"}],"author":[{"embeddable":true,"href":"https:\/\/snuipp86.fr\/index.php\/wp-json\/wp\/v2\/users\/1"}],"replies":[{"embeddable":true,"href":"https:\/\/snuipp86.fr\/index.php\/wp-json\/wp\/v2\/comments?post=117"}],"version-history":[{"count":0,"href":"https:\/\/snuipp86.fr\/index.php\/wp-json\/wp\/v2\/posts\/117\/revisions"}],"wp:attachment":[{"href":"https:\/\/snuipp86.fr\/index.php\/wp-json\/wp\/v2\/media?parent=117"}],"wp:term":[{"taxonomy":"category","embeddable":true,"href":"https:\/\/snuipp86.fr\/index.php\/wp-json\/wp\/v2\/categories?post=117"},{"taxonomy":"post_tag","embeddable":true,"href":"https:\/\/snuipp86.fr\/index.php\/wp-json\/wp\/v2\/tags?post=117"}],"curies":[{"name":"wp","href":"https:\/\/api.w.org\/{rel}","templated":true}]}}