{"id":1171,"date":"2013-06-24T21:08:32","date_gmt":"2013-06-24T21:08:32","guid":{"rendered":"http:\/\/localhost\/wordpress\/2013\/06\/24\/contractuels-dans-les-coles-la-rentre-2013-le-snuipp-fsu-86-tire-la-sonnette-dalarme\/"},"modified":"2013-06-24T21:08:32","modified_gmt":"2013-06-24T21:08:32","slug":"contractuels-dans-les-coles-la-rentre-2013-le-snuipp-fsu-86-tire-la-sonnette-dalarme","status":"publish","type":"post","link":"https:\/\/snuipp86.fr\/index.php\/2013\/06\/24\/contractuels-dans-les-coles-la-rentre-2013-le-snuipp-fsu-86-tire-la-sonnette-dalarme\/","title":{"rendered":"Contractuels dans les \u00e9coles \u00e0 la rentr\u00e9e 2013 : le SNUipp-FSU 86 tire la sonnette d&rsquo;alarme !"},"content":{"rendered":"<p><img decoding=\"async\" src=\"https:\/\/snuipp86.fr\/wp-content\/spip\/IMG\/arton2437.jpg\" alt=\"\" align=\"right\" width=\"719\" height=\"600\" class=\"spip_logos\" \/><\/p>\n<div class='rss_texte'>\n<p class=\"spip\">L&rsquo;ann\u00e9e scolaire 2013\/2014 est une ann\u00e9e transitoire. Deux g\u00e9n\u00e9rations de futurs enseignants vont se c\u00f4toyer dans les \u00e9coles. D&rsquo;un c\u00f4t\u00e9 des stagiaires ayant eu le concours et de l&rsquo;autre des \u00e9tudiants admissibles au concours. Les premiers seront titulaires d&rsquo;une classe d\u00e8s la rentr\u00e9e, les seconds seront amen\u00e9s \u00e0 exercer dans les classes un jour et demi par semaine pour se confronter avec le m\u00e9tier.<\/p>\n<p class=\"spip\">D\u00e8s la rentr\u00e9e 2014, il n&rsquo;y aura plus que des stagiaires qui alterneront classe et formation professionnelle : des PES version \u00ab\u00a0Fillon\u00a0\u00bb et des PES version \u00ab\u00a0Peillon\u00a0\u00bb.<\/p>\n<p class=\"spip\">Si cela parait une bonne id\u00e9e que de venir dans une \u00e9cole observer ce qu&rsquo;est une classe, comment l&rsquo;enseignant aide les enfants \u00e0 apprendre, comment il g\u00e8re la classe, comment il pr\u00e9pare sa journ\u00e9e, comment il analyse ce qui s&rsquo;est pass\u00e9 et \u00e9value les apprentissages, c&rsquo;en est une autre d&rsquo;utiliser des \u00e9tudiants pour combler des \u00ab\u00a0manques\u00a0\u00bb et ainsi de les mettre seul dans une classe d\u00e8s la rentr\u00e9e.<\/p>\n<p class=\"spip\">C&rsquo;est ce que s&rsquo;appr\u00eate \u00e0 faire le d\u00e9partement de la Vienne<\/p>\n<p class=\"spip\"><strong class=\"spip\">La Direction Acad\u00e9mique de la Vienne va proposer donc \u00e0 66 admissibles au concours 2013-2014 d&rsquo;effectuer au moins un jour de responsabilit\u00e9 classe par semaine avec un contrat de contractuel.<\/strong><\/p>\n<p class=\"spip\">D\u00e9passant le cadre de la circulaire minist\u00e9rielle, ces \u00e9tudiants pourraient \u00eatre affect\u00e9s sur des classes de CP ou de CM2, ou m\u00eame sur des doubles ou triples niveau, quelque soit le secteur de difficult\u00e9 o\u00f9 se situe l&rsquo;\u00e9cole.<\/p>\n<p class=\"spip\">Faire classe ne s&rsquo;improvise pas et confier la classe \u00e0 un \u00e9tudiant c&rsquo;est lui confier \u00e0 la fois un ensemble de mati\u00e8res et un groupe d&rsquo;enfants. C&rsquo;est mettre en difficult\u00e9 les uns et les autres. De plus, les \u00e9tudiants qui devront effectuer cette journ\u00e9e de classe , devront en parall\u00e8le valider leur Master 2, pr\u00e9parer l&rsquo;oral du concours pour le mois de juin 2014 mais aussi pour une grande majorit\u00e9, pr\u00e9parer le nouveau concours version Peillon (\u00e9crits avril 2014, oraux juin 2014). Un sacr\u00e9 parcours du combattant qui sera r\u00e9mun\u00e9r\u00e9 \u00e0 hauteur de 854 \u20ac brut\/mois.<\/p>\n<p class=\"spip\"><strong class=\"spip\">Pour le SNUipp-FSU 86, cette organisation est inacceptable et ne se justifie \u00e0 aucun niveau.<\/strong><\/p>\n<p class=\"spip\">Depuis le d\u00e9but de l&rsquo;ann\u00e9e, le SNUipp-FSU 86 n&rsquo;a cess\u00e9 d&rsquo;interpeller l&rsquo;administration. Les enfants ont droit \u00e0 un ma\u00eetre form\u00e9 et qualifi\u00e9, les \u00e9tudiants ont droit \u00e0 une vraie formation. Si le constat semble partag\u00e9, la situation n&rsquo;\u00e9volue pourtant pas dans le bon sens.<\/p>\n<p class=\"spip\"><strong class=\"spip\">Nous demandons que ces 66 admissibles soient affect\u00e9s non en responsabilit\u00e9 classe mais en surnombre dans les \u00e9coles<\/strong> afin d&rsquo;observer les classes, de voir diff\u00e9rents niveaux, de pr\u00e9parer avec le ma\u00eetre et progressivement d&rsquo;intervenir dans la classe. Nous souhaitons qu&rsquo;ils soient mis en priorit\u00e9 aupr\u00e8s des ma\u00eetres formateurs dont la certification prouve leur aptitude \u00e0 former des futurs coll\u00e8gues.<\/p>\n<p class=\"spip\">Notons que c&rsquo;est possible pour les admissibles du concours du 2nd degr\u00e9 de notre acad\u00e9mie (r\u00e9f\u00e9rence note du recteur n\u00b0177 du 18 juin 2013 : \u00ab Ces personnels contractuels seront affect\u00e9s en surnombre dans des \u00e9tablissements qui ont \u00e9t\u00e9 s\u00e9lectionn\u00e9s pour r\u00e9pondre aux crit\u00e8res suivants : coh\u00e9rence p\u00e9dagogique et potentiel de tutorat existant.. \u00bb), alors <strong class=\"spip\">cela doit le devenir pour les admissibles du concours des professeurs des \u00e9coles<\/strong>. La \u00ab priorit\u00e9 au primaire \u00bb scand\u00e9e par le minist\u00e8re ne doit pas juste \u00eatre un slogan : on doit \u00eatre attentifs tant aux enfants qu&rsquo;aux \u00e9tudiants et donner les meilleures conditions pour apprendre aux uns comme aux autres.<\/p>\n<p class=\"spip\"><strong class=\"spip\">Le SNUipp-FSU 86 mettra tout en \u0153uvre pour que l&rsquo;accueil des contractuels soit \u00e0 la hauteur des enjeux et qu&rsquo;une formation professionnelle leur soit dispens\u00e9e, pour que le travail p\u00e9dagogique des \u00e9coles soit respect\u00e9 et ce dans l&rsquo;int\u00e9r\u00eat des \u00e9l\u00e8ves et de leur r\u00e9ussite.<br \/>\n<\/strong><\/p>\n<p class=\"spip\"><strong class=\"spip\">Nous l&rsquo;avions dit sous le gouvernement pr\u00e9c\u00e9dent , cela reste valable aujourd&rsquo;hui : Enseigner ne s&rsquo;improvise pas, enseigner est un m\u00e9tier qui s&rsquo;apprend.<\/strong><\/p>\n<\/div>\n","protected":false},"excerpt":{"rendered":"<p>L&rsquo;ann\u00e9e scolaire 2013\/2014 est une ann\u00e9e transitoire. Deux g\u00e9n\u00e9rations de futurs enseignants vont se c\u00f4toyer dans les \u00e9coles. D&rsquo;un c\u00f4t\u00e9 des stagiaires ayant eu le concours et de l&rsquo;autre des \u00e9tudiants admissibles au concours. Les premiers seront titulaires d&rsquo;une classe d\u00e8s la rentr\u00e9e, les seconds seront amen\u00e9s \u00e0 exercer dans les classes un jour et demi par semaine pour se confronter avec le m\u00e9tier. <br \/>D\u00e8s la rentr\u00e9e 2014, il n&rsquo;y aura plus que des stagiaires qui alterneront classe et formation (&#8230;)<br \/>\n&#8211;<br \/>\n<a href=\"http:\/\/86.snuipp.fr\/spip.php?rubrique212\" rel=\"directory\">FORMATION<\/a><br \/>\n\/<br \/>\n<a href=\"http:\/\/86.snuipp.fr\/spip.php?mot289\" rel=\"tag\">Formation<\/a><\/p>\n","protected":false},"author":1,"featured_media":0,"comment_status":"open","ping_status":"open","sticky":false,"template":"","format":"standard","meta":{"footnotes":""},"categories":[14],"tags":[],"class_list":["post-1171","post","type-post","status-publish","format-standard","hentry","category-a-la-une"],"yoast_head":"<!-- This site is optimized with the Yoast SEO plugin v26.6 - https:\/\/yoast.com\/wordpress\/plugins\/seo\/ -->\n<title>Contractuels dans les \u00e9coles \u00e0 la rentr\u00e9e 2013 : le SNUipp-FSU 86 tire la sonnette d&#039;alarme ! - FSU-SNUipp 86<\/title>\n<meta name=\"robots\" content=\"index, follow, max-snippet:-1, max-image-preview:large, max-video-preview:-1\" \/>\n<link rel=\"canonical\" href=\"https:\/\/snuipp86.fr\/index.php\/2013\/06\/24\/contractuels-dans-les-coles-la-rentre-2013-le-snuipp-fsu-86-tire-la-sonnette-dalarme\/\" \/>\n<meta property=\"og:locale\" content=\"fr_FR\" \/>\n<meta property=\"og:type\" content=\"article\" \/>\n<meta property=\"og:title\" content=\"Contractuels dans les \u00e9coles \u00e0 la rentr\u00e9e 2013 : le SNUipp-FSU 86 tire la sonnette d&#039;alarme ! - FSU-SNUipp 86\" \/>\n<meta property=\"og:description\" content=\"L&#039;ann\u00e9e scolaire 2013\/2014 est une ann\u00e9e transitoire. Deux g\u00e9n\u00e9rations de futurs enseignants vont se c\u00f4toyer dans les \u00e9coles. D&#039;un c\u00f4t\u00e9 des stagiaires ayant eu le concours et de l&#039;autre des \u00e9tudiants admissibles au concours. Les premiers seront titulaires d&#039;une classe d\u00e8s la rentr\u00e9e, les seconds seront amen\u00e9s \u00e0 exercer dans les classes un jour et demi par semaine pour se confronter avec le m\u00e9tier. D\u00e8s la rentr\u00e9e 2014, il n&#039;y aura plus que des stagiaires qui alterneront classe et formation (...) - FORMATION \/ Formation\" \/>\n<meta property=\"og:url\" content=\"https:\/\/snuipp86.fr\/index.php\/2013\/06\/24\/contractuels-dans-les-coles-la-rentre-2013-le-snuipp-fsu-86-tire-la-sonnette-dalarme\/\" \/>\n<meta property=\"og:site_name\" content=\"FSU-SNUipp 86\" \/>\n<meta property=\"article:published_time\" content=\"2013-06-24T21:08:32+00:00\" \/>\n<meta property=\"og:image\" content=\"http:\/\/snuipp86.fr\/wp-content\/spip\/IMG\/arton2437.jpg\" \/>\n<meta name=\"author\" content=\"WP86Admin\" \/>\n<meta name=\"twitter:card\" content=\"summary_large_image\" \/>\n<meta name=\"twitter:label1\" content=\"\u00c9crit par\" \/>\n\t<meta name=\"twitter:data1\" content=\"WP86Admin\" \/>\n\t<meta name=\"twitter:label2\" content=\"Dur\u00e9e de lecture estim\u00e9e\" \/>\n\t<meta name=\"twitter:data2\" content=\"3 minutes\" \/>\n<script type=\"application\/ld+json\" class=\"yoast-schema-graph\">{\"@context\":\"https:\/\/schema.org\",\"@graph\":[{\"@type\":\"WebPage\",\"@id\":\"https:\/\/snuipp86.fr\/index.php\/2013\/06\/24\/contractuels-dans-les-coles-la-rentre-2013-le-snuipp-fsu-86-tire-la-sonnette-dalarme\/\",\"url\":\"https:\/\/snuipp86.fr\/index.php\/2013\/06\/24\/contractuels-dans-les-coles-la-rentre-2013-le-snuipp-fsu-86-tire-la-sonnette-dalarme\/\",\"name\":\"Contractuels dans les \u00e9coles \u00e0 la rentr\u00e9e 2013 : le SNUipp-FSU 86 tire la sonnette d'alarme ! - FSU-SNUipp 86\",\"isPartOf\":{\"@id\":\"https:\/\/snuipp86.fr\/#website\"},\"primaryImageOfPage\":{\"@id\":\"https:\/\/snuipp86.fr\/index.php\/2013\/06\/24\/contractuels-dans-les-coles-la-rentre-2013-le-snuipp-fsu-86-tire-la-sonnette-dalarme\/#primaryimage\"},\"image\":{\"@id\":\"https:\/\/snuipp86.fr\/index.php\/2013\/06\/24\/contractuels-dans-les-coles-la-rentre-2013-le-snuipp-fsu-86-tire-la-sonnette-dalarme\/#primaryimage\"},\"thumbnailUrl\":\"http:\/\/snuipp86.fr\/wp-content\/spip\/IMG\/arton2437.jpg\",\"datePublished\":\"2013-06-24T21:08:32+00:00\",\"author\":{\"@id\":\"https:\/\/snuipp86.fr\/#\/schema\/person\/901b28b9ae1c7a63a6a940102e52a7a2\"},\"breadcrumb\":{\"@id\":\"https:\/\/snuipp86.fr\/index.php\/2013\/06\/24\/contractuels-dans-les-coles-la-rentre-2013-le-snuipp-fsu-86-tire-la-sonnette-dalarme\/#breadcrumb\"},\"inLanguage\":\"fr-FR\",\"potentialAction\":[{\"@type\":\"ReadAction\",\"target\":[\"https:\/\/snuipp86.fr\/index.php\/2013\/06\/24\/contractuels-dans-les-coles-la-rentre-2013-le-snuipp-fsu-86-tire-la-sonnette-dalarme\/\"]}]},{\"@type\":\"ImageObject\",\"inLanguage\":\"fr-FR\",\"@id\":\"https:\/\/snuipp86.fr\/index.php\/2013\/06\/24\/contractuels-dans-les-coles-la-rentre-2013-le-snuipp-fsu-86-tire-la-sonnette-dalarme\/#primaryimage\",\"url\":\"http:\/\/snuipp86.fr\/wp-content\/spip\/IMG\/arton2437.jpg\",\"contentUrl\":\"http:\/\/snuipp86.fr\/wp-content\/spip\/IMG\/arton2437.jpg\"},{\"@type\":\"BreadcrumbList\",\"@id\":\"https:\/\/snuipp86.fr\/index.php\/2013\/06\/24\/contractuels-dans-les-coles-la-rentre-2013-le-snuipp-fsu-86-tire-la-sonnette-dalarme\/#breadcrumb\",\"itemListElement\":[{\"@type\":\"ListItem\",\"position\":1,\"name\":\"Accueil\",\"item\":\"https:\/\/snuipp86.fr\/\"},{\"@type\":\"ListItem\",\"position\":2,\"name\":\"Contractuels dans les \u00e9coles \u00e0 la rentr\u00e9e 2013 : le SNUipp-FSU 86 tire la sonnette d&#8217;alarme !\"}]},{\"@type\":\"WebSite\",\"@id\":\"https:\/\/snuipp86.fr\/#website\",\"url\":\"https:\/\/snuipp86.fr\/\",\"name\":\"FSU-SNUipp 86\",\"description\":\"Des id\u00e9es qui font l&#039;\u00e9cole\",\"potentialAction\":[{\"@type\":\"SearchAction\",\"target\":{\"@type\":\"EntryPoint\",\"urlTemplate\":\"https:\/\/snuipp86.fr\/?s={search_term_string}\"},\"query-input\":{\"@type\":\"PropertyValueSpecification\",\"valueRequired\":true,\"valueName\":\"search_term_string\"}}],\"inLanguage\":\"fr-FR\"},{\"@type\":\"Person\",\"@id\":\"https:\/\/snuipp86.fr\/#\/schema\/person\/901b28b9ae1c7a63a6a940102e52a7a2\",\"name\":\"WP86Admin\",\"image\":{\"@type\":\"ImageObject\",\"inLanguage\":\"fr-FR\",\"@id\":\"https:\/\/snuipp86.fr\/#\/schema\/person\/image\/\",\"url\":\"https:\/\/secure.gravatar.com\/avatar\/0099845c7ec05dc10d777d8ab4f5142c5ba316283821af2459738ad469a37a1a?s=96&d=mm&r=g\",\"contentUrl\":\"https:\/\/secure.gravatar.com\/avatar\/0099845c7ec05dc10d777d8ab4f5142c5ba316283821af2459738ad469a37a1a?s=96&d=mm&r=g\",\"caption\":\"WP86Admin\"},\"url\":\"https:\/\/snuipp86.fr\/index.php\/author\/wp86admin\/\"}]}<\/script>\n<!-- \/ Yoast SEO plugin. -->","yoast_head_json":{"title":"Contractuels dans les \u00e9coles \u00e0 la rentr\u00e9e 2013 : le SNUipp-FSU 86 tire la sonnette d'alarme ! - FSU-SNUipp 86","robots":{"index":"index","follow":"follow","max-snippet":"max-snippet:-1","max-image-preview":"max-image-preview:large","max-video-preview":"max-video-preview:-1"},"canonical":"https:\/\/snuipp86.fr\/index.php\/2013\/06\/24\/contractuels-dans-les-coles-la-rentre-2013-le-snuipp-fsu-86-tire-la-sonnette-dalarme\/","og_locale":"fr_FR","og_type":"article","og_title":"Contractuels dans les \u00e9coles \u00e0 la rentr\u00e9e 2013 : le SNUipp-FSU 86 tire la sonnette d'alarme ! - FSU-SNUipp 86","og_description":"L'ann\u00e9e scolaire 2013\/2014 est une ann\u00e9e transitoire. Deux g\u00e9n\u00e9rations de futurs enseignants vont se c\u00f4toyer dans les \u00e9coles. D'un c\u00f4t\u00e9 des stagiaires ayant eu le concours et de l'autre des \u00e9tudiants admissibles au concours. Les premiers seront titulaires d'une classe d\u00e8s la rentr\u00e9e, les seconds seront amen\u00e9s \u00e0 exercer dans les classes un jour et demi par semaine pour se confronter avec le m\u00e9tier. D\u00e8s la rentr\u00e9e 2014, il n'y aura plus que des stagiaires qui alterneront classe et formation (...) - FORMATION \/ Formation","og_url":"https:\/\/snuipp86.fr\/index.php\/2013\/06\/24\/contractuels-dans-les-coles-la-rentre-2013-le-snuipp-fsu-86-tire-la-sonnette-dalarme\/","og_site_name":"FSU-SNUipp 86","article_published_time":"2013-06-24T21:08:32+00:00","og_image":[{"url":"http:\/\/snuipp86.fr\/wp-content\/spip\/IMG\/arton2437.jpg","type":"","width":"","height":""}],"author":"WP86Admin","twitter_card":"summary_large_image","twitter_misc":{"\u00c9crit par":"WP86Admin","Dur\u00e9e de lecture estim\u00e9e":"3 minutes"},"schema":{"@context":"https:\/\/schema.org","@graph":[{"@type":"WebPage","@id":"https:\/\/snuipp86.fr\/index.php\/2013\/06\/24\/contractuels-dans-les-coles-la-rentre-2013-le-snuipp-fsu-86-tire-la-sonnette-dalarme\/","url":"https:\/\/snuipp86.fr\/index.php\/2013\/06\/24\/contractuels-dans-les-coles-la-rentre-2013-le-snuipp-fsu-86-tire-la-sonnette-dalarme\/","name":"Contractuels dans les \u00e9coles \u00e0 la rentr\u00e9e 2013 : le SNUipp-FSU 86 tire la sonnette d'alarme ! - FSU-SNUipp 86","isPartOf":{"@id":"https:\/\/snuipp86.fr\/#website"},"primaryImageOfPage":{"@id":"https:\/\/snuipp86.fr\/index.php\/2013\/06\/24\/contractuels-dans-les-coles-la-rentre-2013-le-snuipp-fsu-86-tire-la-sonnette-dalarme\/#primaryimage"},"image":{"@id":"https:\/\/snuipp86.fr\/index.php\/2013\/06\/24\/contractuels-dans-les-coles-la-rentre-2013-le-snuipp-fsu-86-tire-la-sonnette-dalarme\/#primaryimage"},"thumbnailUrl":"http:\/\/snuipp86.fr\/wp-content\/spip\/IMG\/arton2437.jpg","datePublished":"2013-06-24T21:08:32+00:00","author":{"@id":"https:\/\/snuipp86.fr\/#\/schema\/person\/901b28b9ae1c7a63a6a940102e52a7a2"},"breadcrumb":{"@id":"https:\/\/snuipp86.fr\/index.php\/2013\/06\/24\/contractuels-dans-les-coles-la-rentre-2013-le-snuipp-fsu-86-tire-la-sonnette-dalarme\/#breadcrumb"},"inLanguage":"fr-FR","potentialAction":[{"@type":"ReadAction","target":["https:\/\/snuipp86.fr\/index.php\/2013\/06\/24\/contractuels-dans-les-coles-la-rentre-2013-le-snuipp-fsu-86-tire-la-sonnette-dalarme\/"]}]},{"@type":"ImageObject","inLanguage":"fr-FR","@id":"https:\/\/snuipp86.fr\/index.php\/2013\/06\/24\/contractuels-dans-les-coles-la-rentre-2013-le-snuipp-fsu-86-tire-la-sonnette-dalarme\/#primaryimage","url":"http:\/\/snuipp86.fr\/wp-content\/spip\/IMG\/arton2437.jpg","contentUrl":"http:\/\/snuipp86.fr\/wp-content\/spip\/IMG\/arton2437.jpg"},{"@type":"BreadcrumbList","@id":"https:\/\/snuipp86.fr\/index.php\/2013\/06\/24\/contractuels-dans-les-coles-la-rentre-2013-le-snuipp-fsu-86-tire-la-sonnette-dalarme\/#breadcrumb","itemListElement":[{"@type":"ListItem","position":1,"name":"Accueil","item":"https:\/\/snuipp86.fr\/"},{"@type":"ListItem","position":2,"name":"Contractuels dans les \u00e9coles \u00e0 la rentr\u00e9e 2013 : le SNUipp-FSU 86 tire la sonnette d&#8217;alarme !"}]},{"@type":"WebSite","@id":"https:\/\/snuipp86.fr\/#website","url":"https:\/\/snuipp86.fr\/","name":"FSU-SNUipp 86","description":"Des id\u00e9es qui font l&#039;\u00e9cole","potentialAction":[{"@type":"SearchAction","target":{"@type":"EntryPoint","urlTemplate":"https:\/\/snuipp86.fr\/?s={search_term_string}"},"query-input":{"@type":"PropertyValueSpecification","valueRequired":true,"valueName":"search_term_string"}}],"inLanguage":"fr-FR"},{"@type":"Person","@id":"https:\/\/snuipp86.fr\/#\/schema\/person\/901b28b9ae1c7a63a6a940102e52a7a2","name":"WP86Admin","image":{"@type":"ImageObject","inLanguage":"fr-FR","@id":"https:\/\/snuipp86.fr\/#\/schema\/person\/image\/","url":"https:\/\/secure.gravatar.com\/avatar\/0099845c7ec05dc10d777d8ab4f5142c5ba316283821af2459738ad469a37a1a?s=96&d=mm&r=g","contentUrl":"https:\/\/secure.gravatar.com\/avatar\/0099845c7ec05dc10d777d8ab4f5142c5ba316283821af2459738ad469a37a1a?s=96&d=mm&r=g","caption":"WP86Admin"},"url":"https:\/\/snuipp86.fr\/index.php\/author\/wp86admin\/"}]}},"_links":{"self":[{"href":"https:\/\/snuipp86.fr\/index.php\/wp-json\/wp\/v2\/posts\/1171","targetHints":{"allow":["GET"]}}],"collection":[{"href":"https:\/\/snuipp86.fr\/index.php\/wp-json\/wp\/v2\/posts"}],"about":[{"href":"https:\/\/snuipp86.fr\/index.php\/wp-json\/wp\/v2\/types\/post"}],"author":[{"embeddable":true,"href":"https:\/\/snuipp86.fr\/index.php\/wp-json\/wp\/v2\/users\/1"}],"replies":[{"embeddable":true,"href":"https:\/\/snuipp86.fr\/index.php\/wp-json\/wp\/v2\/comments?post=1171"}],"version-history":[{"count":0,"href":"https:\/\/snuipp86.fr\/index.php\/wp-json\/wp\/v2\/posts\/1171\/revisions"}],"wp:attachment":[{"href":"https:\/\/snuipp86.fr\/index.php\/wp-json\/wp\/v2\/media?parent=1171"}],"wp:term":[{"taxonomy":"category","embeddable":true,"href":"https:\/\/snuipp86.fr\/index.php\/wp-json\/wp\/v2\/categories?post=1171"},{"taxonomy":"post_tag","embeddable":true,"href":"https:\/\/snuipp86.fr\/index.php\/wp-json\/wp\/v2\/tags?post=1171"}],"curies":[{"name":"wp","href":"https:\/\/api.w.org\/{rel}","templated":true}]}}