{"id":1179,"date":"2013-06-09T09:04:56","date_gmt":"2013-06-09T09:04:56","guid":{"rendered":"http:\/\/localhost\/wordpress\/2013\/06\/09\/direction-dcole-la-vrit-des-prix\/"},"modified":"2013-06-09T09:04:56","modified_gmt":"2013-06-09T09:04:56","slug":"direction-dcole-la-vrit-des-prix","status":"publish","type":"post","link":"https:\/\/snuipp86.fr\/index.php\/2013\/06\/09\/direction-dcole-la-vrit-des-prix\/","title":{"rendered":"Direction d&rsquo;\u00e9cole : la v\u00e9rit\u00e9 des prix"},"content":{"rendered":"<p><img decoding=\"async\" src=\"https:\/\/snuipp86.fr\/wp-content\/spip\/IMG\/arton2428.jpg\" alt=\"\" align=\"right\" width=\"300\" height=\"395\" class=\"spip_logos\" \/><\/p>\n<div class='rss_texte'>\n<p class=\"spip\">Des discussions sur la direction d&rsquo;\u00e9cole vont s&rsquo;ouvrir avec le minist\u00e8re d&rsquo;ici la fin du mois de juin, contenu et calendrier restant \u00e0 pr\u00e9ciser. Loin des effets d&rsquo;annonce, le SNUipp-FSU y portera l&rsquo;exigence d&rsquo;avanc\u00e9es concr\u00e8tes pour les directrices et les directeurs.<\/p>\n<p class=\"spip\"><img decoding=\"async\" src=\"https:\/\/snuipp86.fr\/wp-content\/spip\/cache-vignettes\/L8xH11\/puce-68c92.gif\" width='8' height='11' alt=\"-\" style='height:11px;width:8px;' class='' \/> L&rsquo;ouverture de discussions sur le dossier de la direction d&rsquo;\u00e9cole \u00ab dans le cadre normal de l&rsquo;agenda social conduit par le minist\u00e8re \u00bb a \u00e9t\u00e9 confirm\u00e9e au SNUipp-FSU qui, comme d&rsquo;autres organisations, en faisait la demande depuis plusieurs mois. (<a href=\"http:\/\/86.snuipp.fr\/spip.php?article2241\" class=\"spip_out\">voir lien<\/a>)<\/p>\n<p class=\"spip\"><img decoding=\"async\" src=\"https:\/\/snuipp86.fr\/wp-content\/spip\/cache-vignettes\/L8xH11\/puce-68c92.gif\" width='8' height='11' alt=\"-\" style='height:11px;width:8px;' class='' \/> Un premier tour de table devrait intervenir d&rsquo;ici la fin juin, sans autre pr\u00e9cision de calendrier.<\/p>\n<p class=\"spip\"><strong class=\"spip\"> Sur le contenu de ces discussions, \u00e0 ce jour, seules \u00ab les missions des directeurs \u00bb sont officiellement \u00e9voqu\u00e9es<\/strong>. Pour le reste (aide administrative, formation, revalorisation, temps de d\u00e9charge&#8230;), le minist\u00e8re est beaucoup plus prudent et ne souhaite prendre aucun engagement \u00e0 cette heure. Et pour cause, faire avancer ces diff\u00e9rents dossiers pourtant essentiels pour reconna\u00eetre et am\u00e9liorer le travail des directeurs au service du fonctionnement de l&rsquo;\u00e9cole n\u00e9cessite des engagements budg\u00e9taires en postes ou en mesures cat\u00e9gorielles&#8230;non-financ\u00e9s \u00e0 ce jour.<\/p>\n<h3 class=\"spip\">Des \u00e9volutions concr\u00e8tes \u00e0 gagner<\/h3>\n<p class=\"spip\">En tout \u00e9tat de cause, le <strong class=\"spip\">SNUipp-FSU participera \u00e0 ces discussions sur la direction d&rsquo;\u00e9cole et n&rsquo;esquivera aucun sujet : formation, temps de d\u00e9charge, aide administrative, revalorisation.<\/strong> Mais loin des effets d&rsquo;annonce, car il ne s&rsquo;agit pas de \u00ab vendre du vent \u00bb aux directrices et aux directeurs, il mettra sur la table ses exigences et <strong class=\"spip\">n&rsquo;exclut aucune action sur un dossier en souffrance depuis trop longtemps et qui devra d\u00e9boucher sur des avanc\u00e9es concr\u00e8tes<\/strong><\/p>\n<p class=\"spip\"><strong class=\"spip\">Lire aussi :<\/strong><\/p>\n<p class=\"spip\"><a href=\"http:\/\/snuipp.fr\/Quel-avenir-pour-la-direction-et\" class=\"spip_out\">Quel avenir pour la direction et le fonctionnement de l&rsquo;\u00e9cole ?<\/a><\/p>\n<\/div>\n","protected":false},"excerpt":{"rendered":"<p>Des discussions sur la direction d&rsquo;\u00e9cole vont s&rsquo;ouvrir avec le minist\u00e8re d&rsquo;ici la fin du mois de juin, contenu et calendrier restant \u00e0 pr\u00e9ciser. Loin des effets d&rsquo;annonce, le SNUipp-FSU y portera l&rsquo;exigence d&rsquo;avanc\u00e9es concr\u00e8tes pour les directrices et les directeurs. <br \/>L&rsquo;ouverture de discussions sur le dossier de la direction d&rsquo;\u00e9cole \u00ab dans le cadre normal de l&rsquo;agenda social conduit par le minist\u00e8re \u00bb a \u00e9t\u00e9 confirm\u00e9e au SNUipp-FSU qui, (&#8230;)<br \/>\n&#8211;<br \/>\n<a href=\"http:\/\/86.snuipp.fr\/spip.php?rubrique296\" rel=\"directory\">Directions d&rsquo;\u00e9coles<\/a><br \/>\n\/<br \/>\n<a href=\"http:\/\/86.snuipp.fr\/spip.php?mot303\" rel=\"tag\">Directions d&rsquo;\u00e9coles<\/a><\/p>\n","protected":false},"author":1,"featured_media":0,"comment_status":"open","ping_status":"open","sticky":false,"template":"","format":"standard","meta":{"footnotes":""},"categories":[14],"tags":[],"class_list":["post-1179","post","type-post","status-publish","format-standard","hentry","category-a-la-une"],"yoast_head":"<!-- This site is optimized with the Yoast SEO plugin v26.6 - https:\/\/yoast.com\/wordpress\/plugins\/seo\/ -->\n<title>Direction d&#039;\u00e9cole : la v\u00e9rit\u00e9 des prix - FSU-SNUipp 86<\/title>\n<meta name=\"robots\" content=\"index, follow, max-snippet:-1, max-image-preview:large, max-video-preview:-1\" \/>\n<link rel=\"canonical\" href=\"https:\/\/snuipp86.fr\/index.php\/2013\/06\/09\/direction-dcole-la-vrit-des-prix\/\" \/>\n<meta property=\"og:locale\" content=\"fr_FR\" \/>\n<meta property=\"og:type\" content=\"article\" \/>\n<meta property=\"og:title\" content=\"Direction d&#039;\u00e9cole : la v\u00e9rit\u00e9 des prix - FSU-SNUipp 86\" \/>\n<meta property=\"og:description\" content=\"Des discussions sur la direction d&#039;\u00e9cole vont s&#039;ouvrir avec le minist\u00e8re d&#039;ici la fin du mois de juin, contenu et calendrier restant \u00e0 pr\u00e9ciser. Loin des effets d&#039;annonce, le SNUipp-FSU y portera l&#039;exigence d&#039;avanc\u00e9es concr\u00e8tes pour les directrices et les directeurs. L&#039;ouverture de discussions sur le dossier de la direction d&#039;\u00e9cole \u00ab dans le cadre normal de l&#039;agenda social conduit par le minist\u00e8re \u00bb a \u00e9t\u00e9 confirm\u00e9e au SNUipp-FSU qui, (...) - Directions d&#039;\u00e9coles \/ Directions d&#039;\u00e9coles\" \/>\n<meta property=\"og:url\" content=\"https:\/\/snuipp86.fr\/index.php\/2013\/06\/09\/direction-dcole-la-vrit-des-prix\/\" \/>\n<meta property=\"og:site_name\" content=\"FSU-SNUipp 86\" \/>\n<meta property=\"article:published_time\" content=\"2013-06-09T09:04:56+00:00\" \/>\n<meta property=\"og:image\" content=\"http:\/\/snuipp86.fr\/wp-content\/spip\/IMG\/arton2428.jpg\" \/>\n<meta name=\"author\" content=\"WP86Admin\" \/>\n<meta name=\"twitter:card\" content=\"summary_large_image\" \/>\n<meta name=\"twitter:label1\" content=\"\u00c9crit par\" \/>\n\t<meta name=\"twitter:data1\" content=\"WP86Admin\" \/>\n\t<meta name=\"twitter:label2\" content=\"Dur\u00e9e de lecture estim\u00e9e\" \/>\n\t<meta name=\"twitter:data2\" content=\"1 minute\" \/>\n<script type=\"application\/ld+json\" class=\"yoast-schema-graph\">{\"@context\":\"https:\/\/schema.org\",\"@graph\":[{\"@type\":\"WebPage\",\"@id\":\"https:\/\/snuipp86.fr\/index.php\/2013\/06\/09\/direction-dcole-la-vrit-des-prix\/\",\"url\":\"https:\/\/snuipp86.fr\/index.php\/2013\/06\/09\/direction-dcole-la-vrit-des-prix\/\",\"name\":\"Direction d'\u00e9cole : la v\u00e9rit\u00e9 des prix - FSU-SNUipp 86\",\"isPartOf\":{\"@id\":\"https:\/\/snuipp86.fr\/#website\"},\"primaryImageOfPage\":{\"@id\":\"https:\/\/snuipp86.fr\/index.php\/2013\/06\/09\/direction-dcole-la-vrit-des-prix\/#primaryimage\"},\"image\":{\"@id\":\"https:\/\/snuipp86.fr\/index.php\/2013\/06\/09\/direction-dcole-la-vrit-des-prix\/#primaryimage\"},\"thumbnailUrl\":\"http:\/\/snuipp86.fr\/wp-content\/spip\/IMG\/arton2428.jpg\",\"datePublished\":\"2013-06-09T09:04:56+00:00\",\"author\":{\"@id\":\"https:\/\/snuipp86.fr\/#\/schema\/person\/901b28b9ae1c7a63a6a940102e52a7a2\"},\"breadcrumb\":{\"@id\":\"https:\/\/snuipp86.fr\/index.php\/2013\/06\/09\/direction-dcole-la-vrit-des-prix\/#breadcrumb\"},\"inLanguage\":\"fr-FR\",\"potentialAction\":[{\"@type\":\"ReadAction\",\"target\":[\"https:\/\/snuipp86.fr\/index.php\/2013\/06\/09\/direction-dcole-la-vrit-des-prix\/\"]}]},{\"@type\":\"ImageObject\",\"inLanguage\":\"fr-FR\",\"@id\":\"https:\/\/snuipp86.fr\/index.php\/2013\/06\/09\/direction-dcole-la-vrit-des-prix\/#primaryimage\",\"url\":\"http:\/\/snuipp86.fr\/wp-content\/spip\/IMG\/arton2428.jpg\",\"contentUrl\":\"http:\/\/snuipp86.fr\/wp-content\/spip\/IMG\/arton2428.jpg\"},{\"@type\":\"BreadcrumbList\",\"@id\":\"https:\/\/snuipp86.fr\/index.php\/2013\/06\/09\/direction-dcole-la-vrit-des-prix\/#breadcrumb\",\"itemListElement\":[{\"@type\":\"ListItem\",\"position\":1,\"name\":\"Accueil\",\"item\":\"https:\/\/snuipp86.fr\/\"},{\"@type\":\"ListItem\",\"position\":2,\"name\":\"Direction d&#8217;\u00e9cole : la v\u00e9rit\u00e9 des prix\"}]},{\"@type\":\"WebSite\",\"@id\":\"https:\/\/snuipp86.fr\/#website\",\"url\":\"https:\/\/snuipp86.fr\/\",\"name\":\"FSU-SNUipp 86\",\"description\":\"Des id\u00e9es qui font l&#039;\u00e9cole\",\"potentialAction\":[{\"@type\":\"SearchAction\",\"target\":{\"@type\":\"EntryPoint\",\"urlTemplate\":\"https:\/\/snuipp86.fr\/?s={search_term_string}\"},\"query-input\":{\"@type\":\"PropertyValueSpecification\",\"valueRequired\":true,\"valueName\":\"search_term_string\"}}],\"inLanguage\":\"fr-FR\"},{\"@type\":\"Person\",\"@id\":\"https:\/\/snuipp86.fr\/#\/schema\/person\/901b28b9ae1c7a63a6a940102e52a7a2\",\"name\":\"WP86Admin\",\"image\":{\"@type\":\"ImageObject\",\"inLanguage\":\"fr-FR\",\"@id\":\"https:\/\/snuipp86.fr\/#\/schema\/person\/image\/\",\"url\":\"https:\/\/secure.gravatar.com\/avatar\/0099845c7ec05dc10d777d8ab4f5142c5ba316283821af2459738ad469a37a1a?s=96&d=mm&r=g\",\"contentUrl\":\"https:\/\/secure.gravatar.com\/avatar\/0099845c7ec05dc10d777d8ab4f5142c5ba316283821af2459738ad469a37a1a?s=96&d=mm&r=g\",\"caption\":\"WP86Admin\"},\"url\":\"https:\/\/snuipp86.fr\/index.php\/author\/wp86admin\/\"}]}<\/script>\n<!-- \/ Yoast SEO plugin. -->","yoast_head_json":{"title":"Direction d'\u00e9cole : la v\u00e9rit\u00e9 des prix - FSU-SNUipp 86","robots":{"index":"index","follow":"follow","max-snippet":"max-snippet:-1","max-image-preview":"max-image-preview:large","max-video-preview":"max-video-preview:-1"},"canonical":"https:\/\/snuipp86.fr\/index.php\/2013\/06\/09\/direction-dcole-la-vrit-des-prix\/","og_locale":"fr_FR","og_type":"article","og_title":"Direction d'\u00e9cole : la v\u00e9rit\u00e9 des prix - FSU-SNUipp 86","og_description":"Des discussions sur la direction d'\u00e9cole vont s'ouvrir avec le minist\u00e8re d'ici la fin du mois de juin, contenu et calendrier restant \u00e0 pr\u00e9ciser. Loin des effets d'annonce, le SNUipp-FSU y portera l'exigence d'avanc\u00e9es concr\u00e8tes pour les directrices et les directeurs. L'ouverture de discussions sur le dossier de la direction d'\u00e9cole \u00ab dans le cadre normal de l'agenda social conduit par le minist\u00e8re \u00bb a \u00e9t\u00e9 confirm\u00e9e au SNUipp-FSU qui, (...) - Directions d'\u00e9coles \/ Directions d'\u00e9coles","og_url":"https:\/\/snuipp86.fr\/index.php\/2013\/06\/09\/direction-dcole-la-vrit-des-prix\/","og_site_name":"FSU-SNUipp 86","article_published_time":"2013-06-09T09:04:56+00:00","og_image":[{"url":"http:\/\/snuipp86.fr\/wp-content\/spip\/IMG\/arton2428.jpg","type":"","width":"","height":""}],"author":"WP86Admin","twitter_card":"summary_large_image","twitter_misc":{"\u00c9crit par":"WP86Admin","Dur\u00e9e de lecture estim\u00e9e":"1 minute"},"schema":{"@context":"https:\/\/schema.org","@graph":[{"@type":"WebPage","@id":"https:\/\/snuipp86.fr\/index.php\/2013\/06\/09\/direction-dcole-la-vrit-des-prix\/","url":"https:\/\/snuipp86.fr\/index.php\/2013\/06\/09\/direction-dcole-la-vrit-des-prix\/","name":"Direction d'\u00e9cole : la v\u00e9rit\u00e9 des prix - FSU-SNUipp 86","isPartOf":{"@id":"https:\/\/snuipp86.fr\/#website"},"primaryImageOfPage":{"@id":"https:\/\/snuipp86.fr\/index.php\/2013\/06\/09\/direction-dcole-la-vrit-des-prix\/#primaryimage"},"image":{"@id":"https:\/\/snuipp86.fr\/index.php\/2013\/06\/09\/direction-dcole-la-vrit-des-prix\/#primaryimage"},"thumbnailUrl":"http:\/\/snuipp86.fr\/wp-content\/spip\/IMG\/arton2428.jpg","datePublished":"2013-06-09T09:04:56+00:00","author":{"@id":"https:\/\/snuipp86.fr\/#\/schema\/person\/901b28b9ae1c7a63a6a940102e52a7a2"},"breadcrumb":{"@id":"https:\/\/snuipp86.fr\/index.php\/2013\/06\/09\/direction-dcole-la-vrit-des-prix\/#breadcrumb"},"inLanguage":"fr-FR","potentialAction":[{"@type":"ReadAction","target":["https:\/\/snuipp86.fr\/index.php\/2013\/06\/09\/direction-dcole-la-vrit-des-prix\/"]}]},{"@type":"ImageObject","inLanguage":"fr-FR","@id":"https:\/\/snuipp86.fr\/index.php\/2013\/06\/09\/direction-dcole-la-vrit-des-prix\/#primaryimage","url":"http:\/\/snuipp86.fr\/wp-content\/spip\/IMG\/arton2428.jpg","contentUrl":"http:\/\/snuipp86.fr\/wp-content\/spip\/IMG\/arton2428.jpg"},{"@type":"BreadcrumbList","@id":"https:\/\/snuipp86.fr\/index.php\/2013\/06\/09\/direction-dcole-la-vrit-des-prix\/#breadcrumb","itemListElement":[{"@type":"ListItem","position":1,"name":"Accueil","item":"https:\/\/snuipp86.fr\/"},{"@type":"ListItem","position":2,"name":"Direction d&#8217;\u00e9cole : la v\u00e9rit\u00e9 des prix"}]},{"@type":"WebSite","@id":"https:\/\/snuipp86.fr\/#website","url":"https:\/\/snuipp86.fr\/","name":"FSU-SNUipp 86","description":"Des id\u00e9es qui font l&#039;\u00e9cole","potentialAction":[{"@type":"SearchAction","target":{"@type":"EntryPoint","urlTemplate":"https:\/\/snuipp86.fr\/?s={search_term_string}"},"query-input":{"@type":"PropertyValueSpecification","valueRequired":true,"valueName":"search_term_string"}}],"inLanguage":"fr-FR"},{"@type":"Person","@id":"https:\/\/snuipp86.fr\/#\/schema\/person\/901b28b9ae1c7a63a6a940102e52a7a2","name":"WP86Admin","image":{"@type":"ImageObject","inLanguage":"fr-FR","@id":"https:\/\/snuipp86.fr\/#\/schema\/person\/image\/","url":"https:\/\/secure.gravatar.com\/avatar\/0099845c7ec05dc10d777d8ab4f5142c5ba316283821af2459738ad469a37a1a?s=96&d=mm&r=g","contentUrl":"https:\/\/secure.gravatar.com\/avatar\/0099845c7ec05dc10d777d8ab4f5142c5ba316283821af2459738ad469a37a1a?s=96&d=mm&r=g","caption":"WP86Admin"},"url":"https:\/\/snuipp86.fr\/index.php\/author\/wp86admin\/"}]}},"_links":{"self":[{"href":"https:\/\/snuipp86.fr\/index.php\/wp-json\/wp\/v2\/posts\/1179","targetHints":{"allow":["GET"]}}],"collection":[{"href":"https:\/\/snuipp86.fr\/index.php\/wp-json\/wp\/v2\/posts"}],"about":[{"href":"https:\/\/snuipp86.fr\/index.php\/wp-json\/wp\/v2\/types\/post"}],"author":[{"embeddable":true,"href":"https:\/\/snuipp86.fr\/index.php\/wp-json\/wp\/v2\/users\/1"}],"replies":[{"embeddable":true,"href":"https:\/\/snuipp86.fr\/index.php\/wp-json\/wp\/v2\/comments?post=1179"}],"version-history":[{"count":0,"href":"https:\/\/snuipp86.fr\/index.php\/wp-json\/wp\/v2\/posts\/1179\/revisions"}],"wp:attachment":[{"href":"https:\/\/snuipp86.fr\/index.php\/wp-json\/wp\/v2\/media?parent=1179"}],"wp:term":[{"taxonomy":"category","embeddable":true,"href":"https:\/\/snuipp86.fr\/index.php\/wp-json\/wp\/v2\/categories?post=1179"},{"taxonomy":"post_tag","embeddable":true,"href":"https:\/\/snuipp86.fr\/index.php\/wp-json\/wp\/v2\/tags?post=1179"}],"curies":[{"name":"wp","href":"https:\/\/api.w.org\/{rel}","templated":true}]}}