{"id":1213,"date":"2013-04-18T15:10:34","date_gmt":"2013-04-18T15:10:34","guid":{"rendered":"http:\/\/localhost\/wordpress\/2013\/04\/18\/projet-ducatif-territorial-la-circulaire-est-publie\/"},"modified":"2013-04-18T15:10:34","modified_gmt":"2013-04-18T15:10:34","slug":"projet-ducatif-territorial-la-circulaire-est-publie","status":"publish","type":"post","link":"https:\/\/snuipp86.fr\/index.php\/2013\/04\/18\/projet-ducatif-territorial-la-circulaire-est-publie\/","title":{"rendered":"Projet \u00e9ducatif territorial : la circulaire est publi\u00e9e"},"content":{"rendered":"<p><img decoding=\"async\" src=\"https:\/\/snuipp86.fr\/wp-content\/spip\/IMG\/arton2389.jpg\" alt=\"\" align=\"right\" width=\"300\" height=\"128\" class=\"spip_logos\" \/><\/p>\n<div class='rss_texte'>\n<p class=\"spip\">La circulaire n\u00b0 2013-036 du 20 mars 2013 a pour objet de pr\u00e9ciser les objectifs et les modalit\u00e9s d&rsquo;\u00e9laboration d&rsquo;un projet \u00e9ducatif territorial, et de faciliter la coop\u00e9ration entre les collectivit\u00e9s territoriales engag\u00e9es dans cette d\u00e9marche de projet et les services de l&rsquo;\u00c9tat charg\u00e9s de l&rsquo;accompagner jusqu&rsquo;\u00e0 sa contractualisation.<\/p>\n<p class=\"spip\">Le projet \u00e9ducatif territorial (PEDT) \u00ab <i class=\"spip\">formalise une d\u00e9marche permettant aux collectivit\u00e9s territoriales volontaires de proposer \u00e0 chaque enfant un parcours \u00e9ducatif coh\u00e9rent et de qualit\u00e9 avant, pendant et apr\u00e8s l&rsquo;\u00e9cole, organisant ainsi, dans le respect des comp\u00e9tences de chacun, la compl\u00e9mentarit\u00e9 des temps \u00e9ducatifs<\/i> \u00bb. Vu comme un outil de collaboration locale, le PEDT r\u00e9unit les acteurs intervenants dans le domaine de l&rsquo;\u00e9ducation : minist\u00e8res concern\u00e9s, financeurs, associations de jeunesse et d&rsquo;\u00e9ducation populaire, collectivit\u00e9s impliqu\u00e9es, autour et \u00e0 l&rsquo;initiative d&rsquo;une collectivit\u00e9 territoriale.<\/p>\n<p class=\"spip\">L&rsquo;accent est mis notamment sur les activit\u00e9s culturelles, sportives, artistiques ou scientifiques. Il s&rsquo;agit de garantir une continuit\u00e9 \u00e9ducative entre les projets des \u00e9coles (et non une substitution) et les activit\u00e9s propos\u00e9es en dehors du temps scolaire, en mobilisant toutes les ressources d&rsquo;un territoire.<\/p>\n<p class=\"spip\"><strong class=\"spip\"><br \/>\nLes conseils d&rsquo;\u00e9cole y tiennent un r\u00f4le qu&rsquo;ils n&rsquo;ont pas forc\u00e9ment dans les PEL.<\/strong> \u00ab <i class=\"spip\">Dans le cadre de la consultation des conseils d&rsquo;\u00e9cole sur l&rsquo;organisation des activit\u00e9s p\u00e9riscolaires, en application de l&rsquo;article D.411- 2 du Code de l&rsquo;\u00e9ducation, ceux-ci sont associ\u00e9s \u00e0 la r\u00e9flexion sur l&rsquo;\u00e9laboration des PEDT<\/i> \u00bb. Si <strong class=\"spip\">le PEDT semble exclure tout lien de subordination des projets d&rsquo;\u00e9coles<\/strong>, il n&rsquo;en faudra rester vigilant quant aux \u00e9ventuelles tentatives allant dans ce sens.<\/p>\n<p class=\"spip\">Les initiatives d\u00e9j\u00e0 \u00e0 l&rsquo;\u0153uvre, projets et contrats \u00e9ducatifs locaux, contrats locaux et projets territoriaux d&rsquo;\u00e9ducation artistique notamment, sont cit\u00e9s comme des points d&rsquo;appui pour \u00e9laborer les PEDT. L&rsquo;accompagnement \u00e9ducatif a vocation \u00e0 s&rsquo;articuler avec le PEDT qui peut s&rsquo;\u00e9largir aux activit\u00e9s extrascolaires. Si l&rsquo;objectif du PEDT est de mobiliser toutes les ressources d&rsquo;un territoire, il devrait inciter plus clairement \u00e0 d\u00e9velopper les activit\u00e9s existantes l\u00e0 o\u00f9 c&rsquo;est possible.<\/p>\n<p class=\"spip\">Pour monter son PEDT, la collectivit\u00e9 territoriale doit d\u00e9limiter un p\u00e9rim\u00e8tre d&rsquo;action coh\u00e9rent (commune ou territoire plus large), identifier les besoins, d\u00e9finir des priorit\u00e9s communes et analyser les ressources du territoire concern\u00e9. Le PEDT est encadr\u00e9 par un comit\u00e9 de pilotage. Il prend la forme d&rsquo;un engagement contractuel entre la collectivit\u00e9, les services de l&rsquo;\u00c9tat et les autres partenaires. La circulaire ne pr\u00e9voit pas express\u00e9ment la participation d&rsquo;enseignants \u00e0 ce comit\u00e9 de pilotage.<\/p>\n<p class=\"spip\"><strong class=\"spip\"><br \/>\nConcr\u00e8tement, les intervenants seront des animateurs, voire des b\u00e9n\u00e9voles ou des parents, issus du mouvement associatif.<\/strong> La signature d&rsquo;un PEDT permet aux communes de b\u00e9n\u00e9ficier de la double triple d\u00e9rogation aux conditions d&rsquo;encadrement du p\u00e9riscolaire : qualification minor\u00e9e du directeur et taux d&rsquo;encadrement d\u00e9grad\u00e9s. Les intervenants ext\u00e9rieurs ponctuels pris en compte concernant l&rsquo;encadrement.<\/p>\n<p class=\"spip\"><strong class=\"spip\">Concernant l&rsquo;utilisation des locaux scolaires,<\/strong> la circulaire pr\u00e9cise que des activit\u00e9s \u00e0 caract\u00e8re sportif, culturel ou socio-\u00e9ducatif peuvent \u00eatre assur\u00e9es hors activit\u00e9s li\u00e9es aux besoins d&rsquo;enseignement. Conform\u00e9ment aux textes en vigueur, le <strong class=\"spip\">conseil d&rsquo;\u00e9cole doit \u00eatre consult\u00e9 par le maire ou le pr\u00e9sident de la collectivit\u00e9 en pareil cas.<\/strong><\/p>\n<p class=\"spip\">Par ailleurs, <strong class=\"spip\">l&rsquo;\u00e9tablissement d&rsquo;un PEDT est obligatoire pour d\u00e9roger au cadre national d&rsquo;organisation de la semaine scolaire<\/strong> fix\u00e9 par le d\u00e9cret de janvier 2013 (samedi matin \u00e0 la place du mercredi matin ou allongement des journ\u00e9es au del\u00e0 de 5h30 ou des demi-journ\u00e9es au del\u00e0 de 3h30).<\/p>\n<p class=\"spip\">Si le texte \u00e9carte clairement toute volont\u00e9 de faire \u00ab l&rsquo;\u00e9cole \u00e0 la place de l&rsquo;\u00e9cole \u00bb en bordant notamment les comp\u00e9tences de chacun, si la place du conseil d&rsquo;\u00e9cole est pr\u00e9cis\u00e9e et permet d&rsquo;assurer une \u00e9coute de la communaut\u00e9 \u00e9ducative, des manques n\u00e9cessiteront une vigilance particuli\u00e8re de notre part :<\/p>\n<p class=\"spip\"><img decoding=\"async\" src=\"https:\/\/snuipp86.fr\/wp-content\/spip\/cache-vignettes\/L8xH11\/puce-68c92.gif\" width='8' height='11' alt=\"-\" style='height:11px;width:8px;' class='' \/> niveau de consultation des enseignants : ils sont absents dans la composition indiqu\u00e9e des comit\u00e9s de pilotage et le risque existe que le partenariat avec l&rsquo;\u00c9ducation Nationale s&rsquo;organise autour des seuls IEN ;<br \/>\n<br \/><img decoding=\"async\" src=\"https:\/\/snuipp86.fr\/wp-content\/spip\/cache-vignettes\/L8xH11\/puce-68c92.gif\" width='8' height='11' alt=\"-\" style='height:11px;width:8px;' class='' \/> utilisation des locaux hors temps li\u00e9 aux besoins d&rsquo;enseignement : l&rsquo;\u00e9volution obtenue par le SNUipp-FSU ne va pas encore assez loin dans la \u00ab\u00a0sanctuarisation\u00a0\u00bb des salles de classe et les pr\u00e9cautions \u00e0 prendre en cas de partage volontaire ;<br \/>\n<br \/><img decoding=\"async\" src=\"https:\/\/snuipp86.fr\/wp-content\/spip\/cache-vignettes\/L8xH11\/puce-68c92.gif\" width='8' height='11' alt=\"-\" style='height:11px;width:8px;' class='' \/> non gratuit\u00e9 des activit\u00e9s ;<br \/>\n<br \/><img decoding=\"async\" src=\"https:\/\/snuipp86.fr\/wp-content\/spip\/cache-vignettes\/L8xH11\/puce-68c92.gif\" width='8' height='11' alt=\"-\" style='height:11px;width:8px;' class='' \/> la question des in\u00e9galit\u00e9s : les activit\u00e9s offertes par les collectivit\u00e9s et les associations sont propos\u00e9es de fa\u00e7on tr\u00e8s in\u00e9gale selon le territoire. Dans le contexte actuel de diminution des dotations aux collectivit\u00e9s territoriales, les in\u00e9galit\u00e9s risqueront de s&rsquo;aggraver entre les communes. Le panel d&rsquo;activit\u00e9s propos\u00e9es aux \u00e9l\u00e8ves, leur qualit\u00e9, leur co\u00fbt pour les familles\u2026 vont d\u00e9pendre des choix, v\u00e9ritables ou contraints financi\u00e8rement, des collectivit\u00e9s et du tissu associatif et culturel existant. <br \/><img decoding=\"async\" src=\"https:\/\/snuipp86.fr\/wp-content\/spip\/cache-vignettes\/L8xH11\/puce-68c92.gif\" width='8' height='11' alt=\"-\" style='height:11px;width:8px;' class='' \/> l&rsquo;information seule des CDEN ne correspond pas \u00e0 un v\u00e9ritable droit de regard pour \u00e9viter toute d\u00e9rive au d\u00e9triment des \u00e9coles et des coll\u00e8gues ;<br \/>\n<br \/><img decoding=\"async\" src=\"https:\/\/snuipp86.fr\/wp-content\/spip\/cache-vignettes\/L8xH11\/puce-68c92.gif\" width='8' height='11' alt=\"-\" style='height:11px;width:8px;' class='' \/> la qualit\u00e9 \u00e9ducative des temps p\u00e9riscolaires : les d\u00e9rogations diminuent quantitativement et qualitativement les r\u00e8gles d&rsquo;encadrement en vigueur et ne vont pas dans le sens de la professionnalisation indispensable de la fili\u00e8re de l&rsquo;animation.<\/p>\n<p class=\"spip\"><strong class=\"spip\"><\/p>\n<p class=\"spip\">Le SNUipp-FSU revendique un fond de p\u00e9r\u00e9quation abond\u00e9 par l&rsquo;\u00c9tat pour r\u00e9duire les in\u00e9galit\u00e9s entre les communes et permettre le d\u00e9veloppement de ces projets.<\/strong><\/p>\n<\/div>\n","protected":false},"excerpt":{"rendered":"<p>La circulaire n\u00b0 2013-036 du 20 mars 2013 a pour objet de pr\u00e9ciser les objectifs et les modalit\u00e9s d&rsquo;\u00e9laboration d&rsquo;un projet \u00e9ducatif territorial, et de faciliter la coop\u00e9ration entre les collectivit\u00e9s territoriales engag\u00e9es dans cette d\u00e9marche de projet et les services de l&rsquo;\u00c9tat charg\u00e9s de l&rsquo;accompagner jusqu&rsquo;\u00e0 sa contractualisation. <br \/>Le projet \u00e9ducatif territorial (PEDT) \u00ab formalise une d\u00e9marche permettant aux collectivit\u00e9s territoriales volontaires de proposer \u00e0 chaque enfant un parcours (&#8230;)<br \/>\n&#8211;<br \/>\n<a href=\"http:\/\/86.snuipp.fr\/spip.php?rubrique249\" rel=\"directory\">L&rsquo;ACTUALIT\u00c9<\/a><br \/>\n\/<br \/>\n<a href=\"http:\/\/86.snuipp.fr\/spip.php?mot320\" rel=\"tag\">Rythmes scolaires<\/a><\/p>\n","protected":false},"author":1,"featured_media":0,"comment_status":"open","ping_status":"open","sticky":false,"template":"","format":"standard","meta":{"footnotes":""},"categories":[14],"tags":[],"class_list":["post-1213","post","type-post","status-publish","format-standard","hentry","category-a-la-une"],"yoast_head":"<!-- This site is optimized with the Yoast SEO plugin v26.6 - https:\/\/yoast.com\/wordpress\/plugins\/seo\/ -->\n<title>Projet \u00e9ducatif territorial : la circulaire est publi\u00e9e - FSU-SNUipp 86<\/title>\n<meta name=\"robots\" content=\"index, follow, max-snippet:-1, max-image-preview:large, max-video-preview:-1\" \/>\n<link rel=\"canonical\" href=\"https:\/\/snuipp86.fr\/index.php\/2013\/04\/18\/projet-ducatif-territorial-la-circulaire-est-publie\/\" \/>\n<meta property=\"og:locale\" content=\"fr_FR\" \/>\n<meta property=\"og:type\" content=\"article\" \/>\n<meta property=\"og:title\" content=\"Projet \u00e9ducatif territorial : la circulaire est publi\u00e9e - FSU-SNUipp 86\" \/>\n<meta property=\"og:description\" content=\"La circulaire n\u00b0 2013-036 du 20 mars 2013 a pour objet de pr\u00e9ciser les objectifs et les modalit\u00e9s d&#039;\u00e9laboration d&#039;un projet \u00e9ducatif territorial, et de faciliter la coop\u00e9ration entre les collectivit\u00e9s territoriales engag\u00e9es dans cette d\u00e9marche de projet et les services de l&#039;\u00c9tat charg\u00e9s de l&#039;accompagner jusqu&#039;\u00e0 sa contractualisation. Le projet \u00e9ducatif territorial (PEDT) \u00ab formalise une d\u00e9marche permettant aux collectivit\u00e9s territoriales volontaires de proposer \u00e0 chaque enfant un parcours (...) - L&#039;ACTUALIT\u00c9 \/ Rythmes scolaires\" \/>\n<meta property=\"og:url\" content=\"https:\/\/snuipp86.fr\/index.php\/2013\/04\/18\/projet-ducatif-territorial-la-circulaire-est-publie\/\" \/>\n<meta property=\"og:site_name\" content=\"FSU-SNUipp 86\" \/>\n<meta property=\"article:published_time\" content=\"2013-04-18T15:10:34+00:00\" \/>\n<meta property=\"og:image\" content=\"http:\/\/snuipp86.fr\/wp-content\/spip\/IMG\/arton2389.jpg\" \/>\n<meta name=\"author\" content=\"WP86Admin\" \/>\n<meta name=\"twitter:card\" content=\"summary_large_image\" \/>\n<meta name=\"twitter:label1\" content=\"\u00c9crit par\" \/>\n\t<meta name=\"twitter:data1\" content=\"WP86Admin\" \/>\n\t<meta name=\"twitter:label2\" content=\"Dur\u00e9e de lecture estim\u00e9e\" \/>\n\t<meta name=\"twitter:data2\" content=\"5 minutes\" \/>\n<script type=\"application\/ld+json\" class=\"yoast-schema-graph\">{\"@context\":\"https:\/\/schema.org\",\"@graph\":[{\"@type\":\"WebPage\",\"@id\":\"https:\/\/snuipp86.fr\/index.php\/2013\/04\/18\/projet-ducatif-territorial-la-circulaire-est-publie\/\",\"url\":\"https:\/\/snuipp86.fr\/index.php\/2013\/04\/18\/projet-ducatif-territorial-la-circulaire-est-publie\/\",\"name\":\"Projet \u00e9ducatif territorial : la circulaire est publi\u00e9e - FSU-SNUipp 86\",\"isPartOf\":{\"@id\":\"https:\/\/snuipp86.fr\/#website\"},\"primaryImageOfPage\":{\"@id\":\"https:\/\/snuipp86.fr\/index.php\/2013\/04\/18\/projet-ducatif-territorial-la-circulaire-est-publie\/#primaryimage\"},\"image\":{\"@id\":\"https:\/\/snuipp86.fr\/index.php\/2013\/04\/18\/projet-ducatif-territorial-la-circulaire-est-publie\/#primaryimage\"},\"thumbnailUrl\":\"http:\/\/snuipp86.fr\/wp-content\/spip\/IMG\/arton2389.jpg\",\"datePublished\":\"2013-04-18T15:10:34+00:00\",\"author\":{\"@id\":\"https:\/\/snuipp86.fr\/#\/schema\/person\/901b28b9ae1c7a63a6a940102e52a7a2\"},\"breadcrumb\":{\"@id\":\"https:\/\/snuipp86.fr\/index.php\/2013\/04\/18\/projet-ducatif-territorial-la-circulaire-est-publie\/#breadcrumb\"},\"inLanguage\":\"fr-FR\",\"potentialAction\":[{\"@type\":\"ReadAction\",\"target\":[\"https:\/\/snuipp86.fr\/index.php\/2013\/04\/18\/projet-ducatif-territorial-la-circulaire-est-publie\/\"]}]},{\"@type\":\"ImageObject\",\"inLanguage\":\"fr-FR\",\"@id\":\"https:\/\/snuipp86.fr\/index.php\/2013\/04\/18\/projet-ducatif-territorial-la-circulaire-est-publie\/#primaryimage\",\"url\":\"http:\/\/snuipp86.fr\/wp-content\/spip\/IMG\/arton2389.jpg\",\"contentUrl\":\"http:\/\/snuipp86.fr\/wp-content\/spip\/IMG\/arton2389.jpg\"},{\"@type\":\"BreadcrumbList\",\"@id\":\"https:\/\/snuipp86.fr\/index.php\/2013\/04\/18\/projet-ducatif-territorial-la-circulaire-est-publie\/#breadcrumb\",\"itemListElement\":[{\"@type\":\"ListItem\",\"position\":1,\"name\":\"Accueil\",\"item\":\"https:\/\/snuipp86.fr\/\"},{\"@type\":\"ListItem\",\"position\":2,\"name\":\"Projet \u00e9ducatif territorial : la circulaire est publi\u00e9e\"}]},{\"@type\":\"WebSite\",\"@id\":\"https:\/\/snuipp86.fr\/#website\",\"url\":\"https:\/\/snuipp86.fr\/\",\"name\":\"FSU-SNUipp 86\",\"description\":\"Des id\u00e9es qui font l&#039;\u00e9cole\",\"potentialAction\":[{\"@type\":\"SearchAction\",\"target\":{\"@type\":\"EntryPoint\",\"urlTemplate\":\"https:\/\/snuipp86.fr\/?s={search_term_string}\"},\"query-input\":{\"@type\":\"PropertyValueSpecification\",\"valueRequired\":true,\"valueName\":\"search_term_string\"}}],\"inLanguage\":\"fr-FR\"},{\"@type\":\"Person\",\"@id\":\"https:\/\/snuipp86.fr\/#\/schema\/person\/901b28b9ae1c7a63a6a940102e52a7a2\",\"name\":\"WP86Admin\",\"image\":{\"@type\":\"ImageObject\",\"inLanguage\":\"fr-FR\",\"@id\":\"https:\/\/snuipp86.fr\/#\/schema\/person\/image\/\",\"url\":\"https:\/\/secure.gravatar.com\/avatar\/0099845c7ec05dc10d777d8ab4f5142c5ba316283821af2459738ad469a37a1a?s=96&d=mm&r=g\",\"contentUrl\":\"https:\/\/secure.gravatar.com\/avatar\/0099845c7ec05dc10d777d8ab4f5142c5ba316283821af2459738ad469a37a1a?s=96&d=mm&r=g\",\"caption\":\"WP86Admin\"},\"url\":\"https:\/\/snuipp86.fr\/index.php\/author\/wp86admin\/\"}]}<\/script>\n<!-- \/ Yoast SEO plugin. -->","yoast_head_json":{"title":"Projet \u00e9ducatif territorial : la circulaire est publi\u00e9e - FSU-SNUipp 86","robots":{"index":"index","follow":"follow","max-snippet":"max-snippet:-1","max-image-preview":"max-image-preview:large","max-video-preview":"max-video-preview:-1"},"canonical":"https:\/\/snuipp86.fr\/index.php\/2013\/04\/18\/projet-ducatif-territorial-la-circulaire-est-publie\/","og_locale":"fr_FR","og_type":"article","og_title":"Projet \u00e9ducatif territorial : la circulaire est publi\u00e9e - FSU-SNUipp 86","og_description":"La circulaire n\u00b0 2013-036 du 20 mars 2013 a pour objet de pr\u00e9ciser les objectifs et les modalit\u00e9s d'\u00e9laboration d'un projet \u00e9ducatif territorial, et de faciliter la coop\u00e9ration entre les collectivit\u00e9s territoriales engag\u00e9es dans cette d\u00e9marche de projet et les services de l'\u00c9tat charg\u00e9s de l'accompagner jusqu'\u00e0 sa contractualisation. Le projet \u00e9ducatif territorial (PEDT) \u00ab formalise une d\u00e9marche permettant aux collectivit\u00e9s territoriales volontaires de proposer \u00e0 chaque enfant un parcours (...) - L'ACTUALIT\u00c9 \/ Rythmes scolaires","og_url":"https:\/\/snuipp86.fr\/index.php\/2013\/04\/18\/projet-ducatif-territorial-la-circulaire-est-publie\/","og_site_name":"FSU-SNUipp 86","article_published_time":"2013-04-18T15:10:34+00:00","og_image":[{"url":"http:\/\/snuipp86.fr\/wp-content\/spip\/IMG\/arton2389.jpg","type":"","width":"","height":""}],"author":"WP86Admin","twitter_card":"summary_large_image","twitter_misc":{"\u00c9crit par":"WP86Admin","Dur\u00e9e de lecture estim\u00e9e":"5 minutes"},"schema":{"@context":"https:\/\/schema.org","@graph":[{"@type":"WebPage","@id":"https:\/\/snuipp86.fr\/index.php\/2013\/04\/18\/projet-ducatif-territorial-la-circulaire-est-publie\/","url":"https:\/\/snuipp86.fr\/index.php\/2013\/04\/18\/projet-ducatif-territorial-la-circulaire-est-publie\/","name":"Projet \u00e9ducatif territorial : la circulaire est publi\u00e9e - FSU-SNUipp 86","isPartOf":{"@id":"https:\/\/snuipp86.fr\/#website"},"primaryImageOfPage":{"@id":"https:\/\/snuipp86.fr\/index.php\/2013\/04\/18\/projet-ducatif-territorial-la-circulaire-est-publie\/#primaryimage"},"image":{"@id":"https:\/\/snuipp86.fr\/index.php\/2013\/04\/18\/projet-ducatif-territorial-la-circulaire-est-publie\/#primaryimage"},"thumbnailUrl":"http:\/\/snuipp86.fr\/wp-content\/spip\/IMG\/arton2389.jpg","datePublished":"2013-04-18T15:10:34+00:00","author":{"@id":"https:\/\/snuipp86.fr\/#\/schema\/person\/901b28b9ae1c7a63a6a940102e52a7a2"},"breadcrumb":{"@id":"https:\/\/snuipp86.fr\/index.php\/2013\/04\/18\/projet-ducatif-territorial-la-circulaire-est-publie\/#breadcrumb"},"inLanguage":"fr-FR","potentialAction":[{"@type":"ReadAction","target":["https:\/\/snuipp86.fr\/index.php\/2013\/04\/18\/projet-ducatif-territorial-la-circulaire-est-publie\/"]}]},{"@type":"ImageObject","inLanguage":"fr-FR","@id":"https:\/\/snuipp86.fr\/index.php\/2013\/04\/18\/projet-ducatif-territorial-la-circulaire-est-publie\/#primaryimage","url":"http:\/\/snuipp86.fr\/wp-content\/spip\/IMG\/arton2389.jpg","contentUrl":"http:\/\/snuipp86.fr\/wp-content\/spip\/IMG\/arton2389.jpg"},{"@type":"BreadcrumbList","@id":"https:\/\/snuipp86.fr\/index.php\/2013\/04\/18\/projet-ducatif-territorial-la-circulaire-est-publie\/#breadcrumb","itemListElement":[{"@type":"ListItem","position":1,"name":"Accueil","item":"https:\/\/snuipp86.fr\/"},{"@type":"ListItem","position":2,"name":"Projet \u00e9ducatif territorial : la circulaire est publi\u00e9e"}]},{"@type":"WebSite","@id":"https:\/\/snuipp86.fr\/#website","url":"https:\/\/snuipp86.fr\/","name":"FSU-SNUipp 86","description":"Des id\u00e9es qui font l&#039;\u00e9cole","potentialAction":[{"@type":"SearchAction","target":{"@type":"EntryPoint","urlTemplate":"https:\/\/snuipp86.fr\/?s={search_term_string}"},"query-input":{"@type":"PropertyValueSpecification","valueRequired":true,"valueName":"search_term_string"}}],"inLanguage":"fr-FR"},{"@type":"Person","@id":"https:\/\/snuipp86.fr\/#\/schema\/person\/901b28b9ae1c7a63a6a940102e52a7a2","name":"WP86Admin","image":{"@type":"ImageObject","inLanguage":"fr-FR","@id":"https:\/\/snuipp86.fr\/#\/schema\/person\/image\/","url":"https:\/\/secure.gravatar.com\/avatar\/0099845c7ec05dc10d777d8ab4f5142c5ba316283821af2459738ad469a37a1a?s=96&d=mm&r=g","contentUrl":"https:\/\/secure.gravatar.com\/avatar\/0099845c7ec05dc10d777d8ab4f5142c5ba316283821af2459738ad469a37a1a?s=96&d=mm&r=g","caption":"WP86Admin"},"url":"https:\/\/snuipp86.fr\/index.php\/author\/wp86admin\/"}]}},"_links":{"self":[{"href":"https:\/\/snuipp86.fr\/index.php\/wp-json\/wp\/v2\/posts\/1213","targetHints":{"allow":["GET"]}}],"collection":[{"href":"https:\/\/snuipp86.fr\/index.php\/wp-json\/wp\/v2\/posts"}],"about":[{"href":"https:\/\/snuipp86.fr\/index.php\/wp-json\/wp\/v2\/types\/post"}],"author":[{"embeddable":true,"href":"https:\/\/snuipp86.fr\/index.php\/wp-json\/wp\/v2\/users\/1"}],"replies":[{"embeddable":true,"href":"https:\/\/snuipp86.fr\/index.php\/wp-json\/wp\/v2\/comments?post=1213"}],"version-history":[{"count":0,"href":"https:\/\/snuipp86.fr\/index.php\/wp-json\/wp\/v2\/posts\/1213\/revisions"}],"wp:attachment":[{"href":"https:\/\/snuipp86.fr\/index.php\/wp-json\/wp\/v2\/media?parent=1213"}],"wp:term":[{"taxonomy":"category","embeddable":true,"href":"https:\/\/snuipp86.fr\/index.php\/wp-json\/wp\/v2\/categories?post=1213"},{"taxonomy":"post_tag","embeddable":true,"href":"https:\/\/snuipp86.fr\/index.php\/wp-json\/wp\/v2\/tags?post=1213"}],"curies":[{"name":"wp","href":"https:\/\/api.w.org\/{rel}","templated":true}]}}