{"id":1215,"date":"2013-04-18T06:04:27","date_gmt":"2013-04-18T06:04:27","guid":{"rendered":"http:\/\/localhost\/wordpress\/2013\/04\/18\/rythmes-scolaires-et-chsct\/"},"modified":"2013-04-18T06:04:27","modified_gmt":"2013-04-18T06:04:27","slug":"rythmes-scolaires-et-chsct","status":"publish","type":"post","link":"https:\/\/snuipp86.fr\/index.php\/2013\/04\/18\/rythmes-scolaires-et-chsct\/","title":{"rendered":"Rythmes scolaires et CHSCT"},"content":{"rendered":"<p><img decoding=\"async\" src=\"https:\/\/snuipp86.fr\/wp-content\/spip\/IMG\/arton2387.jpg\" alt=\"\" align=\"right\" width=\"200\" height=\"198\" class=\"spip_logos\" \/><\/p>\n<div class='rss_texte'>\n<p class=\"spip\"><strong class=\"spip\">A l&rsquo;initiative du SNUipp-FSU, le CHSCT minist\u00e9riel r\u00e9uni le 15 avril, a adopt\u00e9 un avis propos\u00e9 par la FSU et l&rsquo;UNSA demandant que les CHST d\u00e9partementaux soient syst\u00e9matiquement consult\u00e9s avant la validation par les DASEN des propositions de mise en \u0153uvre de la r\u00e9forme des rythmes scolaires.<\/strong><\/p>\n<h3 class=\"spip\">\nAvis adopt\u00e9 \u00e0 l&rsquo;unanimit\u00e9 FSU et UNSA (sauf FO qui a refus\u00e9 de voter)<\/h3>\n<p class=\"spip\"><i class=\"spip\"><br \/>\n\u00ab L&rsquo;article 57 du d\u00e9cret du 28 mai 1982 modifi\u00e9 pr\u00e9cise que le CHSCT doit \u00eatre consult\u00e9 sur les projets importants modifiant les conditions de travail.<br \/>\nOr le d\u00e9cret du 24 janvier 2013 modifie les rythmes scolaires dans l&rsquo;enseignement du 1er degr\u00e9. Plus de 20% des \u00e9coles et de leurs personnels seront concern\u00e9s \u00e0 la rentr\u00e9e 2013 et tous le seront \u00e0 la rentr\u00e9e 2014.<br \/>\nLe CHSCT minist\u00e9riel demande que les CHSCT d\u00e9partementaux soient syst\u00e9matiquement saisis de cette question avant que les DASEN ne valident leur d\u00e9cision sur la nouvelle organisation du temps scolaire pour les personnels des \u00e9coles concern\u00e9es \u00bb.<\/i><\/p>\n<p class=\"spip\">C&rsquo;est parce que le SNUipp-FSU, a constat\u00e9 que les DASEN ne prenaient pas l&rsquo;initiative de cette consultation pourtant obligatoire, que le syndicat a d\u00e9cid\u00e9 de saisir le CHSCT minist\u00e9riel. Le pr\u00e9sident du CHSCT minist\u00e9riel a deux mois pour informer les membres du comit\u00e9 des suites qu&rsquo;il va donner \u00e0 cet avis.<br \/>\nDans tous les d\u00e9partements o\u00f9 les rythmes sont modifi\u00e9s, les CHSCT devraient se r\u00e9unir afin d&rsquo;examiner l&rsquo;incidence sur les conditions de travail des personnels travaillant dans les communes concern\u00e9es.<\/p>\n<p class=\"spip\">Le SNUipp-FSU 86 a d\u00e9j\u00e0 mis le sujet sur la table du dernier CHSCT d\u00e9partemental du 29 mars et du CHSCT acad\u00e9mique du 9 avril. Le SNUipp-FSU 86 a demand\u00e9 que chaque changement d&rsquo;organisation soit \u00e9tudi\u00e9e en CHSCT.<\/p>\n<\/div>\n","protected":false},"excerpt":{"rendered":"<p>A l&rsquo;initiative du SNUipp-FSU, le CHSCT minist\u00e9riel r\u00e9uni le 15 avril, a adopt\u00e9 un avis propos\u00e9 par la FSU et l&rsquo;UNSA demandant que les CHST d\u00e9partementaux soient syst\u00e9matiquement consult\u00e9s avant la validation par les DASEN des propositions de mise en \u0153uvre de la r\u00e9forme des rythmes scolaires. <br \/>Avis adopt\u00e9 \u00e0 l&rsquo;unanimit\u00e9 FSU et UNSA (sauf FO qui a refus\u00e9 de voter) <br \/>\u00ab L&rsquo;article 57 du d\u00e9cret du 28 mai 1982 modifi\u00e9 pr\u00e9cise que le CHSCT doit \u00eatre consult\u00e9 sur les projets (&#8230;)<br \/>\n&#8211;<br \/>\n<a href=\"http:\/\/86.snuipp.fr\/spip.php?rubrique218\" rel=\"directory\">Le service des enseignants<\/a><br \/>\n\/<br \/>\n<a href=\"http:\/\/86.snuipp.fr\/spip.php?mot315\" rel=\"tag\">Sant\u00e9<\/a>,<br \/>\n<a href=\"http:\/\/86.snuipp.fr\/spip.php?mot323\" rel=\"tag\">Rythmes scolaires<\/a><\/p>\n","protected":false},"author":1,"featured_media":0,"comment_status":"open","ping_status":"open","sticky":false,"template":"","format":"standard","meta":{"footnotes":""},"categories":[14],"tags":[],"class_list":["post-1215","post","type-post","status-publish","format-standard","hentry","category-a-la-une"],"yoast_head":"<!-- This site is optimized with the Yoast SEO plugin v26.6 - https:\/\/yoast.com\/wordpress\/plugins\/seo\/ -->\n<title>Rythmes scolaires et CHSCT - FSU-SNUipp 86<\/title>\n<meta name=\"robots\" content=\"index, follow, max-snippet:-1, max-image-preview:large, max-video-preview:-1\" \/>\n<link rel=\"canonical\" href=\"https:\/\/snuipp86.fr\/index.php\/2013\/04\/18\/rythmes-scolaires-et-chsct\/\" \/>\n<meta property=\"og:locale\" content=\"fr_FR\" \/>\n<meta property=\"og:type\" content=\"article\" \/>\n<meta property=\"og:title\" content=\"Rythmes scolaires et CHSCT - FSU-SNUipp 86\" \/>\n<meta property=\"og:description\" content=\"A l&#039;initiative du SNUipp-FSU, le CHSCT minist\u00e9riel r\u00e9uni le 15 avril, a adopt\u00e9 un avis propos\u00e9 par la FSU et l&#039;UNSA demandant que les CHST d\u00e9partementaux soient syst\u00e9matiquement consult\u00e9s avant la validation par les DASEN des propositions de mise en \u0153uvre de la r\u00e9forme des rythmes scolaires. Avis adopt\u00e9 \u00e0 l&#039;unanimit\u00e9 FSU et UNSA (sauf FO qui a refus\u00e9 de voter) \u00ab L&#039;article 57 du d\u00e9cret du 28 mai 1982 modifi\u00e9 pr\u00e9cise que le CHSCT doit \u00eatre consult\u00e9 sur les projets (...) - Le service des enseignants \/ Sant\u00e9, Rythmes scolaires\" \/>\n<meta property=\"og:url\" content=\"https:\/\/snuipp86.fr\/index.php\/2013\/04\/18\/rythmes-scolaires-et-chsct\/\" \/>\n<meta property=\"og:site_name\" content=\"FSU-SNUipp 86\" \/>\n<meta property=\"article:published_time\" content=\"2013-04-18T06:04:27+00:00\" \/>\n<meta property=\"og:image\" content=\"http:\/\/snuipp86.fr\/wp-content\/spip\/IMG\/arton2387.jpg\" \/>\n<meta name=\"author\" content=\"WP86Admin\" \/>\n<meta name=\"twitter:card\" content=\"summary_large_image\" \/>\n<meta name=\"twitter:label1\" content=\"\u00c9crit par\" \/>\n\t<meta name=\"twitter:data1\" content=\"WP86Admin\" \/>\n\t<meta name=\"twitter:label2\" content=\"Dur\u00e9e de lecture estim\u00e9e\" \/>\n\t<meta name=\"twitter:data2\" content=\"1 minute\" \/>\n<script type=\"application\/ld+json\" class=\"yoast-schema-graph\">{\"@context\":\"https:\/\/schema.org\",\"@graph\":[{\"@type\":\"WebPage\",\"@id\":\"https:\/\/snuipp86.fr\/index.php\/2013\/04\/18\/rythmes-scolaires-et-chsct\/\",\"url\":\"https:\/\/snuipp86.fr\/index.php\/2013\/04\/18\/rythmes-scolaires-et-chsct\/\",\"name\":\"Rythmes scolaires et CHSCT - FSU-SNUipp 86\",\"isPartOf\":{\"@id\":\"https:\/\/snuipp86.fr\/#website\"},\"primaryImageOfPage\":{\"@id\":\"https:\/\/snuipp86.fr\/index.php\/2013\/04\/18\/rythmes-scolaires-et-chsct\/#primaryimage\"},\"image\":{\"@id\":\"https:\/\/snuipp86.fr\/index.php\/2013\/04\/18\/rythmes-scolaires-et-chsct\/#primaryimage\"},\"thumbnailUrl\":\"http:\/\/snuipp86.fr\/wp-content\/spip\/IMG\/arton2387.jpg\",\"datePublished\":\"2013-04-18T06:04:27+00:00\",\"author\":{\"@id\":\"https:\/\/snuipp86.fr\/#\/schema\/person\/901b28b9ae1c7a63a6a940102e52a7a2\"},\"breadcrumb\":{\"@id\":\"https:\/\/snuipp86.fr\/index.php\/2013\/04\/18\/rythmes-scolaires-et-chsct\/#breadcrumb\"},\"inLanguage\":\"fr-FR\",\"potentialAction\":[{\"@type\":\"ReadAction\",\"target\":[\"https:\/\/snuipp86.fr\/index.php\/2013\/04\/18\/rythmes-scolaires-et-chsct\/\"]}]},{\"@type\":\"ImageObject\",\"inLanguage\":\"fr-FR\",\"@id\":\"https:\/\/snuipp86.fr\/index.php\/2013\/04\/18\/rythmes-scolaires-et-chsct\/#primaryimage\",\"url\":\"http:\/\/snuipp86.fr\/wp-content\/spip\/IMG\/arton2387.jpg\",\"contentUrl\":\"http:\/\/snuipp86.fr\/wp-content\/spip\/IMG\/arton2387.jpg\"},{\"@type\":\"BreadcrumbList\",\"@id\":\"https:\/\/snuipp86.fr\/index.php\/2013\/04\/18\/rythmes-scolaires-et-chsct\/#breadcrumb\",\"itemListElement\":[{\"@type\":\"ListItem\",\"position\":1,\"name\":\"Accueil\",\"item\":\"https:\/\/snuipp86.fr\/\"},{\"@type\":\"ListItem\",\"position\":2,\"name\":\"Rythmes scolaires et CHSCT\"}]},{\"@type\":\"WebSite\",\"@id\":\"https:\/\/snuipp86.fr\/#website\",\"url\":\"https:\/\/snuipp86.fr\/\",\"name\":\"FSU-SNUipp 86\",\"description\":\"Des id\u00e9es qui font l&#039;\u00e9cole\",\"potentialAction\":[{\"@type\":\"SearchAction\",\"target\":{\"@type\":\"EntryPoint\",\"urlTemplate\":\"https:\/\/snuipp86.fr\/?s={search_term_string}\"},\"query-input\":{\"@type\":\"PropertyValueSpecification\",\"valueRequired\":true,\"valueName\":\"search_term_string\"}}],\"inLanguage\":\"fr-FR\"},{\"@type\":\"Person\",\"@id\":\"https:\/\/snuipp86.fr\/#\/schema\/person\/901b28b9ae1c7a63a6a940102e52a7a2\",\"name\":\"WP86Admin\",\"image\":{\"@type\":\"ImageObject\",\"inLanguage\":\"fr-FR\",\"@id\":\"https:\/\/snuipp86.fr\/#\/schema\/person\/image\/\",\"url\":\"https:\/\/secure.gravatar.com\/avatar\/0099845c7ec05dc10d777d8ab4f5142c5ba316283821af2459738ad469a37a1a?s=96&d=mm&r=g\",\"contentUrl\":\"https:\/\/secure.gravatar.com\/avatar\/0099845c7ec05dc10d777d8ab4f5142c5ba316283821af2459738ad469a37a1a?s=96&d=mm&r=g\",\"caption\":\"WP86Admin\"},\"url\":\"https:\/\/snuipp86.fr\/index.php\/author\/wp86admin\/\"}]}<\/script>\n<!-- \/ Yoast SEO plugin. -->","yoast_head_json":{"title":"Rythmes scolaires et CHSCT - FSU-SNUipp 86","robots":{"index":"index","follow":"follow","max-snippet":"max-snippet:-1","max-image-preview":"max-image-preview:large","max-video-preview":"max-video-preview:-1"},"canonical":"https:\/\/snuipp86.fr\/index.php\/2013\/04\/18\/rythmes-scolaires-et-chsct\/","og_locale":"fr_FR","og_type":"article","og_title":"Rythmes scolaires et CHSCT - FSU-SNUipp 86","og_description":"A l'initiative du SNUipp-FSU, le CHSCT minist\u00e9riel r\u00e9uni le 15 avril, a adopt\u00e9 un avis propos\u00e9 par la FSU et l'UNSA demandant que les CHST d\u00e9partementaux soient syst\u00e9matiquement consult\u00e9s avant la validation par les DASEN des propositions de mise en \u0153uvre de la r\u00e9forme des rythmes scolaires. Avis adopt\u00e9 \u00e0 l'unanimit\u00e9 FSU et UNSA (sauf FO qui a refus\u00e9 de voter) \u00ab L'article 57 du d\u00e9cret du 28 mai 1982 modifi\u00e9 pr\u00e9cise que le CHSCT doit \u00eatre consult\u00e9 sur les projets (...) - Le service des enseignants \/ Sant\u00e9, Rythmes scolaires","og_url":"https:\/\/snuipp86.fr\/index.php\/2013\/04\/18\/rythmes-scolaires-et-chsct\/","og_site_name":"FSU-SNUipp 86","article_published_time":"2013-04-18T06:04:27+00:00","og_image":[{"url":"http:\/\/snuipp86.fr\/wp-content\/spip\/IMG\/arton2387.jpg","type":"","width":"","height":""}],"author":"WP86Admin","twitter_card":"summary_large_image","twitter_misc":{"\u00c9crit par":"WP86Admin","Dur\u00e9e de lecture estim\u00e9e":"1 minute"},"schema":{"@context":"https:\/\/schema.org","@graph":[{"@type":"WebPage","@id":"https:\/\/snuipp86.fr\/index.php\/2013\/04\/18\/rythmes-scolaires-et-chsct\/","url":"https:\/\/snuipp86.fr\/index.php\/2013\/04\/18\/rythmes-scolaires-et-chsct\/","name":"Rythmes scolaires et CHSCT - FSU-SNUipp 86","isPartOf":{"@id":"https:\/\/snuipp86.fr\/#website"},"primaryImageOfPage":{"@id":"https:\/\/snuipp86.fr\/index.php\/2013\/04\/18\/rythmes-scolaires-et-chsct\/#primaryimage"},"image":{"@id":"https:\/\/snuipp86.fr\/index.php\/2013\/04\/18\/rythmes-scolaires-et-chsct\/#primaryimage"},"thumbnailUrl":"http:\/\/snuipp86.fr\/wp-content\/spip\/IMG\/arton2387.jpg","datePublished":"2013-04-18T06:04:27+00:00","author":{"@id":"https:\/\/snuipp86.fr\/#\/schema\/person\/901b28b9ae1c7a63a6a940102e52a7a2"},"breadcrumb":{"@id":"https:\/\/snuipp86.fr\/index.php\/2013\/04\/18\/rythmes-scolaires-et-chsct\/#breadcrumb"},"inLanguage":"fr-FR","potentialAction":[{"@type":"ReadAction","target":["https:\/\/snuipp86.fr\/index.php\/2013\/04\/18\/rythmes-scolaires-et-chsct\/"]}]},{"@type":"ImageObject","inLanguage":"fr-FR","@id":"https:\/\/snuipp86.fr\/index.php\/2013\/04\/18\/rythmes-scolaires-et-chsct\/#primaryimage","url":"http:\/\/snuipp86.fr\/wp-content\/spip\/IMG\/arton2387.jpg","contentUrl":"http:\/\/snuipp86.fr\/wp-content\/spip\/IMG\/arton2387.jpg"},{"@type":"BreadcrumbList","@id":"https:\/\/snuipp86.fr\/index.php\/2013\/04\/18\/rythmes-scolaires-et-chsct\/#breadcrumb","itemListElement":[{"@type":"ListItem","position":1,"name":"Accueil","item":"https:\/\/snuipp86.fr\/"},{"@type":"ListItem","position":2,"name":"Rythmes scolaires et CHSCT"}]},{"@type":"WebSite","@id":"https:\/\/snuipp86.fr\/#website","url":"https:\/\/snuipp86.fr\/","name":"FSU-SNUipp 86","description":"Des id\u00e9es qui font l&#039;\u00e9cole","potentialAction":[{"@type":"SearchAction","target":{"@type":"EntryPoint","urlTemplate":"https:\/\/snuipp86.fr\/?s={search_term_string}"},"query-input":{"@type":"PropertyValueSpecification","valueRequired":true,"valueName":"search_term_string"}}],"inLanguage":"fr-FR"},{"@type":"Person","@id":"https:\/\/snuipp86.fr\/#\/schema\/person\/901b28b9ae1c7a63a6a940102e52a7a2","name":"WP86Admin","image":{"@type":"ImageObject","inLanguage":"fr-FR","@id":"https:\/\/snuipp86.fr\/#\/schema\/person\/image\/","url":"https:\/\/secure.gravatar.com\/avatar\/0099845c7ec05dc10d777d8ab4f5142c5ba316283821af2459738ad469a37a1a?s=96&d=mm&r=g","contentUrl":"https:\/\/secure.gravatar.com\/avatar\/0099845c7ec05dc10d777d8ab4f5142c5ba316283821af2459738ad469a37a1a?s=96&d=mm&r=g","caption":"WP86Admin"},"url":"https:\/\/snuipp86.fr\/index.php\/author\/wp86admin\/"}]}},"_links":{"self":[{"href":"https:\/\/snuipp86.fr\/index.php\/wp-json\/wp\/v2\/posts\/1215","targetHints":{"allow":["GET"]}}],"collection":[{"href":"https:\/\/snuipp86.fr\/index.php\/wp-json\/wp\/v2\/posts"}],"about":[{"href":"https:\/\/snuipp86.fr\/index.php\/wp-json\/wp\/v2\/types\/post"}],"author":[{"embeddable":true,"href":"https:\/\/snuipp86.fr\/index.php\/wp-json\/wp\/v2\/users\/1"}],"replies":[{"embeddable":true,"href":"https:\/\/snuipp86.fr\/index.php\/wp-json\/wp\/v2\/comments?post=1215"}],"version-history":[{"count":0,"href":"https:\/\/snuipp86.fr\/index.php\/wp-json\/wp\/v2\/posts\/1215\/revisions"}],"wp:attachment":[{"href":"https:\/\/snuipp86.fr\/index.php\/wp-json\/wp\/v2\/media?parent=1215"}],"wp:term":[{"taxonomy":"category","embeddable":true,"href":"https:\/\/snuipp86.fr\/index.php\/wp-json\/wp\/v2\/categories?post=1215"},{"taxonomy":"post_tag","embeddable":true,"href":"https:\/\/snuipp86.fr\/index.php\/wp-json\/wp\/v2\/tags?post=1215"}],"curies":[{"name":"wp","href":"https:\/\/api.w.org\/{rel}","templated":true}]}}