{"id":125,"date":"2018-07-30T07:34:29","date_gmt":"2018-07-30T07:34:29","guid":{"rendered":"http:\/\/localhost\/wordpress\/2018\/07\/30\/hors-classe-2018-2-nouvelles-promotions-pour-la-vienne\/"},"modified":"2018-07-30T07:34:29","modified_gmt":"2018-07-30T07:34:29","slug":"hors-classe-2018-2-nouvelles-promotions-pour-la-vienne","status":"publish","type":"post","link":"https:\/\/snuipp86.fr\/index.php\/2018\/07\/30\/hors-classe-2018-2-nouvelles-promotions-pour-la-vienne\/","title":{"rendered":"Hors Classe 2018 : + 2 nouvelles promotions pour la Vienne"},"content":{"rendered":"<p><img decoding=\"async\" src=\"https:\/\/snuipp86.fr\/wp-content\/spip\/IMG\/arton4042.jpg\" alt=\"\" align=\"right\" width=\"816\" height=\"544\" class=\"spip_logos\" \/><\/p>\n<div class='rss_texte'>\n<p class=\"spip\">Suite \u00e0 la publication officielle des contingents de passage \u00e0 la Hors Classe (<a href=\"https:\/\/www.legifrance.gouv.fr\/affichTexte.do;jsessionid=3DEC9E5DE30CA3D0B60BD2A872360753.tplgfr38s_2?cidTexte=JORFTEXT000037226303&#038;dateTexte=&#038;oldAction=rechJO&#038;categorieLien=id&#038;idJO=JORFCONT000037226100\" class=\"spip_out\">13.2% en 2018<\/a> ), la Vienne a donc eu 81 passages pour la rentr\u00e9e 2018 et non 79 comme d\u00e9j\u00e0 arr\u00e9t\u00e9s \u00e0 la <a href=\"http:\/\/86.snuipp.fr\/spip.php?article4002\" class=\"spip_out\">CAPD du 26 juin<\/a>. Pour rappel, le nombre de promotions \u00e0 la Hors Classe est en augmentation du fait des accords PPCR que le SNUipp-FSU a sign\u00e9. Le minist\u00e8re vient d&rsquo;ailleurs d&rsquo;annoncer que pour l&rsquo;ann\u00e9e prochaine, le contingent allait augmenter et ainsi se rapprocher de celui du 2nd degr\u00e9 comme le pr\u00e9voit l&rsquo;accord : 15.1% en 2019 ( rappel : 17% pour le 2nd degr\u00e9 ).<\/p>\n<p class=\"spip\">Cependant pour le SNUipp-FSU, cela reste largement insuffisant et une p\u00e9tition lanc\u00e9e par le SNUipp-FSU est en ligne pour notamment demander :<br \/>\n<br \/><img decoding=\"async\" src=\"https:\/\/snuipp86.fr\/wp-content\/spip\/cache-vignettes\/L8xH11\/puce-68c92.gif\" width='8' height='11' alt=\"-\" style='height:11px;width:8px;' class='' \/> l&rsquo;ensemble des avis puisse faire l&rsquo;objet d&rsquo;un recours ; ( cela sera le cas pour tous les avis prononc\u00e9s d\u00e8s cette rentr\u00e9e 2018 mais ce ne le fut pas pour cette ann\u00e9e \u00ab\u00a0transitoire\u00a0\u00bb 2017\/18 ) <br \/><img decoding=\"async\" src=\"https:\/\/snuipp86.fr\/wp-content\/spip\/cache-vignettes\/L8xH11\/puce-68c92.gif\" width='8' height='11' alt=\"-\" style='height:11px;width:8px;' class='' \/> ces avis soient r\u00e9visables d\u00e8s l&rsquo;ann\u00e9e prochaine ; ( les avis \u00a0\u00bb excellent \u00a0\u00bb de l&rsquo;IA ont par exemple \u00e9taient donn\u00e9s sans regarder les retards d&rsquo;inspection et de nombreux-ses coll\u00e8gues se sentent l\u00e9s\u00e9-e-s &#8230; avec raison, car la circulaire indique \u00a0\u00bb Vous veillerez \u00e0 tenir compte, le cas \u00e9ch\u00e9ant, de l&rsquo;anciennet\u00e9 de la note dans le cadre de votre appr\u00e9ciation. \u00a0\u00bb ) <br \/><img decoding=\"async\" src=\"https:\/\/snuipp86.fr\/wp-content\/spip\/cache-vignettes\/L8xH11\/puce-68c92.gif\" width='8' height='11' alt=\"-\" style='height:11px;width:8px;' class='' \/> en cas d&rsquo;\u00e9galit\u00e9 de bar\u00e8me, l&rsquo;anciennet\u00e9 de service soit prise en compte sur l&rsquo;ensemble de la carri\u00e8re. ( actuellement seule l&rsquo;anciennet\u00e9 dans le corps des professeurs des \u00e9coles est prise en compte !!! ainsi, les coll\u00e8gues qui ont \u00e9t\u00e9 instits puis professeur des \u00e9coles voient leur anciennet\u00e9 r\u00e9duite !)<\/p>\n<p class=\"spip\">Signez et faites signer sur ce lien : <a href=\"http:\/\/86.snuipp.fr\/spip.php?article4010\" class=\"spip_out\">http:\/\/86.snuipp.fr\/spip.php ?article4010<\/a><\/p>\n<p class=\"spip\">Le SNUipp-FSU continue de demander que l&rsquo;avancement soit d\u00e9connect\u00e9 de l&rsquo;\u00e9valuation et des fonctions exerc\u00e9es. Il revendique une refonte compl\u00e8te de la grille permettant d&rsquo;atteindre l&rsquo;indice 1 000 en fin de carri\u00e8re. De fa\u00e7on transitoire, pour \u00e9viter tout blocage de grade, le SNUipp-FSU revendique un passage automatique, et hors contingent, \u00e0 la hors-classe intervenant au plus tard lorsqu&rsquo;une anciennet\u00e9 de 3 ans est acquise dans l&rsquo;\u00e9chelon 11. Pour le SNUipp-FSU, aucun PE avec une carri\u00e8re compl\u00e8te ne doit partir \u00e0 la retraite sans acc\u00e9der \u00e0 la hors-classe.<\/p>\n<\/div>\n","protected":false},"excerpt":{"rendered":"<p>Suite \u00e0 la publication officielle des contingents de passage \u00e0 la Hors Classe (13.2% en 2018 ), la Vienne a donc eu 81 passages pour la rentr\u00e9e 2018 et non 79 comme d\u00e9j\u00e0 arr\u00e9t\u00e9s \u00e0 la CAPD du 26 juin. Pour rappel, le nombre de promotions \u00e0 la Hors Classe est en augmentation du fait des accords PPCR que le SNUipp-FSU a sign\u00e9. Le minist\u00e8re vient d&rsquo;ailleurs d&rsquo;annoncer que pour l&rsquo;ann\u00e9e prochaine, le contingent allait augmenter et ainsi se rapprocher de celui du 2nd degr\u00e9 comme le pr\u00e9voit (&#8230;)<br \/>\n&#8211;<br \/>\n<a href=\"http:\/\/86.snuipp.fr\/spip.php?rubrique120\" rel=\"directory\">Promotions<\/a><br \/>\n\/<br \/>\n<a href=\"http:\/\/86.snuipp.fr\/spip.php?mot283\" rel=\"tag\">Promotions<\/a><\/p>\n","protected":false},"author":1,"featured_media":0,"comment_status":"open","ping_status":"open","sticky":false,"template":"","format":"standard","meta":{"footnotes":""},"categories":[14],"tags":[],"class_list":["post-125","post","type-post","status-publish","format-standard","hentry","category-a-la-une"],"yoast_head":"<!-- This site is optimized with the Yoast SEO plugin v26.6 - https:\/\/yoast.com\/wordpress\/plugins\/seo\/ -->\n<title>Hors Classe 2018 : + 2 nouvelles promotions pour la Vienne - FSU-SNUipp 86<\/title>\n<meta name=\"robots\" content=\"index, follow, max-snippet:-1, max-image-preview:large, max-video-preview:-1\" \/>\n<link rel=\"canonical\" href=\"https:\/\/snuipp86.fr\/index.php\/2018\/07\/30\/hors-classe-2018-2-nouvelles-promotions-pour-la-vienne\/\" \/>\n<meta property=\"og:locale\" content=\"fr_FR\" \/>\n<meta property=\"og:type\" content=\"article\" \/>\n<meta property=\"og:title\" content=\"Hors Classe 2018 : + 2 nouvelles promotions pour la Vienne - FSU-SNUipp 86\" \/>\n<meta property=\"og:description\" content=\"Suite \u00e0 la publication officielle des contingents de passage \u00e0 la Hors Classe (13.2% en 2018 ), la Vienne a donc eu 81 passages pour la rentr\u00e9e 2018 et non 79 comme d\u00e9j\u00e0 arr\u00e9t\u00e9s \u00e0 la CAPD du 26 juin. Pour rappel, le nombre de promotions \u00e0 la Hors Classe est en augmentation du fait des accords PPCR que le SNUipp-FSU a sign\u00e9. Le minist\u00e8re vient d&#039;ailleurs d&#039;annoncer que pour l&#039;ann\u00e9e prochaine, le contingent allait augmenter et ainsi se rapprocher de celui du 2nd degr\u00e9 comme le pr\u00e9voit (...) - Promotions \/ Promotions\" \/>\n<meta property=\"og:url\" content=\"https:\/\/snuipp86.fr\/index.php\/2018\/07\/30\/hors-classe-2018-2-nouvelles-promotions-pour-la-vienne\/\" \/>\n<meta property=\"og:site_name\" content=\"FSU-SNUipp 86\" \/>\n<meta property=\"article:published_time\" content=\"2018-07-30T07:34:29+00:00\" \/>\n<meta property=\"og:image\" content=\"http:\/\/snuipp86.fr\/wp-content\/spip\/IMG\/arton4042.jpg\" \/>\n<meta name=\"author\" content=\"WP86Admin\" \/>\n<meta name=\"twitter:card\" content=\"summary_large_image\" \/>\n<meta name=\"twitter:label1\" content=\"\u00c9crit par\" \/>\n\t<meta name=\"twitter:data1\" content=\"WP86Admin\" \/>\n\t<meta name=\"twitter:label2\" content=\"Dur\u00e9e de lecture estim\u00e9e\" \/>\n\t<meta name=\"twitter:data2\" content=\"2 minutes\" \/>\n<script type=\"application\/ld+json\" class=\"yoast-schema-graph\">{\"@context\":\"https:\/\/schema.org\",\"@graph\":[{\"@type\":\"WebPage\",\"@id\":\"https:\/\/snuipp86.fr\/index.php\/2018\/07\/30\/hors-classe-2018-2-nouvelles-promotions-pour-la-vienne\/\",\"url\":\"https:\/\/snuipp86.fr\/index.php\/2018\/07\/30\/hors-classe-2018-2-nouvelles-promotions-pour-la-vienne\/\",\"name\":\"Hors Classe 2018 : + 2 nouvelles promotions pour la Vienne - FSU-SNUipp 86\",\"isPartOf\":{\"@id\":\"https:\/\/snuipp86.fr\/#website\"},\"primaryImageOfPage\":{\"@id\":\"https:\/\/snuipp86.fr\/index.php\/2018\/07\/30\/hors-classe-2018-2-nouvelles-promotions-pour-la-vienne\/#primaryimage\"},\"image\":{\"@id\":\"https:\/\/snuipp86.fr\/index.php\/2018\/07\/30\/hors-classe-2018-2-nouvelles-promotions-pour-la-vienne\/#primaryimage\"},\"thumbnailUrl\":\"http:\/\/snuipp86.fr\/wp-content\/spip\/IMG\/arton4042.jpg\",\"datePublished\":\"2018-07-30T07:34:29+00:00\",\"author\":{\"@id\":\"https:\/\/snuipp86.fr\/#\/schema\/person\/901b28b9ae1c7a63a6a940102e52a7a2\"},\"breadcrumb\":{\"@id\":\"https:\/\/snuipp86.fr\/index.php\/2018\/07\/30\/hors-classe-2018-2-nouvelles-promotions-pour-la-vienne\/#breadcrumb\"},\"inLanguage\":\"fr-FR\",\"potentialAction\":[{\"@type\":\"ReadAction\",\"target\":[\"https:\/\/snuipp86.fr\/index.php\/2018\/07\/30\/hors-classe-2018-2-nouvelles-promotions-pour-la-vienne\/\"]}]},{\"@type\":\"ImageObject\",\"inLanguage\":\"fr-FR\",\"@id\":\"https:\/\/snuipp86.fr\/index.php\/2018\/07\/30\/hors-classe-2018-2-nouvelles-promotions-pour-la-vienne\/#primaryimage\",\"url\":\"http:\/\/snuipp86.fr\/wp-content\/spip\/IMG\/arton4042.jpg\",\"contentUrl\":\"http:\/\/snuipp86.fr\/wp-content\/spip\/IMG\/arton4042.jpg\"},{\"@type\":\"BreadcrumbList\",\"@id\":\"https:\/\/snuipp86.fr\/index.php\/2018\/07\/30\/hors-classe-2018-2-nouvelles-promotions-pour-la-vienne\/#breadcrumb\",\"itemListElement\":[{\"@type\":\"ListItem\",\"position\":1,\"name\":\"Accueil\",\"item\":\"https:\/\/snuipp86.fr\/\"},{\"@type\":\"ListItem\",\"position\":2,\"name\":\"Hors Classe 2018 : + 2 nouvelles promotions pour la Vienne\"}]},{\"@type\":\"WebSite\",\"@id\":\"https:\/\/snuipp86.fr\/#website\",\"url\":\"https:\/\/snuipp86.fr\/\",\"name\":\"FSU-SNUipp 86\",\"description\":\"Des id\u00e9es qui font l&#039;\u00e9cole\",\"potentialAction\":[{\"@type\":\"SearchAction\",\"target\":{\"@type\":\"EntryPoint\",\"urlTemplate\":\"https:\/\/snuipp86.fr\/?s={search_term_string}\"},\"query-input\":{\"@type\":\"PropertyValueSpecification\",\"valueRequired\":true,\"valueName\":\"search_term_string\"}}],\"inLanguage\":\"fr-FR\"},{\"@type\":\"Person\",\"@id\":\"https:\/\/snuipp86.fr\/#\/schema\/person\/901b28b9ae1c7a63a6a940102e52a7a2\",\"name\":\"WP86Admin\",\"image\":{\"@type\":\"ImageObject\",\"inLanguage\":\"fr-FR\",\"@id\":\"https:\/\/snuipp86.fr\/#\/schema\/person\/image\/\",\"url\":\"https:\/\/secure.gravatar.com\/avatar\/0099845c7ec05dc10d777d8ab4f5142c5ba316283821af2459738ad469a37a1a?s=96&d=mm&r=g\",\"contentUrl\":\"https:\/\/secure.gravatar.com\/avatar\/0099845c7ec05dc10d777d8ab4f5142c5ba316283821af2459738ad469a37a1a?s=96&d=mm&r=g\",\"caption\":\"WP86Admin\"},\"url\":\"https:\/\/snuipp86.fr\/index.php\/author\/wp86admin\/\"}]}<\/script>\n<!-- \/ Yoast SEO plugin. -->","yoast_head_json":{"title":"Hors Classe 2018 : + 2 nouvelles promotions pour la Vienne - FSU-SNUipp 86","robots":{"index":"index","follow":"follow","max-snippet":"max-snippet:-1","max-image-preview":"max-image-preview:large","max-video-preview":"max-video-preview:-1"},"canonical":"https:\/\/snuipp86.fr\/index.php\/2018\/07\/30\/hors-classe-2018-2-nouvelles-promotions-pour-la-vienne\/","og_locale":"fr_FR","og_type":"article","og_title":"Hors Classe 2018 : + 2 nouvelles promotions pour la Vienne - FSU-SNUipp 86","og_description":"Suite \u00e0 la publication officielle des contingents de passage \u00e0 la Hors Classe (13.2% en 2018 ), la Vienne a donc eu 81 passages pour la rentr\u00e9e 2018 et non 79 comme d\u00e9j\u00e0 arr\u00e9t\u00e9s \u00e0 la CAPD du 26 juin. Pour rappel, le nombre de promotions \u00e0 la Hors Classe est en augmentation du fait des accords PPCR que le SNUipp-FSU a sign\u00e9. Le minist\u00e8re vient d'ailleurs d'annoncer que pour l'ann\u00e9e prochaine, le contingent allait augmenter et ainsi se rapprocher de celui du 2nd degr\u00e9 comme le pr\u00e9voit (...) - Promotions \/ Promotions","og_url":"https:\/\/snuipp86.fr\/index.php\/2018\/07\/30\/hors-classe-2018-2-nouvelles-promotions-pour-la-vienne\/","og_site_name":"FSU-SNUipp 86","article_published_time":"2018-07-30T07:34:29+00:00","og_image":[{"url":"http:\/\/snuipp86.fr\/wp-content\/spip\/IMG\/arton4042.jpg","type":"","width":"","height":""}],"author":"WP86Admin","twitter_card":"summary_large_image","twitter_misc":{"\u00c9crit par":"WP86Admin","Dur\u00e9e de lecture estim\u00e9e":"2 minutes"},"schema":{"@context":"https:\/\/schema.org","@graph":[{"@type":"WebPage","@id":"https:\/\/snuipp86.fr\/index.php\/2018\/07\/30\/hors-classe-2018-2-nouvelles-promotions-pour-la-vienne\/","url":"https:\/\/snuipp86.fr\/index.php\/2018\/07\/30\/hors-classe-2018-2-nouvelles-promotions-pour-la-vienne\/","name":"Hors Classe 2018 : + 2 nouvelles promotions pour la Vienne - FSU-SNUipp 86","isPartOf":{"@id":"https:\/\/snuipp86.fr\/#website"},"primaryImageOfPage":{"@id":"https:\/\/snuipp86.fr\/index.php\/2018\/07\/30\/hors-classe-2018-2-nouvelles-promotions-pour-la-vienne\/#primaryimage"},"image":{"@id":"https:\/\/snuipp86.fr\/index.php\/2018\/07\/30\/hors-classe-2018-2-nouvelles-promotions-pour-la-vienne\/#primaryimage"},"thumbnailUrl":"http:\/\/snuipp86.fr\/wp-content\/spip\/IMG\/arton4042.jpg","datePublished":"2018-07-30T07:34:29+00:00","author":{"@id":"https:\/\/snuipp86.fr\/#\/schema\/person\/901b28b9ae1c7a63a6a940102e52a7a2"},"breadcrumb":{"@id":"https:\/\/snuipp86.fr\/index.php\/2018\/07\/30\/hors-classe-2018-2-nouvelles-promotions-pour-la-vienne\/#breadcrumb"},"inLanguage":"fr-FR","potentialAction":[{"@type":"ReadAction","target":["https:\/\/snuipp86.fr\/index.php\/2018\/07\/30\/hors-classe-2018-2-nouvelles-promotions-pour-la-vienne\/"]}]},{"@type":"ImageObject","inLanguage":"fr-FR","@id":"https:\/\/snuipp86.fr\/index.php\/2018\/07\/30\/hors-classe-2018-2-nouvelles-promotions-pour-la-vienne\/#primaryimage","url":"http:\/\/snuipp86.fr\/wp-content\/spip\/IMG\/arton4042.jpg","contentUrl":"http:\/\/snuipp86.fr\/wp-content\/spip\/IMG\/arton4042.jpg"},{"@type":"BreadcrumbList","@id":"https:\/\/snuipp86.fr\/index.php\/2018\/07\/30\/hors-classe-2018-2-nouvelles-promotions-pour-la-vienne\/#breadcrumb","itemListElement":[{"@type":"ListItem","position":1,"name":"Accueil","item":"https:\/\/snuipp86.fr\/"},{"@type":"ListItem","position":2,"name":"Hors Classe 2018 : + 2 nouvelles promotions pour la Vienne"}]},{"@type":"WebSite","@id":"https:\/\/snuipp86.fr\/#website","url":"https:\/\/snuipp86.fr\/","name":"FSU-SNUipp 86","description":"Des id\u00e9es qui font l&#039;\u00e9cole","potentialAction":[{"@type":"SearchAction","target":{"@type":"EntryPoint","urlTemplate":"https:\/\/snuipp86.fr\/?s={search_term_string}"},"query-input":{"@type":"PropertyValueSpecification","valueRequired":true,"valueName":"search_term_string"}}],"inLanguage":"fr-FR"},{"@type":"Person","@id":"https:\/\/snuipp86.fr\/#\/schema\/person\/901b28b9ae1c7a63a6a940102e52a7a2","name":"WP86Admin","image":{"@type":"ImageObject","inLanguage":"fr-FR","@id":"https:\/\/snuipp86.fr\/#\/schema\/person\/image\/","url":"https:\/\/secure.gravatar.com\/avatar\/0099845c7ec05dc10d777d8ab4f5142c5ba316283821af2459738ad469a37a1a?s=96&d=mm&r=g","contentUrl":"https:\/\/secure.gravatar.com\/avatar\/0099845c7ec05dc10d777d8ab4f5142c5ba316283821af2459738ad469a37a1a?s=96&d=mm&r=g","caption":"WP86Admin"},"url":"https:\/\/snuipp86.fr\/index.php\/author\/wp86admin\/"}]}},"_links":{"self":[{"href":"https:\/\/snuipp86.fr\/index.php\/wp-json\/wp\/v2\/posts\/125","targetHints":{"allow":["GET"]}}],"collection":[{"href":"https:\/\/snuipp86.fr\/index.php\/wp-json\/wp\/v2\/posts"}],"about":[{"href":"https:\/\/snuipp86.fr\/index.php\/wp-json\/wp\/v2\/types\/post"}],"author":[{"embeddable":true,"href":"https:\/\/snuipp86.fr\/index.php\/wp-json\/wp\/v2\/users\/1"}],"replies":[{"embeddable":true,"href":"https:\/\/snuipp86.fr\/index.php\/wp-json\/wp\/v2\/comments?post=125"}],"version-history":[{"count":0,"href":"https:\/\/snuipp86.fr\/index.php\/wp-json\/wp\/v2\/posts\/125\/revisions"}],"wp:attachment":[{"href":"https:\/\/snuipp86.fr\/index.php\/wp-json\/wp\/v2\/media?parent=125"}],"wp:term":[{"taxonomy":"category","embeddable":true,"href":"https:\/\/snuipp86.fr\/index.php\/wp-json\/wp\/v2\/categories?post=125"},{"taxonomy":"post_tag","embeddable":true,"href":"https:\/\/snuipp86.fr\/index.php\/wp-json\/wp\/v2\/tags?post=125"}],"curies":[{"name":"wp","href":"https:\/\/api.w.org\/{rel}","templated":true}]}}