{"id":1251,"date":"2013-02-20T10:57:40","date_gmt":"2013-02-20T10:57:40","guid":{"rendered":"http:\/\/localhost\/wordpress\/2013\/02\/20\/accord-scurisation-de-lemploi-lments-danalyse-et-actions\/"},"modified":"2013-02-20T10:57:40","modified_gmt":"2013-02-20T10:57:40","slug":"accord-scurisation-de-lemploi-lments-danalyse-et-actions","status":"publish","type":"post","link":"https:\/\/snuipp86.fr\/index.php\/2013\/02\/20\/accord-scurisation-de-lemploi-lments-danalyse-et-actions\/","title":{"rendered":"Accord \u00ab\u00a0S\u00e9curisation de l&#8217;emploi\u00a0\u00bb : \u00e9l\u00e9ments d&rsquo;analyse et actions"},"content":{"rendered":"<p><img decoding=\"async\" src=\"https:\/\/snuipp86.fr\/wp-content\/spip\/IMG\/arton2348.jpg\" alt=\"\" align=\"right\" width=\"488\" height=\"374\" class=\"spip_logos\" \/><\/p>\n<div class='rss_texte'>\n<p class=\"spip\">La FSU 86 soutient les manifestations qui auront lieu \u00e0 Ch\u00e2tellerault et Poitiers le 5 mars \u00e0 l&rsquo;appel de CGT, FO et Solidaires. (voir tract en pi\u00e8ce jointe)<\/p>\n<p class=\"spip\">Pour mieux comprendre les raisons de l&rsquo;opposition \u00e0<a href=\"http:\/\/www.lefigaro.fr\/assets\/pdf\/Accord%20de%20securisation%20de%20l%27emploi.pdf\" class=\"spip_out\"> ce texte<\/a>, nous vous proposons la lecture du communiqu\u00e9 de presse de la FSU datant du 12 janvier, puis un appel unitaire incitant \u00e0 des actions contre ce texte.<\/p>\n<hr class=\"spip\" \/>\n<p class=\"spip\"><strong class=\"spip\">Le droit du travail en jeu&#8230;<\/strong><\/p>\n<p class=\"spip\">La n\u00e9gociation entre les syndicats et les organisations patronales visant \u00ab \u00e0 une meilleure s\u00e9curisation de l&#8217;emploi \u00bb ou dites r\u00e9forme du march\u00e9 du travail vient de se terminer. Elle \u00e9tait pr\u00e9sent\u00e9e en ayant pour objectif une plus grande flexibilit\u00e9 pour les employeurs avec en \u00e9change de nouveaux droits protecteurs pour les salari\u00e9s. Dans les faits, le MEDEF a tout au long de la n\u00e9gociation continu\u00e9 \u00e0 peser pour pouvoir licencier sans motif, tout en exigeant toujours plus des salari\u00e9s.<\/p>\n<p class=\"spip\">Dans une situation \u00e9conomique en quasi r\u00e9cession, avec un ch\u00f4mage record et une augmentation pr\u00e9vue du ch\u00f4mage tr\u00e8s forte dans les premiers mois de l&rsquo;ann\u00e9e 2013, l&rsquo;insatisfaction li\u00e9e \u00e0 cet accord traduit le fait que l&rsquo;intransigeance patronale est totalement inadapt\u00e9e pour r\u00e9pondre \u00e0 la crise \u00e9conomique et sociale.<\/p>\n<p class=\"spip\">La flexibilit\u00e9 et la souplesse r\u00e9clam\u00e9es par le MEDEF existent malheureusement d\u00e9j\u00e0 et sont largement mises en application, avec un r\u00e9sultat sur le taux de ch\u00f4mage que l&rsquo;on conna\u00eet ! Par exemple, en 2010, sur la base des donn\u00e9es recueillies par l&rsquo;ACOSS, sur 19 millions d&#8217;embauches, 12 millions ont \u00e9t\u00e9 des recrutements en CDD de moins d&rsquo;un mois, 4 millions des CDD de plus d&rsquo;un mois et 3 millions en CDI. L&rsquo;int\u00e9rim est largement utilis\u00e9 comme p\u00e9riode d&rsquo;essai, variable d&rsquo;ajustement des effectifs et les ruptures conventionnelles ont explos\u00e9.<\/p>\n<p class=\"spip\">L&rsquo;accord conclu hier n&rsquo;est pas satisfaisant. Le droit du travail dans de nombreux aspects protecteurs \u00e9tait tout simplement en jeu.<\/p>\n<p class=\"spip\">Avec 5 millions de ch\u00f4meurs dans le pays, il faut au contraire encore plus de protection contre les licenciements \u00ab sans cause r\u00e9elle ou s\u00e9rieuse \u00bb ou\/et \u00ab abusifs \u00bb.<\/p>\n<p class=\"spip\">Il est d\u00e9sormais n\u00e9cessaire de travailler \u00e0 la construction de propositions convergentes, unitaires, r\u00e9pondant \u00e0 la situation dramatique du travail que nous vivons.<\/p>\n<p class=\"spip\">La FSU est pr\u00eate \u00e0 y contribuer.<\/p>\n<p class=\"spip\">Les Lilas, le 12 janvier 2013<\/p>\n<hr class=\"spip\" \/>\n<p class=\"spip\"><strong class=\"spip\">L&rsquo;accord national interprofessionnel (ANI)<\/strong> du 11 janvier sign\u00e9 par le patronat et certaines organisations syndicales repr\u00e9sente un recul social majeur. Les soi-disant \u00ab nouveaux droits pour les salari\u00e9s \u00bb sont en r\u00e9alit\u00e9 de port\u00e9e limit\u00e9e et comportent nombre de d\u00e9rogations et de dispositions qui en permettent le contournement. Par contre, les mesures en faveur du patronat portent des coups s\u00e9v\u00e8res au droit du travail. Cet accord s&rsquo;inscrit dans le droit fil des pr\u00e9conisations, appliqu\u00e9es partout en Europe, de la Tro\u00efka (Commission europ\u00e9enne, Banque centrale europ\u00e9enne, Fonds mon\u00e9taire international) : d\u00e9mant\u00e8lement du droit du travail, chantage \u00e0 l&#8217;emploi pour baisser les salaires et les droits sociaux au nom de la comp\u00e9titivit\u00e9. Il contribuera ainsi \u00e0 la spirale d\u00e9pressive dans laquelle les politiques d&rsquo;aust\u00e9rit\u00e9 enfoncent l&rsquo;Union europ\u00e9enne.<\/p>\n<p class=\"spip\">L&rsquo;accord aggrave encore, apr\u00e8s les lois Fillon de 2004 et 2008 qu&rsquo;il faut abroger, la remise en cause de la hi\u00e9rarchie des normes en permettant de nouveau qu&rsquo;un accord d&rsquo;entreprise soit moins favorable que la convention collective et que la loi : en cas de \u00ab graves probl\u00e8mes conjoncturels \u00bb de l&rsquo;entreprise (quelle entreprise ne conna\u00eet pas de probl\u00e8me conjoncturels et surtout qui en jugera ?), il ne laisse d&rsquo;autre choix au salari\u00e9 que d&rsquo;accepter la baisse de son salaire et l&rsquo;augmentation de son temps de travail sous peine de licenciement. L&rsquo;accord r\u00e9duit consid\u00e9rablement les droits et les possibilit\u00e9s de contestation et de recours \u00e0 la justice des salari\u00e9s et de leurs repr\u00e9sentants. Il remet en cause des pr\u00e9rogatives importantes des instances repr\u00e9sentatives du personnel et renforce le pouvoir des employeurs, notamment celui d&rsquo;imposer la \u00ab mobilit\u00e9 \u00bb des salari\u00e9s (changement de lieu ou de poste de travail).<\/p>\n<p class=\"spip\">Loin de permettre \u00ab la s\u00e9curisation de l&#8217;emploi et des parcours professionnels des salari\u00e9s \u00bb cet accord va, au contraire, aggraver la pr\u00e9carit\u00e9 du travail en lib\u00e9rant le patronat de nombre d&rsquo;obligations. En d\u00e9pit des promesses qui avaient \u00e9t\u00e9 faites par le gouvernement, l&rsquo;accord ne r\u00e9duit pas les in\u00e9galit\u00e9s professionnelles entre les femmes et les hommes, alors m\u00eame que la pr\u00e9carit\u00e9 de l&#8217;emploi concerne en premier lieu les femmes, pr\u00e9pond\u00e9rantes dans le temps partiel (80%) et plus souvent touch\u00e9es par les CDD, le ch\u00f4mage et le sous-emploi.<\/p>\n<p class=\"spip\"><strong class=\"spip\">Enfin cet accord est ill\u00e9gitime.<\/strong> Il a \u00e9t\u00e9 sign\u00e9 par trois conf\u00e9d\u00e9rations syndicales repr\u00e9sentant une minorit\u00e9 de salari\u00e9s, alors m\u00eame que les r\u00e8gles de repr\u00e9sentativit\u00e9 syndicale sont sur le point de changer. Les parlementaires de droite se disent pr\u00eats \u00e0 voter ses dispositions telles quelles, mais ni le pr\u00e9sident de la R\u00e9publique, ni la majorit\u00e9 de l&rsquo;Assembl\u00e9e nationale n&rsquo;ont \u00e9t\u00e9 \u00e9lus pour faire reculer les droits des salari\u00e9s. Transposer ces reculs sociaux dans la loi repr\u00e9senterait donc un grave d\u00e9ni d\u00e9mocratique.<\/p>\n<p class=\"spip\">Nous appelons les salari\u00e9s-es, et plus largement, tous les citoyen-ne-s \u00e0 lire ce texte, \u00e0 l&rsquo;analyser, \u00e0 tenir partout des r\u00e9unions pour en d\u00e9battre ensemble et faire entendre leurs exigences aupr\u00e8s de leurs \u00e9lus, tout particuli\u00e8rement ceux de gauche, pour qu&rsquo;ils ne votent pas ce texte. L&rsquo;heure est bien plut\u00f4t \u00e0 la s\u00e9curisation des emplois contre les licenciements, pour un travail de qualit\u00e9, sans pr\u00e9carit\u00e9, avec des droits sociaux de haut niveau pour les salari\u00e9s, les ch\u00f4meurs et les retrait\u00e9s. Nous ferons tout pour que cet accord n&rsquo;acqui\u00e8re pas force de loi et nous appelons \u00e0 soutenir toutes les initiatives en ce sens, en particulier les mobilisations syndicales.<\/p>\n<p class=\"spip\"><strong class=\"spip\"><br \/>\nAppel soutenu par<\/strong> : Attac, CADAC, CGT Commerce Paris, CGT H\u00f4tels Prestiges et Economiques, CGT-Finances, CNDF, CNT-Solidarit\u00e9 ouvri\u00e8re Ile-de-France, Convergence de d\u00e9fense et d\u00e9veloppement des services publics, Convergences &#038; Alternative, F\u00e9d\u00e9ration pour une alternative sociale et \u00e9cologique, Fondation Copernic,<strong class=\"spip\"> FSU<\/strong>, Gauche anticapitaliste, Gauche unitaire, Les Alternatifs, Les efFRONT\u00e9-e-s, Marches europ\u00e9ennes contre le ch\u00f4mage, Mouvement national des ch\u00f4meurs et pr\u00e9caires, Nouveau parti anticapitaliste, Osez le f\u00e9minisme !, Parti communiste, Parti communiste des ouvriers de France, Parti de gauche, R\u00e9seau f\u00e9ministe \u00ab Ruptures \u00bb, R\u00e9sistance sociale, R\u00e9publique &#038; Socialisme, Union syndicale Solidaires&#8230;<\/p>\n<\/div>\n","protected":false},"excerpt":{"rendered":"<p>La FSU 86 soutient les manifestations qui auront lieu \u00e0 Ch\u00e2tellerault et Poitiers le 5 mars \u00e0 l&rsquo;appel de CGT, FO et Solidaires. (voir tract en pi\u00e8ce jointe) <br \/>Pour mieux comprendre les raisons de l&rsquo;opposition \u00e0 ce texte, nous vous proposons la lecture du communiqu\u00e9 de presse de la FSU datant du 12 janvier, puis un appel unitaire incitant \u00e0 des actions contre ce texte. __________________________________ <br \/>Le droit du travail en jeu&#8230; <br \/>La n\u00e9gociation entre les syndicats et les organisations (&#8230;)<br \/>\n&#8211;<br \/>\n<a href=\"http:\/\/86.snuipp.fr\/spip.php?rubrique294\" rel=\"directory\">Gr\u00e8ves- Actions<\/a><br \/>\n\/<br \/>\n<a href=\"http:\/\/86.snuipp.fr\/spip.php?mot290\" rel=\"tag\">Actions<\/a><\/p>\n","protected":false},"author":1,"featured_media":0,"comment_status":"open","ping_status":"open","sticky":false,"template":"","format":"standard","meta":{"footnotes":""},"categories":[14],"tags":[],"class_list":["post-1251","post","type-post","status-publish","format-standard","hentry","category-a-la-une"],"yoast_head":"<!-- This site is optimized with the Yoast SEO plugin v26.6 - https:\/\/yoast.com\/wordpress\/plugins\/seo\/ -->\n<title>Accord &quot;S\u00e9curisation de l&#039;emploi&quot; : \u00e9l\u00e9ments d&#039;analyse et actions - FSU-SNUipp 86<\/title>\n<meta name=\"robots\" content=\"index, follow, max-snippet:-1, max-image-preview:large, max-video-preview:-1\" \/>\n<link rel=\"canonical\" href=\"https:\/\/snuipp86.fr\/index.php\/2013\/02\/20\/accord-scurisation-de-lemploi-lments-danalyse-et-actions\/\" \/>\n<meta property=\"og:locale\" content=\"fr_FR\" \/>\n<meta property=\"og:type\" content=\"article\" \/>\n<meta property=\"og:title\" content=\"Accord &quot;S\u00e9curisation de l&#039;emploi&quot; : \u00e9l\u00e9ments d&#039;analyse et actions - FSU-SNUipp 86\" \/>\n<meta property=\"og:description\" content=\"La FSU 86 soutient les manifestations qui auront lieu \u00e0 Ch\u00e2tellerault et Poitiers le 5 mars \u00e0 l&#039;appel de CGT, FO et Solidaires. (voir tract en pi\u00e8ce jointe) Pour mieux comprendre les raisons de l&#039;opposition \u00e0 ce texte, nous vous proposons la lecture du communiqu\u00e9 de presse de la FSU datant du 12 janvier, puis un appel unitaire incitant \u00e0 des actions contre ce texte. __________________________________ Le droit du travail en jeu... La n\u00e9gociation entre les syndicats et les organisations (...) - Gr\u00e8ves- Actions \/ Actions\" \/>\n<meta property=\"og:url\" content=\"https:\/\/snuipp86.fr\/index.php\/2013\/02\/20\/accord-scurisation-de-lemploi-lments-danalyse-et-actions\/\" \/>\n<meta property=\"og:site_name\" content=\"FSU-SNUipp 86\" \/>\n<meta property=\"article:published_time\" content=\"2013-02-20T10:57:40+00:00\" \/>\n<meta property=\"og:image\" content=\"http:\/\/snuipp86.fr\/wp-content\/spip\/IMG\/arton2348.jpg\" \/>\n<meta name=\"author\" content=\"WP86Admin\" \/>\n<meta name=\"twitter:card\" content=\"summary_large_image\" \/>\n<meta name=\"twitter:label1\" content=\"\u00c9crit par\" \/>\n\t<meta name=\"twitter:data1\" content=\"WP86Admin\" \/>\n\t<meta name=\"twitter:label2\" content=\"Dur\u00e9e de lecture estim\u00e9e\" \/>\n\t<meta name=\"twitter:data2\" content=\"5 minutes\" \/>\n<script type=\"application\/ld+json\" class=\"yoast-schema-graph\">{\"@context\":\"https:\/\/schema.org\",\"@graph\":[{\"@type\":\"WebPage\",\"@id\":\"https:\/\/snuipp86.fr\/index.php\/2013\/02\/20\/accord-scurisation-de-lemploi-lments-danalyse-et-actions\/\",\"url\":\"https:\/\/snuipp86.fr\/index.php\/2013\/02\/20\/accord-scurisation-de-lemploi-lments-danalyse-et-actions\/\",\"name\":\"Accord \\\"S\u00e9curisation de l'emploi\\\" : \u00e9l\u00e9ments d'analyse et actions - FSU-SNUipp 86\",\"isPartOf\":{\"@id\":\"https:\/\/snuipp86.fr\/#website\"},\"primaryImageOfPage\":{\"@id\":\"https:\/\/snuipp86.fr\/index.php\/2013\/02\/20\/accord-scurisation-de-lemploi-lments-danalyse-et-actions\/#primaryimage\"},\"image\":{\"@id\":\"https:\/\/snuipp86.fr\/index.php\/2013\/02\/20\/accord-scurisation-de-lemploi-lments-danalyse-et-actions\/#primaryimage\"},\"thumbnailUrl\":\"http:\/\/snuipp86.fr\/wp-content\/spip\/IMG\/arton2348.jpg\",\"datePublished\":\"2013-02-20T10:57:40+00:00\",\"author\":{\"@id\":\"https:\/\/snuipp86.fr\/#\/schema\/person\/901b28b9ae1c7a63a6a940102e52a7a2\"},\"breadcrumb\":{\"@id\":\"https:\/\/snuipp86.fr\/index.php\/2013\/02\/20\/accord-scurisation-de-lemploi-lments-danalyse-et-actions\/#breadcrumb\"},\"inLanguage\":\"fr-FR\",\"potentialAction\":[{\"@type\":\"ReadAction\",\"target\":[\"https:\/\/snuipp86.fr\/index.php\/2013\/02\/20\/accord-scurisation-de-lemploi-lments-danalyse-et-actions\/\"]}]},{\"@type\":\"ImageObject\",\"inLanguage\":\"fr-FR\",\"@id\":\"https:\/\/snuipp86.fr\/index.php\/2013\/02\/20\/accord-scurisation-de-lemploi-lments-danalyse-et-actions\/#primaryimage\",\"url\":\"http:\/\/snuipp86.fr\/wp-content\/spip\/IMG\/arton2348.jpg\",\"contentUrl\":\"http:\/\/snuipp86.fr\/wp-content\/spip\/IMG\/arton2348.jpg\"},{\"@type\":\"BreadcrumbList\",\"@id\":\"https:\/\/snuipp86.fr\/index.php\/2013\/02\/20\/accord-scurisation-de-lemploi-lments-danalyse-et-actions\/#breadcrumb\",\"itemListElement\":[{\"@type\":\"ListItem\",\"position\":1,\"name\":\"Accueil\",\"item\":\"https:\/\/snuipp86.fr\/\"},{\"@type\":\"ListItem\",\"position\":2,\"name\":\"Accord &#8220;S\u00e9curisation de l&#8217;emploi&#8221; : \u00e9l\u00e9ments d&#8217;analyse et actions\"}]},{\"@type\":\"WebSite\",\"@id\":\"https:\/\/snuipp86.fr\/#website\",\"url\":\"https:\/\/snuipp86.fr\/\",\"name\":\"FSU-SNUipp 86\",\"description\":\"Des id\u00e9es qui font l&#039;\u00e9cole\",\"potentialAction\":[{\"@type\":\"SearchAction\",\"target\":{\"@type\":\"EntryPoint\",\"urlTemplate\":\"https:\/\/snuipp86.fr\/?s={search_term_string}\"},\"query-input\":{\"@type\":\"PropertyValueSpecification\",\"valueRequired\":true,\"valueName\":\"search_term_string\"}}],\"inLanguage\":\"fr-FR\"},{\"@type\":\"Person\",\"@id\":\"https:\/\/snuipp86.fr\/#\/schema\/person\/901b28b9ae1c7a63a6a940102e52a7a2\",\"name\":\"WP86Admin\",\"image\":{\"@type\":\"ImageObject\",\"inLanguage\":\"fr-FR\",\"@id\":\"https:\/\/snuipp86.fr\/#\/schema\/person\/image\/\",\"url\":\"https:\/\/secure.gravatar.com\/avatar\/0099845c7ec05dc10d777d8ab4f5142c5ba316283821af2459738ad469a37a1a?s=96&d=mm&r=g\",\"contentUrl\":\"https:\/\/secure.gravatar.com\/avatar\/0099845c7ec05dc10d777d8ab4f5142c5ba316283821af2459738ad469a37a1a?s=96&d=mm&r=g\",\"caption\":\"WP86Admin\"},\"url\":\"https:\/\/snuipp86.fr\/index.php\/author\/wp86admin\/\"}]}<\/script>\n<!-- \/ Yoast SEO plugin. -->","yoast_head_json":{"title":"Accord \"S\u00e9curisation de l'emploi\" : \u00e9l\u00e9ments d'analyse et actions - FSU-SNUipp 86","robots":{"index":"index","follow":"follow","max-snippet":"max-snippet:-1","max-image-preview":"max-image-preview:large","max-video-preview":"max-video-preview:-1"},"canonical":"https:\/\/snuipp86.fr\/index.php\/2013\/02\/20\/accord-scurisation-de-lemploi-lments-danalyse-et-actions\/","og_locale":"fr_FR","og_type":"article","og_title":"Accord \"S\u00e9curisation de l'emploi\" : \u00e9l\u00e9ments d'analyse et actions - FSU-SNUipp 86","og_description":"La FSU 86 soutient les manifestations qui auront lieu \u00e0 Ch\u00e2tellerault et Poitiers le 5 mars \u00e0 l'appel de CGT, FO et Solidaires. (voir tract en pi\u00e8ce jointe) Pour mieux comprendre les raisons de l'opposition \u00e0 ce texte, nous vous proposons la lecture du communiqu\u00e9 de presse de la FSU datant du 12 janvier, puis un appel unitaire incitant \u00e0 des actions contre ce texte. __________________________________ Le droit du travail en jeu... La n\u00e9gociation entre les syndicats et les organisations (...) - Gr\u00e8ves- Actions \/ Actions","og_url":"https:\/\/snuipp86.fr\/index.php\/2013\/02\/20\/accord-scurisation-de-lemploi-lments-danalyse-et-actions\/","og_site_name":"FSU-SNUipp 86","article_published_time":"2013-02-20T10:57:40+00:00","og_image":[{"url":"http:\/\/snuipp86.fr\/wp-content\/spip\/IMG\/arton2348.jpg","type":"","width":"","height":""}],"author":"WP86Admin","twitter_card":"summary_large_image","twitter_misc":{"\u00c9crit par":"WP86Admin","Dur\u00e9e de lecture estim\u00e9e":"5 minutes"},"schema":{"@context":"https:\/\/schema.org","@graph":[{"@type":"WebPage","@id":"https:\/\/snuipp86.fr\/index.php\/2013\/02\/20\/accord-scurisation-de-lemploi-lments-danalyse-et-actions\/","url":"https:\/\/snuipp86.fr\/index.php\/2013\/02\/20\/accord-scurisation-de-lemploi-lments-danalyse-et-actions\/","name":"Accord \"S\u00e9curisation de l'emploi\" : \u00e9l\u00e9ments d'analyse et actions - FSU-SNUipp 86","isPartOf":{"@id":"https:\/\/snuipp86.fr\/#website"},"primaryImageOfPage":{"@id":"https:\/\/snuipp86.fr\/index.php\/2013\/02\/20\/accord-scurisation-de-lemploi-lments-danalyse-et-actions\/#primaryimage"},"image":{"@id":"https:\/\/snuipp86.fr\/index.php\/2013\/02\/20\/accord-scurisation-de-lemploi-lments-danalyse-et-actions\/#primaryimage"},"thumbnailUrl":"http:\/\/snuipp86.fr\/wp-content\/spip\/IMG\/arton2348.jpg","datePublished":"2013-02-20T10:57:40+00:00","author":{"@id":"https:\/\/snuipp86.fr\/#\/schema\/person\/901b28b9ae1c7a63a6a940102e52a7a2"},"breadcrumb":{"@id":"https:\/\/snuipp86.fr\/index.php\/2013\/02\/20\/accord-scurisation-de-lemploi-lments-danalyse-et-actions\/#breadcrumb"},"inLanguage":"fr-FR","potentialAction":[{"@type":"ReadAction","target":["https:\/\/snuipp86.fr\/index.php\/2013\/02\/20\/accord-scurisation-de-lemploi-lments-danalyse-et-actions\/"]}]},{"@type":"ImageObject","inLanguage":"fr-FR","@id":"https:\/\/snuipp86.fr\/index.php\/2013\/02\/20\/accord-scurisation-de-lemploi-lments-danalyse-et-actions\/#primaryimage","url":"http:\/\/snuipp86.fr\/wp-content\/spip\/IMG\/arton2348.jpg","contentUrl":"http:\/\/snuipp86.fr\/wp-content\/spip\/IMG\/arton2348.jpg"},{"@type":"BreadcrumbList","@id":"https:\/\/snuipp86.fr\/index.php\/2013\/02\/20\/accord-scurisation-de-lemploi-lments-danalyse-et-actions\/#breadcrumb","itemListElement":[{"@type":"ListItem","position":1,"name":"Accueil","item":"https:\/\/snuipp86.fr\/"},{"@type":"ListItem","position":2,"name":"Accord &#8220;S\u00e9curisation de l&#8217;emploi&#8221; : \u00e9l\u00e9ments d&#8217;analyse et actions"}]},{"@type":"WebSite","@id":"https:\/\/snuipp86.fr\/#website","url":"https:\/\/snuipp86.fr\/","name":"FSU-SNUipp 86","description":"Des id\u00e9es qui font l&#039;\u00e9cole","potentialAction":[{"@type":"SearchAction","target":{"@type":"EntryPoint","urlTemplate":"https:\/\/snuipp86.fr\/?s={search_term_string}"},"query-input":{"@type":"PropertyValueSpecification","valueRequired":true,"valueName":"search_term_string"}}],"inLanguage":"fr-FR"},{"@type":"Person","@id":"https:\/\/snuipp86.fr\/#\/schema\/person\/901b28b9ae1c7a63a6a940102e52a7a2","name":"WP86Admin","image":{"@type":"ImageObject","inLanguage":"fr-FR","@id":"https:\/\/snuipp86.fr\/#\/schema\/person\/image\/","url":"https:\/\/secure.gravatar.com\/avatar\/0099845c7ec05dc10d777d8ab4f5142c5ba316283821af2459738ad469a37a1a?s=96&d=mm&r=g","contentUrl":"https:\/\/secure.gravatar.com\/avatar\/0099845c7ec05dc10d777d8ab4f5142c5ba316283821af2459738ad469a37a1a?s=96&d=mm&r=g","caption":"WP86Admin"},"url":"https:\/\/snuipp86.fr\/index.php\/author\/wp86admin\/"}]}},"_links":{"self":[{"href":"https:\/\/snuipp86.fr\/index.php\/wp-json\/wp\/v2\/posts\/1251","targetHints":{"allow":["GET"]}}],"collection":[{"href":"https:\/\/snuipp86.fr\/index.php\/wp-json\/wp\/v2\/posts"}],"about":[{"href":"https:\/\/snuipp86.fr\/index.php\/wp-json\/wp\/v2\/types\/post"}],"author":[{"embeddable":true,"href":"https:\/\/snuipp86.fr\/index.php\/wp-json\/wp\/v2\/users\/1"}],"replies":[{"embeddable":true,"href":"https:\/\/snuipp86.fr\/index.php\/wp-json\/wp\/v2\/comments?post=1251"}],"version-history":[{"count":0,"href":"https:\/\/snuipp86.fr\/index.php\/wp-json\/wp\/v2\/posts\/1251\/revisions"}],"wp:attachment":[{"href":"https:\/\/snuipp86.fr\/index.php\/wp-json\/wp\/v2\/media?parent=1251"}],"wp:term":[{"taxonomy":"category","embeddable":true,"href":"https:\/\/snuipp86.fr\/index.php\/wp-json\/wp\/v2\/categories?post=1251"},{"taxonomy":"post_tag","embeddable":true,"href":"https:\/\/snuipp86.fr\/index.php\/wp-json\/wp\/v2\/tags?post=1251"}],"curies":[{"name":"wp","href":"https:\/\/api.w.org\/{rel}","templated":true}]}}