{"id":126,"date":"2018-07-23T16:09:40","date_gmt":"2018-07-23T16:09:40","guid":{"rendered":"http:\/\/localhost\/wordpress\/2018\/07\/23\/formation-ash-candidature-stage-min-avant-le-2-septembre\/"},"modified":"2018-07-23T16:09:40","modified_gmt":"2018-07-23T16:09:40","slug":"formation-ash-candidature-stage-min-avant-le-2-septembre","status":"publish","type":"post","link":"https:\/\/snuipp86.fr\/index.php\/2018\/07\/23\/formation-ash-candidature-stage-min-avant-le-2-septembre\/","title":{"rendered":"Formation ASH : candidature stage MIN avant le 2 septembre"},"content":{"rendered":"<p><img decoding=\"async\" src=\"https:\/\/snuipp86.fr\/wp-content\/spip\/IMG\/arton4038.jpg\" alt=\"\" align=\"right\" width=\"112\" height=\"110\" class=\"spip_logos\" \/><\/p>\n<div class='rss_texte'>\n<p class=\"spip\">Suite \u00e0 l&rsquo;intervention du SNUipp-FSU le vendredi 13 juillet ( <a href=\"http:\/\/86.snuipp.fr\/spip.php?article4030\" class=\"spip_out\">voir lien<\/a>) aupr\u00e8s du Rectorat de Poitiers concernant les formations ASH 2018\/19 ( Modules de formation d&rsquo;initiative nationale dans le domaine de la scolarisation des \u00e9l\u00e8ves \u00e0 besoins \u00e9ducatifs particuliers ), la circulaire acad\u00e9mique vient de para\u00eetre ce vendredi 20 juillet sur l&rsquo;intranet : <a href=\"https:\/\/www.intra.ac-poitiers.fr\/mes-rubriques\/modules-de-formation-d-initiative-nationale-dans-le-domaine-de-la-scolarisation-des-eleves-a-besoins-educatifs-particuliers-annee-scolaire-2018-2019-252599.kjsp?RH=1192696847494\" class=\"spip_out\">https:\/\/www.intra.ac-poitiers.fr\/mes-rubriques\/modules-de-formation-d-initiative-nationale-dans-le-domaine-de-la-scolarisation-des-eleves-a-besoins-educatifs-particuliers-annee-scolaire-2018-2019-252599.kjsp ?RH=1192696847494<\/a><\/p>\n<p class=\"spip\">Pour 2018-2019, 80 modules sont propos\u00e9s (annexe 2).<\/p>\n<p class=\"spip\"><strong class=\"spip\">Les candidatures sont \u00e0 effectuer jusqu&rsquo;au 2 septembre au plus tard<\/strong> ! Pour rappel, les modules de formation d&rsquo;initiative nationale sont ouverts \u00e0 l&rsquo;ensemble des personnels d&rsquo;enseignement et d&rsquo;\u00e9ducation pour approfondir leurs comp\u00e9tences, donc les enseignant-e-s sp\u00e9cialis\u00e9-e-s, les enseignant-e-s non sp\u00e9cialis\u00e9-e-s et autres personnels des \u00e9tablissements scolaires (voir le public concern\u00e9 dans le descriptif du stage). Les coll\u00e8gues sortant de CAPPEI, et c&rsquo;est la premi\u00e8re ann\u00e9e, ont de droit acc\u00e8s aux MIN dans la limite de deux modules par an et d&rsquo;un total de 100H (pendant les 5 ans qui suivent l&rsquo;obtention du CAPPEI).<\/p>\n<p class=\"spip\"><strong class=\"spip\">Envoyez votre candidature (annexe 1) \u00e0 votre circo avec copie \u00e0 dpe5@ac-poitiers.fr et \u00e0 nous bien s\u00fbr, snu86@snuipp.fr<\/strong><\/p>\n<p class=\"spip\">Le SNUipp-FSU a obtenu que les candidatures soient \u00e9tudi\u00e9es en CAPD, et donc pour la Vienne cela se passerait le mardi 4 septembre lors de la CAPD de rentr\u00e9e<\/p>\n<p class=\"spip\">Comme demand\u00e9 par le SNUipp-FSU lors de l&rsquo;audience \u00e0 la DGRH du 31 mai 2018 en exigeant la tenue de stages MIN \u00ab d\u00e9localis\u00e9s \u00bb pour permettre \u00e0 chacun de b\u00e9n\u00e9ficier de ces stages, 3 stages auraient lieu \u00e0 Niort (en attente de validation minist\u00e9rielle annexes 3-1 Troubles psychiques ; 3_2 Troubles sp\u00e9cifiques du langage et des apprentissages. ; 3_3 Grande difficult\u00e9 scolaire)<\/p>\n<dl class='spip_document_3636 spip_documents spip_documents_center' >\n<dt><img src='https:\/\/snuipp86.fr\/wp-content\/spip\/cache-vignettes\/L300xH277\/representants-5-2a327-72566.jpg' width='300' height='277' alt='JPEG - 16.4 ko' style='height:277px;width:300px;' class='' \/><\/dt>\n<dt class='spip_doc_titre' style='width:300px;'><strong>representants-5-2a327<\/strong><\/dt>\n<\/dl>\n<\/div>\n","protected":false},"excerpt":{"rendered":"<p>Suite \u00e0 l&rsquo;intervention du SNUipp-FSU le vendredi 13 juillet ( voir lien) aupr\u00e8s du Rectorat de Poitiers concernant les formations ASH 2018\/19 ( Modules de formation d&rsquo;initiative nationale dans le domaine de la scolarisation des \u00e9l\u00e8ves \u00e0 besoins \u00e9ducatifs particuliers ), la circulaire acad\u00e9mique vient de para\u00eetre ce vendredi 20 juillet sur l&rsquo;intranet : https:\/\/www.intra.ac-poitiers.fr\/mes-rubriques\/modules-de-formation-d-initiative-nationale-dans-le-domaine-de-la-scolarisation-des-eleves-a-beso<br \/>\n&#8211;<br \/>\n<a href=\"http:\/\/86.snuipp.fr\/spip.php?rubrique154\" rel=\"directory\">Les enseignants ASH<\/a><br \/>\n\/<br \/>\n<a href=\"http:\/\/86.snuipp.fr\/spip.php?mot289\" rel=\"tag\">Formation<\/a>,<br \/>\n<a href=\"http:\/\/86.snuipp.fr\/spip.php?mot321\" rel=\"tag\">A.S.H<\/a><\/p>\n","protected":false},"author":1,"featured_media":0,"comment_status":"open","ping_status":"open","sticky":false,"template":"","format":"standard","meta":{"footnotes":""},"categories":[14],"tags":[],"class_list":["post-126","post","type-post","status-publish","format-standard","hentry","category-a-la-une"],"yoast_head":"<!-- This site is optimized with the Yoast SEO plugin v26.6 - https:\/\/yoast.com\/wordpress\/plugins\/seo\/ -->\n<title>Formation ASH : candidature stage MIN avant le 2 septembre - FSU-SNUipp 86<\/title>\n<meta name=\"robots\" content=\"index, follow, max-snippet:-1, max-image-preview:large, max-video-preview:-1\" \/>\n<link rel=\"canonical\" href=\"https:\/\/snuipp86.fr\/index.php\/2018\/07\/23\/formation-ash-candidature-stage-min-avant-le-2-septembre\/\" \/>\n<meta property=\"og:locale\" content=\"fr_FR\" \/>\n<meta property=\"og:type\" content=\"article\" \/>\n<meta property=\"og:title\" content=\"Formation ASH : candidature stage MIN avant le 2 septembre - FSU-SNUipp 86\" \/>\n<meta property=\"og:description\" content=\"Suite \u00e0 l&#039;intervention du SNUipp-FSU le vendredi 13 juillet ( voir lien) aupr\u00e8s du Rectorat de Poitiers concernant les formations ASH 2018\/19 ( Modules de formation d&#039;initiative nationale dans le domaine de la scolarisation des \u00e9l\u00e8ves \u00e0 besoins \u00e9ducatifs particuliers ), la circulaire acad\u00e9mique vient de para\u00eetre ce vendredi 20 juillet sur l&#039;intranet : https:\/\/www.intra.ac-poitiers.fr\/mes-rubriques\/modules-de-formation-d-initiative-nationale-dans-le-domaine-de-la-scolarisation-des-eleves-a-beso - Les enseignants ASH \/ Formation, A.S.H\" \/>\n<meta property=\"og:url\" content=\"https:\/\/snuipp86.fr\/index.php\/2018\/07\/23\/formation-ash-candidature-stage-min-avant-le-2-septembre\/\" \/>\n<meta property=\"og:site_name\" content=\"FSU-SNUipp 86\" \/>\n<meta property=\"article:published_time\" content=\"2018-07-23T16:09:40+00:00\" \/>\n<meta property=\"og:image\" content=\"http:\/\/snuipp86.fr\/wp-content\/spip\/IMG\/arton4038.jpg\" \/>\n<meta name=\"author\" content=\"WP86Admin\" \/>\n<meta name=\"twitter:card\" content=\"summary_large_image\" \/>\n<meta name=\"twitter:label1\" content=\"\u00c9crit par\" \/>\n\t<meta name=\"twitter:data1\" content=\"WP86Admin\" \/>\n\t<meta name=\"twitter:label2\" content=\"Dur\u00e9e de lecture estim\u00e9e\" \/>\n\t<meta name=\"twitter:data2\" content=\"1 minute\" \/>\n<script type=\"application\/ld+json\" class=\"yoast-schema-graph\">{\"@context\":\"https:\/\/schema.org\",\"@graph\":[{\"@type\":\"WebPage\",\"@id\":\"https:\/\/snuipp86.fr\/index.php\/2018\/07\/23\/formation-ash-candidature-stage-min-avant-le-2-septembre\/\",\"url\":\"https:\/\/snuipp86.fr\/index.php\/2018\/07\/23\/formation-ash-candidature-stage-min-avant-le-2-septembre\/\",\"name\":\"Formation ASH : candidature stage MIN avant le 2 septembre - FSU-SNUipp 86\",\"isPartOf\":{\"@id\":\"https:\/\/snuipp86.fr\/#website\"},\"primaryImageOfPage\":{\"@id\":\"https:\/\/snuipp86.fr\/index.php\/2018\/07\/23\/formation-ash-candidature-stage-min-avant-le-2-septembre\/#primaryimage\"},\"image\":{\"@id\":\"https:\/\/snuipp86.fr\/index.php\/2018\/07\/23\/formation-ash-candidature-stage-min-avant-le-2-septembre\/#primaryimage\"},\"thumbnailUrl\":\"http:\/\/snuipp86.fr\/wp-content\/spip\/IMG\/arton4038.jpg\",\"datePublished\":\"2018-07-23T16:09:40+00:00\",\"author\":{\"@id\":\"https:\/\/snuipp86.fr\/#\/schema\/person\/901b28b9ae1c7a63a6a940102e52a7a2\"},\"breadcrumb\":{\"@id\":\"https:\/\/snuipp86.fr\/index.php\/2018\/07\/23\/formation-ash-candidature-stage-min-avant-le-2-septembre\/#breadcrumb\"},\"inLanguage\":\"fr-FR\",\"potentialAction\":[{\"@type\":\"ReadAction\",\"target\":[\"https:\/\/snuipp86.fr\/index.php\/2018\/07\/23\/formation-ash-candidature-stage-min-avant-le-2-septembre\/\"]}]},{\"@type\":\"ImageObject\",\"inLanguage\":\"fr-FR\",\"@id\":\"https:\/\/snuipp86.fr\/index.php\/2018\/07\/23\/formation-ash-candidature-stage-min-avant-le-2-septembre\/#primaryimage\",\"url\":\"http:\/\/snuipp86.fr\/wp-content\/spip\/IMG\/arton4038.jpg\",\"contentUrl\":\"http:\/\/snuipp86.fr\/wp-content\/spip\/IMG\/arton4038.jpg\"},{\"@type\":\"BreadcrumbList\",\"@id\":\"https:\/\/snuipp86.fr\/index.php\/2018\/07\/23\/formation-ash-candidature-stage-min-avant-le-2-septembre\/#breadcrumb\",\"itemListElement\":[{\"@type\":\"ListItem\",\"position\":1,\"name\":\"Accueil\",\"item\":\"https:\/\/snuipp86.fr\/\"},{\"@type\":\"ListItem\",\"position\":2,\"name\":\"Formation ASH : candidature stage MIN avant le 2 septembre\"}]},{\"@type\":\"WebSite\",\"@id\":\"https:\/\/snuipp86.fr\/#website\",\"url\":\"https:\/\/snuipp86.fr\/\",\"name\":\"FSU-SNUipp 86\",\"description\":\"Des id\u00e9es qui font l&#039;\u00e9cole\",\"potentialAction\":[{\"@type\":\"SearchAction\",\"target\":{\"@type\":\"EntryPoint\",\"urlTemplate\":\"https:\/\/snuipp86.fr\/?s={search_term_string}\"},\"query-input\":{\"@type\":\"PropertyValueSpecification\",\"valueRequired\":true,\"valueName\":\"search_term_string\"}}],\"inLanguage\":\"fr-FR\"},{\"@type\":\"Person\",\"@id\":\"https:\/\/snuipp86.fr\/#\/schema\/person\/901b28b9ae1c7a63a6a940102e52a7a2\",\"name\":\"WP86Admin\",\"image\":{\"@type\":\"ImageObject\",\"inLanguage\":\"fr-FR\",\"@id\":\"https:\/\/snuipp86.fr\/#\/schema\/person\/image\/\",\"url\":\"https:\/\/secure.gravatar.com\/avatar\/0099845c7ec05dc10d777d8ab4f5142c5ba316283821af2459738ad469a37a1a?s=96&d=mm&r=g\",\"contentUrl\":\"https:\/\/secure.gravatar.com\/avatar\/0099845c7ec05dc10d777d8ab4f5142c5ba316283821af2459738ad469a37a1a?s=96&d=mm&r=g\",\"caption\":\"WP86Admin\"},\"url\":\"https:\/\/snuipp86.fr\/index.php\/author\/wp86admin\/\"}]}<\/script>\n<!-- \/ Yoast SEO plugin. -->","yoast_head_json":{"title":"Formation ASH : candidature stage MIN avant le 2 septembre - FSU-SNUipp 86","robots":{"index":"index","follow":"follow","max-snippet":"max-snippet:-1","max-image-preview":"max-image-preview:large","max-video-preview":"max-video-preview:-1"},"canonical":"https:\/\/snuipp86.fr\/index.php\/2018\/07\/23\/formation-ash-candidature-stage-min-avant-le-2-septembre\/","og_locale":"fr_FR","og_type":"article","og_title":"Formation ASH : candidature stage MIN avant le 2 septembre - FSU-SNUipp 86","og_description":"Suite \u00e0 l'intervention du SNUipp-FSU le vendredi 13 juillet ( voir lien) aupr\u00e8s du Rectorat de Poitiers concernant les formations ASH 2018\/19 ( Modules de formation d'initiative nationale dans le domaine de la scolarisation des \u00e9l\u00e8ves \u00e0 besoins \u00e9ducatifs particuliers ), la circulaire acad\u00e9mique vient de para\u00eetre ce vendredi 20 juillet sur l'intranet : https:\/\/www.intra.ac-poitiers.fr\/mes-rubriques\/modules-de-formation-d-initiative-nationale-dans-le-domaine-de-la-scolarisation-des-eleves-a-beso - Les enseignants ASH \/ Formation, A.S.H","og_url":"https:\/\/snuipp86.fr\/index.php\/2018\/07\/23\/formation-ash-candidature-stage-min-avant-le-2-septembre\/","og_site_name":"FSU-SNUipp 86","article_published_time":"2018-07-23T16:09:40+00:00","og_image":[{"url":"http:\/\/snuipp86.fr\/wp-content\/spip\/IMG\/arton4038.jpg","type":"","width":"","height":""}],"author":"WP86Admin","twitter_card":"summary_large_image","twitter_misc":{"\u00c9crit par":"WP86Admin","Dur\u00e9e de lecture estim\u00e9e":"1 minute"},"schema":{"@context":"https:\/\/schema.org","@graph":[{"@type":"WebPage","@id":"https:\/\/snuipp86.fr\/index.php\/2018\/07\/23\/formation-ash-candidature-stage-min-avant-le-2-septembre\/","url":"https:\/\/snuipp86.fr\/index.php\/2018\/07\/23\/formation-ash-candidature-stage-min-avant-le-2-septembre\/","name":"Formation ASH : candidature stage MIN avant le 2 septembre - FSU-SNUipp 86","isPartOf":{"@id":"https:\/\/snuipp86.fr\/#website"},"primaryImageOfPage":{"@id":"https:\/\/snuipp86.fr\/index.php\/2018\/07\/23\/formation-ash-candidature-stage-min-avant-le-2-septembre\/#primaryimage"},"image":{"@id":"https:\/\/snuipp86.fr\/index.php\/2018\/07\/23\/formation-ash-candidature-stage-min-avant-le-2-septembre\/#primaryimage"},"thumbnailUrl":"http:\/\/snuipp86.fr\/wp-content\/spip\/IMG\/arton4038.jpg","datePublished":"2018-07-23T16:09:40+00:00","author":{"@id":"https:\/\/snuipp86.fr\/#\/schema\/person\/901b28b9ae1c7a63a6a940102e52a7a2"},"breadcrumb":{"@id":"https:\/\/snuipp86.fr\/index.php\/2018\/07\/23\/formation-ash-candidature-stage-min-avant-le-2-septembre\/#breadcrumb"},"inLanguage":"fr-FR","potentialAction":[{"@type":"ReadAction","target":["https:\/\/snuipp86.fr\/index.php\/2018\/07\/23\/formation-ash-candidature-stage-min-avant-le-2-septembre\/"]}]},{"@type":"ImageObject","inLanguage":"fr-FR","@id":"https:\/\/snuipp86.fr\/index.php\/2018\/07\/23\/formation-ash-candidature-stage-min-avant-le-2-septembre\/#primaryimage","url":"http:\/\/snuipp86.fr\/wp-content\/spip\/IMG\/arton4038.jpg","contentUrl":"http:\/\/snuipp86.fr\/wp-content\/spip\/IMG\/arton4038.jpg"},{"@type":"BreadcrumbList","@id":"https:\/\/snuipp86.fr\/index.php\/2018\/07\/23\/formation-ash-candidature-stage-min-avant-le-2-septembre\/#breadcrumb","itemListElement":[{"@type":"ListItem","position":1,"name":"Accueil","item":"https:\/\/snuipp86.fr\/"},{"@type":"ListItem","position":2,"name":"Formation ASH : candidature stage MIN avant le 2 septembre"}]},{"@type":"WebSite","@id":"https:\/\/snuipp86.fr\/#website","url":"https:\/\/snuipp86.fr\/","name":"FSU-SNUipp 86","description":"Des id\u00e9es qui font l&#039;\u00e9cole","potentialAction":[{"@type":"SearchAction","target":{"@type":"EntryPoint","urlTemplate":"https:\/\/snuipp86.fr\/?s={search_term_string}"},"query-input":{"@type":"PropertyValueSpecification","valueRequired":true,"valueName":"search_term_string"}}],"inLanguage":"fr-FR"},{"@type":"Person","@id":"https:\/\/snuipp86.fr\/#\/schema\/person\/901b28b9ae1c7a63a6a940102e52a7a2","name":"WP86Admin","image":{"@type":"ImageObject","inLanguage":"fr-FR","@id":"https:\/\/snuipp86.fr\/#\/schema\/person\/image\/","url":"https:\/\/secure.gravatar.com\/avatar\/0099845c7ec05dc10d777d8ab4f5142c5ba316283821af2459738ad469a37a1a?s=96&d=mm&r=g","contentUrl":"https:\/\/secure.gravatar.com\/avatar\/0099845c7ec05dc10d777d8ab4f5142c5ba316283821af2459738ad469a37a1a?s=96&d=mm&r=g","caption":"WP86Admin"},"url":"https:\/\/snuipp86.fr\/index.php\/author\/wp86admin\/"}]}},"_links":{"self":[{"href":"https:\/\/snuipp86.fr\/index.php\/wp-json\/wp\/v2\/posts\/126","targetHints":{"allow":["GET"]}}],"collection":[{"href":"https:\/\/snuipp86.fr\/index.php\/wp-json\/wp\/v2\/posts"}],"about":[{"href":"https:\/\/snuipp86.fr\/index.php\/wp-json\/wp\/v2\/types\/post"}],"author":[{"embeddable":true,"href":"https:\/\/snuipp86.fr\/index.php\/wp-json\/wp\/v2\/users\/1"}],"replies":[{"embeddable":true,"href":"https:\/\/snuipp86.fr\/index.php\/wp-json\/wp\/v2\/comments?post=126"}],"version-history":[{"count":0,"href":"https:\/\/snuipp86.fr\/index.php\/wp-json\/wp\/v2\/posts\/126\/revisions"}],"wp:attachment":[{"href":"https:\/\/snuipp86.fr\/index.php\/wp-json\/wp\/v2\/media?parent=126"}],"wp:term":[{"taxonomy":"category","embeddable":true,"href":"https:\/\/snuipp86.fr\/index.php\/wp-json\/wp\/v2\/categories?post=126"},{"taxonomy":"post_tag","embeddable":true,"href":"https:\/\/snuipp86.fr\/index.php\/wp-json\/wp\/v2\/tags?post=126"}],"curies":[{"name":"wp","href":"https:\/\/api.w.org\/{rel}","templated":true}]}}