{"id":128,"date":"2018-07-19T07:09:46","date_gmt":"2018-07-19T07:09:46","guid":{"rendered":"http:\/\/localhost\/wordpress\/2018\/07\/19\/formation-ash-stage-min-le-snuipp-fsu-interpelle-le-rectorat-de-poitiers\/"},"modified":"2018-07-19T07:09:46","modified_gmt":"2018-07-19T07:09:46","slug":"formation-ash-stage-min-le-snuipp-fsu-interpelle-le-rectorat-de-poitiers","status":"publish","type":"post","link":"https:\/\/snuipp86.fr\/index.php\/2018\/07\/19\/formation-ash-stage-min-le-snuipp-fsu-interpelle-le-rectorat-de-poitiers\/","title":{"rendered":"Formation ASH \/ Stage MIN : le SNUipp-FSU interpelle le rectorat de Poitiers"},"content":{"rendered":"<p><img decoding=\"async\" src=\"https:\/\/snuipp86.fr\/wp-content\/spip\/IMG\/arton4030.jpg\" alt=\"\" align=\"right\" width=\"112\" height=\"110\" class=\"spip_logos\" \/><\/p>\n<div class='rss_texte'>\n<p class=\"spip\">Les SNUipp-FSU de l&rsquo;acad\u00e9mie de Poitiers sont intervenus vendredi dernier aupr\u00e8s du rectorat pour qu&rsquo;une circulaire paraisse \u00e0 fin de permettre aux coll\u00e8gues de candidater sur les modules nationaux ASH pour l&rsquo;ann\u00e9e 2018\/2019.<\/p>\n<p class=\"spip\">En effet, la Circulaire n\u00b0 2018-068 du 18-6-2018, parue au BO n\u00b0 25 du 21 juin 2018 <a href=\"http:\/\/www.education.gouv.fr\/pid285\/bulletin_officiel.html?cid_bo=131351\" class=\"spip_out\">(http:\/\/www.education.gouv.fr\/pid285\/bulletin_officiel.html\u2026<\/a>), indique que toutes les candidatures pour les Modules de formation d&rsquo;initiative nationale dans le domaine de la scolarisation des \u00e9l\u00e8ves \u00e0 besoins \u00e9ducatifs particuliers pour l&rsquo;ann\u00e9e scolaire 2018-2019 doivent remonter au minist\u00e8re <strong class=\"spip\">avant le 14 septembre.<\/strong> Comme indiqu\u00e9, des CAPD doivent se tenir pour \u00e9tudier et valider les candidatures.<\/p>\n<p class=\"spip\">Pour rappel, les modules de formation d&rsquo;initiative nationale sont ouverts \u00e0 l&rsquo;ensemble des personnels d&rsquo;enseignement et d&rsquo;\u00e9ducation pour approfondir leurs comp\u00e9tences, donc les enseignants sp\u00e9cialis\u00e9s, les enseignants non sp\u00e9cialis\u00e9s et autres personnels des \u00e9tablissements scolaires (voir le public concern\u00e9 dans le descriptif du stage).<\/p>\n<p class=\"spip\">M. L\u00e9v\u00eaque, conseiller ASH du recteur, nous a r\u00e9pondu que \u00a0\u00bb <i class=\"spip\">Le dossier cit\u00e9 en sujet est port\u00e9 par la DAFOP, le projet de circulaire acad\u00e9mique et la fiche type de candidature sont finalis\u00e9s et vont \u00eatre soumis \u00e0 monsieur le Recteur. Cette circulaire et son annexe s&rsquo;appliqueraient aux enseignants des 1er et 2nd degr\u00e9s cibl\u00e9s par la circulaire, en int\u00e9grant les contraintes li\u00e9es \u00e0 un calendrier national assez serr\u00e9.<br \/>\nLe texte pr\u00e9voit bien que \u00ab\u00a0Les recteurs d&rsquo;acad\u00e9mie et les inspecteurs d&rsquo;acad\u00e9mie-directeurs acad\u00e9miques des services de l&rsquo;\u00e9ducation nationale sont charg\u00e9s de d\u00e9signer, apr\u00e8s consultation des commissions paritaires comp\u00e9tentes pour les corps de fonctionnaires et les agents concern\u00e9s, les candidats retenus. \u00a0\u00bb Ce point est bien \u00e9videment repris dans le projet de circulaire acad\u00e9mique pour que les CAPD puissent effectivement \u00eatre consult\u00e9es.<\/i> \u00a0\u00bb &#8230; \u00e0 suivre donc !<\/p>\n<p class=\"spip\">D&rsquo;ores et d\u00e9j\u00e0, consultez les offres de formation (<a href=\"http:\/\/cache.media.education.gouv.fr\/file\/25\/62\/7\/perso282_annexe1_corrections_970627.pdf\" class=\"spip_out\">lien<\/a>) car la dur\u00e9e de candidature risque d&rsquo;\u00eatre tr\u00e8s restreinte. Une fois que les modalit\u00e9s de candidature seront connues, n&rsquo;oubliez pas de faire une copie de vos demandes au SNUipp-FSU \ud83d\ude09<\/p>\n<p class=\"spip\">Pour rappel, les coll\u00e8gues sortant de CAPPEI, et c&rsquo;est la premi\u00e8re ann\u00e9e, ont de droit acc\u00e8s aux MIN dans la limite de deux modules par an et d&rsquo;un total de 100H (pendant les 5 ans qui suivent l&rsquo;obtention du CAPPEI). Le SNUipp-FSU exige la tenue de stages MIN \u00ab d\u00e9localis\u00e9s \u00bb pour permettre \u00e0 chacun de b\u00e9n\u00e9ficier de ces stages. Une demande a d\u00e9j\u00e0 \u00e9t\u00e9 faite en ce sens lors de l&rsquo;audience \u00e0 la DGRH du 31 mai 2018.<\/p>\n<\/div>\n","protected":false},"excerpt":{"rendered":"<p>Les SNUipp-FSU de l&rsquo;acad\u00e9mie de Poitiers sont intervenus vendredi dernier aupr\u00e8s du rectorat pour qu&rsquo;une circulaire paraisse \u00e0 fin de permettre aux coll\u00e8gues de candidater sur les modules nationaux ASH pour l&rsquo;ann\u00e9e 2018\/2019. <br \/>En effet, la Circulaire n\u00b0 2018-068 du 18-6-2018, parue au BO n\u00b0 25 du 21 juin 2018 (http:\/\/www.education.gouv.fr\/pid285\/bulletin_officiel.html\u2026), indique que toutes les candidatures pour les Modules de formation d&rsquo;initiative nationale dans le domaine de la (&#8230;)<br \/>\n&#8211;<br \/>\n<a href=\"http:\/\/86.snuipp.fr\/spip.php?rubrique154\" rel=\"directory\">Les enseignants ASH<\/a><br \/>\n\/<br \/>\n<a href=\"http:\/\/86.snuipp.fr\/spip.php?mot289\" rel=\"tag\">Formation<\/a>,<br \/>\n<a href=\"http:\/\/86.snuipp.fr\/spip.php?mot321\" rel=\"tag\">A.S.H<\/a><\/p>\n","protected":false},"author":1,"featured_media":0,"comment_status":"open","ping_status":"open","sticky":false,"template":"","format":"standard","meta":{"footnotes":""},"categories":[14],"tags":[],"class_list":["post-128","post","type-post","status-publish","format-standard","hentry","category-a-la-une"],"yoast_head":"<!-- This site is optimized with the Yoast SEO plugin v26.6 - https:\/\/yoast.com\/wordpress\/plugins\/seo\/ -->\n<title>Formation ASH \/ Stage MIN : le SNUipp-FSU interpelle le rectorat de Poitiers - FSU-SNUipp 86<\/title>\n<meta name=\"robots\" content=\"index, follow, max-snippet:-1, max-image-preview:large, max-video-preview:-1\" \/>\n<link rel=\"canonical\" href=\"https:\/\/snuipp86.fr\/index.php\/2018\/07\/19\/formation-ash-stage-min-le-snuipp-fsu-interpelle-le-rectorat-de-poitiers\/\" \/>\n<meta property=\"og:locale\" content=\"fr_FR\" \/>\n<meta property=\"og:type\" content=\"article\" \/>\n<meta property=\"og:title\" content=\"Formation ASH \/ Stage MIN : le SNUipp-FSU interpelle le rectorat de Poitiers - FSU-SNUipp 86\" \/>\n<meta property=\"og:description\" content=\"Les SNUipp-FSU de l&#039;acad\u00e9mie de Poitiers sont intervenus vendredi dernier aupr\u00e8s du rectorat pour qu&#039;une circulaire paraisse \u00e0 fin de permettre aux coll\u00e8gues de candidater sur les modules nationaux ASH pour l&#039;ann\u00e9e 2018\/2019. En effet, la Circulaire n\u00b0 2018-068 du 18-6-2018, parue au BO n\u00b0 25 du 21 juin 2018 (http:\/\/www.education.gouv.fr\/pid285\/bulletin_officiel.html\u2026), indique que toutes les candidatures pour les Modules de formation d&#039;initiative nationale dans le domaine de la (...) - Les enseignants ASH \/ Formation, A.S.H\" \/>\n<meta property=\"og:url\" content=\"https:\/\/snuipp86.fr\/index.php\/2018\/07\/19\/formation-ash-stage-min-le-snuipp-fsu-interpelle-le-rectorat-de-poitiers\/\" \/>\n<meta property=\"og:site_name\" content=\"FSU-SNUipp 86\" \/>\n<meta property=\"article:published_time\" content=\"2018-07-19T07:09:46+00:00\" \/>\n<meta property=\"og:image\" content=\"http:\/\/snuipp86.fr\/wp-content\/spip\/IMG\/arton4030.jpg\" \/>\n<meta name=\"author\" content=\"WP86Admin\" \/>\n<meta name=\"twitter:card\" content=\"summary_large_image\" \/>\n<meta name=\"twitter:label1\" content=\"\u00c9crit par\" \/>\n\t<meta name=\"twitter:data1\" content=\"WP86Admin\" \/>\n\t<meta name=\"twitter:label2\" content=\"Dur\u00e9e de lecture estim\u00e9e\" \/>\n\t<meta name=\"twitter:data2\" content=\"2 minutes\" \/>\n<script type=\"application\/ld+json\" class=\"yoast-schema-graph\">{\"@context\":\"https:\/\/schema.org\",\"@graph\":[{\"@type\":\"WebPage\",\"@id\":\"https:\/\/snuipp86.fr\/index.php\/2018\/07\/19\/formation-ash-stage-min-le-snuipp-fsu-interpelle-le-rectorat-de-poitiers\/\",\"url\":\"https:\/\/snuipp86.fr\/index.php\/2018\/07\/19\/formation-ash-stage-min-le-snuipp-fsu-interpelle-le-rectorat-de-poitiers\/\",\"name\":\"Formation ASH \/ Stage MIN : le SNUipp-FSU interpelle le rectorat de Poitiers - FSU-SNUipp 86\",\"isPartOf\":{\"@id\":\"https:\/\/snuipp86.fr\/#website\"},\"primaryImageOfPage\":{\"@id\":\"https:\/\/snuipp86.fr\/index.php\/2018\/07\/19\/formation-ash-stage-min-le-snuipp-fsu-interpelle-le-rectorat-de-poitiers\/#primaryimage\"},\"image\":{\"@id\":\"https:\/\/snuipp86.fr\/index.php\/2018\/07\/19\/formation-ash-stage-min-le-snuipp-fsu-interpelle-le-rectorat-de-poitiers\/#primaryimage\"},\"thumbnailUrl\":\"http:\/\/snuipp86.fr\/wp-content\/spip\/IMG\/arton4030.jpg\",\"datePublished\":\"2018-07-19T07:09:46+00:00\",\"author\":{\"@id\":\"https:\/\/snuipp86.fr\/#\/schema\/person\/901b28b9ae1c7a63a6a940102e52a7a2\"},\"breadcrumb\":{\"@id\":\"https:\/\/snuipp86.fr\/index.php\/2018\/07\/19\/formation-ash-stage-min-le-snuipp-fsu-interpelle-le-rectorat-de-poitiers\/#breadcrumb\"},\"inLanguage\":\"fr-FR\",\"potentialAction\":[{\"@type\":\"ReadAction\",\"target\":[\"https:\/\/snuipp86.fr\/index.php\/2018\/07\/19\/formation-ash-stage-min-le-snuipp-fsu-interpelle-le-rectorat-de-poitiers\/\"]}]},{\"@type\":\"ImageObject\",\"inLanguage\":\"fr-FR\",\"@id\":\"https:\/\/snuipp86.fr\/index.php\/2018\/07\/19\/formation-ash-stage-min-le-snuipp-fsu-interpelle-le-rectorat-de-poitiers\/#primaryimage\",\"url\":\"http:\/\/snuipp86.fr\/wp-content\/spip\/IMG\/arton4030.jpg\",\"contentUrl\":\"http:\/\/snuipp86.fr\/wp-content\/spip\/IMG\/arton4030.jpg\"},{\"@type\":\"BreadcrumbList\",\"@id\":\"https:\/\/snuipp86.fr\/index.php\/2018\/07\/19\/formation-ash-stage-min-le-snuipp-fsu-interpelle-le-rectorat-de-poitiers\/#breadcrumb\",\"itemListElement\":[{\"@type\":\"ListItem\",\"position\":1,\"name\":\"Accueil\",\"item\":\"https:\/\/snuipp86.fr\/\"},{\"@type\":\"ListItem\",\"position\":2,\"name\":\"Formation ASH \/ Stage MIN : le SNUipp-FSU interpelle le rectorat de Poitiers\"}]},{\"@type\":\"WebSite\",\"@id\":\"https:\/\/snuipp86.fr\/#website\",\"url\":\"https:\/\/snuipp86.fr\/\",\"name\":\"FSU-SNUipp 86\",\"description\":\"Des id\u00e9es qui font l&#039;\u00e9cole\",\"potentialAction\":[{\"@type\":\"SearchAction\",\"target\":{\"@type\":\"EntryPoint\",\"urlTemplate\":\"https:\/\/snuipp86.fr\/?s={search_term_string}\"},\"query-input\":{\"@type\":\"PropertyValueSpecification\",\"valueRequired\":true,\"valueName\":\"search_term_string\"}}],\"inLanguage\":\"fr-FR\"},{\"@type\":\"Person\",\"@id\":\"https:\/\/snuipp86.fr\/#\/schema\/person\/901b28b9ae1c7a63a6a940102e52a7a2\",\"name\":\"WP86Admin\",\"image\":{\"@type\":\"ImageObject\",\"inLanguage\":\"fr-FR\",\"@id\":\"https:\/\/snuipp86.fr\/#\/schema\/person\/image\/\",\"url\":\"https:\/\/secure.gravatar.com\/avatar\/0099845c7ec05dc10d777d8ab4f5142c5ba316283821af2459738ad469a37a1a?s=96&d=mm&r=g\",\"contentUrl\":\"https:\/\/secure.gravatar.com\/avatar\/0099845c7ec05dc10d777d8ab4f5142c5ba316283821af2459738ad469a37a1a?s=96&d=mm&r=g\",\"caption\":\"WP86Admin\"},\"url\":\"https:\/\/snuipp86.fr\/index.php\/author\/wp86admin\/\"}]}<\/script>\n<!-- \/ Yoast SEO plugin. -->","yoast_head_json":{"title":"Formation ASH \/ Stage MIN : le SNUipp-FSU interpelle le rectorat de Poitiers - FSU-SNUipp 86","robots":{"index":"index","follow":"follow","max-snippet":"max-snippet:-1","max-image-preview":"max-image-preview:large","max-video-preview":"max-video-preview:-1"},"canonical":"https:\/\/snuipp86.fr\/index.php\/2018\/07\/19\/formation-ash-stage-min-le-snuipp-fsu-interpelle-le-rectorat-de-poitiers\/","og_locale":"fr_FR","og_type":"article","og_title":"Formation ASH \/ Stage MIN : le SNUipp-FSU interpelle le rectorat de Poitiers - FSU-SNUipp 86","og_description":"Les SNUipp-FSU de l'acad\u00e9mie de Poitiers sont intervenus vendredi dernier aupr\u00e8s du rectorat pour qu'une circulaire paraisse \u00e0 fin de permettre aux coll\u00e8gues de candidater sur les modules nationaux ASH pour l'ann\u00e9e 2018\/2019. En effet, la Circulaire n\u00b0 2018-068 du 18-6-2018, parue au BO n\u00b0 25 du 21 juin 2018 (http:\/\/www.education.gouv.fr\/pid285\/bulletin_officiel.html\u2026), indique que toutes les candidatures pour les Modules de formation d'initiative nationale dans le domaine de la (...) - Les enseignants ASH \/ Formation, A.S.H","og_url":"https:\/\/snuipp86.fr\/index.php\/2018\/07\/19\/formation-ash-stage-min-le-snuipp-fsu-interpelle-le-rectorat-de-poitiers\/","og_site_name":"FSU-SNUipp 86","article_published_time":"2018-07-19T07:09:46+00:00","og_image":[{"url":"http:\/\/snuipp86.fr\/wp-content\/spip\/IMG\/arton4030.jpg","type":"","width":"","height":""}],"author":"WP86Admin","twitter_card":"summary_large_image","twitter_misc":{"\u00c9crit par":"WP86Admin","Dur\u00e9e de lecture estim\u00e9e":"2 minutes"},"schema":{"@context":"https:\/\/schema.org","@graph":[{"@type":"WebPage","@id":"https:\/\/snuipp86.fr\/index.php\/2018\/07\/19\/formation-ash-stage-min-le-snuipp-fsu-interpelle-le-rectorat-de-poitiers\/","url":"https:\/\/snuipp86.fr\/index.php\/2018\/07\/19\/formation-ash-stage-min-le-snuipp-fsu-interpelle-le-rectorat-de-poitiers\/","name":"Formation ASH \/ Stage MIN : le SNUipp-FSU interpelle le rectorat de Poitiers - FSU-SNUipp 86","isPartOf":{"@id":"https:\/\/snuipp86.fr\/#website"},"primaryImageOfPage":{"@id":"https:\/\/snuipp86.fr\/index.php\/2018\/07\/19\/formation-ash-stage-min-le-snuipp-fsu-interpelle-le-rectorat-de-poitiers\/#primaryimage"},"image":{"@id":"https:\/\/snuipp86.fr\/index.php\/2018\/07\/19\/formation-ash-stage-min-le-snuipp-fsu-interpelle-le-rectorat-de-poitiers\/#primaryimage"},"thumbnailUrl":"http:\/\/snuipp86.fr\/wp-content\/spip\/IMG\/arton4030.jpg","datePublished":"2018-07-19T07:09:46+00:00","author":{"@id":"https:\/\/snuipp86.fr\/#\/schema\/person\/901b28b9ae1c7a63a6a940102e52a7a2"},"breadcrumb":{"@id":"https:\/\/snuipp86.fr\/index.php\/2018\/07\/19\/formation-ash-stage-min-le-snuipp-fsu-interpelle-le-rectorat-de-poitiers\/#breadcrumb"},"inLanguage":"fr-FR","potentialAction":[{"@type":"ReadAction","target":["https:\/\/snuipp86.fr\/index.php\/2018\/07\/19\/formation-ash-stage-min-le-snuipp-fsu-interpelle-le-rectorat-de-poitiers\/"]}]},{"@type":"ImageObject","inLanguage":"fr-FR","@id":"https:\/\/snuipp86.fr\/index.php\/2018\/07\/19\/formation-ash-stage-min-le-snuipp-fsu-interpelle-le-rectorat-de-poitiers\/#primaryimage","url":"http:\/\/snuipp86.fr\/wp-content\/spip\/IMG\/arton4030.jpg","contentUrl":"http:\/\/snuipp86.fr\/wp-content\/spip\/IMG\/arton4030.jpg"},{"@type":"BreadcrumbList","@id":"https:\/\/snuipp86.fr\/index.php\/2018\/07\/19\/formation-ash-stage-min-le-snuipp-fsu-interpelle-le-rectorat-de-poitiers\/#breadcrumb","itemListElement":[{"@type":"ListItem","position":1,"name":"Accueil","item":"https:\/\/snuipp86.fr\/"},{"@type":"ListItem","position":2,"name":"Formation ASH \/ Stage MIN : le SNUipp-FSU interpelle le rectorat de Poitiers"}]},{"@type":"WebSite","@id":"https:\/\/snuipp86.fr\/#website","url":"https:\/\/snuipp86.fr\/","name":"FSU-SNUipp 86","description":"Des id\u00e9es qui font l&#039;\u00e9cole","potentialAction":[{"@type":"SearchAction","target":{"@type":"EntryPoint","urlTemplate":"https:\/\/snuipp86.fr\/?s={search_term_string}"},"query-input":{"@type":"PropertyValueSpecification","valueRequired":true,"valueName":"search_term_string"}}],"inLanguage":"fr-FR"},{"@type":"Person","@id":"https:\/\/snuipp86.fr\/#\/schema\/person\/901b28b9ae1c7a63a6a940102e52a7a2","name":"WP86Admin","image":{"@type":"ImageObject","inLanguage":"fr-FR","@id":"https:\/\/snuipp86.fr\/#\/schema\/person\/image\/","url":"https:\/\/secure.gravatar.com\/avatar\/0099845c7ec05dc10d777d8ab4f5142c5ba316283821af2459738ad469a37a1a?s=96&d=mm&r=g","contentUrl":"https:\/\/secure.gravatar.com\/avatar\/0099845c7ec05dc10d777d8ab4f5142c5ba316283821af2459738ad469a37a1a?s=96&d=mm&r=g","caption":"WP86Admin"},"url":"https:\/\/snuipp86.fr\/index.php\/author\/wp86admin\/"}]}},"_links":{"self":[{"href":"https:\/\/snuipp86.fr\/index.php\/wp-json\/wp\/v2\/posts\/128","targetHints":{"allow":["GET"]}}],"collection":[{"href":"https:\/\/snuipp86.fr\/index.php\/wp-json\/wp\/v2\/posts"}],"about":[{"href":"https:\/\/snuipp86.fr\/index.php\/wp-json\/wp\/v2\/types\/post"}],"author":[{"embeddable":true,"href":"https:\/\/snuipp86.fr\/index.php\/wp-json\/wp\/v2\/users\/1"}],"replies":[{"embeddable":true,"href":"https:\/\/snuipp86.fr\/index.php\/wp-json\/wp\/v2\/comments?post=128"}],"version-history":[{"count":0,"href":"https:\/\/snuipp86.fr\/index.php\/wp-json\/wp\/v2\/posts\/128\/revisions"}],"wp:attachment":[{"href":"https:\/\/snuipp86.fr\/index.php\/wp-json\/wp\/v2\/media?parent=128"}],"wp:term":[{"taxonomy":"category","embeddable":true,"href":"https:\/\/snuipp86.fr\/index.php\/wp-json\/wp\/v2\/categories?post=128"},{"taxonomy":"post_tag","embeddable":true,"href":"https:\/\/snuipp86.fr\/index.php\/wp-json\/wp\/v2\/tags?post=128"}],"curies":[{"name":"wp","href":"https:\/\/api.w.org\/{rel}","templated":true}]}}