{"id":1287,"date":"2012-12-31T13:54:53","date_gmt":"2012-12-31T13:54:53","guid":{"rendered":"http:\/\/localhost\/wordpress\/2012\/12\/31\/certificat-mdical-et-arrt-de-travail\/"},"modified":"2012-12-31T13:54:53","modified_gmt":"2012-12-31T13:54:53","slug":"certificat-mdical-et-arrt-de-travail","status":"publish","type":"post","link":"https:\/\/snuipp86.fr\/index.php\/2012\/12\/31\/certificat-mdical-et-arrt-de-travail\/","title":{"rendered":"Certificat m\u00e9dical et arr\u00eat de travail"},"content":{"rendered":"<p><img decoding=\"async\" src=\"https:\/\/snuipp86.fr\/wp-content\/spip\/IMG\/arton2310.jpg\" alt=\"\" align=\"right\" width=\"424\" height=\"283\" class=\"spip_logos\" \/><\/p>\n<div class='rss_texte'>\n<p class=\"spip\"><strong class=\"spip\">Doit-on transmettre \u00e0 l&rsquo;IEN les 3 volets du certificat m\u00e9dical ?<\/strong><\/p>\n<p class=\"spip\"><strong class=\"spip\">Non<\/strong> ; la protection du secret m\u00e9dical constitue un droit pour tous ; les m\u00e9decins sont tenus d&rsquo;indiquer aux caisses d&rsquo;assurance maladie les \u00e9l\u00e9ments d&rsquo;ordre m\u00e9dical qui justifient leurs prescriptions d&rsquo;arr\u00eat de travail. Afin de respecter le secret m\u00e9dical, seuls les volets 2 et 3 de l&rsquo;imprim\u00e9 CERFA, sans mention m\u00e9dicale \u00e0 caract\u00e8re personnel, sont \u00e0 transmettre \u00e0 l&rsquo;IEN . Le volet 1 doit \u00eatre conserv\u00e9 par le fonctionnaire et sera pr\u00e9sent\u00e9 \u00e0 toute requ\u00eate du m\u00e9decin agr\u00e9\u00e9 de l&rsquo;administration (<i class=\"spip\">Circulaire fonction publique FP\/4 no 2049 du 24 juillet 2003<\/i>).<\/p>\n<\/div>\n","protected":false},"excerpt":{"rendered":"<p>Doit-on transmettre \u00e0 l&rsquo;IEN les 3 volets du certificat m\u00e9dical ? <br \/>Non ; la protection du secret m\u00e9dical constitue un droit pour tous ; les m\u00e9decins sont tenus d&rsquo;indiquer aux caisses d&rsquo;assurance maladie les \u00e9l\u00e9ments d&rsquo;ordre m\u00e9dical qui justifient leurs prescriptions d&rsquo;arr\u00eat de travail. Afin de respecter le secret m\u00e9dical, seuls les volets 2 et 3 de l&rsquo;imprim\u00e9 CERFA, sans mention m\u00e9dicale \u00e0 caract\u00e8re personnel, sont \u00e0 transmettre \u00e0 l&rsquo;IEN . Le volet 1 (&#8230;)<br \/>\n&#8211;<br \/>\n<a href=\"http:\/\/86.snuipp.fr\/spip.php?rubrique298\" rel=\"directory\">Sant\u00e9<\/a><br \/>\n\/<br \/>\n<a href=\"http:\/\/86.snuipp.fr\/spip.php?mot309\" rel=\"tag\">Les textes disent&#8230;<\/a>,<br \/>\n<a href=\"http:\/\/86.snuipp.fr\/spip.php?mot315\" rel=\"tag\">Sant\u00e9<\/a><\/p>\n","protected":false},"author":1,"featured_media":0,"comment_status":"open","ping_status":"open","sticky":false,"template":"","format":"standard","meta":{"footnotes":""},"categories":[14],"tags":[],"class_list":["post-1287","post","type-post","status-publish","format-standard","hentry","category-a-la-une"],"yoast_head":"<!-- This site is optimized with the Yoast SEO plugin v26.6 - https:\/\/yoast.com\/wordpress\/plugins\/seo\/ -->\n<title>Certificat m\u00e9dical et arr\u00eat de travail - FSU-SNUipp 86<\/title>\n<meta name=\"robots\" content=\"index, follow, max-snippet:-1, max-image-preview:large, max-video-preview:-1\" \/>\n<link rel=\"canonical\" href=\"https:\/\/snuipp86.fr\/index.php\/2012\/12\/31\/certificat-mdical-et-arrt-de-travail\/\" \/>\n<meta property=\"og:locale\" content=\"fr_FR\" \/>\n<meta property=\"og:type\" content=\"article\" \/>\n<meta property=\"og:title\" content=\"Certificat m\u00e9dical et arr\u00eat de travail - FSU-SNUipp 86\" \/>\n<meta property=\"og:description\" content=\"Doit-on transmettre \u00e0 l&#039;IEN les 3 volets du certificat m\u00e9dical ? Non ; la protection du secret m\u00e9dical constitue un droit pour tous ; les m\u00e9decins sont tenus d&#039;indiquer aux caisses d&#039;assurance maladie les \u00e9l\u00e9ments d&#039;ordre m\u00e9dical qui justifient leurs prescriptions d&#039;arr\u00eat de travail. Afin de respecter le secret m\u00e9dical, seuls les volets 2 et 3 de l&#039;imprim\u00e9 CERFA, sans mention m\u00e9dicale \u00e0 caract\u00e8re personnel, sont \u00e0 transmettre \u00e0 l&#039;IEN . Le volet 1 (...) - Sant\u00e9 \/ Les textes disent..., Sant\u00e9\" \/>\n<meta property=\"og:url\" content=\"https:\/\/snuipp86.fr\/index.php\/2012\/12\/31\/certificat-mdical-et-arrt-de-travail\/\" \/>\n<meta property=\"og:site_name\" content=\"FSU-SNUipp 86\" \/>\n<meta property=\"article:published_time\" content=\"2012-12-31T13:54:53+00:00\" \/>\n<meta property=\"og:image\" content=\"http:\/\/snuipp86.fr\/wp-content\/spip\/IMG\/arton2310.jpg\" \/>\n<meta name=\"author\" content=\"WP86Admin\" \/>\n<meta name=\"twitter:card\" content=\"summary_large_image\" \/>\n<meta name=\"twitter:label1\" content=\"\u00c9crit par\" \/>\n\t<meta name=\"twitter:data1\" content=\"WP86Admin\" \/>\n<script type=\"application\/ld+json\" class=\"yoast-schema-graph\">{\"@context\":\"https:\/\/schema.org\",\"@graph\":[{\"@type\":\"WebPage\",\"@id\":\"https:\/\/snuipp86.fr\/index.php\/2012\/12\/31\/certificat-mdical-et-arrt-de-travail\/\",\"url\":\"https:\/\/snuipp86.fr\/index.php\/2012\/12\/31\/certificat-mdical-et-arrt-de-travail\/\",\"name\":\"Certificat m\u00e9dical et arr\u00eat de travail - FSU-SNUipp 86\",\"isPartOf\":{\"@id\":\"https:\/\/snuipp86.fr\/#website\"},\"primaryImageOfPage\":{\"@id\":\"https:\/\/snuipp86.fr\/index.php\/2012\/12\/31\/certificat-mdical-et-arrt-de-travail\/#primaryimage\"},\"image\":{\"@id\":\"https:\/\/snuipp86.fr\/index.php\/2012\/12\/31\/certificat-mdical-et-arrt-de-travail\/#primaryimage\"},\"thumbnailUrl\":\"http:\/\/snuipp86.fr\/wp-content\/spip\/IMG\/arton2310.jpg\",\"datePublished\":\"2012-12-31T13:54:53+00:00\",\"author\":{\"@id\":\"https:\/\/snuipp86.fr\/#\/schema\/person\/901b28b9ae1c7a63a6a940102e52a7a2\"},\"breadcrumb\":{\"@id\":\"https:\/\/snuipp86.fr\/index.php\/2012\/12\/31\/certificat-mdical-et-arrt-de-travail\/#breadcrumb\"},\"inLanguage\":\"fr-FR\",\"potentialAction\":[{\"@type\":\"ReadAction\",\"target\":[\"https:\/\/snuipp86.fr\/index.php\/2012\/12\/31\/certificat-mdical-et-arrt-de-travail\/\"]}]},{\"@type\":\"ImageObject\",\"inLanguage\":\"fr-FR\",\"@id\":\"https:\/\/snuipp86.fr\/index.php\/2012\/12\/31\/certificat-mdical-et-arrt-de-travail\/#primaryimage\",\"url\":\"http:\/\/snuipp86.fr\/wp-content\/spip\/IMG\/arton2310.jpg\",\"contentUrl\":\"http:\/\/snuipp86.fr\/wp-content\/spip\/IMG\/arton2310.jpg\"},{\"@type\":\"BreadcrumbList\",\"@id\":\"https:\/\/snuipp86.fr\/index.php\/2012\/12\/31\/certificat-mdical-et-arrt-de-travail\/#breadcrumb\",\"itemListElement\":[{\"@type\":\"ListItem\",\"position\":1,\"name\":\"Accueil\",\"item\":\"https:\/\/snuipp86.fr\/\"},{\"@type\":\"ListItem\",\"position\":2,\"name\":\"Certificat m\u00e9dical et arr\u00eat de travail\"}]},{\"@type\":\"WebSite\",\"@id\":\"https:\/\/snuipp86.fr\/#website\",\"url\":\"https:\/\/snuipp86.fr\/\",\"name\":\"FSU-SNUipp 86\",\"description\":\"Des id\u00e9es qui font l&#039;\u00e9cole\",\"potentialAction\":[{\"@type\":\"SearchAction\",\"target\":{\"@type\":\"EntryPoint\",\"urlTemplate\":\"https:\/\/snuipp86.fr\/?s={search_term_string}\"},\"query-input\":{\"@type\":\"PropertyValueSpecification\",\"valueRequired\":true,\"valueName\":\"search_term_string\"}}],\"inLanguage\":\"fr-FR\"},{\"@type\":\"Person\",\"@id\":\"https:\/\/snuipp86.fr\/#\/schema\/person\/901b28b9ae1c7a63a6a940102e52a7a2\",\"name\":\"WP86Admin\",\"image\":{\"@type\":\"ImageObject\",\"inLanguage\":\"fr-FR\",\"@id\":\"https:\/\/snuipp86.fr\/#\/schema\/person\/image\/\",\"url\":\"https:\/\/secure.gravatar.com\/avatar\/0099845c7ec05dc10d777d8ab4f5142c5ba316283821af2459738ad469a37a1a?s=96&d=mm&r=g\",\"contentUrl\":\"https:\/\/secure.gravatar.com\/avatar\/0099845c7ec05dc10d777d8ab4f5142c5ba316283821af2459738ad469a37a1a?s=96&d=mm&r=g\",\"caption\":\"WP86Admin\"},\"url\":\"https:\/\/snuipp86.fr\/index.php\/author\/wp86admin\/\"}]}<\/script>\n<!-- \/ Yoast SEO plugin. -->","yoast_head_json":{"title":"Certificat m\u00e9dical et arr\u00eat de travail - FSU-SNUipp 86","robots":{"index":"index","follow":"follow","max-snippet":"max-snippet:-1","max-image-preview":"max-image-preview:large","max-video-preview":"max-video-preview:-1"},"canonical":"https:\/\/snuipp86.fr\/index.php\/2012\/12\/31\/certificat-mdical-et-arrt-de-travail\/","og_locale":"fr_FR","og_type":"article","og_title":"Certificat m\u00e9dical et arr\u00eat de travail - FSU-SNUipp 86","og_description":"Doit-on transmettre \u00e0 l'IEN les 3 volets du certificat m\u00e9dical ? Non ; la protection du secret m\u00e9dical constitue un droit pour tous ; les m\u00e9decins sont tenus d'indiquer aux caisses d'assurance maladie les \u00e9l\u00e9ments d'ordre m\u00e9dical qui justifient leurs prescriptions d'arr\u00eat de travail. Afin de respecter le secret m\u00e9dical, seuls les volets 2 et 3 de l'imprim\u00e9 CERFA, sans mention m\u00e9dicale \u00e0 caract\u00e8re personnel, sont \u00e0 transmettre \u00e0 l'IEN . Le volet 1 (...) - Sant\u00e9 \/ Les textes disent..., Sant\u00e9","og_url":"https:\/\/snuipp86.fr\/index.php\/2012\/12\/31\/certificat-mdical-et-arrt-de-travail\/","og_site_name":"FSU-SNUipp 86","article_published_time":"2012-12-31T13:54:53+00:00","og_image":[{"url":"http:\/\/snuipp86.fr\/wp-content\/spip\/IMG\/arton2310.jpg","type":"","width":"","height":""}],"author":"WP86Admin","twitter_card":"summary_large_image","twitter_misc":{"\u00c9crit par":"WP86Admin"},"schema":{"@context":"https:\/\/schema.org","@graph":[{"@type":"WebPage","@id":"https:\/\/snuipp86.fr\/index.php\/2012\/12\/31\/certificat-mdical-et-arrt-de-travail\/","url":"https:\/\/snuipp86.fr\/index.php\/2012\/12\/31\/certificat-mdical-et-arrt-de-travail\/","name":"Certificat m\u00e9dical et arr\u00eat de travail - FSU-SNUipp 86","isPartOf":{"@id":"https:\/\/snuipp86.fr\/#website"},"primaryImageOfPage":{"@id":"https:\/\/snuipp86.fr\/index.php\/2012\/12\/31\/certificat-mdical-et-arrt-de-travail\/#primaryimage"},"image":{"@id":"https:\/\/snuipp86.fr\/index.php\/2012\/12\/31\/certificat-mdical-et-arrt-de-travail\/#primaryimage"},"thumbnailUrl":"http:\/\/snuipp86.fr\/wp-content\/spip\/IMG\/arton2310.jpg","datePublished":"2012-12-31T13:54:53+00:00","author":{"@id":"https:\/\/snuipp86.fr\/#\/schema\/person\/901b28b9ae1c7a63a6a940102e52a7a2"},"breadcrumb":{"@id":"https:\/\/snuipp86.fr\/index.php\/2012\/12\/31\/certificat-mdical-et-arrt-de-travail\/#breadcrumb"},"inLanguage":"fr-FR","potentialAction":[{"@type":"ReadAction","target":["https:\/\/snuipp86.fr\/index.php\/2012\/12\/31\/certificat-mdical-et-arrt-de-travail\/"]}]},{"@type":"ImageObject","inLanguage":"fr-FR","@id":"https:\/\/snuipp86.fr\/index.php\/2012\/12\/31\/certificat-mdical-et-arrt-de-travail\/#primaryimage","url":"http:\/\/snuipp86.fr\/wp-content\/spip\/IMG\/arton2310.jpg","contentUrl":"http:\/\/snuipp86.fr\/wp-content\/spip\/IMG\/arton2310.jpg"},{"@type":"BreadcrumbList","@id":"https:\/\/snuipp86.fr\/index.php\/2012\/12\/31\/certificat-mdical-et-arrt-de-travail\/#breadcrumb","itemListElement":[{"@type":"ListItem","position":1,"name":"Accueil","item":"https:\/\/snuipp86.fr\/"},{"@type":"ListItem","position":2,"name":"Certificat m\u00e9dical et arr\u00eat de travail"}]},{"@type":"WebSite","@id":"https:\/\/snuipp86.fr\/#website","url":"https:\/\/snuipp86.fr\/","name":"FSU-SNUipp 86","description":"Des id\u00e9es qui font l&#039;\u00e9cole","potentialAction":[{"@type":"SearchAction","target":{"@type":"EntryPoint","urlTemplate":"https:\/\/snuipp86.fr\/?s={search_term_string}"},"query-input":{"@type":"PropertyValueSpecification","valueRequired":true,"valueName":"search_term_string"}}],"inLanguage":"fr-FR"},{"@type":"Person","@id":"https:\/\/snuipp86.fr\/#\/schema\/person\/901b28b9ae1c7a63a6a940102e52a7a2","name":"WP86Admin","image":{"@type":"ImageObject","inLanguage":"fr-FR","@id":"https:\/\/snuipp86.fr\/#\/schema\/person\/image\/","url":"https:\/\/secure.gravatar.com\/avatar\/0099845c7ec05dc10d777d8ab4f5142c5ba316283821af2459738ad469a37a1a?s=96&d=mm&r=g","contentUrl":"https:\/\/secure.gravatar.com\/avatar\/0099845c7ec05dc10d777d8ab4f5142c5ba316283821af2459738ad469a37a1a?s=96&d=mm&r=g","caption":"WP86Admin"},"url":"https:\/\/snuipp86.fr\/index.php\/author\/wp86admin\/"}]}},"_links":{"self":[{"href":"https:\/\/snuipp86.fr\/index.php\/wp-json\/wp\/v2\/posts\/1287","targetHints":{"allow":["GET"]}}],"collection":[{"href":"https:\/\/snuipp86.fr\/index.php\/wp-json\/wp\/v2\/posts"}],"about":[{"href":"https:\/\/snuipp86.fr\/index.php\/wp-json\/wp\/v2\/types\/post"}],"author":[{"embeddable":true,"href":"https:\/\/snuipp86.fr\/index.php\/wp-json\/wp\/v2\/users\/1"}],"replies":[{"embeddable":true,"href":"https:\/\/snuipp86.fr\/index.php\/wp-json\/wp\/v2\/comments?post=1287"}],"version-history":[{"count":0,"href":"https:\/\/snuipp86.fr\/index.php\/wp-json\/wp\/v2\/posts\/1287\/revisions"}],"wp:attachment":[{"href":"https:\/\/snuipp86.fr\/index.php\/wp-json\/wp\/v2\/media?parent=1287"}],"wp:term":[{"taxonomy":"category","embeddable":true,"href":"https:\/\/snuipp86.fr\/index.php\/wp-json\/wp\/v2\/categories?post=1287"},{"taxonomy":"post_tag","embeddable":true,"href":"https:\/\/snuipp86.fr\/index.php\/wp-json\/wp\/v2\/tags?post=1287"}],"curies":[{"name":"wp","href":"https:\/\/api.w.org\/{rel}","templated":true}]}}