{"id":130,"date":"2018-07-09T10:58:56","date_gmt":"2018-07-09T10:58:56","guid":{"rendered":"http:\/\/localhost\/wordpress\/2018\/07\/09\/capd-du-5-juillet-mouvement-fusion-exeat-crpe\/"},"modified":"2018-07-09T10:58:56","modified_gmt":"2018-07-09T10:58:56","slug":"capd-du-5-juillet-mouvement-fusion-exeat-crpe","status":"publish","type":"post","link":"https:\/\/snuipp86.fr\/index.php\/2018\/07\/09\/capd-du-5-juillet-mouvement-fusion-exeat-crpe\/","title":{"rendered":"CAPD du 5 juillet : mouvement, fusion, EXEAT, CRPE &#8230;"},"content":{"rendered":"<p><img decoding=\"async\" src=\"https:\/\/snuipp86.fr\/wp-content\/spip\/IMG\/arton4022.jpg\" alt=\"\" align=\"right\" width=\"150\" height=\"116\" class=\"spip_logos\" \/><\/p>\n<div class='rss_texte'>\n<h3 class=\"spip\" id=\"outil_sommaire_0\"><a title=\"Sommaire\" href=\"http:\/\/86.snuipp.fr\/spip.php?page=backend#outil_sommaire\" class=\"sommaire_ancre\"> <\/a>CAPD 5 juillet 2018<\/h3>\n<dl class='spip_document_3632 spip_documents spip_documents_center' >\n<dt><img src='https:\/\/snuipp86.fr\/wp-content\/spip\/cache-vignettes\/L150xH116\/rubon6-23522-12-593be.jpg' width='150' height='116' alt='JPEG - 5.8 ko' style='height:116px;width:150px;' class='' \/><\/dt>\n<dt class='spip_doc_titre' style='width:150px;'><strong>rubon6-23522<\/strong><\/dt>\n<\/dl>\n<hr class=\"spip\" \/>\n<p class=\"spip\"><img decoding=\"async\" src=\"https:\/\/snuipp86.fr\/wp-content\/spip\/cache-vignettes\/L8xH11\/puce-68c92.gif\" width='8' height='11' alt=\"-\" style='height:11px;width:8px;' class='' \/> R\u00e9sultats des commissions postes \u00e0 condition particuli\u00e8re d&rsquo;exercice : SEGPA, conseiller p\u00e9da, PEMF, UPE2A, ERUN, ULIS<br \/>\n<br \/><img decoding=\"async\" src=\"https:\/\/snuipp86.fr\/wp-content\/spip\/cache-vignettes\/L8xH11\/puce-68c92.gif\" width='8' height='11' alt=\"-\" style='height:11px;width:8px;' class='' \/> Mouvement : r\u00e9visions d&rsquo;affectations, renonce de poste, PES, fusion Lakanal\/Matisse et St gervais<br \/>\n<br \/><img decoding=\"async\" src=\"https:\/\/snuipp86.fr\/wp-content\/spip\/cache-vignettes\/L8xH11\/puce-68c92.gif\" width='8' height='11' alt=\"-\" style='height:11px;width:8px;' class='' \/> Exeat \/ INEAT<br \/>\n<br \/><img decoding=\"async\" src=\"https:\/\/snuipp86.fr\/wp-content\/spip\/cache-vignettes\/L8xH11\/puce-68c92.gif\" width='8' height='11' alt=\"-\" style='height:11px;width:8px;' class='' \/> Questions diverses du SNUipp\/FSU : \u00e9changes CRPE, Classe ex, Cong\u00e9s formation, Entretien de carri\u00e8re, rempla\u00e7ant sur \u00e9cole \u00e0 4 jours<\/p>\n<p class=\"spip\">Etaient pr\u00e9sent-e-s : M. Claverie (IA), M. Monlun (SG), M. Artaud (IENA), Mme Garcia et Mme Picardat (DPE5), 5 IEN (Ch\u00e2tellerault, Poitiers Sud, Poitiers Ouest, Poitiers Nord, C ASH), <strong class=\"spip\">7 SNUipp-FSU 86<\/strong>, 4 Unsa<\/p>\n<p class=\"spip\"><strong class=\"spip\">Note d&rsquo;ambiance : Une CAPD tendue !<\/strong><\/p>\n<p class=\"spip\">Au del\u00e0 des probl\u00e9matiques sur le mouvement qui ont fait durer cette CAPD (informations manquantes, documents de l&rsquo;administration incomplets), le SNUipp-FSU 86 a \u00e9t\u00e9 plusieurs fois en conflit avec l&rsquo;IA. Le SNUipp-FSU a rappel\u00e9 notamment \u00e0 l&rsquo;IA que si notre syst\u00e8me public d&rsquo;\u00e9ducation tournait encore, avec d\u00e9j\u00e0 beaucoup de difficult\u00e9s, c&rsquo;\u00e9tait uniquement gr\u00e2ce aux personnels de terrain, qui chaque jour, compensent les manques de notre \u00c9cole. Pour le SNUipp-FSU, la prise en compte de leurs remont\u00e9es, de leurs analyses, de leurs difficult\u00e9s, ne doit pas \u00eatre une option comme le fait l&rsquo;IA, mais une ligne directrice indispensable pour que notre syst\u00e8me \u00e9volue pour la r\u00e9ussite de tous et toutes !<\/p>\n<p class=\"spip\">Le SNUipp\/FSU a remerci\u00e9 les personnes de la DPE5 qui quittent le service : Mme Picardat (d\u00e9part pour un poste \u00e0 l&rsquo;universit\u00e9) et a souhait\u00e9 une bonne retraite \u00e0 Mme Bobin (responsable des Brigades).<\/p>\n<hr class=\"spip\" \/>\n<h3 class=\"spip\" id=\"outil_sommaire_1\"><a title=\"Sommaire\" href=\"http:\/\/86.snuipp.fr\/spip.php?page=backend#outil_sommaire\" class=\"sommaire_ancre\"> <\/a>R\u00e9sultats des commissions postes \u00e0 condition particuli\u00e8re d&rsquo;exercice<\/h3>\n<p class=\"spip\"><strong class=\"spip\"><br \/>\nDirections SEGPA<\/strong> : 5 candidat-e-s, 4 retenue-e-s<\/p>\n<p class=\"spip\"><img decoding=\"async\" src=\"https:\/\/snuipp86.fr\/wp-content\/spip\/cache-vignettes\/L8xH11\/puce-68c92.gif\" width='8' height='11' alt=\"-\" style='height:11px;width:8px;' class='' \/> SEGPA Ren\u00e9 Descartes Ch\u00e2tellerault : M. HAAS R\u00e9gis est nomm\u00e9 \u00e0 TP<\/p>\n<p class=\"spip\"><img decoding=\"async\" src=\"https:\/\/snuipp86.fr\/wp-content\/spip\/cache-vignettes\/L8xH11\/puce-68c92.gif\" width='8' height='11' alt=\"-\" style='height:11px;width:8px;' class='' \/> SEGPA Georges Sand Ch\u00e2tellerault : M. MASSONNEAU Pierre est nomm\u00e9 \u00e0 TP, mais lib\u00e8re le poste pour exercer en tant que principal adjoint sur Sand en 2018\/19. Mme RICHARD Laurence (2nd degr\u00e9) est nomm\u00e9e \u00e0 TP pour l&rsquo;ann\u00e9e prochaine.<\/p>\n<p class=\"spip\"><img decoding=\"async\" src=\"https:\/\/snuipp86.fr\/wp-content\/spip\/cache-vignettes\/L8xH11\/puce-68c92.gif\" width='8' height='11' alt=\"-\" style='height:11px;width:8px;' class='' \/> SEGPA Renaudot St Benoit : Mme TARDY Marie-Jo est nomm\u00e9e \u00e0 TP.<\/p>\n<p class=\"spip\"><strong class=\"spip\">Direction Ecole d&rsquo;application(DEA) Poitiers St Exup\u00e9ry<\/strong> : Suite \u00e0 la nomination de Mme Tardy, le poste est devenu vacant \u00e0 TP. Mme LEOMAND Marl\u00e8ne, derni\u00e8re inscrite sur Liste d&rsquo;Aptitude Direction d&rsquo;Application sans poste de DEA, a \u00e9t\u00e9 nomm\u00e9e \u00e0 TP suite \u00e0 la sollicitation de l&rsquo;administration. D&rsquo;autres coll\u00e8gues \u00e9taient volontaires.<\/p>\n<p class=\"spip\"><strong class=\"spip\"><br \/>\nPoste PEMF Vivonne \u00e9l\u00e9m<\/strong> : suite \u00e0 la nomination de Mme LEOMAND, un appel \u00e0 candidature va para\u00eetre pour un poste \u00e0 TP pour l&rsquo;ann\u00e9e 2018\/19 : Curriculum vitae et lettre de motivation \u00e0 transmettre au plus tard le mardi 10 juillet 2018 avant 12h, au bureau DPE 5.(<a href=\"https:\/\/www.intra.ac-poitiers.fr\/mes-rubriques\/poste-de-maitre-formateur-eepu-vivonne-252440.kjsp?RH=1180009251924\" class=\"spip_out\"> https:\/\/www.intra.ac-poitiers.fr\/mes-rubriques\/poste-de-maitre-formateur-eepu-vivonne-252440.kjsp ?RH=1180009251924<\/a>). Le SNUipp-FSU est intervenu pour d\u00e9noncer le fait que 5 postes PEMF aient \u00e9t\u00e9 \u00ab gel\u00e9s \u00bb sans appel : Mirebeau \u00e9l\u00e9m, Lenclo\u00eetre Mat, Ch\u00e2tellerault Lavoisier, Valdivienne, Vivonne mat \u2026 cela aura un impact sur la charge de travail des formateurs\/trices ! Le SNUipp-FSU a rappel\u00e9 \u00e0 l&rsquo;IA que des coll\u00e8gues ayant le CAFIPEMF proposaient d&rsquo;exercer sur leur poste. L&rsquo;IA a refus\u00e9.<\/p>\n<p class=\"spip\"><strong class=\"spip\">UPE2A 50 % Loudun 1er degr\u00e9<\/strong> : 1 seule candidature Mme SEDANO C\u00e9cile est nomm\u00e9e \u00e0 TP.<\/p>\n<p class=\"spip\"><strong class=\"spip\"><br \/>\nULIS lyc\u00e9e pro Ch\u00e2tellerault Branly<\/strong> : plusieurs candidatures&#8230; Mme BROUSSE Isabelle est nomm\u00e9e \u00e0 TD. Le SNUipp-FSU est heureux que les personnels du 1er degr\u00e9 puissent \u00eatre nomm\u00e9-es sur ces postes, alors que le Rectorat fait tout pour emp\u00eacher ces candidatures.<\/p>\n<p class=\"spip\"><strong class=\"spip\">CPD TICE<\/strong> : 2 candidatures &#8211; Patrick NUER nomm\u00e9 \u00e0 TD. Il lib\u00e8re deux demi-postes d&rsquo;ERUN (Poitiers EST et Poitiers OUEST). Un appel \u00e0 candidature va para\u00eetre : Curriculum vitae et lettre de motivation \u00e0 transmettre au plus tard le mardi 10 juillet 2018 avant 12h, au bureau DPE 5. ( <a href=\"https:\/\/www.intra.ac-poitiers.fr\/mes-rubriques\/enseignant-referent-aux-usages-du-numerique-poitiers-est-poitiers-ouest-252441.kjsp?RH=1180009251924\" class=\"spip_out\">https:\/\/www.intra.ac-poitiers.fr\/mes-rubriques\/enseignant-referent-aux-usages-du-numerique-poitiers-est-poitiers-ouest-252441.kjsp ?RH=1180009251924<\/a>). Il sera possible de candidater pour l&rsquo;un des demi-postes ou pour les deux r\u00e9unis qui formeraient alors un poste entier . L&rsquo;IA a une pr\u00e9f\u00e9rence pour la 2nde option.<\/p>\n<p class=\"spip\"><strong class=\"spip\">Postes E <\/strong> :<\/p>\n<p class=\"spip\"><img decoding=\"async\" src=\"https:\/\/snuipp86.fr\/wp-content\/spip\/cache-vignettes\/L8xH11\/puce-68c92.gif\" width='8' height='11' alt=\"-\" style='height:11px;width:8px;' class='' \/> Ch\u00e2tellerault Haigner\u00e9 : 1 seule candidature. Mme Dubloc Claire est nomm\u00e9e \u00e0 TP<br \/>\n<br \/><img decoding=\"async\" src=\"https:\/\/snuipp86.fr\/wp-content\/spip\/cache-vignettes\/L8xH11\/puce-68c92.gif\" width='8' height='11' alt=\"-\" style='height:11px;width:8px;' class='' \/> Lussac les Ch\u00e2teaux : 3 candidatures \u2013 2 avis favorables et 1 d\u00e9favorable ; Mme Coudert Agn\u00e8s est nomm\u00e9e \u00e0 TP<\/p>\n<p class=\"spip\"><strong class=\"spip\">Postes G (Neuville Ferry et Montmorillon St Nicolas<\/strong>) : aucune candidature de coll\u00e8gues sp\u00e9cialis\u00e9-e-s , l&rsquo;IA a d\u00e9cid\u00e9 de geler les postes pour l&rsquo;ann\u00e9e 2018\/19.<\/p>\n<p class=\"spip\"><strong class=\"spip\">Appel en cours<\/strong> :<\/p>\n<p class=\"spip\"><img decoding=\"async\" src=\"https:\/\/snuipp86.fr\/wp-content\/spip\/cache-vignettes\/L8xH11\/puce-68c92.gif\" width='8' height='11' alt=\"-\" style='height:11px;width:8px;' class='' \/> 2 postes d&rsquo;\u00ab appui aux \u00e9quipes \u00bb \u00e0 TP sur les circos de Lenclo\u00eetre et Montmorillon : l&rsquo;IA a confirm\u00e9 que ces postes avaient \u00e9t\u00e9 cr\u00e9es suite au gel des 2 Maitres G<\/p>\n<hr class=\"spip\" \/>\n<h3 class=\"spip\" id=\"outil_sommaire_2\"><a title=\"Sommaire\" href=\"http:\/\/86.snuipp.fr\/spip.php?page=backend#outil_sommaire\" class=\"sommaire_ancre\"> <\/a>Mouvement : r\u00e9visions d&rsquo;affectations, renonce de poste, PES, fusion Lakanal\/Matisse et St gervais<\/h3>\n<h3 class=\"spip\" id=\"outil_sommaire_3\"><a title=\"Sommaire\" href=\"http:\/\/86.snuipp.fr\/spip.php?page=backend#outil_sommaire\" class=\"sommaire_ancre\"> <\/a><a href=\"http:\/\/86.snuipp.fr\/spip.php?article4018\" class=\"spip_out\">retrouvez l&rsquo;ensemble des nominations sur ce lien<\/a><\/h3>\n<p class=\"spip\">Ces nominations sont principalement des nominations d&rsquo;office. Le SNUipp-FSU est intervenu plusieurs fois pour que l&rsquo;IA respecte le choix que les coll\u00e8gues avaient effectu\u00e9s sur l&rsquo;annexe 1 et leur r\u00e9sidence g\u00e9ographique.<\/p>\n<p class=\"spip\"><strong class=\"spip\">R\u00e9visions d&rsquo;affectation<\/strong> : 3 coll\u00e8gues ont fait des demandes suite \u00e0 leur nomination d&rsquo;office du 26 juin. Le SNUIpp-FSU a soutenu les demandes. Les 3 r\u00e9visions de postes sont accept\u00e9es. Les coll\u00e8gues seront r\u00e9affect\u00e9es lors de la CAPD de rentr\u00e9e de septembre.<\/p>\n<p class=\"spip\"><strong class=\"spip\"><br \/>\nRenonces de poste<\/strong> : 2 coll\u00e8gues ont fait une demande de renonce de poste pour candidater sur d&rsquo;autres postes vacants. Le SNUipp-FSU a soutenu les demandes. Les renonces sont accept\u00e9es et les coll\u00e8gues ont \u00e9t\u00e9 renomm\u00e9-e-s.<\/p>\n<p class=\"spip\"><strong class=\"spip\">PES<\/strong> : Suite \u00e0 la CAPE qui statue sur la titularisation des PES, 4 sont prolong\u00e9es (+ de 36 jours d&rsquo;absence), 4 sont renouvel\u00e9-e-s et 2 sont licenci\u00e9es. Une PES a \u00e9galement d\u00e9missionn\u00e9. Les PES prolong\u00e9es et renouvel\u00e9-es ont \u00e9t\u00e9 r\u00e9affect\u00e9-e-s. Le SNUipp-FSU a interrog\u00e9 l&rsquo;administration sur la pertinence de son choix de mettre des PES renouvell\u00e9-es sur le m\u00eame poste. Pas de r\u00e9ponse \u2026 Le SNUipp-FSU a interrog\u00e9 l&rsquo;administration sur les PES qui pourraient renouvel\u00e9-es faute d&rsquo;obtention du Master. M. Artaud indique qu&rsquo;il lui faut rencontrer la direction de l&rsquo;ESPE pour le savoir. Il reste des berceaux PES encore disponibles pour cela ( Vouneuil \/ Biard \u00e9l\u00e9m, Fontaine le Comte, Couh\u00e9), voire pour un usage \u00e9ventuel de la liste compl\u00e9mentaire.<\/p>\n<p class=\"spip\"><strong class=\"spip\">Ch\u00e2tellerault Littr\u00e9-Lakanal \u00e9l\u00e9m \/ Matisse<\/strong> : 1 seule direction pour 2018\/19 !<\/p>\n<p class=\"spip\">Suite \u00e0 la CAPD du 26 juin, la direction de Lakanal-Littr\u00e9 \u00e9tait vacante. Mme MARCHAIS, directrice de l&rsquo;\u00e9cole maternelle Matisse, assurera aussi la direction de Lakanal-Littr\u00e9 pour 2018-2019 suite \u00e0 sa demande.<\/p>\n<p class=\"spip\">L&rsquo;IA a pr\u00e9f\u00e9r\u00e9 ce choix \u00e0 l&rsquo;autre proposition, c&rsquo;est \u00e0 dire qu&rsquo;un coll\u00e8gue directeur en \u00e9ducation prioritaire qui \u00e9tait volontaire assure la direction de Lakanal-Littr\u00e9 (une adjointe dans cette autre \u00e9cole \u00e9tant volontaire sur la direction ainsi lib\u00e9r\u00e9e).<\/p>\n<p class=\"spip\">Le SNUipp-FSU a exprim\u00e9 son d\u00e9saccord sur la solution retenue par l&rsquo;IA car cela cr\u00e9e une structure en \u00e9ducation prioritaire de plus de 17 classes sur 4 b\u00e2timents, sans que cette d\u00e9cision ne soit d\u00e9cid\u00e9e en \u00e9quipe. L&rsquo;autre proposition, si elle n&rsquo;\u00e9tait pas parfaite, permettait de garder les structures actuelles. Nous demandons que ce type de d\u00e9cision soit d&rsquo;abord \u00e9labor\u00e9e et mise en \u0153uvre en \u00e9quipe, ce qui demande plus de temps mais qui est incontournable.<\/p>\n<p class=\"spip\">L&rsquo;IA a indiqu\u00e9 que cette solution \u00e9tait juste pour l&rsquo;ann\u00e9e 2018\/19 mais a affirm\u00e9 sa volont\u00e9 de travailler avec le sous-pr\u00e9fet, les maires des villes pour construire des \u00ab p\u00f4les urbains \u00bb \u2026 Il assure que cette \u00e9cole sera soutenue cette ann\u00e9e. Il s&rsquo;est engag\u00e9 \u00e0 ce que des services civiques soient recrut\u00e9s pour cette \u00e9cole. Le SNUipp-FSU rappelle que la nature de ces contrats ne leur permet pas d&rsquo;assurer des fonctions d&rsquo;aide \u00e0 la direction.<\/p>\n<p class=\"spip\"><strong class=\"spip\">Fusion \u00e0 St Gervais !!!!<\/strong><\/p>\n<p class=\"spip\">Le DASEN a annonc\u00e9, pour la rentr\u00e9e prochaine, la fusion des deux \u00e9coles de St Gervais les Trois Clochers suite aux avis favorables des conseils d&rsquo;\u00e9cole et du conseil municipal. Le SNUipp-FSU 86 a rappel\u00e9 que cette fusion \u00e9tait hors des d\u00e9lais institu\u00e9s par l&rsquo;IA lui-m\u00eame : \u00ab\u00a0date limite le CDEN de mars avant le mouvement\u00a0\u00bb !!! Cela a un impact sur les postes : 1 direction transform\u00e9e en adjoint or une coll\u00e8gue avait \u00e9t\u00e9 nomm\u00e9e directrice au second mouvement et se retrouve donc sans direction. Le SNUipp-FSU 86 a d\u00e9nonc\u00e9 que les r\u00e8gles \u00e9tablies ensemble soient chang\u00e9es unilat\u00e9ralement. L&rsquo;IA entend les arguments du SNUipp-FSU et indique qu&rsquo;afin de palier la perte financi\u00e8re li\u00e9e \u00e0 l&rsquo;indemnit\u00e9 de direction, il s&rsquo;engage \u00e0 lui verser exceptionnellement le m\u00eame montant en d\u00e9dommagement.<\/p>\n<hr class=\"spip\" \/>\n<h3 class=\"spip\" id=\"outil_sommaire_4\"><a title=\"Sommaire\" href=\"http:\/\/86.snuipp.fr\/spip.php?page=backend#outil_sommaire\" class=\"sommaire_ancre\"> <\/a>Exeat-ineat<\/h3>\n<p class=\"spip\">10 EXEAT accord\u00e9s sur 19 pour rapprochement de conjoint ou situations m\u00e9dicales ou raisons sociales justifi\u00e9s, 7 ont obtenu leur INEAT<\/p>\n<p class=\"spip\">Le SNUipp-FSU a contact\u00e9 les coll\u00e8gues concern\u00e9-e-s.<\/p>\n<p class=\"spip\">5 coll\u00e8gues rentrent dans le d\u00e9partement apr\u00e8s avoir obtenu leur EXEAT de leur d\u00e9partement d&rsquo;origine sur 23 demandes \u2013 4 ont \u00e9t\u00e9 affect\u00e9-e-s au mouvement.<\/p>\n<p class=\"spip\">Des situations peuvent encore \u00e9voluer d&rsquo;ici la rentr\u00e9e.<\/p>\n<hr class=\"spip\" \/>\n<h3 class=\"spip\" id=\"outil_sommaire_5\"><a title=\"Sommaire\" href=\"http:\/\/86.snuipp.fr\/spip.php?page=backend#outil_sommaire\" class=\"sommaire_ancre\"> <\/a>Questions diverses du SNUipp\/FSU : \u00e9changes CRPE, Classe ex, Cong\u00e9s formation, Entretien de carri\u00e8re, rempla\u00e7ant sur \u00e9cole \u00e0 4 jours<\/h3>\n<p class=\"spip\"><strong class=\"spip\">Echanges de PES 2018\/19 entre d\u00e9partements de l&rsquo;acad\u00e9mie<\/strong> :<\/p>\n<p class=\"spip\">Suite \u00e0 la demande du SNUIpp-FSU, des \u00e9changes auront lieu entre les d\u00e9partements. C&rsquo;est la DPE5 qui est en charge du dossier pour l&rsquo;acad\u00e9mie. L&rsquo;administration indique que chaque fois qu&rsquo;un \u00e9change sera possible, il sera autoris\u00e9. Actuellement, il manquerait des pi\u00e8ces justificatives \u00e0 certaines demandes pour les valider. Faites les remonter rapidement \u00e0 dpe5@ac-poitiers.fr et au SNUipp-FSU.<\/p>\n<p class=\"spip\"><strong class=\"spip\">Classe Exceptionnelle<\/strong> :<\/p>\n<p class=\"spip\">Plusieurs coll\u00e8gues \u00e9ligibles nous ont indiqu\u00e9 avoir candidat\u00e9 dans les r\u00e8gles, pourtant, ils ne figuraient pas sur la liste des \u00e9ligibles \u00e0 la classe exceptionnelle\u2026. L&rsquo;administration s&rsquo;engage \u00e0 faire les v\u00e9rifications n\u00e9cessaires. Les r\u00e9sultats de la classe exceptionnelle sont actuellement en ligne sur le i-prof de ceux et celles qui ont candidat\u00e9.<\/p>\n<p class=\"spip\"><strong class=\"spip\">Cong\u00e9 formation<\/strong> :<\/p>\n<p class=\"spip\">Suite \u00e0 des modifications de dur\u00e9e de cong\u00e9 formation, l&rsquo;administration va r\u00e9ajuster et r\u00e9actualiser la liste des b\u00e9n\u00e9ficiaires.<\/p>\n<p class=\"spip\"><strong class=\"spip\">Entretiens de carri\u00e8re<\/strong> :<\/p>\n<p class=\"spip\">Pour les coll\u00e8gues qui ont eu un entretien de carri\u00e8re cette ann\u00e9e, l&rsquo;avis de leur IEN est d\u00e9pos\u00e9 sur iprof depuis mi-juin. Suite \u00e0 des erreurs dans les avis post\u00e9s sur I-Prof par les IENs, le SNUipp-FSU demande \u00e0 ce que les avis puissent \u00eatre modifiables dans l&rsquo;application. Le SG pr\u00e9cise que sur iprof il existe un espace pour d\u00e9poser ses remarques et que l&rsquo;IA en tiendra compte pour son avis final (donn\u00e9 d\u00e9but septembre).<\/p>\n<p class=\"spip\">Concernant les futurs entretiens de carri\u00e8re, les coll\u00e8gues concern\u00e9-es auraient d\u00fb recevoir une notification au cours du mois de juin \u2026 l&rsquo;administration indique que cela est retard\u00e9 &#8230;<\/p>\n<p class=\"spip\"><strong class=\"spip\"><br \/>\nRemplacement sur \u00e9cole \u00e0 4 jours<\/strong><\/p>\n<p class=\"spip\">Le SNUipp-FSU a point\u00e9 les difficult\u00e9s de gestion du temps travaill\u00e9 des rempla\u00e7ants lorsque ceux-ci sont rattach\u00e9s dans des \u00e9coles \u00e0 4 jours . Nous nous sommes oppos\u00e9s au fait que ces rempla\u00e7ants soient soumis \u00e0 une forme d&rsquo;astreinte chaque mercredi matin dans l&rsquo;attente d&rsquo;un hypoth\u00e9tique appel t\u00e9l\u00e9phonique pour effectuer un remplacement. Le SNUipp-FSU est intervenu pour demander une clarification des r\u00e8gles, une \u00e9quit\u00e9 de traitement sur tout le d\u00e9partement et que nos coll\u00e8gues connaissent bien en amont les mercredis travaill\u00e9s ainsi que les heures \u00ab r\u00e9cup\u00e9r\u00e9es \u00bb en cas de sur-service. Le SG a convenu qu&rsquo;il y a n\u00e9cessit\u00e9 d&rsquo;\u00e9tablir une r\u00e8gle et de la notifier aux coll\u00e8gues.<\/p>\n<dl class='spip_document_3630 spip_documents spip_documents_center' >\n<dt><img src='https:\/\/snuipp86.fr\/wp-content\/spip\/cache-vignettes\/L300xH277\/info-6-4ff86.jpg' width='300' height='277' alt='JPEG - 21.2 ko' style='height:277px;width:300px;' class='' \/><\/dt>\n<dt class='spip_doc_titre' style='width:300px;'><strong>info<\/strong><\/dt>\n<\/dl>\n<p class=\"spip\"><i class=\"spip\">Pour le SNUipp-FSU<\/p>\n<p class=\"spip\">Marieke Brebion, Fr\u00e9d\u00e9rique Delage, Fr\u00e9d\u00e9ric Gautreau, William Faugeroux, Fabienne La\u00een\u00e9, Matthieu Menaut-Lourtas, Gilles Tabourdeau<\/i><\/p>\n<h3 class=\"spip\" id=\"outil_sommaire_6\"><a title=\"Sommaire\" href=\"http:\/\/86.snuipp.fr\/spip.php?page=backend#outil_sommaire\" class=\"sommaire_ancre\"> <\/a>BONNES VACANCES !!!!!!!!<\/h3>\n<dl class='spip_document_3626 spip_documents spip_documents_center' >\n<dt><img src='https:\/\/snuipp86.fr\/wp-content\/spip\/cache-vignettes\/L172xH120\/vacances-52c80.jpg' width='172' height='120' alt='JPEG - 5.9 ko' style='height:120px;width:172px;' class='' \/><\/dt>\n<dt class='spip_doc_titre' style='width:172px;'><strong>vacances<\/strong><\/dt>\n<\/dl>\n<\/div>\n","protected":false},"excerpt":{"rendered":"<p>CAPD 5 juillet 2018 <br \/>R\u00e9sultats des commissions postes \u00e0 condition particuli\u00e8re d&rsquo;exercice : SEGPA, conseiller p\u00e9da, PEMF, UPE2A, ERUN, ULIS <br \/>Mouvement : r\u00e9visions d&rsquo;affectations, renonce de poste, PES, fusion Lakanal\/Matisse et St gervais <br \/>Exeat \/ INEAT <br \/>Questions diverses du SNUipp\/FSU : \u00e9changes CRPE, Classe ex, Cong\u00e9s formation, Entretien de carri\u00e8re, rempla\u00e7ant sur \u00e9cole \u00e0 4 jours <br \/>Etaient pr\u00e9sent-e-s : M. Claverie (IA), M. Monlun (SG), M. Artaud (IENA), (&#8230;)<br \/>\n&#8211;<br \/>\n<a href=\"http:\/\/86.snuipp.fr\/spip.php?rubrique79\" rel=\"directory\">CAPD : Compte-Rendu et D\u00e9clarations du SNUipp<\/a><br \/>\n\/<br \/>\n<a href=\"http:\/\/86.snuipp.fr\/spip.php?mot296\" rel=\"tag\">CAPD<\/a>,<br \/>\n<a href=\"http:\/\/86.snuipp.fr\/spip.php?mot306\" rel=\"tag\">Mouvement<\/a><\/p>\n","protected":false},"author":1,"featured_media":0,"comment_status":"open","ping_status":"open","sticky":false,"template":"","format":"standard","meta":{"footnotes":""},"categories":[14],"tags":[],"class_list":["post-130","post","type-post","status-publish","format-standard","hentry","category-a-la-une"],"yoast_head":"<!-- This site is optimized with the Yoast SEO plugin v26.6 - https:\/\/yoast.com\/wordpress\/plugins\/seo\/ -->\n<title>CAPD du 5 juillet : mouvement, fusion, EXEAT, CRPE ... - FSU-SNUipp 86<\/title>\n<meta name=\"robots\" content=\"index, follow, max-snippet:-1, max-image-preview:large, max-video-preview:-1\" \/>\n<link rel=\"canonical\" href=\"https:\/\/snuipp86.fr\/index.php\/2018\/07\/09\/capd-du-5-juillet-mouvement-fusion-exeat-crpe\/\" \/>\n<meta property=\"og:locale\" content=\"fr_FR\" \/>\n<meta property=\"og:type\" content=\"article\" \/>\n<meta property=\"og:title\" content=\"CAPD du 5 juillet : mouvement, fusion, EXEAT, CRPE ... - FSU-SNUipp 86\" \/>\n<meta property=\"og:description\" content=\"CAPD 5 juillet 2018 R\u00e9sultats des commissions postes \u00e0 condition particuli\u00e8re d&#039;exercice : SEGPA, conseiller p\u00e9da, PEMF, UPE2A, ERUN, ULIS Mouvement : r\u00e9visions d&#039;affectations, renonce de poste, PES, fusion Lakanal\/Matisse et St gervais Exeat \/ INEAT Questions diverses du SNUipp\/FSU : \u00e9changes CRPE, Classe ex, Cong\u00e9s formation, Entretien de carri\u00e8re, rempla\u00e7ant sur \u00e9cole \u00e0 4 jours Etaient pr\u00e9sent-e-s : M. Claverie (IA), M. Monlun (SG), M. Artaud (IENA), (...) - CAPD : Compte-Rendu et D\u00e9clarations du SNUipp \/ CAPD, Mouvement\" \/>\n<meta property=\"og:url\" content=\"https:\/\/snuipp86.fr\/index.php\/2018\/07\/09\/capd-du-5-juillet-mouvement-fusion-exeat-crpe\/\" \/>\n<meta property=\"og:site_name\" content=\"FSU-SNUipp 86\" \/>\n<meta property=\"article:published_time\" content=\"2018-07-09T10:58:56+00:00\" \/>\n<meta property=\"og:image\" content=\"http:\/\/snuipp86.fr\/wp-content\/spip\/IMG\/arton4022.jpg\" \/>\n<meta name=\"author\" content=\"WP86Admin\" \/>\n<meta name=\"twitter:card\" content=\"summary_large_image\" \/>\n<meta name=\"twitter:label1\" content=\"\u00c9crit par\" \/>\n\t<meta name=\"twitter:data1\" content=\"WP86Admin\" \/>\n\t<meta name=\"twitter:label2\" content=\"Dur\u00e9e de lecture estim\u00e9e\" \/>\n\t<meta name=\"twitter:data2\" content=\"9 minutes\" \/>\n<script type=\"application\/ld+json\" class=\"yoast-schema-graph\">{\"@context\":\"https:\/\/schema.org\",\"@graph\":[{\"@type\":\"WebPage\",\"@id\":\"https:\/\/snuipp86.fr\/index.php\/2018\/07\/09\/capd-du-5-juillet-mouvement-fusion-exeat-crpe\/\",\"url\":\"https:\/\/snuipp86.fr\/index.php\/2018\/07\/09\/capd-du-5-juillet-mouvement-fusion-exeat-crpe\/\",\"name\":\"CAPD du 5 juillet : mouvement, fusion, EXEAT, CRPE ... - FSU-SNUipp 86\",\"isPartOf\":{\"@id\":\"https:\/\/snuipp86.fr\/#website\"},\"primaryImageOfPage\":{\"@id\":\"https:\/\/snuipp86.fr\/index.php\/2018\/07\/09\/capd-du-5-juillet-mouvement-fusion-exeat-crpe\/#primaryimage\"},\"image\":{\"@id\":\"https:\/\/snuipp86.fr\/index.php\/2018\/07\/09\/capd-du-5-juillet-mouvement-fusion-exeat-crpe\/#primaryimage\"},\"thumbnailUrl\":\"http:\/\/snuipp86.fr\/wp-content\/spip\/IMG\/arton4022.jpg\",\"datePublished\":\"2018-07-09T10:58:56+00:00\",\"author\":{\"@id\":\"https:\/\/snuipp86.fr\/#\/schema\/person\/901b28b9ae1c7a63a6a940102e52a7a2\"},\"breadcrumb\":{\"@id\":\"https:\/\/snuipp86.fr\/index.php\/2018\/07\/09\/capd-du-5-juillet-mouvement-fusion-exeat-crpe\/#breadcrumb\"},\"inLanguage\":\"fr-FR\",\"potentialAction\":[{\"@type\":\"ReadAction\",\"target\":[\"https:\/\/snuipp86.fr\/index.php\/2018\/07\/09\/capd-du-5-juillet-mouvement-fusion-exeat-crpe\/\"]}]},{\"@type\":\"ImageObject\",\"inLanguage\":\"fr-FR\",\"@id\":\"https:\/\/snuipp86.fr\/index.php\/2018\/07\/09\/capd-du-5-juillet-mouvement-fusion-exeat-crpe\/#primaryimage\",\"url\":\"http:\/\/snuipp86.fr\/wp-content\/spip\/IMG\/arton4022.jpg\",\"contentUrl\":\"http:\/\/snuipp86.fr\/wp-content\/spip\/IMG\/arton4022.jpg\"},{\"@type\":\"BreadcrumbList\",\"@id\":\"https:\/\/snuipp86.fr\/index.php\/2018\/07\/09\/capd-du-5-juillet-mouvement-fusion-exeat-crpe\/#breadcrumb\",\"itemListElement\":[{\"@type\":\"ListItem\",\"position\":1,\"name\":\"Accueil\",\"item\":\"https:\/\/snuipp86.fr\/\"},{\"@type\":\"ListItem\",\"position\":2,\"name\":\"CAPD du 5 juillet : mouvement, fusion, EXEAT, CRPE &#8230;\"}]},{\"@type\":\"WebSite\",\"@id\":\"https:\/\/snuipp86.fr\/#website\",\"url\":\"https:\/\/snuipp86.fr\/\",\"name\":\"FSU-SNUipp 86\",\"description\":\"Des id\u00e9es qui font l&#039;\u00e9cole\",\"potentialAction\":[{\"@type\":\"SearchAction\",\"target\":{\"@type\":\"EntryPoint\",\"urlTemplate\":\"https:\/\/snuipp86.fr\/?s={search_term_string}\"},\"query-input\":{\"@type\":\"PropertyValueSpecification\",\"valueRequired\":true,\"valueName\":\"search_term_string\"}}],\"inLanguage\":\"fr-FR\"},{\"@type\":\"Person\",\"@id\":\"https:\/\/snuipp86.fr\/#\/schema\/person\/901b28b9ae1c7a63a6a940102e52a7a2\",\"name\":\"WP86Admin\",\"image\":{\"@type\":\"ImageObject\",\"inLanguage\":\"fr-FR\",\"@id\":\"https:\/\/snuipp86.fr\/#\/schema\/person\/image\/\",\"url\":\"https:\/\/secure.gravatar.com\/avatar\/0099845c7ec05dc10d777d8ab4f5142c5ba316283821af2459738ad469a37a1a?s=96&d=mm&r=g\",\"contentUrl\":\"https:\/\/secure.gravatar.com\/avatar\/0099845c7ec05dc10d777d8ab4f5142c5ba316283821af2459738ad469a37a1a?s=96&d=mm&r=g\",\"caption\":\"WP86Admin\"},\"url\":\"https:\/\/snuipp86.fr\/index.php\/author\/wp86admin\/\"}]}<\/script>\n<!-- \/ Yoast SEO plugin. -->","yoast_head_json":{"title":"CAPD du 5 juillet : mouvement, fusion, EXEAT, CRPE ... - FSU-SNUipp 86","robots":{"index":"index","follow":"follow","max-snippet":"max-snippet:-1","max-image-preview":"max-image-preview:large","max-video-preview":"max-video-preview:-1"},"canonical":"https:\/\/snuipp86.fr\/index.php\/2018\/07\/09\/capd-du-5-juillet-mouvement-fusion-exeat-crpe\/","og_locale":"fr_FR","og_type":"article","og_title":"CAPD du 5 juillet : mouvement, fusion, EXEAT, CRPE ... - FSU-SNUipp 86","og_description":"CAPD 5 juillet 2018 R\u00e9sultats des commissions postes \u00e0 condition particuli\u00e8re d'exercice : SEGPA, conseiller p\u00e9da, PEMF, UPE2A, ERUN, ULIS Mouvement : r\u00e9visions d'affectations, renonce de poste, PES, fusion Lakanal\/Matisse et St gervais Exeat \/ INEAT Questions diverses du SNUipp\/FSU : \u00e9changes CRPE, Classe ex, Cong\u00e9s formation, Entretien de carri\u00e8re, rempla\u00e7ant sur \u00e9cole \u00e0 4 jours Etaient pr\u00e9sent-e-s : M. Claverie (IA), M. Monlun (SG), M. Artaud (IENA), (...) - CAPD : Compte-Rendu et D\u00e9clarations du SNUipp \/ CAPD, Mouvement","og_url":"https:\/\/snuipp86.fr\/index.php\/2018\/07\/09\/capd-du-5-juillet-mouvement-fusion-exeat-crpe\/","og_site_name":"FSU-SNUipp 86","article_published_time":"2018-07-09T10:58:56+00:00","og_image":[{"url":"http:\/\/snuipp86.fr\/wp-content\/spip\/IMG\/arton4022.jpg","type":"","width":"","height":""}],"author":"WP86Admin","twitter_card":"summary_large_image","twitter_misc":{"\u00c9crit par":"WP86Admin","Dur\u00e9e de lecture estim\u00e9e":"9 minutes"},"schema":{"@context":"https:\/\/schema.org","@graph":[{"@type":"WebPage","@id":"https:\/\/snuipp86.fr\/index.php\/2018\/07\/09\/capd-du-5-juillet-mouvement-fusion-exeat-crpe\/","url":"https:\/\/snuipp86.fr\/index.php\/2018\/07\/09\/capd-du-5-juillet-mouvement-fusion-exeat-crpe\/","name":"CAPD du 5 juillet : mouvement, fusion, EXEAT, CRPE ... - FSU-SNUipp 86","isPartOf":{"@id":"https:\/\/snuipp86.fr\/#website"},"primaryImageOfPage":{"@id":"https:\/\/snuipp86.fr\/index.php\/2018\/07\/09\/capd-du-5-juillet-mouvement-fusion-exeat-crpe\/#primaryimage"},"image":{"@id":"https:\/\/snuipp86.fr\/index.php\/2018\/07\/09\/capd-du-5-juillet-mouvement-fusion-exeat-crpe\/#primaryimage"},"thumbnailUrl":"http:\/\/snuipp86.fr\/wp-content\/spip\/IMG\/arton4022.jpg","datePublished":"2018-07-09T10:58:56+00:00","author":{"@id":"https:\/\/snuipp86.fr\/#\/schema\/person\/901b28b9ae1c7a63a6a940102e52a7a2"},"breadcrumb":{"@id":"https:\/\/snuipp86.fr\/index.php\/2018\/07\/09\/capd-du-5-juillet-mouvement-fusion-exeat-crpe\/#breadcrumb"},"inLanguage":"fr-FR","potentialAction":[{"@type":"ReadAction","target":["https:\/\/snuipp86.fr\/index.php\/2018\/07\/09\/capd-du-5-juillet-mouvement-fusion-exeat-crpe\/"]}]},{"@type":"ImageObject","inLanguage":"fr-FR","@id":"https:\/\/snuipp86.fr\/index.php\/2018\/07\/09\/capd-du-5-juillet-mouvement-fusion-exeat-crpe\/#primaryimage","url":"http:\/\/snuipp86.fr\/wp-content\/spip\/IMG\/arton4022.jpg","contentUrl":"http:\/\/snuipp86.fr\/wp-content\/spip\/IMG\/arton4022.jpg"},{"@type":"BreadcrumbList","@id":"https:\/\/snuipp86.fr\/index.php\/2018\/07\/09\/capd-du-5-juillet-mouvement-fusion-exeat-crpe\/#breadcrumb","itemListElement":[{"@type":"ListItem","position":1,"name":"Accueil","item":"https:\/\/snuipp86.fr\/"},{"@type":"ListItem","position":2,"name":"CAPD du 5 juillet : mouvement, fusion, EXEAT, CRPE &#8230;"}]},{"@type":"WebSite","@id":"https:\/\/snuipp86.fr\/#website","url":"https:\/\/snuipp86.fr\/","name":"FSU-SNUipp 86","description":"Des id\u00e9es qui font l&#039;\u00e9cole","potentialAction":[{"@type":"SearchAction","target":{"@type":"EntryPoint","urlTemplate":"https:\/\/snuipp86.fr\/?s={search_term_string}"},"query-input":{"@type":"PropertyValueSpecification","valueRequired":true,"valueName":"search_term_string"}}],"inLanguage":"fr-FR"},{"@type":"Person","@id":"https:\/\/snuipp86.fr\/#\/schema\/person\/901b28b9ae1c7a63a6a940102e52a7a2","name":"WP86Admin","image":{"@type":"ImageObject","inLanguage":"fr-FR","@id":"https:\/\/snuipp86.fr\/#\/schema\/person\/image\/","url":"https:\/\/secure.gravatar.com\/avatar\/0099845c7ec05dc10d777d8ab4f5142c5ba316283821af2459738ad469a37a1a?s=96&d=mm&r=g","contentUrl":"https:\/\/secure.gravatar.com\/avatar\/0099845c7ec05dc10d777d8ab4f5142c5ba316283821af2459738ad469a37a1a?s=96&d=mm&r=g","caption":"WP86Admin"},"url":"https:\/\/snuipp86.fr\/index.php\/author\/wp86admin\/"}]}},"_links":{"self":[{"href":"https:\/\/snuipp86.fr\/index.php\/wp-json\/wp\/v2\/posts\/130","targetHints":{"allow":["GET"]}}],"collection":[{"href":"https:\/\/snuipp86.fr\/index.php\/wp-json\/wp\/v2\/posts"}],"about":[{"href":"https:\/\/snuipp86.fr\/index.php\/wp-json\/wp\/v2\/types\/post"}],"author":[{"embeddable":true,"href":"https:\/\/snuipp86.fr\/index.php\/wp-json\/wp\/v2\/users\/1"}],"replies":[{"embeddable":true,"href":"https:\/\/snuipp86.fr\/index.php\/wp-json\/wp\/v2\/comments?post=130"}],"version-history":[{"count":0,"href":"https:\/\/snuipp86.fr\/index.php\/wp-json\/wp\/v2\/posts\/130\/revisions"}],"wp:attachment":[{"href":"https:\/\/snuipp86.fr\/index.php\/wp-json\/wp\/v2\/media?parent=130"}],"wp:term":[{"taxonomy":"category","embeddable":true,"href":"https:\/\/snuipp86.fr\/index.php\/wp-json\/wp\/v2\/categories?post=130"},{"taxonomy":"post_tag","embeddable":true,"href":"https:\/\/snuipp86.fr\/index.php\/wp-json\/wp\/v2\/tags?post=130"}],"curies":[{"name":"wp","href":"https:\/\/api.w.org\/{rel}","templated":true}]}}