{"id":134,"date":"2018-06-29T09:00:14","date_gmt":"2018-06-29T09:00:14","guid":{"rendered":"http:\/\/localhost\/wordpress\/2018\/06\/29\/crpe-2018-poitiers-des-changes-demands-par-le-snuipp-fsu\/"},"modified":"2018-06-29T09:00:14","modified_gmt":"2018-06-29T09:00:14","slug":"crpe-2018-poitiers-des-changes-demands-par-le-snuipp-fsu","status":"publish","type":"post","link":"https:\/\/snuipp86.fr\/index.php\/2018\/06\/29\/crpe-2018-poitiers-des-changes-demands-par-le-snuipp-fsu\/","title":{"rendered":"CRPE 2018 Poitiers : des \u00e9changes demand\u00e9s par le SNUipp-FSU"},"content":{"rendered":"<p><img decoding=\"async\" src=\"https:\/\/snuipp86.fr\/wp-content\/spip\/IMG\/arton4006.jpg\" alt=\"\" align=\"right\" width=\"457\" height=\"395\" class=\"spip_logos\" \/><\/p>\n<div class='rss_texte'>\n<dl class='spip_document_3582 spip_documents spip_documents_center' >\n<dt><img src='https:\/\/snuipp86.fr\/wp-content\/spip\/cache-vignettes\/L457xH395\/10711127_1576208199277850_2875303459976858355_n-8f378.jpg' width='457' height='395' alt='JPEG - 28 ko' style='height:395px;width:457px;' class='' \/><\/dt>\n<dt class='spip_doc_titre' style='width:350px;'><strong>10711127_1576208199277850_2875303459976858355_n<\/strong><\/dt>\n<\/dl>\n<p class=\"spip\">Les SNUipp-FSU de l&rsquo;Acad\u00e9mie de Poitiers viennent d&rsquo;\u00e9crire au Recteur pour que des \u00e9changes d&rsquo;affectation d\u00e9partementale puissent avoir lieu entre laur\u00e9ats du CRPE 2018, comme les ann\u00e9es pr\u00e9c\u00e9dentes.<\/p>\n<dl class='spip_document_3578 spip_documents spip_documents_center' >\n<dt><a href=\"https:\/\/snuipp86.fr\/wp-content\/spip\/IMG\/pdf\/20180629_courrier_SNUipp_FSU_recteur_demande_echange_PES_stagiaire.pdf\" title='PDF - 122.9 ko' type=\"application\/pdf\"><img src='https:\/\/snuipp86.fr\/wp-content\/spip\/cache-vignettes\/L52xH52\/pdf-d7486.png' width='52' height='52' alt='PDF - 122.9 ko' style='height:52px;width:52px;' class=' format_png' \/><\/a><\/dt>\n<dt class='spip_doc_titre' style='width:120px;'><strong>20180629 courrier SNUipp FSU recteur demande \u00e9change PES stagiaire<\/strong><\/dt>\n<\/dl>\n<p class=\"spip\">Voici un exemple de courrier, \u00e0 envoyer \u00e0 votre d\u00e9partement d&rsquo;affectation depuis votre boite mail (n&rsquo;oubliez pas de faire une copie au SNUipp de votre d\u00e9partement) et \u00e0 adapter pour votre demande :<\/p>\n<p class=\"spip\">objet : demande de mutation du d\u00e9partement &#8230;. pour le d\u00e9partement &#8230;<\/p>\n<p class=\"spip\">Monsieur le Recteur de l&rsquo;Acad\u00e9mie de Poitiers ,<\/p>\n<p class=\"spip\">Je viens d&rsquo;\u00eatre laur\u00e9at du CRPE 2018 et je serai donc professeur des \u00e9coles stagiaire \u00e0 la rentr\u00e9e. Suite au concours, je viens d&rsquo;\u00eatre affect\u00e9 sur le d\u00e9partement de &#8230;.<\/p>\n<p class=\"spip\">Je demande \u00e0 ce que mon affectation d\u00e9partementale soit modifi\u00e9e.<\/p>\n<p class=\"spip\">Je souhaiterais pouvoir int\u00e9grer le d\u00e9partement de \u2026 pour les raisons suivantes (pr\u00e9ciser les raisons qui vous am\u00e8nent \u00e0 effectuer cette demande, notamment raison de sant\u00e9, rapprochement de conjoint ; joindre les justificatifs).<\/p>\n<p class=\"spip\">Vous trouverez mes pi\u00e8ces justificatives jointes \u00e0 ce mail.<\/p>\n<p class=\"spip\">Dans l&rsquo;espoir d&rsquo;une r\u00e9ponse favorable, je vous prie de croire, Monsieur le Recteur de l&rsquo;Acad\u00e9mie de Poitiers , en mes respectueuses salutations.<\/p>\n<p class=\"spip\">Pi\u00e8ces jointes :<br \/>\n<br \/><img decoding=\"async\" src=\"https:\/\/snuipp86.fr\/wp-content\/spip\/cache-vignettes\/L8xH11\/puce-68c92.gif\" width='8' height='11' alt=\"-\" style='height:11px;width:8px;' class='' \/> Avis d&rsquo;affectation du conjoint<br \/>\n<br \/><img decoding=\"async\" src=\"https:\/\/snuipp86.fr\/wp-content\/spip\/cache-vignettes\/L8xH11\/puce-68c92.gif\" width='8' height='11' alt=\"-\" style='height:11px;width:8px;' class='' \/> Attestation de l&#8217;employeur<br \/>\n<br \/><img decoding=\"async\" src=\"https:\/\/snuipp86.fr\/wp-content\/spip\/cache-vignettes\/L8xH11\/puce-68c92.gif\" width='8' height='11' alt=\"-\" style='height:11px;width:8px;' class='' \/> Copie du livret de famille (enfants)<br \/>\n<br \/><img decoding=\"async\" src=\"https:\/\/snuipp86.fr\/wp-content\/spip\/cache-vignettes\/L8xH11\/puce-68c92.gif\" width='8' height='11' alt=\"-\" style='height:11px;width:8px;' class='' \/> Certificat de mariage ou concubinage ou PACS<br \/>\n<br \/><img decoding=\"async\" src=\"https:\/\/snuipp86.fr\/wp-content\/spip\/cache-vignettes\/L8xH11\/puce-68c92.gif\" width='8' height='11' alt=\"-\" style='height:11px;width:8px;' class='' \/> Attestations m\u00e9dicales<br \/>\n<br \/><img decoding=\"async\" src=\"https:\/\/snuipp86.fr\/wp-content\/spip\/cache-vignettes\/L8xH11\/puce-68c92.gif\" width='8' height='11' alt=\"-\" style='height:11px;width:8px;' class='' \/> Autre \u2026&#8230;<\/p>\n<p class=\"spip\">Signature<\/p>\n<\/div>\n","protected":false},"excerpt":{"rendered":"<p>Les SNUipp-FSU de l&rsquo;Acad\u00e9mie de Poitiers viennent d&rsquo;\u00e9crire au Recteur pour que des \u00e9changes d&rsquo;affectation d\u00e9partementale puissent avoir lieu entre laur\u00e9ats du CRPE 2018, comme les ann\u00e9es pr\u00e9c\u00e9dentes. <br \/>Voici un exemple de courrier, \u00e0 envoyer \u00e0 votre d\u00e9partement d&rsquo;affectation depuis votre boite mail (n&rsquo;oubliez pas de faire une copie au SNUipp de votre d\u00e9partement) et \u00e0 adapter pour votre demande : <br \/>objet : demande de mutation du d\u00e9partement &#8230;. pour le d\u00e9partement &#8230; <br \/>Monsieur le Recteur de (&#8230;)<br \/>\n&#8211;<br \/>\n<a href=\"http:\/\/86.snuipp.fr\/spip.php?rubrique209\" rel=\"directory\">Concours Professeur des \u00e9coles<\/a><br \/>\n\/<br \/>\n<a href=\"http:\/\/86.snuipp.fr\/spip.php?mot325\" rel=\"tag\">Concours CRPE<\/a><\/p>\n","protected":false},"author":1,"featured_media":0,"comment_status":"open","ping_status":"open","sticky":false,"template":"","format":"standard","meta":{"footnotes":""},"categories":[14],"tags":[],"class_list":["post-134","post","type-post","status-publish","format-standard","hentry","category-a-la-une"],"yoast_head":"<!-- This site is optimized with the Yoast SEO plugin v26.6 - https:\/\/yoast.com\/wordpress\/plugins\/seo\/ -->\n<title>CRPE 2018 Poitiers : des \u00e9changes demand\u00e9s par le SNUipp-FSU - FSU-SNUipp 86<\/title>\n<meta name=\"robots\" content=\"index, follow, max-snippet:-1, max-image-preview:large, max-video-preview:-1\" \/>\n<link rel=\"canonical\" href=\"https:\/\/snuipp86.fr\/index.php\/2018\/06\/29\/crpe-2018-poitiers-des-changes-demands-par-le-snuipp-fsu\/\" \/>\n<meta property=\"og:locale\" content=\"fr_FR\" \/>\n<meta property=\"og:type\" content=\"article\" \/>\n<meta property=\"og:title\" content=\"CRPE 2018 Poitiers : des \u00e9changes demand\u00e9s par le SNUipp-FSU - FSU-SNUipp 86\" \/>\n<meta property=\"og:description\" content=\"Les SNUipp-FSU de l&#039;Acad\u00e9mie de Poitiers viennent d&#039;\u00e9crire au Recteur pour que des \u00e9changes d&#039;affectation d\u00e9partementale puissent avoir lieu entre laur\u00e9ats du CRPE 2018, comme les ann\u00e9es pr\u00e9c\u00e9dentes. Voici un exemple de courrier, \u00e0 envoyer \u00e0 votre d\u00e9partement d&#039;affectation depuis votre boite mail (n&#039;oubliez pas de faire une copie au SNUipp de votre d\u00e9partement) et \u00e0 adapter pour votre demande : objet : demande de mutation du d\u00e9partement .... pour le d\u00e9partement ... Monsieur le Recteur de (...) - Concours Professeur des \u00e9coles \/ Concours CRPE\" \/>\n<meta property=\"og:url\" content=\"https:\/\/snuipp86.fr\/index.php\/2018\/06\/29\/crpe-2018-poitiers-des-changes-demands-par-le-snuipp-fsu\/\" \/>\n<meta property=\"og:site_name\" content=\"FSU-SNUipp 86\" \/>\n<meta property=\"article:published_time\" content=\"2018-06-29T09:00:14+00:00\" \/>\n<meta property=\"og:image\" content=\"http:\/\/snuipp86.fr\/wp-content\/spip\/IMG\/arton4006.jpg\" \/>\n<meta name=\"author\" content=\"WP86Admin\" \/>\n<meta name=\"twitter:card\" content=\"summary_large_image\" \/>\n<meta name=\"twitter:label1\" content=\"\u00c9crit par\" \/>\n\t<meta name=\"twitter:data1\" content=\"WP86Admin\" \/>\n\t<meta name=\"twitter:label2\" content=\"Dur\u00e9e de lecture estim\u00e9e\" \/>\n\t<meta name=\"twitter:data2\" content=\"1 minute\" \/>\n<script type=\"application\/ld+json\" class=\"yoast-schema-graph\">{\"@context\":\"https:\/\/schema.org\",\"@graph\":[{\"@type\":\"WebPage\",\"@id\":\"https:\/\/snuipp86.fr\/index.php\/2018\/06\/29\/crpe-2018-poitiers-des-changes-demands-par-le-snuipp-fsu\/\",\"url\":\"https:\/\/snuipp86.fr\/index.php\/2018\/06\/29\/crpe-2018-poitiers-des-changes-demands-par-le-snuipp-fsu\/\",\"name\":\"CRPE 2018 Poitiers : des \u00e9changes demand\u00e9s par le SNUipp-FSU - FSU-SNUipp 86\",\"isPartOf\":{\"@id\":\"https:\/\/snuipp86.fr\/#website\"},\"primaryImageOfPage\":{\"@id\":\"https:\/\/snuipp86.fr\/index.php\/2018\/06\/29\/crpe-2018-poitiers-des-changes-demands-par-le-snuipp-fsu\/#primaryimage\"},\"image\":{\"@id\":\"https:\/\/snuipp86.fr\/index.php\/2018\/06\/29\/crpe-2018-poitiers-des-changes-demands-par-le-snuipp-fsu\/#primaryimage\"},\"thumbnailUrl\":\"http:\/\/snuipp86.fr\/wp-content\/spip\/IMG\/arton4006.jpg\",\"datePublished\":\"2018-06-29T09:00:14+00:00\",\"author\":{\"@id\":\"https:\/\/snuipp86.fr\/#\/schema\/person\/901b28b9ae1c7a63a6a940102e52a7a2\"},\"breadcrumb\":{\"@id\":\"https:\/\/snuipp86.fr\/index.php\/2018\/06\/29\/crpe-2018-poitiers-des-changes-demands-par-le-snuipp-fsu\/#breadcrumb\"},\"inLanguage\":\"fr-FR\",\"potentialAction\":[{\"@type\":\"ReadAction\",\"target\":[\"https:\/\/snuipp86.fr\/index.php\/2018\/06\/29\/crpe-2018-poitiers-des-changes-demands-par-le-snuipp-fsu\/\"]}]},{\"@type\":\"ImageObject\",\"inLanguage\":\"fr-FR\",\"@id\":\"https:\/\/snuipp86.fr\/index.php\/2018\/06\/29\/crpe-2018-poitiers-des-changes-demands-par-le-snuipp-fsu\/#primaryimage\",\"url\":\"http:\/\/snuipp86.fr\/wp-content\/spip\/IMG\/arton4006.jpg\",\"contentUrl\":\"http:\/\/snuipp86.fr\/wp-content\/spip\/IMG\/arton4006.jpg\"},{\"@type\":\"BreadcrumbList\",\"@id\":\"https:\/\/snuipp86.fr\/index.php\/2018\/06\/29\/crpe-2018-poitiers-des-changes-demands-par-le-snuipp-fsu\/#breadcrumb\",\"itemListElement\":[{\"@type\":\"ListItem\",\"position\":1,\"name\":\"Accueil\",\"item\":\"https:\/\/snuipp86.fr\/\"},{\"@type\":\"ListItem\",\"position\":2,\"name\":\"CRPE 2018 Poitiers : des \u00e9changes demand\u00e9s par le SNUipp-FSU\"}]},{\"@type\":\"WebSite\",\"@id\":\"https:\/\/snuipp86.fr\/#website\",\"url\":\"https:\/\/snuipp86.fr\/\",\"name\":\"FSU-SNUipp 86\",\"description\":\"Des id\u00e9es qui font l&#039;\u00e9cole\",\"potentialAction\":[{\"@type\":\"SearchAction\",\"target\":{\"@type\":\"EntryPoint\",\"urlTemplate\":\"https:\/\/snuipp86.fr\/?s={search_term_string}\"},\"query-input\":{\"@type\":\"PropertyValueSpecification\",\"valueRequired\":true,\"valueName\":\"search_term_string\"}}],\"inLanguage\":\"fr-FR\"},{\"@type\":\"Person\",\"@id\":\"https:\/\/snuipp86.fr\/#\/schema\/person\/901b28b9ae1c7a63a6a940102e52a7a2\",\"name\":\"WP86Admin\",\"image\":{\"@type\":\"ImageObject\",\"inLanguage\":\"fr-FR\",\"@id\":\"https:\/\/snuipp86.fr\/#\/schema\/person\/image\/\",\"url\":\"https:\/\/secure.gravatar.com\/avatar\/0099845c7ec05dc10d777d8ab4f5142c5ba316283821af2459738ad469a37a1a?s=96&d=mm&r=g\",\"contentUrl\":\"https:\/\/secure.gravatar.com\/avatar\/0099845c7ec05dc10d777d8ab4f5142c5ba316283821af2459738ad469a37a1a?s=96&d=mm&r=g\",\"caption\":\"WP86Admin\"},\"url\":\"https:\/\/snuipp86.fr\/index.php\/author\/wp86admin\/\"}]}<\/script>\n<!-- \/ Yoast SEO plugin. -->","yoast_head_json":{"title":"CRPE 2018 Poitiers : des \u00e9changes demand\u00e9s par le SNUipp-FSU - FSU-SNUipp 86","robots":{"index":"index","follow":"follow","max-snippet":"max-snippet:-1","max-image-preview":"max-image-preview:large","max-video-preview":"max-video-preview:-1"},"canonical":"https:\/\/snuipp86.fr\/index.php\/2018\/06\/29\/crpe-2018-poitiers-des-changes-demands-par-le-snuipp-fsu\/","og_locale":"fr_FR","og_type":"article","og_title":"CRPE 2018 Poitiers : des \u00e9changes demand\u00e9s par le SNUipp-FSU - FSU-SNUipp 86","og_description":"Les SNUipp-FSU de l'Acad\u00e9mie de Poitiers viennent d'\u00e9crire au Recteur pour que des \u00e9changes d'affectation d\u00e9partementale puissent avoir lieu entre laur\u00e9ats du CRPE 2018, comme les ann\u00e9es pr\u00e9c\u00e9dentes. Voici un exemple de courrier, \u00e0 envoyer \u00e0 votre d\u00e9partement d'affectation depuis votre boite mail (n'oubliez pas de faire une copie au SNUipp de votre d\u00e9partement) et \u00e0 adapter pour votre demande : objet : demande de mutation du d\u00e9partement .... pour le d\u00e9partement ... Monsieur le Recteur de (...) - Concours Professeur des \u00e9coles \/ Concours CRPE","og_url":"https:\/\/snuipp86.fr\/index.php\/2018\/06\/29\/crpe-2018-poitiers-des-changes-demands-par-le-snuipp-fsu\/","og_site_name":"FSU-SNUipp 86","article_published_time":"2018-06-29T09:00:14+00:00","og_image":[{"url":"http:\/\/snuipp86.fr\/wp-content\/spip\/IMG\/arton4006.jpg","type":"","width":"","height":""}],"author":"WP86Admin","twitter_card":"summary_large_image","twitter_misc":{"\u00c9crit par":"WP86Admin","Dur\u00e9e de lecture estim\u00e9e":"1 minute"},"schema":{"@context":"https:\/\/schema.org","@graph":[{"@type":"WebPage","@id":"https:\/\/snuipp86.fr\/index.php\/2018\/06\/29\/crpe-2018-poitiers-des-changes-demands-par-le-snuipp-fsu\/","url":"https:\/\/snuipp86.fr\/index.php\/2018\/06\/29\/crpe-2018-poitiers-des-changes-demands-par-le-snuipp-fsu\/","name":"CRPE 2018 Poitiers : des \u00e9changes demand\u00e9s par le SNUipp-FSU - FSU-SNUipp 86","isPartOf":{"@id":"https:\/\/snuipp86.fr\/#website"},"primaryImageOfPage":{"@id":"https:\/\/snuipp86.fr\/index.php\/2018\/06\/29\/crpe-2018-poitiers-des-changes-demands-par-le-snuipp-fsu\/#primaryimage"},"image":{"@id":"https:\/\/snuipp86.fr\/index.php\/2018\/06\/29\/crpe-2018-poitiers-des-changes-demands-par-le-snuipp-fsu\/#primaryimage"},"thumbnailUrl":"http:\/\/snuipp86.fr\/wp-content\/spip\/IMG\/arton4006.jpg","datePublished":"2018-06-29T09:00:14+00:00","author":{"@id":"https:\/\/snuipp86.fr\/#\/schema\/person\/901b28b9ae1c7a63a6a940102e52a7a2"},"breadcrumb":{"@id":"https:\/\/snuipp86.fr\/index.php\/2018\/06\/29\/crpe-2018-poitiers-des-changes-demands-par-le-snuipp-fsu\/#breadcrumb"},"inLanguage":"fr-FR","potentialAction":[{"@type":"ReadAction","target":["https:\/\/snuipp86.fr\/index.php\/2018\/06\/29\/crpe-2018-poitiers-des-changes-demands-par-le-snuipp-fsu\/"]}]},{"@type":"ImageObject","inLanguage":"fr-FR","@id":"https:\/\/snuipp86.fr\/index.php\/2018\/06\/29\/crpe-2018-poitiers-des-changes-demands-par-le-snuipp-fsu\/#primaryimage","url":"http:\/\/snuipp86.fr\/wp-content\/spip\/IMG\/arton4006.jpg","contentUrl":"http:\/\/snuipp86.fr\/wp-content\/spip\/IMG\/arton4006.jpg"},{"@type":"BreadcrumbList","@id":"https:\/\/snuipp86.fr\/index.php\/2018\/06\/29\/crpe-2018-poitiers-des-changes-demands-par-le-snuipp-fsu\/#breadcrumb","itemListElement":[{"@type":"ListItem","position":1,"name":"Accueil","item":"https:\/\/snuipp86.fr\/"},{"@type":"ListItem","position":2,"name":"CRPE 2018 Poitiers : des \u00e9changes demand\u00e9s par le SNUipp-FSU"}]},{"@type":"WebSite","@id":"https:\/\/snuipp86.fr\/#website","url":"https:\/\/snuipp86.fr\/","name":"FSU-SNUipp 86","description":"Des id\u00e9es qui font l&#039;\u00e9cole","potentialAction":[{"@type":"SearchAction","target":{"@type":"EntryPoint","urlTemplate":"https:\/\/snuipp86.fr\/?s={search_term_string}"},"query-input":{"@type":"PropertyValueSpecification","valueRequired":true,"valueName":"search_term_string"}}],"inLanguage":"fr-FR"},{"@type":"Person","@id":"https:\/\/snuipp86.fr\/#\/schema\/person\/901b28b9ae1c7a63a6a940102e52a7a2","name":"WP86Admin","image":{"@type":"ImageObject","inLanguage":"fr-FR","@id":"https:\/\/snuipp86.fr\/#\/schema\/person\/image\/","url":"https:\/\/secure.gravatar.com\/avatar\/0099845c7ec05dc10d777d8ab4f5142c5ba316283821af2459738ad469a37a1a?s=96&d=mm&r=g","contentUrl":"https:\/\/secure.gravatar.com\/avatar\/0099845c7ec05dc10d777d8ab4f5142c5ba316283821af2459738ad469a37a1a?s=96&d=mm&r=g","caption":"WP86Admin"},"url":"https:\/\/snuipp86.fr\/index.php\/author\/wp86admin\/"}]}},"_links":{"self":[{"href":"https:\/\/snuipp86.fr\/index.php\/wp-json\/wp\/v2\/posts\/134","targetHints":{"allow":["GET"]}}],"collection":[{"href":"https:\/\/snuipp86.fr\/index.php\/wp-json\/wp\/v2\/posts"}],"about":[{"href":"https:\/\/snuipp86.fr\/index.php\/wp-json\/wp\/v2\/types\/post"}],"author":[{"embeddable":true,"href":"https:\/\/snuipp86.fr\/index.php\/wp-json\/wp\/v2\/users\/1"}],"replies":[{"embeddable":true,"href":"https:\/\/snuipp86.fr\/index.php\/wp-json\/wp\/v2\/comments?post=134"}],"version-history":[{"count":0,"href":"https:\/\/snuipp86.fr\/index.php\/wp-json\/wp\/v2\/posts\/134\/revisions"}],"wp:attachment":[{"href":"https:\/\/snuipp86.fr\/index.php\/wp-json\/wp\/v2\/media?parent=134"}],"wp:term":[{"taxonomy":"category","embeddable":true,"href":"https:\/\/snuipp86.fr\/index.php\/wp-json\/wp\/v2\/categories?post=134"},{"taxonomy":"post_tag","embeddable":true,"href":"https:\/\/snuipp86.fr\/index.php\/wp-json\/wp\/v2\/tags?post=134"}],"curies":[{"name":"wp","href":"https:\/\/api.w.org\/{rel}","templated":true}]}}