{"id":1343,"date":"2012-11-12T13:35:48","date_gmt":"2012-11-12T13:35:48","guid":{"rendered":"http:\/\/localhost\/wordpress\/2012\/11\/12\/projets-de-russite-ducative-valuation-avant-relance\/"},"modified":"2012-11-12T13:35:48","modified_gmt":"2012-11-12T13:35:48","slug":"projets-de-russite-ducative-valuation-avant-relance","status":"publish","type":"post","link":"https:\/\/snuipp86.fr\/index.php\/2012\/11\/12\/projets-de-russite-ducative-valuation-avant-relance\/","title":{"rendered":"Projets de r\u00e9ussite \u00e9ducative : \u00e9valuation avant relance"},"content":{"rendered":"<p><img decoding=\"async\" src=\"https:\/\/snuipp86.fr\/wp-content\/spip\/IMG\/arton2252.gif\" alt=\"\" align=\"right\" width=\"200\" height=\"132\" class=\"spip_logos\" \/><\/p>\n<div class='rss_texte'>\n<p class=\"spip\">La ministre d\u00e9l\u00e9gu\u00e9 \u00e0 la r\u00e9ussite \u00e9ducative, George Pau-Langevin, a annonc\u00e9 une \u00e9valuation du dispositif des Projets de r\u00e9ussite \u00e9ducative en stagnation depuis 5 ans et la tenue de journ\u00e9es nationales en mars.<\/p>\n<p class=\"spip\">Lanc\u00e9s en 2005 par Jean-Louis Borloo alors ministre de la ville, les projets de r\u00e9ussite \u00e9ducative vont \u00eatre \u00e9valu\u00e9s. C&rsquo;est du moins ce qu&rsquo;a annonc\u00e9 jeudi 8 novembre \u00e0 Toulouse la ministre d\u00e9l\u00e9gu\u00e9e \u00e0 la r\u00e9ussite \u00e9ducative, Georges Pau-Langevin. Elle entend \u00e9galement organiser en mars prochain des journ\u00e9es nationales de la r\u00e9ussite \u00e9ducative avec l&rsquo;ensemble des acteurs pr\u00e9sents dans les dispositifs : enseignants, travailleurs sociaux, \u00e9quipes m\u00e9dico-p\u00e9dagogiques\u2026 Les Projets de r\u00e9ussite \u00e9ducative consistent \u00e0 mettre en place des projets personnalis\u00e9s pour les \u00e9l\u00e8ves en difficult\u00e9. A ce jour, 530 projets locaux ont \u00e9t\u00e9 mis en place, un chiffre en quasi stagnation depuis pr\u00e8s de 5 ans puisqu&rsquo;en 2008 l&rsquo;Agence nationale pour la coh\u00e9sion sociale et l&rsquo;\u00e9galit\u00e9 des chances (ACSE) en d\u00e9nombrait d\u00e9j\u00e0 503. La relance de ce dispositif devrait favoriser comme s&rsquo;y est engag\u00e9 le pr\u00e9sident de la R\u00e9publique, \u00e0 r\u00e9duire par deux le nombre de d\u00e9crocheurs dans le syst\u00e8me \u00e9ducatif fran\u00e7ais. A voir \u00e9videmment en quoi consistera cette politique de relance, quels seront les moyens et les objectifs qui lui seront allou\u00e9s ?<\/p>\n<\/div>\n","protected":false},"excerpt":{"rendered":"<p>La ministre d\u00e9l\u00e9gu\u00e9 \u00e0 la r\u00e9ussite \u00e9ducative, George Pau-Langevin, a annonc\u00e9 une \u00e9valuation du dispositif des Projets de r\u00e9ussite \u00e9ducative en stagnation depuis 5 ans et la tenue de journ\u00e9es nationales en mars. <br \/>Lanc\u00e9s en 2005 par Jean-Louis Borloo alors ministre de la ville, les projets de r\u00e9ussite \u00e9ducative vont \u00eatre \u00e9valu\u00e9s. C&rsquo;est du moins ce qu&rsquo;a annonc\u00e9 jeudi 8 novembre \u00e0 Toulouse la ministre d\u00e9l\u00e9gu\u00e9e \u00e0 la r\u00e9ussite \u00e9ducative, Georges Pau-Langevin. Elle entend \u00e9galement (&#8230;)<br \/>\n&#8211;<br \/>\n<a href=\"http:\/\/86.snuipp.fr\/spip.php?rubrique296\" rel=\"directory\">Directions d&rsquo;\u00e9coles<\/a><br \/>\n\/<br \/>\n<a href=\"http:\/\/86.snuipp.fr\/spip.php?mot294\" rel=\"tag\">Evaluations<\/a><\/p>\n","protected":false},"author":1,"featured_media":0,"comment_status":"open","ping_status":"open","sticky":false,"template":"","format":"standard","meta":{"footnotes":""},"categories":[14],"tags":[],"class_list":["post-1343","post","type-post","status-publish","format-standard","hentry","category-a-la-une"],"yoast_head":"<!-- This site is optimized with the Yoast SEO plugin v26.6 - https:\/\/yoast.com\/wordpress\/plugins\/seo\/ -->\n<title>Projets de r\u00e9ussite \u00e9ducative : \u00e9valuation avant relance - FSU-SNUipp 86<\/title>\n<meta name=\"robots\" content=\"index, follow, max-snippet:-1, max-image-preview:large, max-video-preview:-1\" \/>\n<link rel=\"canonical\" href=\"https:\/\/snuipp86.fr\/index.php\/2012\/11\/12\/projets-de-russite-ducative-valuation-avant-relance\/\" \/>\n<meta property=\"og:locale\" content=\"fr_FR\" \/>\n<meta property=\"og:type\" content=\"article\" \/>\n<meta property=\"og:title\" content=\"Projets de r\u00e9ussite \u00e9ducative : \u00e9valuation avant relance - FSU-SNUipp 86\" \/>\n<meta property=\"og:description\" content=\"La ministre d\u00e9l\u00e9gu\u00e9 \u00e0 la r\u00e9ussite \u00e9ducative, George Pau-Langevin, a annonc\u00e9 une \u00e9valuation du dispositif des Projets de r\u00e9ussite \u00e9ducative en stagnation depuis 5 ans et la tenue de journ\u00e9es nationales en mars. Lanc\u00e9s en 2005 par Jean-Louis Borloo alors ministre de la ville, les projets de r\u00e9ussite \u00e9ducative vont \u00eatre \u00e9valu\u00e9s. C&#039;est du moins ce qu&#039;a annonc\u00e9 jeudi 8 novembre \u00e0 Toulouse la ministre d\u00e9l\u00e9gu\u00e9e \u00e0 la r\u00e9ussite \u00e9ducative, Georges Pau-Langevin. Elle entend \u00e9galement (...) - Directions d&#039;\u00e9coles \/ Evaluations\" \/>\n<meta property=\"og:url\" content=\"https:\/\/snuipp86.fr\/index.php\/2012\/11\/12\/projets-de-russite-ducative-valuation-avant-relance\/\" \/>\n<meta property=\"og:site_name\" content=\"FSU-SNUipp 86\" \/>\n<meta property=\"article:published_time\" content=\"2012-11-12T13:35:48+00:00\" \/>\n<meta property=\"og:image\" content=\"http:\/\/snuipp86.fr\/wp-content\/spip\/IMG\/arton2252.gif\" \/>\n<meta name=\"author\" content=\"WP86Admin\" \/>\n<meta name=\"twitter:card\" content=\"summary_large_image\" \/>\n<meta name=\"twitter:label1\" content=\"\u00c9crit par\" \/>\n\t<meta name=\"twitter:data1\" content=\"WP86Admin\" \/>\n\t<meta name=\"twitter:label2\" content=\"Dur\u00e9e de lecture estim\u00e9e\" \/>\n\t<meta name=\"twitter:data2\" content=\"1 minute\" \/>\n<script type=\"application\/ld+json\" class=\"yoast-schema-graph\">{\"@context\":\"https:\/\/schema.org\",\"@graph\":[{\"@type\":\"WebPage\",\"@id\":\"https:\/\/snuipp86.fr\/index.php\/2012\/11\/12\/projets-de-russite-ducative-valuation-avant-relance\/\",\"url\":\"https:\/\/snuipp86.fr\/index.php\/2012\/11\/12\/projets-de-russite-ducative-valuation-avant-relance\/\",\"name\":\"Projets de r\u00e9ussite \u00e9ducative : \u00e9valuation avant relance - FSU-SNUipp 86\",\"isPartOf\":{\"@id\":\"https:\/\/snuipp86.fr\/#website\"},\"primaryImageOfPage\":{\"@id\":\"https:\/\/snuipp86.fr\/index.php\/2012\/11\/12\/projets-de-russite-ducative-valuation-avant-relance\/#primaryimage\"},\"image\":{\"@id\":\"https:\/\/snuipp86.fr\/index.php\/2012\/11\/12\/projets-de-russite-ducative-valuation-avant-relance\/#primaryimage\"},\"thumbnailUrl\":\"http:\/\/snuipp86.fr\/wp-content\/spip\/IMG\/arton2252.gif\",\"datePublished\":\"2012-11-12T13:35:48+00:00\",\"author\":{\"@id\":\"https:\/\/snuipp86.fr\/#\/schema\/person\/901b28b9ae1c7a63a6a940102e52a7a2\"},\"breadcrumb\":{\"@id\":\"https:\/\/snuipp86.fr\/index.php\/2012\/11\/12\/projets-de-russite-ducative-valuation-avant-relance\/#breadcrumb\"},\"inLanguage\":\"fr-FR\",\"potentialAction\":[{\"@type\":\"ReadAction\",\"target\":[\"https:\/\/snuipp86.fr\/index.php\/2012\/11\/12\/projets-de-russite-ducative-valuation-avant-relance\/\"]}]},{\"@type\":\"ImageObject\",\"inLanguage\":\"fr-FR\",\"@id\":\"https:\/\/snuipp86.fr\/index.php\/2012\/11\/12\/projets-de-russite-ducative-valuation-avant-relance\/#primaryimage\",\"url\":\"http:\/\/snuipp86.fr\/wp-content\/spip\/IMG\/arton2252.gif\",\"contentUrl\":\"http:\/\/snuipp86.fr\/wp-content\/spip\/IMG\/arton2252.gif\"},{\"@type\":\"BreadcrumbList\",\"@id\":\"https:\/\/snuipp86.fr\/index.php\/2012\/11\/12\/projets-de-russite-ducative-valuation-avant-relance\/#breadcrumb\",\"itemListElement\":[{\"@type\":\"ListItem\",\"position\":1,\"name\":\"Accueil\",\"item\":\"https:\/\/snuipp86.fr\/\"},{\"@type\":\"ListItem\",\"position\":2,\"name\":\"Projets de r\u00e9ussite \u00e9ducative : \u00e9valuation avant relance\"}]},{\"@type\":\"WebSite\",\"@id\":\"https:\/\/snuipp86.fr\/#website\",\"url\":\"https:\/\/snuipp86.fr\/\",\"name\":\"FSU-SNUipp 86\",\"description\":\"Des id\u00e9es qui font l&#039;\u00e9cole\",\"potentialAction\":[{\"@type\":\"SearchAction\",\"target\":{\"@type\":\"EntryPoint\",\"urlTemplate\":\"https:\/\/snuipp86.fr\/?s={search_term_string}\"},\"query-input\":{\"@type\":\"PropertyValueSpecification\",\"valueRequired\":true,\"valueName\":\"search_term_string\"}}],\"inLanguage\":\"fr-FR\"},{\"@type\":\"Person\",\"@id\":\"https:\/\/snuipp86.fr\/#\/schema\/person\/901b28b9ae1c7a63a6a940102e52a7a2\",\"name\":\"WP86Admin\",\"image\":{\"@type\":\"ImageObject\",\"inLanguage\":\"fr-FR\",\"@id\":\"https:\/\/snuipp86.fr\/#\/schema\/person\/image\/\",\"url\":\"https:\/\/secure.gravatar.com\/avatar\/0099845c7ec05dc10d777d8ab4f5142c5ba316283821af2459738ad469a37a1a?s=96&d=mm&r=g\",\"contentUrl\":\"https:\/\/secure.gravatar.com\/avatar\/0099845c7ec05dc10d777d8ab4f5142c5ba316283821af2459738ad469a37a1a?s=96&d=mm&r=g\",\"caption\":\"WP86Admin\"},\"url\":\"https:\/\/snuipp86.fr\/index.php\/author\/wp86admin\/\"}]}<\/script>\n<!-- \/ Yoast SEO plugin. -->","yoast_head_json":{"title":"Projets de r\u00e9ussite \u00e9ducative : \u00e9valuation avant relance - FSU-SNUipp 86","robots":{"index":"index","follow":"follow","max-snippet":"max-snippet:-1","max-image-preview":"max-image-preview:large","max-video-preview":"max-video-preview:-1"},"canonical":"https:\/\/snuipp86.fr\/index.php\/2012\/11\/12\/projets-de-russite-ducative-valuation-avant-relance\/","og_locale":"fr_FR","og_type":"article","og_title":"Projets de r\u00e9ussite \u00e9ducative : \u00e9valuation avant relance - FSU-SNUipp 86","og_description":"La ministre d\u00e9l\u00e9gu\u00e9 \u00e0 la r\u00e9ussite \u00e9ducative, George Pau-Langevin, a annonc\u00e9 une \u00e9valuation du dispositif des Projets de r\u00e9ussite \u00e9ducative en stagnation depuis 5 ans et la tenue de journ\u00e9es nationales en mars. Lanc\u00e9s en 2005 par Jean-Louis Borloo alors ministre de la ville, les projets de r\u00e9ussite \u00e9ducative vont \u00eatre \u00e9valu\u00e9s. C'est du moins ce qu'a annonc\u00e9 jeudi 8 novembre \u00e0 Toulouse la ministre d\u00e9l\u00e9gu\u00e9e \u00e0 la r\u00e9ussite \u00e9ducative, Georges Pau-Langevin. Elle entend \u00e9galement (...) - Directions d'\u00e9coles \/ Evaluations","og_url":"https:\/\/snuipp86.fr\/index.php\/2012\/11\/12\/projets-de-russite-ducative-valuation-avant-relance\/","og_site_name":"FSU-SNUipp 86","article_published_time":"2012-11-12T13:35:48+00:00","og_image":[{"url":"http:\/\/snuipp86.fr\/wp-content\/spip\/IMG\/arton2252.gif","type":"","width":"","height":""}],"author":"WP86Admin","twitter_card":"summary_large_image","twitter_misc":{"\u00c9crit par":"WP86Admin","Dur\u00e9e de lecture estim\u00e9e":"1 minute"},"schema":{"@context":"https:\/\/schema.org","@graph":[{"@type":"WebPage","@id":"https:\/\/snuipp86.fr\/index.php\/2012\/11\/12\/projets-de-russite-ducative-valuation-avant-relance\/","url":"https:\/\/snuipp86.fr\/index.php\/2012\/11\/12\/projets-de-russite-ducative-valuation-avant-relance\/","name":"Projets de r\u00e9ussite \u00e9ducative : \u00e9valuation avant relance - FSU-SNUipp 86","isPartOf":{"@id":"https:\/\/snuipp86.fr\/#website"},"primaryImageOfPage":{"@id":"https:\/\/snuipp86.fr\/index.php\/2012\/11\/12\/projets-de-russite-ducative-valuation-avant-relance\/#primaryimage"},"image":{"@id":"https:\/\/snuipp86.fr\/index.php\/2012\/11\/12\/projets-de-russite-ducative-valuation-avant-relance\/#primaryimage"},"thumbnailUrl":"http:\/\/snuipp86.fr\/wp-content\/spip\/IMG\/arton2252.gif","datePublished":"2012-11-12T13:35:48+00:00","author":{"@id":"https:\/\/snuipp86.fr\/#\/schema\/person\/901b28b9ae1c7a63a6a940102e52a7a2"},"breadcrumb":{"@id":"https:\/\/snuipp86.fr\/index.php\/2012\/11\/12\/projets-de-russite-ducative-valuation-avant-relance\/#breadcrumb"},"inLanguage":"fr-FR","potentialAction":[{"@type":"ReadAction","target":["https:\/\/snuipp86.fr\/index.php\/2012\/11\/12\/projets-de-russite-ducative-valuation-avant-relance\/"]}]},{"@type":"ImageObject","inLanguage":"fr-FR","@id":"https:\/\/snuipp86.fr\/index.php\/2012\/11\/12\/projets-de-russite-ducative-valuation-avant-relance\/#primaryimage","url":"http:\/\/snuipp86.fr\/wp-content\/spip\/IMG\/arton2252.gif","contentUrl":"http:\/\/snuipp86.fr\/wp-content\/spip\/IMG\/arton2252.gif"},{"@type":"BreadcrumbList","@id":"https:\/\/snuipp86.fr\/index.php\/2012\/11\/12\/projets-de-russite-ducative-valuation-avant-relance\/#breadcrumb","itemListElement":[{"@type":"ListItem","position":1,"name":"Accueil","item":"https:\/\/snuipp86.fr\/"},{"@type":"ListItem","position":2,"name":"Projets de r\u00e9ussite \u00e9ducative : \u00e9valuation avant relance"}]},{"@type":"WebSite","@id":"https:\/\/snuipp86.fr\/#website","url":"https:\/\/snuipp86.fr\/","name":"FSU-SNUipp 86","description":"Des id\u00e9es qui font l&#039;\u00e9cole","potentialAction":[{"@type":"SearchAction","target":{"@type":"EntryPoint","urlTemplate":"https:\/\/snuipp86.fr\/?s={search_term_string}"},"query-input":{"@type":"PropertyValueSpecification","valueRequired":true,"valueName":"search_term_string"}}],"inLanguage":"fr-FR"},{"@type":"Person","@id":"https:\/\/snuipp86.fr\/#\/schema\/person\/901b28b9ae1c7a63a6a940102e52a7a2","name":"WP86Admin","image":{"@type":"ImageObject","inLanguage":"fr-FR","@id":"https:\/\/snuipp86.fr\/#\/schema\/person\/image\/","url":"https:\/\/secure.gravatar.com\/avatar\/0099845c7ec05dc10d777d8ab4f5142c5ba316283821af2459738ad469a37a1a?s=96&d=mm&r=g","contentUrl":"https:\/\/secure.gravatar.com\/avatar\/0099845c7ec05dc10d777d8ab4f5142c5ba316283821af2459738ad469a37a1a?s=96&d=mm&r=g","caption":"WP86Admin"},"url":"https:\/\/snuipp86.fr\/index.php\/author\/wp86admin\/"}]}},"_links":{"self":[{"href":"https:\/\/snuipp86.fr\/index.php\/wp-json\/wp\/v2\/posts\/1343","targetHints":{"allow":["GET"]}}],"collection":[{"href":"https:\/\/snuipp86.fr\/index.php\/wp-json\/wp\/v2\/posts"}],"about":[{"href":"https:\/\/snuipp86.fr\/index.php\/wp-json\/wp\/v2\/types\/post"}],"author":[{"embeddable":true,"href":"https:\/\/snuipp86.fr\/index.php\/wp-json\/wp\/v2\/users\/1"}],"replies":[{"embeddable":true,"href":"https:\/\/snuipp86.fr\/index.php\/wp-json\/wp\/v2\/comments?post=1343"}],"version-history":[{"count":0,"href":"https:\/\/snuipp86.fr\/index.php\/wp-json\/wp\/v2\/posts\/1343\/revisions"}],"wp:attachment":[{"href":"https:\/\/snuipp86.fr\/index.php\/wp-json\/wp\/v2\/media?parent=1343"}],"wp:term":[{"taxonomy":"category","embeddable":true,"href":"https:\/\/snuipp86.fr\/index.php\/wp-json\/wp\/v2\/categories?post=1343"},{"taxonomy":"post_tag","embeddable":true,"href":"https:\/\/snuipp86.fr\/index.php\/wp-json\/wp\/v2\/tags?post=1343"}],"curies":[{"name":"wp","href":"https:\/\/api.w.org\/{rel}","templated":true}]}}