{"id":1348,"date":"2012-11-06T16:05:46","date_gmt":"2012-11-06T16:05:46","guid":{"rendered":"http:\/\/localhost\/wordpress\/2012\/11\/06\/t1-prime-dentre-dans-le-mtier\/"},"modified":"2012-11-06T16:05:46","modified_gmt":"2012-11-06T16:05:46","slug":"t1-prime-dentre-dans-le-mtier","status":"publish","type":"post","link":"https:\/\/snuipp86.fr\/index.php\/2012\/11\/06\/t1-prime-dentre-dans-le-mtier\/","title":{"rendered":"T1 : Prime d&rsquo;entr\u00e9e dans le m\u00e9tier"},"content":{"rendered":"<p><img decoding=\"async\" src=\"https:\/\/snuipp86.fr\/wp-content\/spip\/IMG\/arton2247.gif\" alt=\"\" align=\"right\" width=\"482\" height=\"356\" class=\"spip_logos\" \/><\/p>\n<div class='rss_texte'>\n<p class=\"spip\">La prime d&rsquo;entr\u00e9e dans le m\u00e9tier, dont le montant actuel est de <strong class=\"spip\">1500 \u20ac<\/strong>, est vers\u00e9e \u00e0 tous les fonctionnaires titularis\u00e9s pour la premi\u00e8re fois dans un corps d&rsquo;enseignants (les \u00ab\u00a0T1\u00a0\u00bb aussi appel\u00e9s \u00ab\u00a0N\u00e9otit&rsquo; \u00ab\u00a0) et affect\u00e9s dans un \u00e9tablissement, une \u00e9cole ou un service relevant du ministre charg\u00e9 de l&rsquo;\u00e9ducation nationale. <strong class=\"spip\">Cette prime est vers\u00e9e en 2 fois<\/strong>, en principe en novembre et en f\u00e9vrier ; elle ne se proratise pas.<\/p>\n<p class=\"spip\">(Texte de r\u00e9f\u00e9rence : d\u00e9cret n\u00b0 2008-926 du 12\/09\/2008).<\/p>\n<\/div>\n","protected":false},"excerpt":{"rendered":"<p>La prime d&rsquo;entr\u00e9e dans le m\u00e9tier, dont le montant actuel est de 1500 \u20ac, est vers\u00e9e \u00e0 tous les fonctionnaires titularis\u00e9s pour la premi\u00e8re fois dans un corps d&rsquo;enseignants (les \u00ab\u00a0T1\u00a0\u00bb aussi appel\u00e9s \u00ab\u00a0N\u00e9otit&rsquo; \u00ab\u00a0) et affect\u00e9s dans un \u00e9tablissement, une \u00e9cole ou un service relevant du ministre charg\u00e9 de l&rsquo;\u00e9ducation nationale. Cette prime est vers\u00e9e en 2 fois, en principe en novembre et en f\u00e9vrier ; elle ne se proratise pas. <br \/>(Texte de r\u00e9f\u00e9rence : d\u00e9cret n\u00b0 2008-926 du (&#8230;)<br \/>\n&#8211;<br \/>\n<a href=\"http:\/\/86.snuipp.fr\/spip.php?rubrique86\" rel=\"directory\">Salaires, Indices, Indemnit\u00e9s, Primes, GIPA<\/a><br \/>\n\/<br \/>\n<a href=\"http:\/\/86.snuipp.fr\/spip.php?mot286\" rel=\"tag\">Salaires, indemnit\u00e9s, primes .<\/a><\/p>\n","protected":false},"author":1,"featured_media":0,"comment_status":"open","ping_status":"open","sticky":false,"template":"","format":"standard","meta":{"footnotes":""},"categories":[14],"tags":[],"class_list":["post-1348","post","type-post","status-publish","format-standard","hentry","category-a-la-une"],"yoast_head":"<!-- This site is optimized with the Yoast SEO plugin v26.6 - https:\/\/yoast.com\/wordpress\/plugins\/seo\/ -->\n<title>T1 : Prime d&#039;entr\u00e9e dans le m\u00e9tier - FSU-SNUipp 86<\/title>\n<meta name=\"robots\" content=\"index, follow, max-snippet:-1, max-image-preview:large, max-video-preview:-1\" \/>\n<link rel=\"canonical\" href=\"https:\/\/snuipp86.fr\/index.php\/2012\/11\/06\/t1-prime-dentre-dans-le-mtier\/\" \/>\n<meta property=\"og:locale\" content=\"fr_FR\" \/>\n<meta property=\"og:type\" content=\"article\" \/>\n<meta property=\"og:title\" content=\"T1 : Prime d&#039;entr\u00e9e dans le m\u00e9tier - FSU-SNUipp 86\" \/>\n<meta property=\"og:description\" content=\"La prime d&#039;entr\u00e9e dans le m\u00e9tier, dont le montant actuel est de 1500 \u20ac, est vers\u00e9e \u00e0 tous les fonctionnaires titularis\u00e9s pour la premi\u00e8re fois dans un corps d&#039;enseignants (les &quot;T1&quot; aussi appel\u00e9s &quot;N\u00e9otit&#039; &quot;) et affect\u00e9s dans un \u00e9tablissement, une \u00e9cole ou un service relevant du ministre charg\u00e9 de l&#039;\u00e9ducation nationale. Cette prime est vers\u00e9e en 2 fois, en principe en novembre et en f\u00e9vrier ; elle ne se proratise pas. (Texte de r\u00e9f\u00e9rence : d\u00e9cret n\u00b0 2008-926 du (...) - Salaires, Indices, Indemnit\u00e9s, Primes, GIPA \/ Salaires, indemnit\u00e9s, primes .\" \/>\n<meta property=\"og:url\" content=\"https:\/\/snuipp86.fr\/index.php\/2012\/11\/06\/t1-prime-dentre-dans-le-mtier\/\" \/>\n<meta property=\"og:site_name\" content=\"FSU-SNUipp 86\" \/>\n<meta property=\"article:published_time\" content=\"2012-11-06T16:05:46+00:00\" \/>\n<meta property=\"og:image\" content=\"http:\/\/snuipp86.fr\/wp-content\/spip\/IMG\/arton2247.gif\" \/>\n<meta name=\"author\" content=\"WP86Admin\" \/>\n<meta name=\"twitter:card\" content=\"summary_large_image\" \/>\n<meta name=\"twitter:label1\" content=\"\u00c9crit par\" \/>\n\t<meta name=\"twitter:data1\" content=\"WP86Admin\" \/>\n<script type=\"application\/ld+json\" class=\"yoast-schema-graph\">{\"@context\":\"https:\/\/schema.org\",\"@graph\":[{\"@type\":\"WebPage\",\"@id\":\"https:\/\/snuipp86.fr\/index.php\/2012\/11\/06\/t1-prime-dentre-dans-le-mtier\/\",\"url\":\"https:\/\/snuipp86.fr\/index.php\/2012\/11\/06\/t1-prime-dentre-dans-le-mtier\/\",\"name\":\"T1 : Prime d'entr\u00e9e dans le m\u00e9tier - FSU-SNUipp 86\",\"isPartOf\":{\"@id\":\"https:\/\/snuipp86.fr\/#website\"},\"primaryImageOfPage\":{\"@id\":\"https:\/\/snuipp86.fr\/index.php\/2012\/11\/06\/t1-prime-dentre-dans-le-mtier\/#primaryimage\"},\"image\":{\"@id\":\"https:\/\/snuipp86.fr\/index.php\/2012\/11\/06\/t1-prime-dentre-dans-le-mtier\/#primaryimage\"},\"thumbnailUrl\":\"http:\/\/snuipp86.fr\/wp-content\/spip\/IMG\/arton2247.gif\",\"datePublished\":\"2012-11-06T16:05:46+00:00\",\"author\":{\"@id\":\"https:\/\/snuipp86.fr\/#\/schema\/person\/901b28b9ae1c7a63a6a940102e52a7a2\"},\"breadcrumb\":{\"@id\":\"https:\/\/snuipp86.fr\/index.php\/2012\/11\/06\/t1-prime-dentre-dans-le-mtier\/#breadcrumb\"},\"inLanguage\":\"fr-FR\",\"potentialAction\":[{\"@type\":\"ReadAction\",\"target\":[\"https:\/\/snuipp86.fr\/index.php\/2012\/11\/06\/t1-prime-dentre-dans-le-mtier\/\"]}]},{\"@type\":\"ImageObject\",\"inLanguage\":\"fr-FR\",\"@id\":\"https:\/\/snuipp86.fr\/index.php\/2012\/11\/06\/t1-prime-dentre-dans-le-mtier\/#primaryimage\",\"url\":\"http:\/\/snuipp86.fr\/wp-content\/spip\/IMG\/arton2247.gif\",\"contentUrl\":\"http:\/\/snuipp86.fr\/wp-content\/spip\/IMG\/arton2247.gif\"},{\"@type\":\"BreadcrumbList\",\"@id\":\"https:\/\/snuipp86.fr\/index.php\/2012\/11\/06\/t1-prime-dentre-dans-le-mtier\/#breadcrumb\",\"itemListElement\":[{\"@type\":\"ListItem\",\"position\":1,\"name\":\"Accueil\",\"item\":\"https:\/\/snuipp86.fr\/\"},{\"@type\":\"ListItem\",\"position\":2,\"name\":\"T1 : Prime d&#8217;entr\u00e9e dans le m\u00e9tier\"}]},{\"@type\":\"WebSite\",\"@id\":\"https:\/\/snuipp86.fr\/#website\",\"url\":\"https:\/\/snuipp86.fr\/\",\"name\":\"FSU-SNUipp 86\",\"description\":\"Des id\u00e9es qui font l&#039;\u00e9cole\",\"potentialAction\":[{\"@type\":\"SearchAction\",\"target\":{\"@type\":\"EntryPoint\",\"urlTemplate\":\"https:\/\/snuipp86.fr\/?s={search_term_string}\"},\"query-input\":{\"@type\":\"PropertyValueSpecification\",\"valueRequired\":true,\"valueName\":\"search_term_string\"}}],\"inLanguage\":\"fr-FR\"},{\"@type\":\"Person\",\"@id\":\"https:\/\/snuipp86.fr\/#\/schema\/person\/901b28b9ae1c7a63a6a940102e52a7a2\",\"name\":\"WP86Admin\",\"image\":{\"@type\":\"ImageObject\",\"inLanguage\":\"fr-FR\",\"@id\":\"https:\/\/snuipp86.fr\/#\/schema\/person\/image\/\",\"url\":\"https:\/\/secure.gravatar.com\/avatar\/0099845c7ec05dc10d777d8ab4f5142c5ba316283821af2459738ad469a37a1a?s=96&d=mm&r=g\",\"contentUrl\":\"https:\/\/secure.gravatar.com\/avatar\/0099845c7ec05dc10d777d8ab4f5142c5ba316283821af2459738ad469a37a1a?s=96&d=mm&r=g\",\"caption\":\"WP86Admin\"},\"url\":\"https:\/\/snuipp86.fr\/index.php\/author\/wp86admin\/\"}]}<\/script>\n<!-- \/ Yoast SEO plugin. -->","yoast_head_json":{"title":"T1 : Prime d'entr\u00e9e dans le m\u00e9tier - FSU-SNUipp 86","robots":{"index":"index","follow":"follow","max-snippet":"max-snippet:-1","max-image-preview":"max-image-preview:large","max-video-preview":"max-video-preview:-1"},"canonical":"https:\/\/snuipp86.fr\/index.php\/2012\/11\/06\/t1-prime-dentre-dans-le-mtier\/","og_locale":"fr_FR","og_type":"article","og_title":"T1 : Prime d'entr\u00e9e dans le m\u00e9tier - FSU-SNUipp 86","og_description":"La prime d'entr\u00e9e dans le m\u00e9tier, dont le montant actuel est de 1500 \u20ac, est vers\u00e9e \u00e0 tous les fonctionnaires titularis\u00e9s pour la premi\u00e8re fois dans un corps d'enseignants (les \"T1\" aussi appel\u00e9s \"N\u00e9otit' \") et affect\u00e9s dans un \u00e9tablissement, une \u00e9cole ou un service relevant du ministre charg\u00e9 de l'\u00e9ducation nationale. Cette prime est vers\u00e9e en 2 fois, en principe en novembre et en f\u00e9vrier ; elle ne se proratise pas. (Texte de r\u00e9f\u00e9rence : d\u00e9cret n\u00b0 2008-926 du (...) - Salaires, Indices, Indemnit\u00e9s, Primes, GIPA \/ Salaires, indemnit\u00e9s, primes .","og_url":"https:\/\/snuipp86.fr\/index.php\/2012\/11\/06\/t1-prime-dentre-dans-le-mtier\/","og_site_name":"FSU-SNUipp 86","article_published_time":"2012-11-06T16:05:46+00:00","og_image":[{"url":"http:\/\/snuipp86.fr\/wp-content\/spip\/IMG\/arton2247.gif","type":"","width":"","height":""}],"author":"WP86Admin","twitter_card":"summary_large_image","twitter_misc":{"\u00c9crit par":"WP86Admin"},"schema":{"@context":"https:\/\/schema.org","@graph":[{"@type":"WebPage","@id":"https:\/\/snuipp86.fr\/index.php\/2012\/11\/06\/t1-prime-dentre-dans-le-mtier\/","url":"https:\/\/snuipp86.fr\/index.php\/2012\/11\/06\/t1-prime-dentre-dans-le-mtier\/","name":"T1 : Prime d'entr\u00e9e dans le m\u00e9tier - FSU-SNUipp 86","isPartOf":{"@id":"https:\/\/snuipp86.fr\/#website"},"primaryImageOfPage":{"@id":"https:\/\/snuipp86.fr\/index.php\/2012\/11\/06\/t1-prime-dentre-dans-le-mtier\/#primaryimage"},"image":{"@id":"https:\/\/snuipp86.fr\/index.php\/2012\/11\/06\/t1-prime-dentre-dans-le-mtier\/#primaryimage"},"thumbnailUrl":"http:\/\/snuipp86.fr\/wp-content\/spip\/IMG\/arton2247.gif","datePublished":"2012-11-06T16:05:46+00:00","author":{"@id":"https:\/\/snuipp86.fr\/#\/schema\/person\/901b28b9ae1c7a63a6a940102e52a7a2"},"breadcrumb":{"@id":"https:\/\/snuipp86.fr\/index.php\/2012\/11\/06\/t1-prime-dentre-dans-le-mtier\/#breadcrumb"},"inLanguage":"fr-FR","potentialAction":[{"@type":"ReadAction","target":["https:\/\/snuipp86.fr\/index.php\/2012\/11\/06\/t1-prime-dentre-dans-le-mtier\/"]}]},{"@type":"ImageObject","inLanguage":"fr-FR","@id":"https:\/\/snuipp86.fr\/index.php\/2012\/11\/06\/t1-prime-dentre-dans-le-mtier\/#primaryimage","url":"http:\/\/snuipp86.fr\/wp-content\/spip\/IMG\/arton2247.gif","contentUrl":"http:\/\/snuipp86.fr\/wp-content\/spip\/IMG\/arton2247.gif"},{"@type":"BreadcrumbList","@id":"https:\/\/snuipp86.fr\/index.php\/2012\/11\/06\/t1-prime-dentre-dans-le-mtier\/#breadcrumb","itemListElement":[{"@type":"ListItem","position":1,"name":"Accueil","item":"https:\/\/snuipp86.fr\/"},{"@type":"ListItem","position":2,"name":"T1 : Prime d&#8217;entr\u00e9e dans le m\u00e9tier"}]},{"@type":"WebSite","@id":"https:\/\/snuipp86.fr\/#website","url":"https:\/\/snuipp86.fr\/","name":"FSU-SNUipp 86","description":"Des id\u00e9es qui font l&#039;\u00e9cole","potentialAction":[{"@type":"SearchAction","target":{"@type":"EntryPoint","urlTemplate":"https:\/\/snuipp86.fr\/?s={search_term_string}"},"query-input":{"@type":"PropertyValueSpecification","valueRequired":true,"valueName":"search_term_string"}}],"inLanguage":"fr-FR"},{"@type":"Person","@id":"https:\/\/snuipp86.fr\/#\/schema\/person\/901b28b9ae1c7a63a6a940102e52a7a2","name":"WP86Admin","image":{"@type":"ImageObject","inLanguage":"fr-FR","@id":"https:\/\/snuipp86.fr\/#\/schema\/person\/image\/","url":"https:\/\/secure.gravatar.com\/avatar\/0099845c7ec05dc10d777d8ab4f5142c5ba316283821af2459738ad469a37a1a?s=96&d=mm&r=g","contentUrl":"https:\/\/secure.gravatar.com\/avatar\/0099845c7ec05dc10d777d8ab4f5142c5ba316283821af2459738ad469a37a1a?s=96&d=mm&r=g","caption":"WP86Admin"},"url":"https:\/\/snuipp86.fr\/index.php\/author\/wp86admin\/"}]}},"_links":{"self":[{"href":"https:\/\/snuipp86.fr\/index.php\/wp-json\/wp\/v2\/posts\/1348","targetHints":{"allow":["GET"]}}],"collection":[{"href":"https:\/\/snuipp86.fr\/index.php\/wp-json\/wp\/v2\/posts"}],"about":[{"href":"https:\/\/snuipp86.fr\/index.php\/wp-json\/wp\/v2\/types\/post"}],"author":[{"embeddable":true,"href":"https:\/\/snuipp86.fr\/index.php\/wp-json\/wp\/v2\/users\/1"}],"replies":[{"embeddable":true,"href":"https:\/\/snuipp86.fr\/index.php\/wp-json\/wp\/v2\/comments?post=1348"}],"version-history":[{"count":0,"href":"https:\/\/snuipp86.fr\/index.php\/wp-json\/wp\/v2\/posts\/1348\/revisions"}],"wp:attachment":[{"href":"https:\/\/snuipp86.fr\/index.php\/wp-json\/wp\/v2\/media?parent=1348"}],"wp:term":[{"taxonomy":"category","embeddable":true,"href":"https:\/\/snuipp86.fr\/index.php\/wp-json\/wp\/v2\/categories?post=1348"},{"taxonomy":"post_tag","embeddable":true,"href":"https:\/\/snuipp86.fr\/index.php\/wp-json\/wp\/v2\/tags?post=1348"}],"curies":[{"name":"wp","href":"https:\/\/api.w.org\/{rel}","templated":true}]}}