{"id":1349,"date":"2012-11-04T16:54:24","date_gmt":"2012-11-04T16:54:24","guid":{"rendered":"http:\/\/localhost\/wordpress\/2012\/11\/04\/lavenant-confirm-par-vincent-peillon\/"},"modified":"2012-11-04T16:54:24","modified_gmt":"2012-11-04T16:54:24","slug":"lavenant-confirm-par-vincent-peillon","status":"publish","type":"post","link":"https:\/\/snuipp86.fr\/index.php\/2012\/11\/04\/lavenant-confirm-par-vincent-peillon\/","title":{"rendered":"L&rsquo;avenant confirm\u00e9 par Vincent Peillon"},"content":{"rendered":"<p><img decoding=\"async\" src=\"https:\/\/snuipp86.fr\/wp-content\/spip\/IMG\/arton2246.jpg\" alt=\"\" align=\"right\" width=\"300\" height=\"300\" class=\"spip_logos\" \/><\/p>\n<div class='rss_texte'>\n<p class=\"spip\"><strong class=\"spip\">Le ministre de l&rsquo;\u00c9ducation nationale confirme au SNUipp-FSU qu&rsquo;une simple adaptation des projets d&rsquo;\u00e9cole, sous la forme d&rsquo;un avenant, sera demand\u00e9e cette ann\u00e9e pour ceux qui arrivent en fin de validit\u00e9.<\/strong><\/p>\n<p class=\"spip\">Vincent Peillon, dans un courrier adress\u00e9 le 22 octobre au secr\u00e9taire g\u00e9n\u00e9ral du SNUipp, lui indique qu&rsquo;un simple avenant aux projets d&rsquo;\u00e9coles pourra \u00eatre r\u00e9dig\u00e9 pour ceux qui devaient \u00eatre renouvel\u00e9s cette ann\u00e9e. Il confirme ainsi la r\u00e9ponse de ses services \u00e0 une interpellation du syndicat. Il est vrai que dans plus d&rsquo;un tiers des d\u00e9partements, les projets devaient \u00eatre renouvel\u00e9s au cours de ce premier trimestre. Or, \u00ab <i class=\"spip\">Tableaux de bord en nombre \u00e0 remplir, indicateurs multiples \u00e0 renseigner, actions \u00e0 mettre obligatoirement dans les pas du socle de la Loi Fillon (&#8230;)<\/i> \u00bb ce renouvellement est v\u00e9cu aujourd&rsquo;hui plus comme une proc\u00e9dure administrative que comme un projet p\u00e9dagogique adapt\u00e9 aux besoins des \u00e9coles. Et pour le SNUipp, il paraissait \u00ab <i class=\"spip\"> indispensable de red\u00e9finir clairement la nature et les objectifs assign\u00e9s aux projets d&rsquo;\u00e9cole, afin que ceux-ci soient des objets professionnels concrets pour am\u00e9liorer la qualit\u00e9 du travail enseignant et donc la r\u00e9ussite des \u00e9l\u00e8ves.<\/i> \u00bb<\/p>\n<h3 class=\"spip\">En attendant les mesures \u00e0 venir<\/h3>\n<p class=\"spip\">La pr\u00e9occupation est entendue par le locataire de la rue de Grenelle. Il reconnait dans sa lettre que \u00ab <i class=\"spip\">la concertation pour la refondation de l&rsquo;\u00e9cole a mis en \u00e9vidence des th\u00e8mes dont l&rsquo;incidence sur le fonctionnement des \u00e9coles est manifeste : les programmes, l&rsquo;\u00e9valuation des \u00e9l\u00e8ves, le socle commun, l&rsquo;accompagnement des \u00e9l\u00e8ves&#8230;<\/i> \u00bb En attendant les \u00e9volutions concr\u00e8tes li\u00e9es \u00e0 cette refondation, il demande donc \u00ab <i class=\"spip\">aux recteurs et aux DASEN qu&rsquo;une simple adaptation des projets existants, sous forme d&rsquo;un avenant [soit] demand\u00e9e aux \u00e9coles.<\/i> \u00bb Les \u00e9quipes enseignantes s&rsquo;\u00e9vitent ainsi un fastidieux travail qui risquait bien d&rsquo;\u00eatre devenu sans objet&#8230;\u00e0 la rentr\u00e9e prochaine.<\/p>\n<p class=\"spip\">Lire : <a href=\"http:\/\/www.snuipp.fr\/IMG\/pdf\/30_10_12_reponse_men_courrier_projet_d_ecole.pdf\" class=\"spip_out\"> la lettre du ministre<\/a><\/p>\n<p class=\"spip\">Lire aussi :<br \/>\n<a href=\"http:\/\/86.snuipp.fr\/spip.php?article2241\" class=\"spip_out\">N\u00e9gociation : ouverture des discussions sur la direction d&rsquo;\u00e9cole <\/a><\/p>\n<\/div>\n","protected":false},"excerpt":{"rendered":"<p>Le ministre de l&rsquo;\u00c9ducation nationale confirme au SNUipp-FSU qu&rsquo;une simple adaptation des projets d&rsquo;\u00e9cole, sous la forme d&rsquo;un avenant, sera demand\u00e9e cette ann\u00e9e pour ceux qui arrivent en fin de validit\u00e9. <br \/>Vincent Peillon, dans un courrier adress\u00e9 le 22 octobre au secr\u00e9taire g\u00e9n\u00e9ral du SNUipp, lui indique qu&rsquo;un simple avenant aux projets d&rsquo;\u00e9coles pourra \u00eatre r\u00e9dig\u00e9 pour ceux qui devaient \u00eatre renouvel\u00e9s cette ann\u00e9e. Il confirme ainsi la r\u00e9ponse de ses (&#8230;)<br \/>\n&#8211;<br \/>\n<a href=\"http:\/\/86.snuipp.fr\/spip.php?rubrique296\" rel=\"directory\">Directions d&rsquo;\u00e9coles<\/a><br \/>\n\/<br \/>\n<a href=\"http:\/\/86.snuipp.fr\/spip.php?mot303\" rel=\"tag\">Directions d&rsquo;\u00e9coles<\/a><\/p>\n","protected":false},"author":1,"featured_media":0,"comment_status":"open","ping_status":"open","sticky":false,"template":"","format":"standard","meta":{"footnotes":""},"categories":[14],"tags":[],"class_list":["post-1349","post","type-post","status-publish","format-standard","hentry","category-a-la-une"],"yoast_head":"<!-- This site is optimized with the Yoast SEO plugin v26.6 - https:\/\/yoast.com\/wordpress\/plugins\/seo\/ -->\n<title>L&#039;avenant confirm\u00e9 par Vincent Peillon - FSU-SNUipp 86<\/title>\n<meta name=\"robots\" content=\"index, follow, max-snippet:-1, max-image-preview:large, max-video-preview:-1\" \/>\n<link rel=\"canonical\" href=\"https:\/\/snuipp86.fr\/index.php\/2012\/11\/04\/lavenant-confirm-par-vincent-peillon\/\" \/>\n<meta property=\"og:locale\" content=\"fr_FR\" \/>\n<meta property=\"og:type\" content=\"article\" \/>\n<meta property=\"og:title\" content=\"L&#039;avenant confirm\u00e9 par Vincent Peillon - FSU-SNUipp 86\" \/>\n<meta property=\"og:description\" content=\"Le ministre de l&#039;\u00c9ducation nationale confirme au SNUipp-FSU qu&#039;une simple adaptation des projets d&#039;\u00e9cole, sous la forme d&#039;un avenant, sera demand\u00e9e cette ann\u00e9e pour ceux qui arrivent en fin de validit\u00e9. Vincent Peillon, dans un courrier adress\u00e9 le 22 octobre au secr\u00e9taire g\u00e9n\u00e9ral du SNUipp, lui indique qu&#039;un simple avenant aux projets d&#039;\u00e9coles pourra \u00eatre r\u00e9dig\u00e9 pour ceux qui devaient \u00eatre renouvel\u00e9s cette ann\u00e9e. Il confirme ainsi la r\u00e9ponse de ses (...) - Directions d&#039;\u00e9coles \/ Directions d&#039;\u00e9coles\" \/>\n<meta property=\"og:url\" content=\"https:\/\/snuipp86.fr\/index.php\/2012\/11\/04\/lavenant-confirm-par-vincent-peillon\/\" \/>\n<meta property=\"og:site_name\" content=\"FSU-SNUipp 86\" \/>\n<meta property=\"article:published_time\" content=\"2012-11-04T16:54:24+00:00\" \/>\n<meta property=\"og:image\" content=\"http:\/\/snuipp86.fr\/wp-content\/spip\/IMG\/arton2246.jpg\" \/>\n<meta name=\"author\" content=\"WP86Admin\" \/>\n<meta name=\"twitter:card\" content=\"summary_large_image\" \/>\n<meta name=\"twitter:label1\" content=\"\u00c9crit par\" \/>\n\t<meta name=\"twitter:data1\" content=\"WP86Admin\" \/>\n\t<meta name=\"twitter:label2\" content=\"Dur\u00e9e de lecture estim\u00e9e\" \/>\n\t<meta name=\"twitter:data2\" content=\"2 minutes\" \/>\n<script type=\"application\/ld+json\" class=\"yoast-schema-graph\">{\"@context\":\"https:\/\/schema.org\",\"@graph\":[{\"@type\":\"WebPage\",\"@id\":\"https:\/\/snuipp86.fr\/index.php\/2012\/11\/04\/lavenant-confirm-par-vincent-peillon\/\",\"url\":\"https:\/\/snuipp86.fr\/index.php\/2012\/11\/04\/lavenant-confirm-par-vincent-peillon\/\",\"name\":\"L'avenant confirm\u00e9 par Vincent Peillon - FSU-SNUipp 86\",\"isPartOf\":{\"@id\":\"https:\/\/snuipp86.fr\/#website\"},\"primaryImageOfPage\":{\"@id\":\"https:\/\/snuipp86.fr\/index.php\/2012\/11\/04\/lavenant-confirm-par-vincent-peillon\/#primaryimage\"},\"image\":{\"@id\":\"https:\/\/snuipp86.fr\/index.php\/2012\/11\/04\/lavenant-confirm-par-vincent-peillon\/#primaryimage\"},\"thumbnailUrl\":\"http:\/\/snuipp86.fr\/wp-content\/spip\/IMG\/arton2246.jpg\",\"datePublished\":\"2012-11-04T16:54:24+00:00\",\"author\":{\"@id\":\"https:\/\/snuipp86.fr\/#\/schema\/person\/901b28b9ae1c7a63a6a940102e52a7a2\"},\"breadcrumb\":{\"@id\":\"https:\/\/snuipp86.fr\/index.php\/2012\/11\/04\/lavenant-confirm-par-vincent-peillon\/#breadcrumb\"},\"inLanguage\":\"fr-FR\",\"potentialAction\":[{\"@type\":\"ReadAction\",\"target\":[\"https:\/\/snuipp86.fr\/index.php\/2012\/11\/04\/lavenant-confirm-par-vincent-peillon\/\"]}]},{\"@type\":\"ImageObject\",\"inLanguage\":\"fr-FR\",\"@id\":\"https:\/\/snuipp86.fr\/index.php\/2012\/11\/04\/lavenant-confirm-par-vincent-peillon\/#primaryimage\",\"url\":\"http:\/\/snuipp86.fr\/wp-content\/spip\/IMG\/arton2246.jpg\",\"contentUrl\":\"http:\/\/snuipp86.fr\/wp-content\/spip\/IMG\/arton2246.jpg\"},{\"@type\":\"BreadcrumbList\",\"@id\":\"https:\/\/snuipp86.fr\/index.php\/2012\/11\/04\/lavenant-confirm-par-vincent-peillon\/#breadcrumb\",\"itemListElement\":[{\"@type\":\"ListItem\",\"position\":1,\"name\":\"Accueil\",\"item\":\"https:\/\/snuipp86.fr\/\"},{\"@type\":\"ListItem\",\"position\":2,\"name\":\"L&#8217;avenant confirm\u00e9 par Vincent Peillon\"}]},{\"@type\":\"WebSite\",\"@id\":\"https:\/\/snuipp86.fr\/#website\",\"url\":\"https:\/\/snuipp86.fr\/\",\"name\":\"FSU-SNUipp 86\",\"description\":\"Des id\u00e9es qui font l&#039;\u00e9cole\",\"potentialAction\":[{\"@type\":\"SearchAction\",\"target\":{\"@type\":\"EntryPoint\",\"urlTemplate\":\"https:\/\/snuipp86.fr\/?s={search_term_string}\"},\"query-input\":{\"@type\":\"PropertyValueSpecification\",\"valueRequired\":true,\"valueName\":\"search_term_string\"}}],\"inLanguage\":\"fr-FR\"},{\"@type\":\"Person\",\"@id\":\"https:\/\/snuipp86.fr\/#\/schema\/person\/901b28b9ae1c7a63a6a940102e52a7a2\",\"name\":\"WP86Admin\",\"image\":{\"@type\":\"ImageObject\",\"inLanguage\":\"fr-FR\",\"@id\":\"https:\/\/snuipp86.fr\/#\/schema\/person\/image\/\",\"url\":\"https:\/\/secure.gravatar.com\/avatar\/0099845c7ec05dc10d777d8ab4f5142c5ba316283821af2459738ad469a37a1a?s=96&d=mm&r=g\",\"contentUrl\":\"https:\/\/secure.gravatar.com\/avatar\/0099845c7ec05dc10d777d8ab4f5142c5ba316283821af2459738ad469a37a1a?s=96&d=mm&r=g\",\"caption\":\"WP86Admin\"},\"url\":\"https:\/\/snuipp86.fr\/index.php\/author\/wp86admin\/\"}]}<\/script>\n<!-- \/ Yoast SEO plugin. -->","yoast_head_json":{"title":"L'avenant confirm\u00e9 par Vincent Peillon - FSU-SNUipp 86","robots":{"index":"index","follow":"follow","max-snippet":"max-snippet:-1","max-image-preview":"max-image-preview:large","max-video-preview":"max-video-preview:-1"},"canonical":"https:\/\/snuipp86.fr\/index.php\/2012\/11\/04\/lavenant-confirm-par-vincent-peillon\/","og_locale":"fr_FR","og_type":"article","og_title":"L'avenant confirm\u00e9 par Vincent Peillon - FSU-SNUipp 86","og_description":"Le ministre de l'\u00c9ducation nationale confirme au SNUipp-FSU qu'une simple adaptation des projets d'\u00e9cole, sous la forme d'un avenant, sera demand\u00e9e cette ann\u00e9e pour ceux qui arrivent en fin de validit\u00e9. Vincent Peillon, dans un courrier adress\u00e9 le 22 octobre au secr\u00e9taire g\u00e9n\u00e9ral du SNUipp, lui indique qu'un simple avenant aux projets d'\u00e9coles pourra \u00eatre r\u00e9dig\u00e9 pour ceux qui devaient \u00eatre renouvel\u00e9s cette ann\u00e9e. Il confirme ainsi la r\u00e9ponse de ses (...) - Directions d'\u00e9coles \/ Directions d'\u00e9coles","og_url":"https:\/\/snuipp86.fr\/index.php\/2012\/11\/04\/lavenant-confirm-par-vincent-peillon\/","og_site_name":"FSU-SNUipp 86","article_published_time":"2012-11-04T16:54:24+00:00","og_image":[{"url":"http:\/\/snuipp86.fr\/wp-content\/spip\/IMG\/arton2246.jpg","type":"","width":"","height":""}],"author":"WP86Admin","twitter_card":"summary_large_image","twitter_misc":{"\u00c9crit par":"WP86Admin","Dur\u00e9e de lecture estim\u00e9e":"2 minutes"},"schema":{"@context":"https:\/\/schema.org","@graph":[{"@type":"WebPage","@id":"https:\/\/snuipp86.fr\/index.php\/2012\/11\/04\/lavenant-confirm-par-vincent-peillon\/","url":"https:\/\/snuipp86.fr\/index.php\/2012\/11\/04\/lavenant-confirm-par-vincent-peillon\/","name":"L'avenant confirm\u00e9 par Vincent Peillon - FSU-SNUipp 86","isPartOf":{"@id":"https:\/\/snuipp86.fr\/#website"},"primaryImageOfPage":{"@id":"https:\/\/snuipp86.fr\/index.php\/2012\/11\/04\/lavenant-confirm-par-vincent-peillon\/#primaryimage"},"image":{"@id":"https:\/\/snuipp86.fr\/index.php\/2012\/11\/04\/lavenant-confirm-par-vincent-peillon\/#primaryimage"},"thumbnailUrl":"http:\/\/snuipp86.fr\/wp-content\/spip\/IMG\/arton2246.jpg","datePublished":"2012-11-04T16:54:24+00:00","author":{"@id":"https:\/\/snuipp86.fr\/#\/schema\/person\/901b28b9ae1c7a63a6a940102e52a7a2"},"breadcrumb":{"@id":"https:\/\/snuipp86.fr\/index.php\/2012\/11\/04\/lavenant-confirm-par-vincent-peillon\/#breadcrumb"},"inLanguage":"fr-FR","potentialAction":[{"@type":"ReadAction","target":["https:\/\/snuipp86.fr\/index.php\/2012\/11\/04\/lavenant-confirm-par-vincent-peillon\/"]}]},{"@type":"ImageObject","inLanguage":"fr-FR","@id":"https:\/\/snuipp86.fr\/index.php\/2012\/11\/04\/lavenant-confirm-par-vincent-peillon\/#primaryimage","url":"http:\/\/snuipp86.fr\/wp-content\/spip\/IMG\/arton2246.jpg","contentUrl":"http:\/\/snuipp86.fr\/wp-content\/spip\/IMG\/arton2246.jpg"},{"@type":"BreadcrumbList","@id":"https:\/\/snuipp86.fr\/index.php\/2012\/11\/04\/lavenant-confirm-par-vincent-peillon\/#breadcrumb","itemListElement":[{"@type":"ListItem","position":1,"name":"Accueil","item":"https:\/\/snuipp86.fr\/"},{"@type":"ListItem","position":2,"name":"L&#8217;avenant confirm\u00e9 par Vincent Peillon"}]},{"@type":"WebSite","@id":"https:\/\/snuipp86.fr\/#website","url":"https:\/\/snuipp86.fr\/","name":"FSU-SNUipp 86","description":"Des id\u00e9es qui font l&#039;\u00e9cole","potentialAction":[{"@type":"SearchAction","target":{"@type":"EntryPoint","urlTemplate":"https:\/\/snuipp86.fr\/?s={search_term_string}"},"query-input":{"@type":"PropertyValueSpecification","valueRequired":true,"valueName":"search_term_string"}}],"inLanguage":"fr-FR"},{"@type":"Person","@id":"https:\/\/snuipp86.fr\/#\/schema\/person\/901b28b9ae1c7a63a6a940102e52a7a2","name":"WP86Admin","image":{"@type":"ImageObject","inLanguage":"fr-FR","@id":"https:\/\/snuipp86.fr\/#\/schema\/person\/image\/","url":"https:\/\/secure.gravatar.com\/avatar\/0099845c7ec05dc10d777d8ab4f5142c5ba316283821af2459738ad469a37a1a?s=96&d=mm&r=g","contentUrl":"https:\/\/secure.gravatar.com\/avatar\/0099845c7ec05dc10d777d8ab4f5142c5ba316283821af2459738ad469a37a1a?s=96&d=mm&r=g","caption":"WP86Admin"},"url":"https:\/\/snuipp86.fr\/index.php\/author\/wp86admin\/"}]}},"_links":{"self":[{"href":"https:\/\/snuipp86.fr\/index.php\/wp-json\/wp\/v2\/posts\/1349","targetHints":{"allow":["GET"]}}],"collection":[{"href":"https:\/\/snuipp86.fr\/index.php\/wp-json\/wp\/v2\/posts"}],"about":[{"href":"https:\/\/snuipp86.fr\/index.php\/wp-json\/wp\/v2\/types\/post"}],"author":[{"embeddable":true,"href":"https:\/\/snuipp86.fr\/index.php\/wp-json\/wp\/v2\/users\/1"}],"replies":[{"embeddable":true,"href":"https:\/\/snuipp86.fr\/index.php\/wp-json\/wp\/v2\/comments?post=1349"}],"version-history":[{"count":0,"href":"https:\/\/snuipp86.fr\/index.php\/wp-json\/wp\/v2\/posts\/1349\/revisions"}],"wp:attachment":[{"href":"https:\/\/snuipp86.fr\/index.php\/wp-json\/wp\/v2\/media?parent=1349"}],"wp:term":[{"taxonomy":"category","embeddable":true,"href":"https:\/\/snuipp86.fr\/index.php\/wp-json\/wp\/v2\/categories?post=1349"},{"taxonomy":"post_tag","embeddable":true,"href":"https:\/\/snuipp86.fr\/index.php\/wp-json\/wp\/v2\/tags?post=1349"}],"curies":[{"name":"wp","href":"https:\/\/api.w.org\/{rel}","templated":true}]}}