{"id":1373,"date":"2012-10-10T06:09:30","date_gmt":"2012-10-10T06:09:30","guid":{"rendered":"http:\/\/localhost\/wordpress\/2012\/10\/10\/le-plan-hollande-pour-lducation\/"},"modified":"2012-10-10T06:09:30","modified_gmt":"2012-10-10T06:09:30","slug":"le-plan-hollande-pour-lducation","status":"publish","type":"post","link":"https:\/\/snuipp86.fr\/index.php\/2012\/10\/10\/le-plan-hollande-pour-lducation\/","title":{"rendered":"Le plan Hollande pour l&rsquo;\u00e9ducation"},"content":{"rendered":"<p><img decoding=\"async\" src=\"https:\/\/snuipp86.fr\/wp-content\/spip\/IMG\/arton2222.jpg\" alt=\"\" align=\"right\" width=\"175\" height=\"175\" class=\"spip_logos\" \/><\/p>\n<div class='rss_texte'>\n<p class=\"spip\"><strong class=\"spip\">Plus de ma\u00eetres que de classes, retour \u00e0 9 demi-journ\u00e9es, relance de la scolarisation des moins de trois ans, diminution des redoublements\u2026 mardi 9 octobre \u00e0 la Sorbonne le chef de l&rsquo;Etat a annonc\u00e9 un certain nombre de d\u00e9cisions apr\u00e8s avoir re\u00e7u le rapport sur la refondation de l&rsquo;\u00e9cole.<br \/>\n<\/strong><\/p>\n<p class=\"spip\">\u00ab Le temps de la d\u00e9cision est venu, le temps de la concertation n&rsquo;est pas achev\u00e9 \u00bb. C&rsquo;est en ces termes que Fran\u00e7ois Hollande a accueilli mardi 9 octobre <a href=\"http:\/\/86.snuipp.fr\/spip.php?article2221\" class=\"spip_out\">le rapport sur la \u00ab Refondation de l&rsquo;\u00e9cole de la R\u00e9publique \u00bb<\/a> qui lui a \u00e9t\u00e9 remis par la sociologue Nathalie Mons \u00e0 la Sorbonne. Intervenant apr\u00e8s une pr\u00e9sentation d\u00e9taill\u00e9e du rapport par les quatre coordonnateurs de la concertation et les responsables d&rsquo;ateliers, le chef de l&rsquo;\u00c9tat a lev\u00e9 le voile sur les principales orientations qui guideront la r\u00e9daction du projet de loi d&rsquo;orientation et de programmation ou qui feront l&rsquo;objet de circulaires. Des mesures qui seront encore discut\u00e9es avec les diverses parties prenantes (repr\u00e9sentants des enseignants, des parents, des collectivit\u00e9s\u2026) pour en d\u00e9terminer les modes de mise en \u0153uvre.<\/p>\n<h3 class=\"spip\" id=\"outil_sommaire_0\"><a title=\"Sommaire\" href=\"http:\/\/86.snuipp.fr\/spip.php?page=backend&#038;id_rubrique=#outil_sommaire\" class=\"sommaire_ancre\"> <\/a>Un budget sanctuaris\u00e9<\/h3>\n<p class=\"spip\">\u00ab L&rsquo;\u00e9cole doit changer \u00bb a affirm\u00e9 le pr\u00e9sident de la R\u00e9publique. Pour cela \u00ab il faudra du temps et des moyens \u00bb et le budget de l&rsquo;\u00c9ducation nationale sera \u00ab\u00a0sanctuaris\u00e9\u00a0\u00bb. Il a ainsi r\u00e9it\u00e9r\u00e9 son engagement de cr\u00e9er 60 000 postes sur la mandature. Apr\u00e8s la cr\u00e9ation de pr\u00e8s de 10 000 postes annonc\u00e9e pour la prochaine rentr\u00e9e, il y en aura autant par an sur les cinq ann\u00e9es \u00e0 venir. Autre d\u00e9cision confirm\u00e9e, celle portant sur l&rsquo;entr\u00e9e dans le m\u00e9tier. Il y aura bien un second concours au printemps prochain et le r\u00e9tablissement, d\u00e8s la rentr\u00e9e 2013 d\u2018une ann\u00e9e de formation. \u00ab Nous allons faire du neuf \u00bb a-t-il ajout\u00e9 officialisant la cr\u00e9ation en septembre prochain des \u00c9coles sup\u00e9rieures de professorat et de l&rsquo;\u00e9ducation. Des \u201cESPE\u201d qui devront r\u00e9pondre au besoin de professionnalisation des enseignants \u00ab avec une vraie place pour les stages pratiques \u00bb.<\/p>\n<h3 class=\"spip\" id=\"outil_sommaire_1\"><a title=\"Sommaire\" href=\"http:\/\/86.snuipp.fr\/spip.php?page=backend&#038;id_rubrique=#outil_sommaire\" class=\"sommaire_ancre\"> <\/a>Plus de ma\u00eetres que de classes, une demande du SNUipp<\/h3>\n<p class=\"spip\">Redisant que sa priorit\u00e9 allait au primaire \u00ab l\u00e0 o\u00f9 sont acquises les bases solides qui d\u00e9termineront la suite du parcours \u00bb, il a soulign\u00e9 l&rsquo;importance et le r\u00f4le sp\u00e9cifique de la maternelle, pr\u00e9cisant qu&rsquo;une politique de scolarisation des moins de trois ans serait engag\u00e9e \u00e0 partir de la rentr\u00e9e \u00ab dans les territoires en difficult\u00e9 \u00bb. En ce qui concerne l&rsquo;\u00e9l\u00e9mentaire, il a estim\u00e9 qu&rsquo;elle \u00ab doit b\u00e9n\u00e9ficier d&rsquo;une p\u00e9dagogie nouvelle \u00bb et repris la proposition du SNUipp, contenue dans le rapport, celle du \u00ab plus de ma\u00eetres que de classes \u00bb. Un mode de fonctionnement qui selon lui \u00ab facilitera le d\u00e9veloppement du travail en commun, introduira de nouvelles m\u00e9thodes d&rsquo;accompagnement des \u00e9l\u00e8ves et pr\u00e9viendra les premiers retards \u00bb<\/p>\n<h3 class=\"spip\" id=\"outil_sommaire_2\"><a title=\"Sommaire\" href=\"http:\/\/86.snuipp.fr\/spip.php?page=backend&#038;id_rubrique=#outil_sommaire\" class=\"sommaire_ancre\"> <\/a>Le \u00ab faux-semblant \u00bb du coll\u00e8ge unique<\/h3>\n<p class=\"spip\">Le pr\u00e9sident a aussi fait siennes les propositions du rapport pr\u00e9conisant la fin du redoublement, ou du moins sa r\u00e9duction en nombre, l&rsquo;\u00e9volution du syst\u00e8me de notation vers une note \u00ab dont l&rsquo;objet est d&rsquo;indiquer un niveau, plus que de sanctionner \u00bb, ou encore la fin des devoirs \u00e0 la maison. Ces derniers \u00ab doivent pouvoir \u00eatre faits dans l&rsquo;\u00e9tablissement (ou l&rsquo;\u00e9cole-NDLR) plut\u00f4t qu&rsquo;\u00e0 la maison pour accompagner les enfants et r\u00e9tablir l&rsquo;\u00e9galit\u00e9 \u00bb, le p\u00e9riscolaire sera donc sollicit\u00e9. Le chef de l&rsquo;\u00c9tat a aussi souhait\u00e9 introduire une plus grande \u00ab fluidit\u00e9 \u00bb entre le CM2 et le coll\u00e8ge. Concernant ce dernier, dont \u00ab le r\u00f4le est d&rsquo;assurer le socle commun \u00bb, il a jug\u00e9 que son \u00ab caract\u00e8re unique est devenu une apparence pour ne pas dire un faux-semblant \u00bb et qu&rsquo;il faut d\u00e9sormais \u00ab lui permettre d&rsquo;organiser plus librement sa p\u00e9dagogie et ne plus avoir un mod\u00e8le trop rigide d&rsquo;organisation des activit\u00e9s \u00bb.<\/p>\n<h3 class=\"spip\" id=\"outil_sommaire_3\"><a title=\"Sommaire\" href=\"http:\/\/86.snuipp.fr\/spip.php?page=backend&#038;id_rubrique=#outil_sommaire\" class=\"sommaire_ancre\"> <\/a>La fin des \u00ab labels \u00bb de l&rsquo;\u00e9ducation prioritaire<\/h3>\n<p class=\"spip\">La volont\u00e9 du chef de l&rsquo;\u00c9tat est aussi de revoir radicalement le mode de fonctionnement de l&rsquo;\u00e9ducation prioritaire. \u00ab La labellisation n&rsquo;a pas toujours su \u00e9viter le pi\u00e8ge de la stigmatisation \u00bb a-t-il d\u00e9plor\u00e9. Du coup, les dispositifs ZEP, RAR, ECLAIR, etc\u2026 ne seraient plus affich\u00e9s en tant que tels. S&rsquo;y substituerait un syst\u00e8me de dotation budg\u00e9taire modulable en fonction de divers crit\u00e8res touchant au public accueilli et aux difficult\u00e9s des territoires, qu&rsquo;ils soient urbains ou ruraux. Le pr\u00e9sident propose aussi d&rsquo;affecter sur les territoires en difficult\u00e9 des enseignants exp\u00e9riment\u00e9s, \u00ab sur la base du volontariat \u00bb, et de favoriser la stabilit\u00e9 des \u00e9quipes \u00ab quitte \u00e0 accorder de meilleures conditions de travail pour ceux qui sont confront\u00e9s \u00e0 des situations \u00e9prouvantes \u00bb.<\/p>\n<h3 class=\"spip\" id=\"outil_sommaire_4\"><a title=\"Sommaire\" href=\"http:\/\/86.snuipp.fr\/spip.php?page=backend&#038;id_rubrique=#outil_sommaire\" class=\"sommaire_ancre\"> <\/a>Une \u00e9cole vraiment inclusive<\/h3>\n<p class=\"spip\">Le pr\u00e9sident a \u00e9galement plaid\u00e9 en faveur du num\u00e9rique, demandant \u00ab au gouvernement de prendre rapidement des initiatives pour donner \u00e0 ce que l&rsquo;on appelle l&rsquo;e-education la dimension qui doit \u00eatre la sienne \u00bb. Pour commencer, dix millions d&rsquo;euros seront consacr\u00e9s au d\u00e9veloppement de contenus au budget 2013 de l&rsquo;EN indiquait-on hier \u00e0 \u00c9lys\u00e9e. Il a encore souhait\u00e9 une g\u00e9n\u00e9ralisation des programmes d&rsquo;\u00e9ducation culturelle de la maternelle \u00e0 la terminale. Concernant l&rsquo;accueil des \u00e9l\u00e8ves en situation de handicap, il a appel\u00e9 de ses v\u0153ux \u00ab une \u00e9cole qui soit vraiment inclusive \u00bb ce qui passe selon lui par la formation des enseignants et \u00ab la valorisation du m\u00e9tier des personnels qui accompagnent ces \u00e9l\u00e8ves \u00bb.<\/p>\n<h3 class=\"spip\" id=\"outil_sommaire_5\"><a title=\"Sommaire\" href=\"http:\/\/86.snuipp.fr\/spip.php?page=backend&#038;id_rubrique=#outil_sommaire\" class=\"sommaire_ancre\"> <\/a>Changement de rythmes<\/h3>\n<p class=\"spip\">Et puis, la question a \u00e9t\u00e9 longuement comment\u00e9e ces derniers mois, Fran\u00e7ois Hollande a fait part de ses d\u00e9cisions concernant les rythmes scolaires. Il s&rsquo;est dit \u00ab favorable \u00bb au retour \u00e0 une semaine de neuf demi-journ\u00e9es tout en reconnaissant que \u00ab les in\u00e9galit\u00e9s d&rsquo;acc\u00e8s aux activit\u00e9s \u00e9ducatives, culturelles ou sportives \u00bb ne doivent pas s&rsquo;en trouver creus\u00e9es. Cette r\u00e9forme devra \u00eatre effective d\u00e8s la rentr\u00e9e 2013, aussi une concertation doit \u00eatre engag\u00e9e dans les prochains jours avec les associations repr\u00e9sentatives des collectivit\u00e9s locales en charge du p\u00e9riscolaire. Mais l&rsquo;\u00c9lys\u00e9e qui pr\u00e9conise de d\u00e9velopper des projets \u00e9ducatifs territoriaux reste prudent quant au mode de financement des activit\u00e9s qu&rsquo;elles auront \u00e0 assumer apr\u00e8s 15h30.<\/p>\n<h3 class=\"spip\" id=\"outil_sommaire_6\"><a title=\"Sommaire\" href=\"http:\/\/86.snuipp.fr\/spip.php?page=backend&#038;id_rubrique=#outil_sommaire\" class=\"sommaire_ancre\"> <\/a>Le calendrier de la refondation<\/h3>\n<p class=\"spip\">Enfin, alors qu&rsquo;il s&rsquo;exprimait en pr\u00e9sence de dix-sept ministres concern\u00e9s par le caract\u00e8re interminist\u00e9riel de la refondation, le chef de l&rsquo;\u00c9tat a pr\u00e9cis\u00e9 le calendrier de la r\u00e9forme. Jeudi 11 octobre une session extraordinaire du Conseil sup\u00e9rieur de l&rsquo;\u00e9ducation sera pr\u00e9sid\u00e9e par le ministre de l&rsquo;\u00c9ducation nationale. Puis des discussions seront engag\u00e9es avec les repr\u00e9sentants des personnels et des parents d&rsquo;\u00e9l\u00e8ve avant que ne s&rsquo;engage un travail interminist\u00e9riel devant aboutir \u00e0 la pr\u00e9sentation d&rsquo;un projet de loi en conseil des ministres \u00ab avant la fin de l&rsquo;ann\u00e9e \u00bb. \u00ab Le choix de recourir \u00e0 une loi d&rsquo;orientation et de programmation a un sens. C&rsquo;est une fa\u00e7on de garantir que l&rsquo;\u00e9ducation nationale ne sera plus une variable d&rsquo;ajustement budg\u00e9taire \u00bb a-t-il ajout\u00e9.<\/p>\n<h3 class=\"spip\" id=\"outil_sommaire_7\"><a title=\"Sommaire\" href=\"http:\/\/86.snuipp.fr\/spip.php?page=backend&#038;id_rubrique=#outil_sommaire\" class=\"sommaire_ancre\"> <\/a>Une \u00e9tape d\u00e9cisive<\/h3>\n<p class=\"spip\">Si le pr\u00e9sident de la R\u00e9publique a fix\u00e9 un cap, c&rsquo;est maintenant que va s&rsquo;ouvrir l&rsquo;\u00e9tape d\u00e9cisive de la n\u00e9gociation. Car de fait, des pans entiers de cette refondation restent \u00e0 pr\u00e9ciser. Rien n&rsquo; a \u00e9t\u00e9 dit sur les RASED et les psychologues scolaires par exemple. L&rsquo;oubli devra \u00eatre r\u00e9par\u00e9. Ils doivent pourtant avoir toute leur place dans la refondation. Pour le SNUipp, les orientations affich\u00e9es doivent se traduire par des mesures concr\u00e8tes qui transforment en profondeur le quotidien dans les \u00e9coles. Il s&rsquo;agira bien, apr\u00e8s le temps du discours, de r\u00e9ellement \u00ab changer la donne \u00bb, de donner aux enseignants du pouvoir d&rsquo;agir dans leurs classes pour faire reculer l&rsquo;\u00e9chec scolaire, en am\u00e9liorant leurs conditions de vie professionnelle et personnelle. Car d\u00e9finitivement, rien de durable ne se fera sans eux.<\/p>\n<\/div>\n","protected":false},"excerpt":{"rendered":"<p>Plus de ma\u00eetres que de classes, retour \u00e0 9 demi-journ\u00e9es, relance de la scolarisation des moins de trois ans, diminution des redoublements\u2026 mardi 9 octobre \u00e0 la Sorbonne le chef de l&rsquo;Etat a annonc\u00e9 un certain nombre de d\u00e9cisions apr\u00e8s avoir re\u00e7u le rapport sur la refondation de l&rsquo;\u00e9cole. <br \/>\u00ab Le temps de la d\u00e9cision est venu, le temps de la concertation n&rsquo;est pas achev\u00e9 \u00bb. C&rsquo;est en ces termes que Fran\u00e7ois Hollande a accueilli mardi 9 octobre le rapport sur la (&#8230;)<br \/>\n&#8211;<br \/>\n<a href=\"http:\/\/86.snuipp.fr\/spip.php?rubrique249\" rel=\"directory\">L&rsquo;ACTUALIT\u00c9<\/a><br \/>\n\/<br \/>\n<a href=\"http:\/\/86.snuipp.fr\/spip.php?mot289\" rel=\"tag\">Formation<\/a>,<br \/>\n<a href=\"http:\/\/86.snuipp.fr\/spip.php?mot294\" rel=\"tag\">Evaluations<\/a>,<br \/>\n<a href=\"http:\/\/86.snuipp.fr\/spip.php?mot300\" rel=\"tag\">Aide personnalis\u00e9e<\/a>,<br \/>\n<a href=\"http:\/\/86.snuipp.fr\/spip.php?mot310\" rel=\"tag\">Les r\u00e9formes<\/a>,<br \/>\n<a href=\"http:\/\/86.snuipp.fr\/spip.php?mot320\" rel=\"tag\">Rythmes scolaires<\/a><\/p>\n","protected":false},"author":1,"featured_media":0,"comment_status":"open","ping_status":"open","sticky":false,"template":"","format":"standard","meta":{"footnotes":""},"categories":[14],"tags":[],"class_list":["post-1373","post","type-post","status-publish","format-standard","hentry","category-a-la-une"],"yoast_head":"<!-- This site is optimized with the Yoast SEO plugin v26.6 - https:\/\/yoast.com\/wordpress\/plugins\/seo\/ -->\n<title>Le plan Hollande pour l&#039;\u00e9ducation - FSU-SNUipp 86<\/title>\n<meta name=\"robots\" content=\"index, follow, max-snippet:-1, max-image-preview:large, max-video-preview:-1\" \/>\n<link rel=\"canonical\" href=\"https:\/\/snuipp86.fr\/index.php\/2012\/10\/10\/le-plan-hollande-pour-lducation\/\" \/>\n<meta property=\"og:locale\" content=\"fr_FR\" \/>\n<meta property=\"og:type\" content=\"article\" \/>\n<meta property=\"og:title\" content=\"Le plan Hollande pour l&#039;\u00e9ducation - FSU-SNUipp 86\" \/>\n<meta property=\"og:description\" content=\"Plus de ma\u00eetres que de classes, retour \u00e0 9 demi-journ\u00e9es, relance de la scolarisation des moins de trois ans, diminution des redoublements\u2026 mardi 9 octobre \u00e0 la Sorbonne le chef de l&#039;Etat a annonc\u00e9 un certain nombre de d\u00e9cisions apr\u00e8s avoir re\u00e7u le rapport sur la refondation de l&#039;\u00e9cole. \u00ab Le temps de la d\u00e9cision est venu, le temps de la concertation n&#039;est pas achev\u00e9 \u00bb. C&#039;est en ces termes que Fran\u00e7ois Hollande a accueilli mardi 9 octobre le rapport sur la (...) - L&#039;ACTUALIT\u00c9 \/ Formation, Evaluations, Aide personnalis\u00e9e, Les r\u00e9formes, Rythmes scolaires\" \/>\n<meta property=\"og:url\" content=\"https:\/\/snuipp86.fr\/index.php\/2012\/10\/10\/le-plan-hollande-pour-lducation\/\" \/>\n<meta property=\"og:site_name\" content=\"FSU-SNUipp 86\" \/>\n<meta property=\"article:published_time\" content=\"2012-10-10T06:09:30+00:00\" \/>\n<meta property=\"og:image\" content=\"http:\/\/snuipp86.fr\/wp-content\/spip\/IMG\/arton2222.jpg\" \/>\n<meta name=\"author\" content=\"WP86Admin\" \/>\n<meta name=\"twitter:card\" content=\"summary_large_image\" \/>\n<meta name=\"twitter:label1\" content=\"\u00c9crit par\" \/>\n\t<meta name=\"twitter:data1\" content=\"WP86Admin\" \/>\n\t<meta name=\"twitter:label2\" content=\"Dur\u00e9e de lecture estim\u00e9e\" \/>\n\t<meta name=\"twitter:data2\" content=\"7 minutes\" \/>\n<script type=\"application\/ld+json\" class=\"yoast-schema-graph\">{\"@context\":\"https:\/\/schema.org\",\"@graph\":[{\"@type\":\"WebPage\",\"@id\":\"https:\/\/snuipp86.fr\/index.php\/2012\/10\/10\/le-plan-hollande-pour-lducation\/\",\"url\":\"https:\/\/snuipp86.fr\/index.php\/2012\/10\/10\/le-plan-hollande-pour-lducation\/\",\"name\":\"Le plan Hollande pour l'\u00e9ducation - FSU-SNUipp 86\",\"isPartOf\":{\"@id\":\"https:\/\/snuipp86.fr\/#website\"},\"primaryImageOfPage\":{\"@id\":\"https:\/\/snuipp86.fr\/index.php\/2012\/10\/10\/le-plan-hollande-pour-lducation\/#primaryimage\"},\"image\":{\"@id\":\"https:\/\/snuipp86.fr\/index.php\/2012\/10\/10\/le-plan-hollande-pour-lducation\/#primaryimage\"},\"thumbnailUrl\":\"http:\/\/snuipp86.fr\/wp-content\/spip\/IMG\/arton2222.jpg\",\"datePublished\":\"2012-10-10T06:09:30+00:00\",\"author\":{\"@id\":\"https:\/\/snuipp86.fr\/#\/schema\/person\/901b28b9ae1c7a63a6a940102e52a7a2\"},\"breadcrumb\":{\"@id\":\"https:\/\/snuipp86.fr\/index.php\/2012\/10\/10\/le-plan-hollande-pour-lducation\/#breadcrumb\"},\"inLanguage\":\"fr-FR\",\"potentialAction\":[{\"@type\":\"ReadAction\",\"target\":[\"https:\/\/snuipp86.fr\/index.php\/2012\/10\/10\/le-plan-hollande-pour-lducation\/\"]}]},{\"@type\":\"ImageObject\",\"inLanguage\":\"fr-FR\",\"@id\":\"https:\/\/snuipp86.fr\/index.php\/2012\/10\/10\/le-plan-hollande-pour-lducation\/#primaryimage\",\"url\":\"http:\/\/snuipp86.fr\/wp-content\/spip\/IMG\/arton2222.jpg\",\"contentUrl\":\"http:\/\/snuipp86.fr\/wp-content\/spip\/IMG\/arton2222.jpg\"},{\"@type\":\"BreadcrumbList\",\"@id\":\"https:\/\/snuipp86.fr\/index.php\/2012\/10\/10\/le-plan-hollande-pour-lducation\/#breadcrumb\",\"itemListElement\":[{\"@type\":\"ListItem\",\"position\":1,\"name\":\"Accueil\",\"item\":\"https:\/\/snuipp86.fr\/\"},{\"@type\":\"ListItem\",\"position\":2,\"name\":\"Le plan Hollande pour l&#8217;\u00e9ducation\"}]},{\"@type\":\"WebSite\",\"@id\":\"https:\/\/snuipp86.fr\/#website\",\"url\":\"https:\/\/snuipp86.fr\/\",\"name\":\"FSU-SNUipp 86\",\"description\":\"Des id\u00e9es qui font l&#039;\u00e9cole\",\"potentialAction\":[{\"@type\":\"SearchAction\",\"target\":{\"@type\":\"EntryPoint\",\"urlTemplate\":\"https:\/\/snuipp86.fr\/?s={search_term_string}\"},\"query-input\":{\"@type\":\"PropertyValueSpecification\",\"valueRequired\":true,\"valueName\":\"search_term_string\"}}],\"inLanguage\":\"fr-FR\"},{\"@type\":\"Person\",\"@id\":\"https:\/\/snuipp86.fr\/#\/schema\/person\/901b28b9ae1c7a63a6a940102e52a7a2\",\"name\":\"WP86Admin\",\"image\":{\"@type\":\"ImageObject\",\"inLanguage\":\"fr-FR\",\"@id\":\"https:\/\/snuipp86.fr\/#\/schema\/person\/image\/\",\"url\":\"https:\/\/secure.gravatar.com\/avatar\/0099845c7ec05dc10d777d8ab4f5142c5ba316283821af2459738ad469a37a1a?s=96&d=mm&r=g\",\"contentUrl\":\"https:\/\/secure.gravatar.com\/avatar\/0099845c7ec05dc10d777d8ab4f5142c5ba316283821af2459738ad469a37a1a?s=96&d=mm&r=g\",\"caption\":\"WP86Admin\"},\"url\":\"https:\/\/snuipp86.fr\/index.php\/author\/wp86admin\/\"}]}<\/script>\n<!-- \/ Yoast SEO plugin. -->","yoast_head_json":{"title":"Le plan Hollande pour l'\u00e9ducation - FSU-SNUipp 86","robots":{"index":"index","follow":"follow","max-snippet":"max-snippet:-1","max-image-preview":"max-image-preview:large","max-video-preview":"max-video-preview:-1"},"canonical":"https:\/\/snuipp86.fr\/index.php\/2012\/10\/10\/le-plan-hollande-pour-lducation\/","og_locale":"fr_FR","og_type":"article","og_title":"Le plan Hollande pour l'\u00e9ducation - FSU-SNUipp 86","og_description":"Plus de ma\u00eetres que de classes, retour \u00e0 9 demi-journ\u00e9es, relance de la scolarisation des moins de trois ans, diminution des redoublements\u2026 mardi 9 octobre \u00e0 la Sorbonne le chef de l'Etat a annonc\u00e9 un certain nombre de d\u00e9cisions apr\u00e8s avoir re\u00e7u le rapport sur la refondation de l'\u00e9cole. \u00ab Le temps de la d\u00e9cision est venu, le temps de la concertation n'est pas achev\u00e9 \u00bb. C'est en ces termes que Fran\u00e7ois Hollande a accueilli mardi 9 octobre le rapport sur la (...) - L'ACTUALIT\u00c9 \/ Formation, Evaluations, Aide personnalis\u00e9e, Les r\u00e9formes, Rythmes scolaires","og_url":"https:\/\/snuipp86.fr\/index.php\/2012\/10\/10\/le-plan-hollande-pour-lducation\/","og_site_name":"FSU-SNUipp 86","article_published_time":"2012-10-10T06:09:30+00:00","og_image":[{"url":"http:\/\/snuipp86.fr\/wp-content\/spip\/IMG\/arton2222.jpg","type":"","width":"","height":""}],"author":"WP86Admin","twitter_card":"summary_large_image","twitter_misc":{"\u00c9crit par":"WP86Admin","Dur\u00e9e de lecture estim\u00e9e":"7 minutes"},"schema":{"@context":"https:\/\/schema.org","@graph":[{"@type":"WebPage","@id":"https:\/\/snuipp86.fr\/index.php\/2012\/10\/10\/le-plan-hollande-pour-lducation\/","url":"https:\/\/snuipp86.fr\/index.php\/2012\/10\/10\/le-plan-hollande-pour-lducation\/","name":"Le plan Hollande pour l'\u00e9ducation - FSU-SNUipp 86","isPartOf":{"@id":"https:\/\/snuipp86.fr\/#website"},"primaryImageOfPage":{"@id":"https:\/\/snuipp86.fr\/index.php\/2012\/10\/10\/le-plan-hollande-pour-lducation\/#primaryimage"},"image":{"@id":"https:\/\/snuipp86.fr\/index.php\/2012\/10\/10\/le-plan-hollande-pour-lducation\/#primaryimage"},"thumbnailUrl":"http:\/\/snuipp86.fr\/wp-content\/spip\/IMG\/arton2222.jpg","datePublished":"2012-10-10T06:09:30+00:00","author":{"@id":"https:\/\/snuipp86.fr\/#\/schema\/person\/901b28b9ae1c7a63a6a940102e52a7a2"},"breadcrumb":{"@id":"https:\/\/snuipp86.fr\/index.php\/2012\/10\/10\/le-plan-hollande-pour-lducation\/#breadcrumb"},"inLanguage":"fr-FR","potentialAction":[{"@type":"ReadAction","target":["https:\/\/snuipp86.fr\/index.php\/2012\/10\/10\/le-plan-hollande-pour-lducation\/"]}]},{"@type":"ImageObject","inLanguage":"fr-FR","@id":"https:\/\/snuipp86.fr\/index.php\/2012\/10\/10\/le-plan-hollande-pour-lducation\/#primaryimage","url":"http:\/\/snuipp86.fr\/wp-content\/spip\/IMG\/arton2222.jpg","contentUrl":"http:\/\/snuipp86.fr\/wp-content\/spip\/IMG\/arton2222.jpg"},{"@type":"BreadcrumbList","@id":"https:\/\/snuipp86.fr\/index.php\/2012\/10\/10\/le-plan-hollande-pour-lducation\/#breadcrumb","itemListElement":[{"@type":"ListItem","position":1,"name":"Accueil","item":"https:\/\/snuipp86.fr\/"},{"@type":"ListItem","position":2,"name":"Le plan Hollande pour l&#8217;\u00e9ducation"}]},{"@type":"WebSite","@id":"https:\/\/snuipp86.fr\/#website","url":"https:\/\/snuipp86.fr\/","name":"FSU-SNUipp 86","description":"Des id\u00e9es qui font l&#039;\u00e9cole","potentialAction":[{"@type":"SearchAction","target":{"@type":"EntryPoint","urlTemplate":"https:\/\/snuipp86.fr\/?s={search_term_string}"},"query-input":{"@type":"PropertyValueSpecification","valueRequired":true,"valueName":"search_term_string"}}],"inLanguage":"fr-FR"},{"@type":"Person","@id":"https:\/\/snuipp86.fr\/#\/schema\/person\/901b28b9ae1c7a63a6a940102e52a7a2","name":"WP86Admin","image":{"@type":"ImageObject","inLanguage":"fr-FR","@id":"https:\/\/snuipp86.fr\/#\/schema\/person\/image\/","url":"https:\/\/secure.gravatar.com\/avatar\/0099845c7ec05dc10d777d8ab4f5142c5ba316283821af2459738ad469a37a1a?s=96&d=mm&r=g","contentUrl":"https:\/\/secure.gravatar.com\/avatar\/0099845c7ec05dc10d777d8ab4f5142c5ba316283821af2459738ad469a37a1a?s=96&d=mm&r=g","caption":"WP86Admin"},"url":"https:\/\/snuipp86.fr\/index.php\/author\/wp86admin\/"}]}},"_links":{"self":[{"href":"https:\/\/snuipp86.fr\/index.php\/wp-json\/wp\/v2\/posts\/1373","targetHints":{"allow":["GET"]}}],"collection":[{"href":"https:\/\/snuipp86.fr\/index.php\/wp-json\/wp\/v2\/posts"}],"about":[{"href":"https:\/\/snuipp86.fr\/index.php\/wp-json\/wp\/v2\/types\/post"}],"author":[{"embeddable":true,"href":"https:\/\/snuipp86.fr\/index.php\/wp-json\/wp\/v2\/users\/1"}],"replies":[{"embeddable":true,"href":"https:\/\/snuipp86.fr\/index.php\/wp-json\/wp\/v2\/comments?post=1373"}],"version-history":[{"count":0,"href":"https:\/\/snuipp86.fr\/index.php\/wp-json\/wp\/v2\/posts\/1373\/revisions"}],"wp:attachment":[{"href":"https:\/\/snuipp86.fr\/index.php\/wp-json\/wp\/v2\/media?parent=1373"}],"wp:term":[{"taxonomy":"category","embeddable":true,"href":"https:\/\/snuipp86.fr\/index.php\/wp-json\/wp\/v2\/categories?post=1373"},{"taxonomy":"post_tag","embeddable":true,"href":"https:\/\/snuipp86.fr\/index.php\/wp-json\/wp\/v2\/tags?post=1373"}],"curies":[{"name":"wp","href":"https:\/\/api.w.org\/{rel}","templated":true}]}}