{"id":1377,"date":"2012-10-05T14:16:50","date_gmt":"2012-10-05T14:16:50","guid":{"rendered":"http:\/\/localhost\/wordpress\/2012\/10\/05\/des-phases-de-mouvements-plus-transparentes-plus-justes-et-plus-humaines\/"},"modified":"2012-10-05T14:16:50","modified_gmt":"2012-10-05T14:16:50","slug":"des-phases-de-mouvements-plus-transparentes-plus-justes-et-plus-humaines","status":"publish","type":"post","link":"https:\/\/snuipp86.fr\/index.php\/2012\/10\/05\/des-phases-de-mouvements-plus-transparentes-plus-justes-et-plus-humaines\/","title":{"rendered":"Des phases de mouvements plus transparentes, plus justes et plus humaines."},"content":{"rendered":"<p><img decoding=\"async\" src=\"https:\/\/snuipp86.fr\/wp-content\/spip\/IMG\/arton2219.jpg\" alt=\"\" align=\"right\" width=\"300\" height=\"258\" class=\"spip_logos\" \/><\/p>\n<div class='rss_texte'>\n<p class=\"spip\"><strong class=\"spip\">Le SNUipp-FSU demande plus de justice et de clart\u00e9 pour les mouvements intra et inter-d\u00e9partementaux<\/strong><\/p>\n<p class=\"spip\">En 2008, le minist\u00e8re avait mis en place une note mobilit\u00e9 concernant les mutations inter-d\u00e9partementales et les mutations intra-d\u00e9partementales. L&rsquo;objectif annonc\u00e9 \u00e9tait notamment d&rsquo;am\u00e9liorer les taux de satisfaction pour rapprochement de conjoints. Nous faisons ici le bilan apr\u00e8s quatre ann\u00e9es de ce nouveau syst\u00e8me et demandons de nouveaux ajustement pour plus de transparence et d&rsquo;\u00e9quit\u00e9.<\/p>\n<p class=\"spip\"><strong class=\"spip\"><br \/>\nBilan concernant les mutations inter-d\u00e9partementales :<\/strong><\/p>\n<p class=\"spip\"><img decoding=\"async\" src=\"https:\/\/snuipp86.fr\/wp-content\/spip\/cache-vignettes\/L8xH11\/puce-68c92.gif\" width='8' height='11' alt=\"-\" style='height:11px;width:8px;' class='' \/> baisse constante de la satisfaction des demandes satisfaites : 25 % l&rsquo;an pass\u00e9, 37,08 % pour 2010, 35,7% en 2009, alors qu&rsquo;il \u00e9tait de 42,24% en 2008, 41,26% en 2007, 40,21% en 2006, 42,74% en 2005 et 45,76% en 2004 !<\/p>\n<p class=\"spip\"><img decoding=\"async\" src=\"https:\/\/snuipp86.fr\/wp-content\/spip\/cache-vignettes\/L8xH11\/puce-68c92.gif\" width='8' height='11' alt=\"-\" style='height:11px;width:8px;' class='' \/> baisse de la satisfaction des demandes au titre du rapprochement de conjoint, satisfaites \u00e0 hauteur de 46 % l&rsquo;an pass\u00e9 (contre 64 % pr\u00e9c\u00e9demment).<\/p>\n<p class=\"spip\">voir le tableau des r\u00e9sultas des permutations ici :<br \/>\nhttp:\/\/15.snuipp.fr\/local\/cache-vignettes\/L300xH184\/2012-10-05_115603-028c0.png<\/p>\n<hr class=\"spip\" \/>\n<p class=\"spip\">De ce fait, les conjoints, le plus souvent des m\u00e8res de famille, sont contraints d&rsquo;interrompre leur carri\u00e8re en ayant recours \u00e0 un cong\u00e9 parental ou \u00e0 une disponibilit\u00e9. Depuis la note de mobilit\u00e9 de 2008, les points et les majorations de points li\u00e9es \u00e0 la dur\u00e9e de s\u00e9paration qui leur permettraient d&rsquo;acc\u00e9l\u00e9rer leur demande de mutation n&rsquo;existent plus, ceux-ci n&rsquo;\u00e9tant attribu\u00e9s qu&rsquo;au cas o\u00f9 la coll\u00e8gue concern\u00e9e poursuit son activit\u00e9 professionnelle dans son d\u00e9partement d&rsquo;origine. L&rsquo;importance du nombre de points pour la dur\u00e9e de s\u00e9paration est telle qu&rsquo;elle peut rendre impossible \u00e0 des conjoints en s\u00e9paration non effective d&rsquo;atteindre le bar\u00e8me pouvant satisfaire leur demande. Le bar\u00e8me attribu\u00e9 ne permet donc plus \u00e0 ces coll\u00e8gues de muter. Il est donc n\u00e9cessaire de r\u00e9tablir un bar\u00e8me qui prenne en compte les s\u00e9parations non effectives.<\/p>\n<h3 class=\"spip\" id=\"outil_sommaire_0\"><a title=\"Sommaire\" href=\"http:\/\/86.snuipp.fr\/spip.php?page=backend&#038;id_rubrique=#outil_sommaire\" class=\"sommaire_ancre\"> <\/a>Dans ce contexte, le SNUipp-FSU demande :<\/h3>\n<p class=\"spip\"><strong class=\"spip\">Le respect des instances paritaires :<\/strong><\/p>\n<p class=\"spip\"><img decoding=\"async\" src=\"https:\/\/snuipp86.fr\/wp-content\/spip\/cache-vignettes\/L8xH11\/puce-68c92.gif\" width='8' height='11' alt=\"-\" style='height:11px;width:8px;' class='' \/> le rappel de la n\u00e9cessit\u00e9 d&rsquo;une consultation effective des repr\u00e9sentants du personnel dans les d\u00e9partements, avec communication dans un d\u00e9lai suffisant des bar\u00e8mes pour pouvoir faire notre travail de v\u00e9rification ;<\/p>\n<p class=\"spip\"><img decoding=\"async\" src=\"https:\/\/snuipp86.fr\/wp-content\/spip\/cache-vignettes\/L8xH11\/puce-68c92.gif\" width='8' height='11' alt=\"-\" style='height:11px;width:8px;' class='' \/> une r\u00e9elle consultation des CAPD pour l&rsquo;attribution de la majoration exceptionnelle de 500 points, avec pr\u00e9sence effective du m\u00e9decin de pr\u00e9vention et une harmonisation nationale des demandes \u00e9tendues aux crit\u00e8res sociaux et familiaux ;<\/p>\n<p class=\"spip\"><img decoding=\"async\" src=\"https:\/\/snuipp86.fr\/wp-content\/spip\/cache-vignettes\/L8xH11\/puce-68c92.gif\" width='8' height='11' alt=\"-\" style='height:11px;width:8px;' class='' \/> une r\u00e9f\u00e9rence claire aux CAPD et non pas \u00e0 des groupes de travail qui n&rsquo;ont pas d&rsquo;existence r\u00e9glementaire ;<\/p>\n<p class=\"spip\"><img decoding=\"async\" src=\"https:\/\/snuipp86.fr\/wp-content\/spip\/cache-vignettes\/L8xH11\/puce-68c92.gif\" width='8' height='11' alt=\"-\" style='height:11px;width:8px;' class='' \/> une publication des calibrages demand\u00e9s par les DASEN et les recteurs.<\/p>\n<p class=\"spip\"><img decoding=\"async\" src=\"https:\/\/snuipp86.fr\/wp-content\/spip\/cache-vignettes\/L8xH11\/puce-68c92.gif\" width='8' height='11' alt=\"-\" style='height:11px;width:8px;' class='' \/> un ajustement des calibrages par le minist\u00e8re permettant d&rsquo;ouvrir les possibilit\u00e9s de mutations.<\/p>\n<p class=\"spip\"><strong class=\"spip\">Prise en compte humaine des situations<\/strong><\/p>\n<p class=\"spip\"><img decoding=\"async\" src=\"https:\/\/snuipp86.fr\/wp-content\/spip\/cache-vignettes\/L8xH11\/puce-68c92.gif\" width='8' height='11' alt=\"-\" style='height:11px;width:8px;' class='' \/> une modification des bar\u00e8mes et des points de \u00ab dur\u00e9e de s\u00e9paration \u00bb permettant de rendre possible une mutation en cas d&rsquo;arr\u00eat d&rsquo;activit\u00e9 avec l&rsquo;octroi de la moiti\u00e9 des points pour s\u00e9paration. Au minimum, en application de la loi n\u00b0 2012-347 du 12 mars 2012, relative \u00e0 l&rsquo;\u00e9galit\u00e9 professionnelle entre hommes et femmes, le cong\u00e9 parental doit \u00eatre consid\u00e9r\u00e9 comme du service effectif dans sa totalit\u00e9 pour la premi\u00e8re ann\u00e9e et pour moiti\u00e9 pour les ann\u00e9es suivantes .<\/p>\n<p class=\"spip\"><img decoding=\"async\" src=\"https:\/\/snuipp86.fr\/wp-content\/spip\/cache-vignettes\/L8xH11\/puce-68c92.gif\" width='8' height='11' alt=\"-\" style='height:11px;width:8px;' class='' \/> une solution par corrections manuelles \u00e0 l&rsquo;issue des op\u00e9rations informatis\u00e9es, pour les coll\u00e8gues qui se verraient \u00a0\u00bbdoubl\u00e9s\u00a0\u00bb par un autre coll\u00e8gue ayant un bar\u00e8me plus petit, entre 2 d\u00e9partements donn\u00e9s ; ces situations dues \u00e0 l&rsquo;ordre du traitement des permutations et des mutations, sont peu nombreuses et les coll\u00e8gues pourraient ais\u00e9ment \u00eatre affect\u00e9s en surnombre ;<\/p>\n<p class=\"spip\"><img decoding=\"async\" src=\"https:\/\/snuipp86.fr\/wp-content\/spip\/cache-vignettes\/L8xH11\/puce-68c92.gif\" width='8' height='11' alt=\"-\" style='height:11px;width:8px;' class='' \/> une phase manuelle compl\u00e9mentaire r\u00e9elle, dans le cadre d&rsquo;une gestion des ressources humaines attentive et non pas sous un seul angle comptable.<\/p>\n<p class=\"spip\"><strong class=\"spip\"><br \/>\nUne \u00e9galit\u00e9 de traitement sur tout le territoire<\/strong><\/p>\n<p class=\"spip\"><img decoding=\"async\" src=\"https:\/\/snuipp86.fr\/wp-content\/spip\/cache-vignettes\/L8xH11\/puce-68c92.gif\" width='8' height='11' alt=\"-\" style='height:11px;width:8px;' class='' \/> l&rsquo;ouverture des permutations informatis\u00e9es pour le d\u00e9partement de Mayotte ;<\/p>\n<h3 class=\"spip\" id=\"outil_sommaire_1\"><a title=\"Sommaire\" href=\"http:\/\/86.snuipp.fr\/spip.php?page=backend&#038;id_rubrique=#outil_sommaire\" class=\"sommaire_ancre\"> <\/a>Concernant les mutations intra-d\u00e9partementales<\/h3>\n<p class=\"spip\">Auparavant, il n&rsquo;y avait pas de cadrage national qui organisait les mouvements intra-d\u00e9partementaux. Les r\u00e8gles faisaient l&rsquo;objet d&rsquo;une prise en compte des r\u00e9alit\u00e9s d\u00e9partementales, des priorit\u00e9s d\u00e9finies par le DASEN.<\/p>\n<p class=\"spip\">Le cadrage introduit par la note de service a conduit \u00e0 s&rsquo;\u00e9loigner de ces r\u00e9alit\u00e9s, \u00e0 d\u00e9shumaniser cette op\u00e9ration, \u00e0 enlever aux CAPD tout r\u00f4le de contr\u00f4le des op\u00e9rations.<\/p>\n<p class=\"spip\">Sous pr\u00e9texte d&rsquo;efficacit\u00e9, pour ne pas dire d&rsquo;\u00e9conomie, l&rsquo;objectif est d&rsquo;affecter le plus grand nombre de coll\u00e8gue de mani\u00e8re d\u00e9finitive, y compris sur des postes non demand\u00e9s. Ainsi, des insatisfactions qui \u00e9taient auparavant provisoires deviennent d\u00e9finitives.<\/p>\n<p class=\"spip\">L&rsquo;objectif de ce mouvement doit rester \u00e0 double objectif : r\u00e9pondre aux besoins du service sur tous les territoires et permettre aux enseignants de travailler dans de bonnes conditions.<\/p>\n<p class=\"spip\"><strong class=\"spip\">Dans ce contexte, le SNUipp-FSU demande :<\/strong><\/p>\n<p class=\"spip\"><img decoding=\"async\" src=\"https:\/\/snuipp86.fr\/wp-content\/spip\/cache-vignettes\/L8xH11\/puce-68c92.gif\" width='8' height='11' alt=\"-\" style='height:11px;width:8px;' class='' \/> Nous demandons qu&rsquo;aucun v\u0153u non formul\u00e9 par un coll\u00e8gue ne soit impos\u00e9 par un DA-SEN (exemple : v\u0153ux g\u00e9ographiques qui deviennent une obligation dans certains d\u00e9partements) et qu&rsquo;aucune affectation d\u00e9finitive ne se fasse sans v\u0153u volontaire ;<\/p>\n<p class=\"spip\"><img decoding=\"async\" src=\"https:\/\/snuipp86.fr\/wp-content\/spip\/cache-vignettes\/L8xH11\/puce-68c92.gif\" width='8' height='11' alt=\"-\" style='height:11px;width:8px;' class='' \/> Nous demandons la limitation des postes \u00e0 profil aux seuls postes \u00e0 comp\u00e9tences particuli\u00e8res qui une fois reconnues laissent place aux r\u00e8gles communes pour d\u00e9partager les candidats comp\u00e9tents ; une communication claire aux coll\u00e8gues de la nature des postes \u00e0 profil et des comp\u00e9tences exig\u00e9es ;<\/p>\n<p class=\"spip\"><img decoding=\"async\" src=\"https:\/\/snuipp86.fr\/wp-content\/spip\/cache-vignettes\/L8xH11\/puce-68c92.gif\" width='8' height='11' alt=\"-\" style='height:11px;width:8px;' class='' \/> Nous demandons le retour d&rsquo;une consultation des instances paritaires qui fait d\u00e9faut dans certains d\u00e9partements ;<\/p>\n<p class=\"spip\"><img decoding=\"async\" src=\"https:\/\/snuipp86.fr\/wp-content\/spip\/cache-vignettes\/L8xH11\/puce-68c92.gif\" width='8' height='11' alt=\"-\" style='height:11px;width:8px;' class='' \/> Nous demandons le retour \u00e0 deux phases informatis\u00e9es dans les d\u00e9partements o\u00f9 cela est n\u00e9cessaire et possible<\/p>\n<p class=\"spip\">La loi sur la mobilit\u00e9 devait am\u00e9liorer la stabilit\u00e9 dans les \u00e9quipes. Nous souhaiterions un bilan sur ce point.<\/p>\n<p class=\"spip\">Le SNUipp-FSU 86 est, et restera vigilant sur les r\u00e8gles qui r\u00e9gissent les mouvements inter et intra d\u00e9partementaux. C&rsquo;est d&rsquo;ailleurs un point que la d\u00e9l\u00e9gation acad\u00e9mique qui rencontrera le nouveau recteur abordera.<\/p>\n<\/div>\n","protected":false},"excerpt":{"rendered":"<p>Le SNUipp-FSU demande plus de justice et de clart\u00e9 pour les mouvements intra et inter-d\u00e9partementaux <br \/>En 2008, le minist\u00e8re avait mis en place une note mobilit\u00e9 concernant les mutations inter-d\u00e9partementales et les mutations intra-d\u00e9partementales. L&rsquo;objectif annonc\u00e9 \u00e9tait notamment d&rsquo;am\u00e9liorer les taux de satisfaction pour rapprochement de conjoints. Nous faisons ici le bilan apr\u00e8s quatre ann\u00e9es de ce nouveau syst\u00e8me et demandons de nouveaux ajustement pour plus de transparence (&#8230;)<br \/>\n&#8211;<br \/>\n<a href=\"http:\/\/86.snuipp.fr\/spip.php?rubrique62\" rel=\"directory\">LES PERMUTATIONS<\/a><br \/>\n\/<br \/>\n<a href=\"http:\/\/86.snuipp.fr\/spip.php?mot280\" rel=\"tag\">Permutation,.Ineats, ex\u00e9ats .<\/a>,<br \/>\n<a href=\"http:\/\/86.snuipp.fr\/spip.php?mot306\" rel=\"tag\">Mouvement<\/a><\/p>\n","protected":false},"author":1,"featured_media":0,"comment_status":"open","ping_status":"open","sticky":false,"template":"","format":"standard","meta":{"footnotes":""},"categories":[14],"tags":[],"class_list":["post-1377","post","type-post","status-publish","format-standard","hentry","category-a-la-une"],"yoast_head":"<!-- This site is optimized with the Yoast SEO plugin v26.6 - https:\/\/yoast.com\/wordpress\/plugins\/seo\/ -->\n<title>Des phases de mouvements plus transparentes, plus justes et plus humaines. - FSU-SNUipp 86<\/title>\n<meta name=\"robots\" content=\"index, follow, max-snippet:-1, max-image-preview:large, max-video-preview:-1\" \/>\n<link rel=\"canonical\" href=\"https:\/\/snuipp86.fr\/index.php\/2012\/10\/05\/des-phases-de-mouvements-plus-transparentes-plus-justes-et-plus-humaines\/\" \/>\n<meta property=\"og:locale\" content=\"fr_FR\" \/>\n<meta property=\"og:type\" content=\"article\" \/>\n<meta property=\"og:title\" content=\"Des phases de mouvements plus transparentes, plus justes et plus humaines. - FSU-SNUipp 86\" \/>\n<meta property=\"og:description\" content=\"Le SNUipp-FSU demande plus de justice et de clart\u00e9 pour les mouvements intra et inter-d\u00e9partementaux En 2008, le minist\u00e8re avait mis en place une note mobilit\u00e9 concernant les mutations inter-d\u00e9partementales et les mutations intra-d\u00e9partementales. L&#039;objectif annonc\u00e9 \u00e9tait notamment d&#039;am\u00e9liorer les taux de satisfaction pour rapprochement de conjoints. Nous faisons ici le bilan apr\u00e8s quatre ann\u00e9es de ce nouveau syst\u00e8me et demandons de nouveaux ajustement pour plus de transparence (...) - LES PERMUTATIONS \/ Permutation,.Ineats, ex\u00e9ats ., Mouvement\" \/>\n<meta property=\"og:url\" content=\"https:\/\/snuipp86.fr\/index.php\/2012\/10\/05\/des-phases-de-mouvements-plus-transparentes-plus-justes-et-plus-humaines\/\" \/>\n<meta property=\"og:site_name\" content=\"FSU-SNUipp 86\" \/>\n<meta property=\"article:published_time\" content=\"2012-10-05T14:16:50+00:00\" \/>\n<meta property=\"og:image\" content=\"http:\/\/snuipp86.fr\/wp-content\/spip\/IMG\/arton2219.jpg\" \/>\n<meta name=\"author\" content=\"WP86Admin\" \/>\n<meta name=\"twitter:card\" content=\"summary_large_image\" \/>\n<meta name=\"twitter:label1\" content=\"\u00c9crit par\" \/>\n\t<meta name=\"twitter:data1\" content=\"WP86Admin\" \/>\n\t<meta name=\"twitter:label2\" content=\"Dur\u00e9e de lecture estim\u00e9e\" \/>\n\t<meta name=\"twitter:data2\" content=\"5 minutes\" \/>\n<script type=\"application\/ld+json\" class=\"yoast-schema-graph\">{\"@context\":\"https:\/\/schema.org\",\"@graph\":[{\"@type\":\"WebPage\",\"@id\":\"https:\/\/snuipp86.fr\/index.php\/2012\/10\/05\/des-phases-de-mouvements-plus-transparentes-plus-justes-et-plus-humaines\/\",\"url\":\"https:\/\/snuipp86.fr\/index.php\/2012\/10\/05\/des-phases-de-mouvements-plus-transparentes-plus-justes-et-plus-humaines\/\",\"name\":\"Des phases de mouvements plus transparentes, plus justes et plus humaines. - FSU-SNUipp 86\",\"isPartOf\":{\"@id\":\"https:\/\/snuipp86.fr\/#website\"},\"primaryImageOfPage\":{\"@id\":\"https:\/\/snuipp86.fr\/index.php\/2012\/10\/05\/des-phases-de-mouvements-plus-transparentes-plus-justes-et-plus-humaines\/#primaryimage\"},\"image\":{\"@id\":\"https:\/\/snuipp86.fr\/index.php\/2012\/10\/05\/des-phases-de-mouvements-plus-transparentes-plus-justes-et-plus-humaines\/#primaryimage\"},\"thumbnailUrl\":\"http:\/\/snuipp86.fr\/wp-content\/spip\/IMG\/arton2219.jpg\",\"datePublished\":\"2012-10-05T14:16:50+00:00\",\"author\":{\"@id\":\"https:\/\/snuipp86.fr\/#\/schema\/person\/901b28b9ae1c7a63a6a940102e52a7a2\"},\"breadcrumb\":{\"@id\":\"https:\/\/snuipp86.fr\/index.php\/2012\/10\/05\/des-phases-de-mouvements-plus-transparentes-plus-justes-et-plus-humaines\/#breadcrumb\"},\"inLanguage\":\"fr-FR\",\"potentialAction\":[{\"@type\":\"ReadAction\",\"target\":[\"https:\/\/snuipp86.fr\/index.php\/2012\/10\/05\/des-phases-de-mouvements-plus-transparentes-plus-justes-et-plus-humaines\/\"]}]},{\"@type\":\"ImageObject\",\"inLanguage\":\"fr-FR\",\"@id\":\"https:\/\/snuipp86.fr\/index.php\/2012\/10\/05\/des-phases-de-mouvements-plus-transparentes-plus-justes-et-plus-humaines\/#primaryimage\",\"url\":\"http:\/\/snuipp86.fr\/wp-content\/spip\/IMG\/arton2219.jpg\",\"contentUrl\":\"http:\/\/snuipp86.fr\/wp-content\/spip\/IMG\/arton2219.jpg\"},{\"@type\":\"BreadcrumbList\",\"@id\":\"https:\/\/snuipp86.fr\/index.php\/2012\/10\/05\/des-phases-de-mouvements-plus-transparentes-plus-justes-et-plus-humaines\/#breadcrumb\",\"itemListElement\":[{\"@type\":\"ListItem\",\"position\":1,\"name\":\"Accueil\",\"item\":\"https:\/\/snuipp86.fr\/\"},{\"@type\":\"ListItem\",\"position\":2,\"name\":\"Des phases de mouvements plus transparentes, plus justes et plus humaines.\"}]},{\"@type\":\"WebSite\",\"@id\":\"https:\/\/snuipp86.fr\/#website\",\"url\":\"https:\/\/snuipp86.fr\/\",\"name\":\"FSU-SNUipp 86\",\"description\":\"Des id\u00e9es qui font l&#039;\u00e9cole\",\"potentialAction\":[{\"@type\":\"SearchAction\",\"target\":{\"@type\":\"EntryPoint\",\"urlTemplate\":\"https:\/\/snuipp86.fr\/?s={search_term_string}\"},\"query-input\":{\"@type\":\"PropertyValueSpecification\",\"valueRequired\":true,\"valueName\":\"search_term_string\"}}],\"inLanguage\":\"fr-FR\"},{\"@type\":\"Person\",\"@id\":\"https:\/\/snuipp86.fr\/#\/schema\/person\/901b28b9ae1c7a63a6a940102e52a7a2\",\"name\":\"WP86Admin\",\"image\":{\"@type\":\"ImageObject\",\"inLanguage\":\"fr-FR\",\"@id\":\"https:\/\/snuipp86.fr\/#\/schema\/person\/image\/\",\"url\":\"https:\/\/secure.gravatar.com\/avatar\/0099845c7ec05dc10d777d8ab4f5142c5ba316283821af2459738ad469a37a1a?s=96&d=mm&r=g\",\"contentUrl\":\"https:\/\/secure.gravatar.com\/avatar\/0099845c7ec05dc10d777d8ab4f5142c5ba316283821af2459738ad469a37a1a?s=96&d=mm&r=g\",\"caption\":\"WP86Admin\"},\"url\":\"https:\/\/snuipp86.fr\/index.php\/author\/wp86admin\/\"}]}<\/script>\n<!-- \/ Yoast SEO plugin. -->","yoast_head_json":{"title":"Des phases de mouvements plus transparentes, plus justes et plus humaines. - FSU-SNUipp 86","robots":{"index":"index","follow":"follow","max-snippet":"max-snippet:-1","max-image-preview":"max-image-preview:large","max-video-preview":"max-video-preview:-1"},"canonical":"https:\/\/snuipp86.fr\/index.php\/2012\/10\/05\/des-phases-de-mouvements-plus-transparentes-plus-justes-et-plus-humaines\/","og_locale":"fr_FR","og_type":"article","og_title":"Des phases de mouvements plus transparentes, plus justes et plus humaines. - FSU-SNUipp 86","og_description":"Le SNUipp-FSU demande plus de justice et de clart\u00e9 pour les mouvements intra et inter-d\u00e9partementaux En 2008, le minist\u00e8re avait mis en place une note mobilit\u00e9 concernant les mutations inter-d\u00e9partementales et les mutations intra-d\u00e9partementales. L'objectif annonc\u00e9 \u00e9tait notamment d'am\u00e9liorer les taux de satisfaction pour rapprochement de conjoints. Nous faisons ici le bilan apr\u00e8s quatre ann\u00e9es de ce nouveau syst\u00e8me et demandons de nouveaux ajustement pour plus de transparence (...) - LES PERMUTATIONS \/ Permutation,.Ineats, ex\u00e9ats ., Mouvement","og_url":"https:\/\/snuipp86.fr\/index.php\/2012\/10\/05\/des-phases-de-mouvements-plus-transparentes-plus-justes-et-plus-humaines\/","og_site_name":"FSU-SNUipp 86","article_published_time":"2012-10-05T14:16:50+00:00","og_image":[{"url":"http:\/\/snuipp86.fr\/wp-content\/spip\/IMG\/arton2219.jpg","type":"","width":"","height":""}],"author":"WP86Admin","twitter_card":"summary_large_image","twitter_misc":{"\u00c9crit par":"WP86Admin","Dur\u00e9e de lecture estim\u00e9e":"5 minutes"},"schema":{"@context":"https:\/\/schema.org","@graph":[{"@type":"WebPage","@id":"https:\/\/snuipp86.fr\/index.php\/2012\/10\/05\/des-phases-de-mouvements-plus-transparentes-plus-justes-et-plus-humaines\/","url":"https:\/\/snuipp86.fr\/index.php\/2012\/10\/05\/des-phases-de-mouvements-plus-transparentes-plus-justes-et-plus-humaines\/","name":"Des phases de mouvements plus transparentes, plus justes et plus humaines. - FSU-SNUipp 86","isPartOf":{"@id":"https:\/\/snuipp86.fr\/#website"},"primaryImageOfPage":{"@id":"https:\/\/snuipp86.fr\/index.php\/2012\/10\/05\/des-phases-de-mouvements-plus-transparentes-plus-justes-et-plus-humaines\/#primaryimage"},"image":{"@id":"https:\/\/snuipp86.fr\/index.php\/2012\/10\/05\/des-phases-de-mouvements-plus-transparentes-plus-justes-et-plus-humaines\/#primaryimage"},"thumbnailUrl":"http:\/\/snuipp86.fr\/wp-content\/spip\/IMG\/arton2219.jpg","datePublished":"2012-10-05T14:16:50+00:00","author":{"@id":"https:\/\/snuipp86.fr\/#\/schema\/person\/901b28b9ae1c7a63a6a940102e52a7a2"},"breadcrumb":{"@id":"https:\/\/snuipp86.fr\/index.php\/2012\/10\/05\/des-phases-de-mouvements-plus-transparentes-plus-justes-et-plus-humaines\/#breadcrumb"},"inLanguage":"fr-FR","potentialAction":[{"@type":"ReadAction","target":["https:\/\/snuipp86.fr\/index.php\/2012\/10\/05\/des-phases-de-mouvements-plus-transparentes-plus-justes-et-plus-humaines\/"]}]},{"@type":"ImageObject","inLanguage":"fr-FR","@id":"https:\/\/snuipp86.fr\/index.php\/2012\/10\/05\/des-phases-de-mouvements-plus-transparentes-plus-justes-et-plus-humaines\/#primaryimage","url":"http:\/\/snuipp86.fr\/wp-content\/spip\/IMG\/arton2219.jpg","contentUrl":"http:\/\/snuipp86.fr\/wp-content\/spip\/IMG\/arton2219.jpg"},{"@type":"BreadcrumbList","@id":"https:\/\/snuipp86.fr\/index.php\/2012\/10\/05\/des-phases-de-mouvements-plus-transparentes-plus-justes-et-plus-humaines\/#breadcrumb","itemListElement":[{"@type":"ListItem","position":1,"name":"Accueil","item":"https:\/\/snuipp86.fr\/"},{"@type":"ListItem","position":2,"name":"Des phases de mouvements plus transparentes, plus justes et plus humaines."}]},{"@type":"WebSite","@id":"https:\/\/snuipp86.fr\/#website","url":"https:\/\/snuipp86.fr\/","name":"FSU-SNUipp 86","description":"Des id\u00e9es qui font l&#039;\u00e9cole","potentialAction":[{"@type":"SearchAction","target":{"@type":"EntryPoint","urlTemplate":"https:\/\/snuipp86.fr\/?s={search_term_string}"},"query-input":{"@type":"PropertyValueSpecification","valueRequired":true,"valueName":"search_term_string"}}],"inLanguage":"fr-FR"},{"@type":"Person","@id":"https:\/\/snuipp86.fr\/#\/schema\/person\/901b28b9ae1c7a63a6a940102e52a7a2","name":"WP86Admin","image":{"@type":"ImageObject","inLanguage":"fr-FR","@id":"https:\/\/snuipp86.fr\/#\/schema\/person\/image\/","url":"https:\/\/secure.gravatar.com\/avatar\/0099845c7ec05dc10d777d8ab4f5142c5ba316283821af2459738ad469a37a1a?s=96&d=mm&r=g","contentUrl":"https:\/\/secure.gravatar.com\/avatar\/0099845c7ec05dc10d777d8ab4f5142c5ba316283821af2459738ad469a37a1a?s=96&d=mm&r=g","caption":"WP86Admin"},"url":"https:\/\/snuipp86.fr\/index.php\/author\/wp86admin\/"}]}},"_links":{"self":[{"href":"https:\/\/snuipp86.fr\/index.php\/wp-json\/wp\/v2\/posts\/1377","targetHints":{"allow":["GET"]}}],"collection":[{"href":"https:\/\/snuipp86.fr\/index.php\/wp-json\/wp\/v2\/posts"}],"about":[{"href":"https:\/\/snuipp86.fr\/index.php\/wp-json\/wp\/v2\/types\/post"}],"author":[{"embeddable":true,"href":"https:\/\/snuipp86.fr\/index.php\/wp-json\/wp\/v2\/users\/1"}],"replies":[{"embeddable":true,"href":"https:\/\/snuipp86.fr\/index.php\/wp-json\/wp\/v2\/comments?post=1377"}],"version-history":[{"count":0,"href":"https:\/\/snuipp86.fr\/index.php\/wp-json\/wp\/v2\/posts\/1377\/revisions"}],"wp:attachment":[{"href":"https:\/\/snuipp86.fr\/index.php\/wp-json\/wp\/v2\/media?parent=1377"}],"wp:term":[{"taxonomy":"category","embeddable":true,"href":"https:\/\/snuipp86.fr\/index.php\/wp-json\/wp\/v2\/categories?post=1377"},{"taxonomy":"post_tag","embeddable":true,"href":"https:\/\/snuipp86.fr\/index.php\/wp-json\/wp\/v2\/tags?post=1377"}],"curies":[{"name":"wp","href":"https:\/\/api.w.org\/{rel}","templated":true}]}}