{"id":1386,"date":"2012-09-28T15:31:25","date_gmt":"2012-09-28T15:31:25","guid":{"rendered":"http:\/\/localhost\/wordpress\/2012\/09\/28\/projet-dcole-est-ce-bien-utile-maintenant\/"},"modified":"2012-09-28T15:31:25","modified_gmt":"2012-09-28T15:31:25","slug":"projet-dcole-est-ce-bien-utile-maintenant","status":"publish","type":"post","link":"https:\/\/snuipp86.fr\/index.php\/2012\/09\/28\/projet-dcole-est-ce-bien-utile-maintenant\/","title":{"rendered":"Projet d&rsquo;\u00e9cole : est-ce bien utile maintenant ?"},"content":{"rendered":"<p><img decoding=\"async\" src=\"https:\/\/snuipp86.fr\/wp-content\/spip\/IMG\/arton2210.gif\" alt=\"\" align=\"right\" width=\"467\" height=\"514\" class=\"spip_logos\" \/><\/p>\n<div class='rss_texte'>\n<p class=\"spip\">Alors que la concertation pour la refondation de l&rsquo;\u00e9cole se tient en ce moment, Mme la Recteur avait demand\u00e9 la r\u00e9daction d&rsquo;un projet d&rsquo;\u00e9cole pour la p\u00e9riode 2012-2015, p\u00e9riode floue s&rsquo;il en est\u2026<\/p>\n<p class=\"spip\">Le document du projet d&rsquo;\u00e9cole est toujours aussi imposant et sa r\u00e9daction demande beaucoup de temps aux \u00e9quipes des \u00e9coles. Temps de concertation qui pourrait sans doute \u00eatre mieux utilis\u00e9 pour venir en aide aux \u00e9l\u00e8ves\u2026<\/p>\n<p class=\"spip\">Alors que la p\u00e9riode sur laquelle porte le projet d&rsquo;\u00e9cole (2012-2015) reste dans le vague (quel rythme de la semaine et de l&rsquo;ann\u00e9e, quels programmes, \u2026etc.) il ne nous semble pas opportun de r\u00e9diger un document qui sera obsol\u00e8te d\u00e8s la rentr\u00e9e 2013 (et demandera certainement \u00e0 \u00eatre lourdement revu, voire m\u00eame refait, occasionnant par la-m\u00eame une deuxi\u00e8me perte de temps et d&rsquo;\u00e9nergie).<\/p>\n<p class=\"spip\">C&rsquo;est pourquoi le secr\u00e9taire national du SNUipp-FSU, S\u00e9bastien Sihr, sur demande de plusieurs sections d\u00e9partementales du SNUipp-FSU, est intervenu rapidement aupr\u00e8s du minist\u00e8re de l&rsquo;\u00c9ducation Nationale afin d&rsquo;obtenir que seul un avenant prolongeant l&rsquo;actuel projet d&rsquo;\u00e9cole soit \u00e0 r\u00e9diger en ce d\u00e9but d&rsquo;ann\u00e9e avant de renouveler le projet d&rsquo;\u00e9cole en toute connaissance de cause d\u00e8s la rentr\u00e9e 2013. D\u00e8s que nous aurons connaissance de la r\u00e9ponse du ministre, nous vous en ferons part.<\/p>\n<\/div>\n","protected":false},"excerpt":{"rendered":"<p>Alors que la concertation pour la refondation de l&rsquo;\u00e9cole se tient en ce moment, Mme la Recteur avait demand\u00e9 la r\u00e9daction d&rsquo;un projet d&rsquo;\u00e9cole pour la p\u00e9riode 2012-2015, p\u00e9riode floue s&rsquo;il en est\u2026 <br \/>Le document du projet d&rsquo;\u00e9cole est toujours aussi imposant et sa r\u00e9daction demande beaucoup de temps aux \u00e9quipes des \u00e9coles. Temps de concertation qui pourrait sans doute \u00eatre mieux utilis\u00e9 pour venir en aide aux \u00e9l\u00e8ves\u2026 <br \/>Alors que la p\u00e9riode sur laquelle (&#8230;)<br \/>\n&#8211;<br \/>\n<a href=\"http:\/\/86.snuipp.fr\/spip.php?rubrique301\" rel=\"directory\">Livret de competences-LPC<\/a><br \/>\n\/<br \/>\n<a href=\"http:\/\/86.snuipp.fr\/spip.php?mot303\" rel=\"tag\">Directions d&rsquo;\u00e9coles<\/a><\/p>\n","protected":false},"author":1,"featured_media":0,"comment_status":"open","ping_status":"open","sticky":false,"template":"","format":"standard","meta":{"footnotes":""},"categories":[14],"tags":[],"class_list":["post-1386","post","type-post","status-publish","format-standard","hentry","category-a-la-une"],"yoast_head":"<!-- This site is optimized with the Yoast SEO plugin v26.6 - https:\/\/yoast.com\/wordpress\/plugins\/seo\/ -->\n<title>Projet d&#039;\u00e9cole : est-ce bien utile maintenant ? - FSU-SNUipp 86<\/title>\n<meta name=\"robots\" content=\"index, follow, max-snippet:-1, max-image-preview:large, max-video-preview:-1\" \/>\n<link rel=\"canonical\" href=\"https:\/\/snuipp86.fr\/index.php\/2012\/09\/28\/projet-dcole-est-ce-bien-utile-maintenant\/\" \/>\n<meta property=\"og:locale\" content=\"fr_FR\" \/>\n<meta property=\"og:type\" content=\"article\" \/>\n<meta property=\"og:title\" content=\"Projet d&#039;\u00e9cole : est-ce bien utile maintenant ? - FSU-SNUipp 86\" \/>\n<meta property=\"og:description\" content=\"Alors que la concertation pour la refondation de l&#039;\u00e9cole se tient en ce moment, Mme la Recteur avait demand\u00e9 la r\u00e9daction d&#039;un projet d&#039;\u00e9cole pour la p\u00e9riode 2012-2015, p\u00e9riode floue s&#039;il en est\u2026 Le document du projet d&#039;\u00e9cole est toujours aussi imposant et sa r\u00e9daction demande beaucoup de temps aux \u00e9quipes des \u00e9coles. Temps de concertation qui pourrait sans doute \u00eatre mieux utilis\u00e9 pour venir en aide aux \u00e9l\u00e8ves\u2026 Alors que la p\u00e9riode sur laquelle (...) - Livret de competences-LPC \/ Directions d&#039;\u00e9coles\" \/>\n<meta property=\"og:url\" content=\"https:\/\/snuipp86.fr\/index.php\/2012\/09\/28\/projet-dcole-est-ce-bien-utile-maintenant\/\" \/>\n<meta property=\"og:site_name\" content=\"FSU-SNUipp 86\" \/>\n<meta property=\"article:published_time\" content=\"2012-09-28T15:31:25+00:00\" \/>\n<meta property=\"og:image\" content=\"http:\/\/snuipp86.fr\/wp-content\/spip\/IMG\/arton2210.gif\" \/>\n<meta name=\"author\" content=\"WP86Admin\" \/>\n<meta name=\"twitter:card\" content=\"summary_large_image\" \/>\n<meta name=\"twitter:label1\" content=\"\u00c9crit par\" \/>\n\t<meta name=\"twitter:data1\" content=\"WP86Admin\" \/>\n\t<meta name=\"twitter:label2\" content=\"Dur\u00e9e de lecture estim\u00e9e\" \/>\n\t<meta name=\"twitter:data2\" content=\"1 minute\" \/>\n<script type=\"application\/ld+json\" class=\"yoast-schema-graph\">{\"@context\":\"https:\/\/schema.org\",\"@graph\":[{\"@type\":\"WebPage\",\"@id\":\"https:\/\/snuipp86.fr\/index.php\/2012\/09\/28\/projet-dcole-est-ce-bien-utile-maintenant\/\",\"url\":\"https:\/\/snuipp86.fr\/index.php\/2012\/09\/28\/projet-dcole-est-ce-bien-utile-maintenant\/\",\"name\":\"Projet d'\u00e9cole : est-ce bien utile maintenant ? - FSU-SNUipp 86\",\"isPartOf\":{\"@id\":\"https:\/\/snuipp86.fr\/#website\"},\"primaryImageOfPage\":{\"@id\":\"https:\/\/snuipp86.fr\/index.php\/2012\/09\/28\/projet-dcole-est-ce-bien-utile-maintenant\/#primaryimage\"},\"image\":{\"@id\":\"https:\/\/snuipp86.fr\/index.php\/2012\/09\/28\/projet-dcole-est-ce-bien-utile-maintenant\/#primaryimage\"},\"thumbnailUrl\":\"http:\/\/snuipp86.fr\/wp-content\/spip\/IMG\/arton2210.gif\",\"datePublished\":\"2012-09-28T15:31:25+00:00\",\"author\":{\"@id\":\"https:\/\/snuipp86.fr\/#\/schema\/person\/901b28b9ae1c7a63a6a940102e52a7a2\"},\"breadcrumb\":{\"@id\":\"https:\/\/snuipp86.fr\/index.php\/2012\/09\/28\/projet-dcole-est-ce-bien-utile-maintenant\/#breadcrumb\"},\"inLanguage\":\"fr-FR\",\"potentialAction\":[{\"@type\":\"ReadAction\",\"target\":[\"https:\/\/snuipp86.fr\/index.php\/2012\/09\/28\/projet-dcole-est-ce-bien-utile-maintenant\/\"]}]},{\"@type\":\"ImageObject\",\"inLanguage\":\"fr-FR\",\"@id\":\"https:\/\/snuipp86.fr\/index.php\/2012\/09\/28\/projet-dcole-est-ce-bien-utile-maintenant\/#primaryimage\",\"url\":\"http:\/\/snuipp86.fr\/wp-content\/spip\/IMG\/arton2210.gif\",\"contentUrl\":\"http:\/\/snuipp86.fr\/wp-content\/spip\/IMG\/arton2210.gif\"},{\"@type\":\"BreadcrumbList\",\"@id\":\"https:\/\/snuipp86.fr\/index.php\/2012\/09\/28\/projet-dcole-est-ce-bien-utile-maintenant\/#breadcrumb\",\"itemListElement\":[{\"@type\":\"ListItem\",\"position\":1,\"name\":\"Accueil\",\"item\":\"https:\/\/snuipp86.fr\/\"},{\"@type\":\"ListItem\",\"position\":2,\"name\":\"Projet d&#8217;\u00e9cole : est-ce bien utile maintenant ?\"}]},{\"@type\":\"WebSite\",\"@id\":\"https:\/\/snuipp86.fr\/#website\",\"url\":\"https:\/\/snuipp86.fr\/\",\"name\":\"FSU-SNUipp 86\",\"description\":\"Des id\u00e9es qui font l&#039;\u00e9cole\",\"potentialAction\":[{\"@type\":\"SearchAction\",\"target\":{\"@type\":\"EntryPoint\",\"urlTemplate\":\"https:\/\/snuipp86.fr\/?s={search_term_string}\"},\"query-input\":{\"@type\":\"PropertyValueSpecification\",\"valueRequired\":true,\"valueName\":\"search_term_string\"}}],\"inLanguage\":\"fr-FR\"},{\"@type\":\"Person\",\"@id\":\"https:\/\/snuipp86.fr\/#\/schema\/person\/901b28b9ae1c7a63a6a940102e52a7a2\",\"name\":\"WP86Admin\",\"image\":{\"@type\":\"ImageObject\",\"inLanguage\":\"fr-FR\",\"@id\":\"https:\/\/snuipp86.fr\/#\/schema\/person\/image\/\",\"url\":\"https:\/\/secure.gravatar.com\/avatar\/0099845c7ec05dc10d777d8ab4f5142c5ba316283821af2459738ad469a37a1a?s=96&d=mm&r=g\",\"contentUrl\":\"https:\/\/secure.gravatar.com\/avatar\/0099845c7ec05dc10d777d8ab4f5142c5ba316283821af2459738ad469a37a1a?s=96&d=mm&r=g\",\"caption\":\"WP86Admin\"},\"url\":\"https:\/\/snuipp86.fr\/index.php\/author\/wp86admin\/\"}]}<\/script>\n<!-- \/ Yoast SEO plugin. -->","yoast_head_json":{"title":"Projet d'\u00e9cole : est-ce bien utile maintenant ? - FSU-SNUipp 86","robots":{"index":"index","follow":"follow","max-snippet":"max-snippet:-1","max-image-preview":"max-image-preview:large","max-video-preview":"max-video-preview:-1"},"canonical":"https:\/\/snuipp86.fr\/index.php\/2012\/09\/28\/projet-dcole-est-ce-bien-utile-maintenant\/","og_locale":"fr_FR","og_type":"article","og_title":"Projet d'\u00e9cole : est-ce bien utile maintenant ? - FSU-SNUipp 86","og_description":"Alors que la concertation pour la refondation de l'\u00e9cole se tient en ce moment, Mme la Recteur avait demand\u00e9 la r\u00e9daction d'un projet d'\u00e9cole pour la p\u00e9riode 2012-2015, p\u00e9riode floue s'il en est\u2026 Le document du projet d'\u00e9cole est toujours aussi imposant et sa r\u00e9daction demande beaucoup de temps aux \u00e9quipes des \u00e9coles. Temps de concertation qui pourrait sans doute \u00eatre mieux utilis\u00e9 pour venir en aide aux \u00e9l\u00e8ves\u2026 Alors que la p\u00e9riode sur laquelle (...) - Livret de competences-LPC \/ Directions d'\u00e9coles","og_url":"https:\/\/snuipp86.fr\/index.php\/2012\/09\/28\/projet-dcole-est-ce-bien-utile-maintenant\/","og_site_name":"FSU-SNUipp 86","article_published_time":"2012-09-28T15:31:25+00:00","og_image":[{"url":"http:\/\/snuipp86.fr\/wp-content\/spip\/IMG\/arton2210.gif","type":"","width":"","height":""}],"author":"WP86Admin","twitter_card":"summary_large_image","twitter_misc":{"\u00c9crit par":"WP86Admin","Dur\u00e9e de lecture estim\u00e9e":"1 minute"},"schema":{"@context":"https:\/\/schema.org","@graph":[{"@type":"WebPage","@id":"https:\/\/snuipp86.fr\/index.php\/2012\/09\/28\/projet-dcole-est-ce-bien-utile-maintenant\/","url":"https:\/\/snuipp86.fr\/index.php\/2012\/09\/28\/projet-dcole-est-ce-bien-utile-maintenant\/","name":"Projet d'\u00e9cole : est-ce bien utile maintenant ? - FSU-SNUipp 86","isPartOf":{"@id":"https:\/\/snuipp86.fr\/#website"},"primaryImageOfPage":{"@id":"https:\/\/snuipp86.fr\/index.php\/2012\/09\/28\/projet-dcole-est-ce-bien-utile-maintenant\/#primaryimage"},"image":{"@id":"https:\/\/snuipp86.fr\/index.php\/2012\/09\/28\/projet-dcole-est-ce-bien-utile-maintenant\/#primaryimage"},"thumbnailUrl":"http:\/\/snuipp86.fr\/wp-content\/spip\/IMG\/arton2210.gif","datePublished":"2012-09-28T15:31:25+00:00","author":{"@id":"https:\/\/snuipp86.fr\/#\/schema\/person\/901b28b9ae1c7a63a6a940102e52a7a2"},"breadcrumb":{"@id":"https:\/\/snuipp86.fr\/index.php\/2012\/09\/28\/projet-dcole-est-ce-bien-utile-maintenant\/#breadcrumb"},"inLanguage":"fr-FR","potentialAction":[{"@type":"ReadAction","target":["https:\/\/snuipp86.fr\/index.php\/2012\/09\/28\/projet-dcole-est-ce-bien-utile-maintenant\/"]}]},{"@type":"ImageObject","inLanguage":"fr-FR","@id":"https:\/\/snuipp86.fr\/index.php\/2012\/09\/28\/projet-dcole-est-ce-bien-utile-maintenant\/#primaryimage","url":"http:\/\/snuipp86.fr\/wp-content\/spip\/IMG\/arton2210.gif","contentUrl":"http:\/\/snuipp86.fr\/wp-content\/spip\/IMG\/arton2210.gif"},{"@type":"BreadcrumbList","@id":"https:\/\/snuipp86.fr\/index.php\/2012\/09\/28\/projet-dcole-est-ce-bien-utile-maintenant\/#breadcrumb","itemListElement":[{"@type":"ListItem","position":1,"name":"Accueil","item":"https:\/\/snuipp86.fr\/"},{"@type":"ListItem","position":2,"name":"Projet d&#8217;\u00e9cole : est-ce bien utile maintenant ?"}]},{"@type":"WebSite","@id":"https:\/\/snuipp86.fr\/#website","url":"https:\/\/snuipp86.fr\/","name":"FSU-SNUipp 86","description":"Des id\u00e9es qui font l&#039;\u00e9cole","potentialAction":[{"@type":"SearchAction","target":{"@type":"EntryPoint","urlTemplate":"https:\/\/snuipp86.fr\/?s={search_term_string}"},"query-input":{"@type":"PropertyValueSpecification","valueRequired":true,"valueName":"search_term_string"}}],"inLanguage":"fr-FR"},{"@type":"Person","@id":"https:\/\/snuipp86.fr\/#\/schema\/person\/901b28b9ae1c7a63a6a940102e52a7a2","name":"WP86Admin","image":{"@type":"ImageObject","inLanguage":"fr-FR","@id":"https:\/\/snuipp86.fr\/#\/schema\/person\/image\/","url":"https:\/\/secure.gravatar.com\/avatar\/0099845c7ec05dc10d777d8ab4f5142c5ba316283821af2459738ad469a37a1a?s=96&d=mm&r=g","contentUrl":"https:\/\/secure.gravatar.com\/avatar\/0099845c7ec05dc10d777d8ab4f5142c5ba316283821af2459738ad469a37a1a?s=96&d=mm&r=g","caption":"WP86Admin"},"url":"https:\/\/snuipp86.fr\/index.php\/author\/wp86admin\/"}]}},"_links":{"self":[{"href":"https:\/\/snuipp86.fr\/index.php\/wp-json\/wp\/v2\/posts\/1386","targetHints":{"allow":["GET"]}}],"collection":[{"href":"https:\/\/snuipp86.fr\/index.php\/wp-json\/wp\/v2\/posts"}],"about":[{"href":"https:\/\/snuipp86.fr\/index.php\/wp-json\/wp\/v2\/types\/post"}],"author":[{"embeddable":true,"href":"https:\/\/snuipp86.fr\/index.php\/wp-json\/wp\/v2\/users\/1"}],"replies":[{"embeddable":true,"href":"https:\/\/snuipp86.fr\/index.php\/wp-json\/wp\/v2\/comments?post=1386"}],"version-history":[{"count":0,"href":"https:\/\/snuipp86.fr\/index.php\/wp-json\/wp\/v2\/posts\/1386\/revisions"}],"wp:attachment":[{"href":"https:\/\/snuipp86.fr\/index.php\/wp-json\/wp\/v2\/media?parent=1386"}],"wp:term":[{"taxonomy":"category","embeddable":true,"href":"https:\/\/snuipp86.fr\/index.php\/wp-json\/wp\/v2\/categories?post=1386"},{"taxonomy":"post_tag","embeddable":true,"href":"https:\/\/snuipp86.fr\/index.php\/wp-json\/wp\/v2\/tags?post=1386"}],"curies":[{"name":"wp","href":"https:\/\/api.w.org\/{rel}","templated":true}]}}