{"id":1405,"date":"2012-09-06T16:02:28","date_gmt":"2012-09-06T16:02:28","guid":{"rendered":"http:\/\/localhost\/wordpress\/2012\/09\/06\/un-concours-pour-les-classes-carnets-de-voyage\/"},"modified":"2012-09-06T16:02:28","modified_gmt":"2012-09-06T16:02:28","slug":"un-concours-pour-les-classes-carnets-de-voyage","status":"publish","type":"post","link":"https:\/\/snuipp86.fr\/index.php\/2012\/09\/06\/un-concours-pour-les-classes-carnets-de-voyage\/","title":{"rendered":"Un concours pour les classes : carnets de voyage"},"content":{"rendered":"<p><img decoding=\"async\" src=\"https:\/\/snuipp86.fr\/wp-content\/spip\/IMG\/arton2191.jpg\" alt=\"\" align=\"right\" width=\"175\" height=\"175\" class=\"spip_logos\" \/><\/p>\n<div class='rss_texte'>\n<p class=\"spip\">R\u00e9aliser des carnets de voyage : c&rsquo;est le th\u00e8me du concours auquel sont invit\u00e9es \u00e0 participer les classes maternelles, \u00e9l\u00e9mentaires et sp\u00e9cialis\u00e9es. Il est organis\u00e9 par le Snuipp, en partenariat avec la Bnf, le Caf\u00e9 p\u00e9dagogique, l&rsquo;\u00c9cole des loisirs, la Ligue de l&rsquo;enseignement et la ville de Paris. Inscriptions jusqu&rsquo;au 30 novembre.<\/p>\n<p class=\"spip\">Explorateurs, \u00e9crivains et photographes, marins au long-cours, exil\u00e9s ou journalistes, ils sont nombreux \u00e0 avoir voulu rendre compte de leurs voyages au travers de r\u00e9cits, de reportages mais aussi de carnets&#8230; les fameux \u00ab carnets de voyage \u00bb. Et ce sont ces carnets de voyage qui sont le th\u00e8me du concours organis\u00e9 cette ann\u00e9e par le SNUipp et ses partenaires. Les classes maternelles, \u00e9l\u00e9mentaires et sp\u00e9cialis\u00e9es sont invit\u00e9es \u00e0 \u00ab imaginer un ou plusieurs r\u00e9cits de voyage, r\u00e9els ou imaginaires, et \u00e0 les mettre en sc\u00e8ne dans un carnet de voyage. Il sera illustr\u00e9 de croquis, de collages, de cartes, de photographies, trait\u00e9s dans l&rsquo;esprit de cette litt\u00e9rature de voyage. \u00bb pr\u00e9cise le r\u00e8glement.<\/p>\n<p class=\"spip\"><strong class=\"spip\">L&rsquo;imagination au pouvoir !<\/strong><\/p>\n<p class=\"spip\">Les Marco Polo en herbe et les Ulysse de la r\u00e9cr\u00e9 ont toute latitude (et longitude) pour d\u00e9crire leur \u00e9pop\u00e9e, qu&rsquo;elle soit v\u00e9cue par la classe, certains \u00e9l\u00e8ves, leurs familles, des personnages h\u00e9ro\u00efques ou ordinaires, pour peu qu&rsquo;elle soit l&rsquo;occasion de vivre une aventure commune. Le carnet quant \u00e0 lui, t\u00e9moignera au travers du r\u00e9cit et de ses illustrations, du parcours, de ses \u00e9tapes, des rencontres et des d\u00e9cors de ce voyage r\u00e9el&#8230;ou pas. Il pourra aussi \u00eatre cr\u00e9\u00e9 sur un support virtuel : blog, vid\u00e9o ou livre num\u00e9rique. A noter que des ressources p\u00e9dagogiques sont propos\u00e9es sur<a href=\"http:\/\/classes.bnf.fr\/classes\/pages\/indcarnets2.htm\" class=\"spip_out\"> le site de la BnF<\/a>. On peut s&rsquo;inscrire au concours jusqu&rsquo;au 30 novembre et la cr\u00e9ation finale devra parvenir au SNUipp le 21 mars prochain au plus tard. Un s\u00e9jour en classe d\u00e9couverte dans un centre de la Ligue de l&rsquo;enseignement, des cam\u00e9ras et appareils photo num\u00e9riques, ainsi que de nombreux lots de livres r\u00e9compenseront les projets les plus r\u00e9ussis.<\/p>\n<p class=\"spip\"><strong class=\"spip\">S&rsquo;inscrire au concours :<\/strong><br \/>\n<br \/><img decoding=\"async\" src=\"https:\/\/snuipp86.fr\/wp-content\/spip\/cache-vignettes\/L8xH11\/puce-68c92.gif\" width='8' height='11' alt=\"-\" style='height:11px;width:8px;' class='' \/> <a href=\"http:\/\/www.snuipp.fr\/concours\/index.html\" class=\"spip_out\">en ligne ici<\/a><\/p>\n<p class=\"spip\"><strong class=\"spip\">Consulter :<\/strong><br \/>\n<br \/><img decoding=\"async\" src=\"https:\/\/snuipp86.fr\/wp-content\/spip\/cache-vignettes\/L8xH11\/puce-68c92.gif\" width='8' height='11' alt=\"-\" style='height:11px;width:8px;' class='' \/> <a href=\"http:\/\/www.snuipp.fr\/IMG\/pdf\/carnets_voyage_reglement.pdf\" class=\"spip_out\">le r\u00e8glement complet<\/a><\/p>\n<\/div>\n","protected":false},"excerpt":{"rendered":"<p>concours carnets de voyage<br \/>\n&#8211;<br \/>\n<a href=\"http:\/\/86.snuipp.fr\/spip.php?rubrique299\" rel=\"directory\">Actions p\u00e9dagogiques<\/a><br \/>\n\/<br \/>\n<a href=\"http:\/\/86.snuipp.fr\/spip.php?mot319\" rel=\"tag\">Action p\u00e9dagogiques<\/a><\/p>\n","protected":false},"author":1,"featured_media":0,"comment_status":"open","ping_status":"open","sticky":false,"template":"","format":"standard","meta":{"footnotes":""},"categories":[14],"tags":[],"class_list":["post-1405","post","type-post","status-publish","format-standard","hentry","category-a-la-une"],"yoast_head":"<!-- This site is optimized with the Yoast SEO plugin v26.6 - https:\/\/yoast.com\/wordpress\/plugins\/seo\/ -->\n<title>Un concours pour les classes : carnets de voyage - FSU-SNUipp 86<\/title>\n<meta name=\"robots\" content=\"index, follow, max-snippet:-1, max-image-preview:large, max-video-preview:-1\" \/>\n<link rel=\"canonical\" href=\"https:\/\/snuipp86.fr\/index.php\/2012\/09\/06\/un-concours-pour-les-classes-carnets-de-voyage\/\" \/>\n<meta property=\"og:locale\" content=\"fr_FR\" \/>\n<meta property=\"og:type\" content=\"article\" \/>\n<meta property=\"og:title\" content=\"Un concours pour les classes : carnets de voyage - FSU-SNUipp 86\" \/>\n<meta property=\"og:description\" content=\"concours carnets de voyage - Actions p\u00e9dagogiques \/ Action p\u00e9dagogiques\" \/>\n<meta property=\"og:url\" content=\"https:\/\/snuipp86.fr\/index.php\/2012\/09\/06\/un-concours-pour-les-classes-carnets-de-voyage\/\" \/>\n<meta property=\"og:site_name\" content=\"FSU-SNUipp 86\" \/>\n<meta property=\"article:published_time\" content=\"2012-09-06T16:02:28+00:00\" \/>\n<meta property=\"og:image\" content=\"http:\/\/snuipp86.fr\/wp-content\/spip\/IMG\/arton2191.jpg\" \/>\n<meta name=\"author\" content=\"WP86Admin\" \/>\n<meta name=\"twitter:card\" content=\"summary_large_image\" \/>\n<meta name=\"twitter:label1\" content=\"\u00c9crit par\" \/>\n\t<meta name=\"twitter:data1\" content=\"WP86Admin\" \/>\n\t<meta name=\"twitter:label2\" content=\"Dur\u00e9e de lecture estim\u00e9e\" \/>\n\t<meta name=\"twitter:data2\" content=\"2 minutes\" \/>\n<script type=\"application\/ld+json\" class=\"yoast-schema-graph\">{\"@context\":\"https:\/\/schema.org\",\"@graph\":[{\"@type\":\"WebPage\",\"@id\":\"https:\/\/snuipp86.fr\/index.php\/2012\/09\/06\/un-concours-pour-les-classes-carnets-de-voyage\/\",\"url\":\"https:\/\/snuipp86.fr\/index.php\/2012\/09\/06\/un-concours-pour-les-classes-carnets-de-voyage\/\",\"name\":\"Un concours pour les classes : carnets de voyage - FSU-SNUipp 86\",\"isPartOf\":{\"@id\":\"https:\/\/snuipp86.fr\/#website\"},\"primaryImageOfPage\":{\"@id\":\"https:\/\/snuipp86.fr\/index.php\/2012\/09\/06\/un-concours-pour-les-classes-carnets-de-voyage\/#primaryimage\"},\"image\":{\"@id\":\"https:\/\/snuipp86.fr\/index.php\/2012\/09\/06\/un-concours-pour-les-classes-carnets-de-voyage\/#primaryimage\"},\"thumbnailUrl\":\"http:\/\/snuipp86.fr\/wp-content\/spip\/IMG\/arton2191.jpg\",\"datePublished\":\"2012-09-06T16:02:28+00:00\",\"author\":{\"@id\":\"https:\/\/snuipp86.fr\/#\/schema\/person\/901b28b9ae1c7a63a6a940102e52a7a2\"},\"breadcrumb\":{\"@id\":\"https:\/\/snuipp86.fr\/index.php\/2012\/09\/06\/un-concours-pour-les-classes-carnets-de-voyage\/#breadcrumb\"},\"inLanguage\":\"fr-FR\",\"potentialAction\":[{\"@type\":\"ReadAction\",\"target\":[\"https:\/\/snuipp86.fr\/index.php\/2012\/09\/06\/un-concours-pour-les-classes-carnets-de-voyage\/\"]}]},{\"@type\":\"ImageObject\",\"inLanguage\":\"fr-FR\",\"@id\":\"https:\/\/snuipp86.fr\/index.php\/2012\/09\/06\/un-concours-pour-les-classes-carnets-de-voyage\/#primaryimage\",\"url\":\"http:\/\/snuipp86.fr\/wp-content\/spip\/IMG\/arton2191.jpg\",\"contentUrl\":\"http:\/\/snuipp86.fr\/wp-content\/spip\/IMG\/arton2191.jpg\"},{\"@type\":\"BreadcrumbList\",\"@id\":\"https:\/\/snuipp86.fr\/index.php\/2012\/09\/06\/un-concours-pour-les-classes-carnets-de-voyage\/#breadcrumb\",\"itemListElement\":[{\"@type\":\"ListItem\",\"position\":1,\"name\":\"Accueil\",\"item\":\"https:\/\/snuipp86.fr\/\"},{\"@type\":\"ListItem\",\"position\":2,\"name\":\"Un concours pour les classes : carnets de voyage\"}]},{\"@type\":\"WebSite\",\"@id\":\"https:\/\/snuipp86.fr\/#website\",\"url\":\"https:\/\/snuipp86.fr\/\",\"name\":\"FSU-SNUipp 86\",\"description\":\"Des id\u00e9es qui font l&#039;\u00e9cole\",\"potentialAction\":[{\"@type\":\"SearchAction\",\"target\":{\"@type\":\"EntryPoint\",\"urlTemplate\":\"https:\/\/snuipp86.fr\/?s={search_term_string}\"},\"query-input\":{\"@type\":\"PropertyValueSpecification\",\"valueRequired\":true,\"valueName\":\"search_term_string\"}}],\"inLanguage\":\"fr-FR\"},{\"@type\":\"Person\",\"@id\":\"https:\/\/snuipp86.fr\/#\/schema\/person\/901b28b9ae1c7a63a6a940102e52a7a2\",\"name\":\"WP86Admin\",\"image\":{\"@type\":\"ImageObject\",\"inLanguage\":\"fr-FR\",\"@id\":\"https:\/\/snuipp86.fr\/#\/schema\/person\/image\/\",\"url\":\"https:\/\/secure.gravatar.com\/avatar\/0099845c7ec05dc10d777d8ab4f5142c5ba316283821af2459738ad469a37a1a?s=96&d=mm&r=g\",\"contentUrl\":\"https:\/\/secure.gravatar.com\/avatar\/0099845c7ec05dc10d777d8ab4f5142c5ba316283821af2459738ad469a37a1a?s=96&d=mm&r=g\",\"caption\":\"WP86Admin\"},\"url\":\"https:\/\/snuipp86.fr\/index.php\/author\/wp86admin\/\"}]}<\/script>\n<!-- \/ Yoast SEO plugin. -->","yoast_head_json":{"title":"Un concours pour les classes : carnets de voyage - FSU-SNUipp 86","robots":{"index":"index","follow":"follow","max-snippet":"max-snippet:-1","max-image-preview":"max-image-preview:large","max-video-preview":"max-video-preview:-1"},"canonical":"https:\/\/snuipp86.fr\/index.php\/2012\/09\/06\/un-concours-pour-les-classes-carnets-de-voyage\/","og_locale":"fr_FR","og_type":"article","og_title":"Un concours pour les classes : carnets de voyage - FSU-SNUipp 86","og_description":"concours carnets de voyage - Actions p\u00e9dagogiques \/ Action p\u00e9dagogiques","og_url":"https:\/\/snuipp86.fr\/index.php\/2012\/09\/06\/un-concours-pour-les-classes-carnets-de-voyage\/","og_site_name":"FSU-SNUipp 86","article_published_time":"2012-09-06T16:02:28+00:00","og_image":[{"url":"http:\/\/snuipp86.fr\/wp-content\/spip\/IMG\/arton2191.jpg","type":"","width":"","height":""}],"author":"WP86Admin","twitter_card":"summary_large_image","twitter_misc":{"\u00c9crit par":"WP86Admin","Dur\u00e9e de lecture estim\u00e9e":"2 minutes"},"schema":{"@context":"https:\/\/schema.org","@graph":[{"@type":"WebPage","@id":"https:\/\/snuipp86.fr\/index.php\/2012\/09\/06\/un-concours-pour-les-classes-carnets-de-voyage\/","url":"https:\/\/snuipp86.fr\/index.php\/2012\/09\/06\/un-concours-pour-les-classes-carnets-de-voyage\/","name":"Un concours pour les classes : carnets de voyage - FSU-SNUipp 86","isPartOf":{"@id":"https:\/\/snuipp86.fr\/#website"},"primaryImageOfPage":{"@id":"https:\/\/snuipp86.fr\/index.php\/2012\/09\/06\/un-concours-pour-les-classes-carnets-de-voyage\/#primaryimage"},"image":{"@id":"https:\/\/snuipp86.fr\/index.php\/2012\/09\/06\/un-concours-pour-les-classes-carnets-de-voyage\/#primaryimage"},"thumbnailUrl":"http:\/\/snuipp86.fr\/wp-content\/spip\/IMG\/arton2191.jpg","datePublished":"2012-09-06T16:02:28+00:00","author":{"@id":"https:\/\/snuipp86.fr\/#\/schema\/person\/901b28b9ae1c7a63a6a940102e52a7a2"},"breadcrumb":{"@id":"https:\/\/snuipp86.fr\/index.php\/2012\/09\/06\/un-concours-pour-les-classes-carnets-de-voyage\/#breadcrumb"},"inLanguage":"fr-FR","potentialAction":[{"@type":"ReadAction","target":["https:\/\/snuipp86.fr\/index.php\/2012\/09\/06\/un-concours-pour-les-classes-carnets-de-voyage\/"]}]},{"@type":"ImageObject","inLanguage":"fr-FR","@id":"https:\/\/snuipp86.fr\/index.php\/2012\/09\/06\/un-concours-pour-les-classes-carnets-de-voyage\/#primaryimage","url":"http:\/\/snuipp86.fr\/wp-content\/spip\/IMG\/arton2191.jpg","contentUrl":"http:\/\/snuipp86.fr\/wp-content\/spip\/IMG\/arton2191.jpg"},{"@type":"BreadcrumbList","@id":"https:\/\/snuipp86.fr\/index.php\/2012\/09\/06\/un-concours-pour-les-classes-carnets-de-voyage\/#breadcrumb","itemListElement":[{"@type":"ListItem","position":1,"name":"Accueil","item":"https:\/\/snuipp86.fr\/"},{"@type":"ListItem","position":2,"name":"Un concours pour les classes : carnets de voyage"}]},{"@type":"WebSite","@id":"https:\/\/snuipp86.fr\/#website","url":"https:\/\/snuipp86.fr\/","name":"FSU-SNUipp 86","description":"Des id\u00e9es qui font l&#039;\u00e9cole","potentialAction":[{"@type":"SearchAction","target":{"@type":"EntryPoint","urlTemplate":"https:\/\/snuipp86.fr\/?s={search_term_string}"},"query-input":{"@type":"PropertyValueSpecification","valueRequired":true,"valueName":"search_term_string"}}],"inLanguage":"fr-FR"},{"@type":"Person","@id":"https:\/\/snuipp86.fr\/#\/schema\/person\/901b28b9ae1c7a63a6a940102e52a7a2","name":"WP86Admin","image":{"@type":"ImageObject","inLanguage":"fr-FR","@id":"https:\/\/snuipp86.fr\/#\/schema\/person\/image\/","url":"https:\/\/secure.gravatar.com\/avatar\/0099845c7ec05dc10d777d8ab4f5142c5ba316283821af2459738ad469a37a1a?s=96&d=mm&r=g","contentUrl":"https:\/\/secure.gravatar.com\/avatar\/0099845c7ec05dc10d777d8ab4f5142c5ba316283821af2459738ad469a37a1a?s=96&d=mm&r=g","caption":"WP86Admin"},"url":"https:\/\/snuipp86.fr\/index.php\/author\/wp86admin\/"}]}},"_links":{"self":[{"href":"https:\/\/snuipp86.fr\/index.php\/wp-json\/wp\/v2\/posts\/1405","targetHints":{"allow":["GET"]}}],"collection":[{"href":"https:\/\/snuipp86.fr\/index.php\/wp-json\/wp\/v2\/posts"}],"about":[{"href":"https:\/\/snuipp86.fr\/index.php\/wp-json\/wp\/v2\/types\/post"}],"author":[{"embeddable":true,"href":"https:\/\/snuipp86.fr\/index.php\/wp-json\/wp\/v2\/users\/1"}],"replies":[{"embeddable":true,"href":"https:\/\/snuipp86.fr\/index.php\/wp-json\/wp\/v2\/comments?post=1405"}],"version-history":[{"count":0,"href":"https:\/\/snuipp86.fr\/index.php\/wp-json\/wp\/v2\/posts\/1405\/revisions"}],"wp:attachment":[{"href":"https:\/\/snuipp86.fr\/index.php\/wp-json\/wp\/v2\/media?parent=1405"}],"wp:term":[{"taxonomy":"category","embeddable":true,"href":"https:\/\/snuipp86.fr\/index.php\/wp-json\/wp\/v2\/categories?post=1405"},{"taxonomy":"post_tag","embeddable":true,"href":"https:\/\/snuipp86.fr\/index.php\/wp-json\/wp\/v2\/tags?post=1405"}],"curies":[{"name":"wp","href":"https:\/\/api.w.org\/{rel}","templated":true}]}}