{"id":1412,"date":"2012-06-27T14:06:38","date_gmt":"2012-06-27T14:06:38","guid":{"rendered":"http:\/\/localhost\/wordpress\/2012\/06\/27\/carte-scolaire-ctsd-du-mercredi-27-juin-2012\/"},"modified":"2012-06-27T14:06:38","modified_gmt":"2012-06-27T14:06:38","slug":"carte-scolaire-ctsd-du-mercredi-27-juin-2012","status":"publish","type":"post","link":"https:\/\/snuipp86.fr\/index.php\/2012\/06\/27\/carte-scolaire-ctsd-du-mercredi-27-juin-2012\/","title":{"rendered":"CARTE SCOLAIRE : CTSD du mercredi 27 JUIN 2012"},"content":{"rendered":"<div class='rss_texte'>\n<p class=\"spip\">Annonce par le Directeur Acad\u00e9mique suite \u00e0 la r\u00e9partition en CTA d&rsquo;hier :<\/p>\n<h3 class=\"spip\" id=\"outil_sommaire_0\"><a title=\"Sommaire\" href=\"http:\/\/86.snuipp.fr\/spip.php?page=backend&#038;id_rubrique=#outil_sommaire\" class=\"sommaire_ancre\"> <\/a>7 Postes sont donn\u00e9s \u00e0 la Vienne.<\/h3>\n<p class=\"spip\"><img decoding=\"async\" src=\"https:\/\/snuipp86.fr\/wp-content\/spip\/cache-vignettes\/L8xH11\/puce-68c92.gif\" width='8' height='11' alt=\"-\" style='height:11px;width:8px;' class='' \/> 4 seront occup\u00e9s par des PES qui sont en stage une journ\u00e9e par semaine et qui n\u00e9cessitent une d\u00e9charge.<\/p>\n<h3 class=\"spip\" id=\"outil_sommaire_1\"><a title=\"Sommaire\" href=\"http:\/\/86.snuipp.fr\/spip.php?page=backend&#038;id_rubrique=#outil_sommaire\" class=\"sommaire_ancre\"> <\/a>Il restait donc 6 postes \u00e0 ouvrir.<\/h3>\n<p class=\"spip\"><strong class=\"spip\">Le DASEN transforme 2 ouvertures conditionnelles en ouvertures d\u00e9finitives :<\/strong><\/p>\n<p class=\"spip\"><img decoding=\"async\" src=\"https:\/\/snuipp86.fr\/wp-content\/spip\/cache-vignettes\/L8xH11\/puce-68c92.gif\" width='8' height='11' alt=\"-\" style='height:11px;width:8px;' class='' \/> Vouneuil s\/Biard Cousteau Maternelle<br \/>\n<br \/><img decoding=\"async\" src=\"https:\/\/snuipp86.fr\/wp-content\/spip\/cache-vignettes\/L8xH11\/puce-68c92.gif\" width='8' height='11' alt=\"-\" style='height:11px;width:8px;' class='' \/> RPI Charrais Chabournay<\/p>\n<p class=\"spip\"><strong class=\"spip\">Ouvertures suppl\u00e9mentaires :<\/strong><\/p>\n<p class=\"spip\">El\u00e9mentaires<\/p>\n<p class=\"spip\"><img decoding=\"async\" src=\"https:\/\/snuipp86.fr\/wp-content\/spip\/cache-vignettes\/L8xH11\/puce-68c92.gif\" width='8' height='11' alt=\"-\" style='height:11px;width:8px;' class='' \/> Ch\u00e2tellerault Painlev\u00e9 et Dissay<\/p>\n<p class=\"spip\"><strong class=\"spip\">Primaires<\/strong><\/p>\n<p class=\"spip\"><img decoding=\"async\" src=\"https:\/\/snuipp86.fr\/wp-content\/spip\/cache-vignettes\/L8xH11\/puce-68c92.gif\" width='8' height='11' alt=\"-\" style='height:11px;width:8px;' class='' \/> Saint Sauvant et Adriers<\/p>\n<p class=\"spip\"><strong class=\"spip\">ASH<\/strong><\/p>\n<p class=\"spip\">ITEP de Guron et 0.5 IME Montmorillon<\/p>\n<p class=\"spip\">Bien que consid\u00e9rant prioritaire la grande difficult\u00e9, le DASEN n&rsquo;a pas accept\u00e9 d&rsquo;ouvrir de postes de RASED.<br \/>\nLa FSU a propos\u00e9 d&rsquo;utiliser des rompus de temps partiels pour implanter des postes RASED : la proposition n&rsquo;est pas rejet\u00e9e par le DASEN qui verra cela \u00e0 la rentr\u00e9e.<br \/>\nLa FSU a demand\u00e9 un retour des d\u00e9charges de direction pour les \u00e9coles \u00e0 9 classes.<br \/>\nLa FSU a d\u00e9nonc\u00e9 la fermeture des deux postes de directions d&rsquo;Etablissement de l&rsquo;IME de Montmorillon et du CMPP de Poitiers qui signe un d\u00e9sengagement de l&rsquo;Education Nationale. Elle consid\u00e8re l&rsquo;octroi d&rsquo;un demi poste comme insatisfaisant.<\/p>\n<p class=\"spip\"><img decoding=\"async\" src=\"https:\/\/snuipp86.fr\/wp-content\/spip\/cache-vignettes\/L8xH11\/puce-68c92.gif\" width='8' height='11' alt=\"-\" style='height:11px;width:8px;' class='' \/> Concernant les frais de d\u00e9placement des personnels itin\u00e9rants : les personnels seront bien \u00e9videmment pay\u00e9s puisque c&rsquo;est une obligation mais les d\u00e9passements se feront sur l&rsquo;enveloppe future de 2013 &#8230;.<\/p>\n<p class=\"spip\">Concernant les difficult\u00e9s des personnels avec le logiciel Ulysse, le secr\u00e9taire g\u00e9n\u00e9ral propose qu&rsquo;on lui envoie un m\u00e9l personnalis\u00e9 pour \u00e9voquer les difficult\u00e9s : ce.ia86@ac-poitiers.fr<\/p>\n<p class=\"spip\"><strong class=\"spip\">Autres propositions d&rsquo;ouvertures propos\u00e9es par le SNUippFSU :<\/strong><\/p>\n<p class=\"spip\"><img decoding=\"async\" src=\"https:\/\/snuipp86.fr\/wp-content\/spip\/cache-vignettes\/L8xH11\/puce-68c92.gif\" width='8' height='11' alt=\"-\" style='height:11px;width:8px;' class='' \/> <strong class=\"spip\">Maternelle<\/strong> :<\/p>\n<p class=\"spip\">Les Roches Pr\u00e9marie, Mirebeau, Mignaloux Beauvoir, Quin\u00e7ay, Ciss\u00e9<\/p>\n<p class=\"spip\"><img decoding=\"async\" src=\"https:\/\/snuipp86.fr\/wp-content\/spip\/cache-vignettes\/L8xH11\/puce-68c92.gif\" width='8' height='11' alt=\"-\" style='height:11px;width:8px;' class='' \/> <strong class=\"spip\">El\u00e9mentaire<\/strong> :<\/p>\n<p class=\"spip\">Saint Benoit Ermitage, St Georges les Baillargeaux, St Germain, Poitiers Coligny, Poitiers Jacques Brel<\/p>\n<p class=\"spip\"><img decoding=\"async\" src=\"https:\/\/snuipp86.fr\/wp-content\/spip\/cache-vignettes\/L8xH11\/puce-68c92.gif\" width='8' height='11' alt=\"-\" style='height:11px;width:8px;' class='' \/> <strong class=\"spip\">Primaire<\/strong><br \/>\nSaint Pierre d&rsquo;Exideuil, Usson du Poitou , Lussac les Ch\u00e2teaux, Savign\u00e9<br \/>\net RPI la Chapelle Viviers<\/p>\n<p class=\"spip\"><strong class=\"spip\">RASED<\/strong><br \/>\nNous avons donc demand\u00e9 que soient cr\u00e9\u00e9s des postes RASED \u00e0 la rentr\u00e9e imp\u00e9rativement.<\/p>\n<\/div>\n","protected":false},"excerpt":{"rendered":"<p>Annonce par le Directeur Acad\u00e9mique suite \u00e0 la r\u00e9partition en CTA d&rsquo;hier : <br \/>7 Postes sont donn\u00e9s \u00e0 la Vienne. <br \/>4 seront occup\u00e9s par des PES qui sont en stage une journ\u00e9e par semaine et qui n\u00e9cessitent une d\u00e9charge. <br \/>Il restait donc 6 postes \u00e0 ouvrir. <br \/>Le DASEN transforme 2 ouvertures conditionnelles en ouvertures d\u00e9finitives : <br \/>Vouneuil s\/Biard Cousteau Maternelle <br \/>RPI Charrais Chabournay <br \/>Ouvertures suppl\u00e9mentaires : <br \/>El\u00e9mentaires <br \/>Ch\u00e2tellerault Painlev\u00e9 et Dissay <br \/>Primaires <br \/>Saint Sauvant et (&#8230;)<br \/>\n&#8211;<br \/>\n<a href=\"http:\/\/86.snuipp.fr\/spip.php?rubrique302\" rel=\"directory\">RASED<\/a><br \/>\n\/<br \/>\n<a href=\"http:\/\/86.snuipp.fr\/spip.php?mot293\" rel=\"tag\">Carte scolaire<\/a><\/p>\n","protected":false},"author":1,"featured_media":0,"comment_status":"open","ping_status":"open","sticky":false,"template":"","format":"standard","meta":{"footnotes":""},"categories":[14],"tags":[],"class_list":["post-1412","post","type-post","status-publish","format-standard","hentry","category-a-la-une"],"yoast_head":"<!-- This site is optimized with the Yoast SEO plugin v26.6 - https:\/\/yoast.com\/wordpress\/plugins\/seo\/ -->\n<title>CARTE SCOLAIRE : CTSD du mercredi 27 JUIN 2012 - FSU-SNUipp 86<\/title>\n<meta name=\"robots\" content=\"index, follow, max-snippet:-1, max-image-preview:large, max-video-preview:-1\" \/>\n<link rel=\"canonical\" href=\"https:\/\/snuipp86.fr\/index.php\/2012\/06\/27\/carte-scolaire-ctsd-du-mercredi-27-juin-2012\/\" \/>\n<meta property=\"og:locale\" content=\"fr_FR\" \/>\n<meta property=\"og:type\" content=\"article\" \/>\n<meta property=\"og:title\" content=\"CARTE SCOLAIRE : CTSD du mercredi 27 JUIN 2012 - FSU-SNUipp 86\" \/>\n<meta property=\"og:description\" content=\"Annonce par le Directeur Acad\u00e9mique suite \u00e0 la r\u00e9partition en CTA d&#039;hier : 7 Postes sont donn\u00e9s \u00e0 la Vienne. 4 seront occup\u00e9s par des PES qui sont en stage une journ\u00e9e par semaine et qui n\u00e9cessitent une d\u00e9charge. Il restait donc 6 postes \u00e0 ouvrir. Le DASEN transforme 2 ouvertures conditionnelles en ouvertures d\u00e9finitives : Vouneuil s\/Biard Cousteau Maternelle RPI Charrais Chabournay Ouvertures suppl\u00e9mentaires : El\u00e9mentaires Ch\u00e2tellerault Painlev\u00e9 et Dissay Primaires Saint Sauvant et (...) - RASED \/ Carte scolaire\" \/>\n<meta property=\"og:url\" content=\"https:\/\/snuipp86.fr\/index.php\/2012\/06\/27\/carte-scolaire-ctsd-du-mercredi-27-juin-2012\/\" \/>\n<meta property=\"og:site_name\" content=\"FSU-SNUipp 86\" \/>\n<meta property=\"article:published_time\" content=\"2012-06-27T14:06:38+00:00\" \/>\n<meta property=\"og:image\" content=\"http:\/\/snuipp86.fr\/wp-content\/spip\/cache-vignettes\/L8xH11\/puce-68c92.gif\" \/>\n<meta name=\"author\" content=\"WP86Admin\" \/>\n<meta name=\"twitter:card\" content=\"summary_large_image\" \/>\n<meta name=\"twitter:label1\" content=\"\u00c9crit par\" \/>\n\t<meta name=\"twitter:data1\" content=\"WP86Admin\" \/>\n\t<meta name=\"twitter:label2\" content=\"Dur\u00e9e de lecture estim\u00e9e\" \/>\n\t<meta name=\"twitter:data2\" content=\"2 minutes\" \/>\n<script type=\"application\/ld+json\" class=\"yoast-schema-graph\">{\"@context\":\"https:\/\/schema.org\",\"@graph\":[{\"@type\":\"WebPage\",\"@id\":\"https:\/\/snuipp86.fr\/index.php\/2012\/06\/27\/carte-scolaire-ctsd-du-mercredi-27-juin-2012\/\",\"url\":\"https:\/\/snuipp86.fr\/index.php\/2012\/06\/27\/carte-scolaire-ctsd-du-mercredi-27-juin-2012\/\",\"name\":\"CARTE SCOLAIRE : CTSD du mercredi 27 JUIN 2012 - FSU-SNUipp 86\",\"isPartOf\":{\"@id\":\"https:\/\/snuipp86.fr\/#website\"},\"primaryImageOfPage\":{\"@id\":\"https:\/\/snuipp86.fr\/index.php\/2012\/06\/27\/carte-scolaire-ctsd-du-mercredi-27-juin-2012\/#primaryimage\"},\"image\":{\"@id\":\"https:\/\/snuipp86.fr\/index.php\/2012\/06\/27\/carte-scolaire-ctsd-du-mercredi-27-juin-2012\/#primaryimage\"},\"thumbnailUrl\":\"http:\/\/snuipp86.fr\/wp-content\/spip\/cache-vignettes\/L8xH11\/puce-68c92.gif\",\"datePublished\":\"2012-06-27T14:06:38+00:00\",\"author\":{\"@id\":\"https:\/\/snuipp86.fr\/#\/schema\/person\/901b28b9ae1c7a63a6a940102e52a7a2\"},\"breadcrumb\":{\"@id\":\"https:\/\/snuipp86.fr\/index.php\/2012\/06\/27\/carte-scolaire-ctsd-du-mercredi-27-juin-2012\/#breadcrumb\"},\"inLanguage\":\"fr-FR\",\"potentialAction\":[{\"@type\":\"ReadAction\",\"target\":[\"https:\/\/snuipp86.fr\/index.php\/2012\/06\/27\/carte-scolaire-ctsd-du-mercredi-27-juin-2012\/\"]}]},{\"@type\":\"ImageObject\",\"inLanguage\":\"fr-FR\",\"@id\":\"https:\/\/snuipp86.fr\/index.php\/2012\/06\/27\/carte-scolaire-ctsd-du-mercredi-27-juin-2012\/#primaryimage\",\"url\":\"http:\/\/snuipp86.fr\/wp-content\/spip\/cache-vignettes\/L8xH11\/puce-68c92.gif\",\"contentUrl\":\"http:\/\/snuipp86.fr\/wp-content\/spip\/cache-vignettes\/L8xH11\/puce-68c92.gif\"},{\"@type\":\"BreadcrumbList\",\"@id\":\"https:\/\/snuipp86.fr\/index.php\/2012\/06\/27\/carte-scolaire-ctsd-du-mercredi-27-juin-2012\/#breadcrumb\",\"itemListElement\":[{\"@type\":\"ListItem\",\"position\":1,\"name\":\"Accueil\",\"item\":\"https:\/\/snuipp86.fr\/\"},{\"@type\":\"ListItem\",\"position\":2,\"name\":\"CARTE SCOLAIRE : CTSD du mercredi 27 JUIN 2012\"}]},{\"@type\":\"WebSite\",\"@id\":\"https:\/\/snuipp86.fr\/#website\",\"url\":\"https:\/\/snuipp86.fr\/\",\"name\":\"FSU-SNUipp 86\",\"description\":\"Des id\u00e9es qui font l&#039;\u00e9cole\",\"potentialAction\":[{\"@type\":\"SearchAction\",\"target\":{\"@type\":\"EntryPoint\",\"urlTemplate\":\"https:\/\/snuipp86.fr\/?s={search_term_string}\"},\"query-input\":{\"@type\":\"PropertyValueSpecification\",\"valueRequired\":true,\"valueName\":\"search_term_string\"}}],\"inLanguage\":\"fr-FR\"},{\"@type\":\"Person\",\"@id\":\"https:\/\/snuipp86.fr\/#\/schema\/person\/901b28b9ae1c7a63a6a940102e52a7a2\",\"name\":\"WP86Admin\",\"image\":{\"@type\":\"ImageObject\",\"inLanguage\":\"fr-FR\",\"@id\":\"https:\/\/snuipp86.fr\/#\/schema\/person\/image\/\",\"url\":\"https:\/\/secure.gravatar.com\/avatar\/0099845c7ec05dc10d777d8ab4f5142c5ba316283821af2459738ad469a37a1a?s=96&d=mm&r=g\",\"contentUrl\":\"https:\/\/secure.gravatar.com\/avatar\/0099845c7ec05dc10d777d8ab4f5142c5ba316283821af2459738ad469a37a1a?s=96&d=mm&r=g\",\"caption\":\"WP86Admin\"},\"url\":\"https:\/\/snuipp86.fr\/index.php\/author\/wp86admin\/\"}]}<\/script>\n<!-- \/ Yoast SEO plugin. -->","yoast_head_json":{"title":"CARTE SCOLAIRE : CTSD du mercredi 27 JUIN 2012 - FSU-SNUipp 86","robots":{"index":"index","follow":"follow","max-snippet":"max-snippet:-1","max-image-preview":"max-image-preview:large","max-video-preview":"max-video-preview:-1"},"canonical":"https:\/\/snuipp86.fr\/index.php\/2012\/06\/27\/carte-scolaire-ctsd-du-mercredi-27-juin-2012\/","og_locale":"fr_FR","og_type":"article","og_title":"CARTE SCOLAIRE : CTSD du mercredi 27 JUIN 2012 - FSU-SNUipp 86","og_description":"Annonce par le Directeur Acad\u00e9mique suite \u00e0 la r\u00e9partition en CTA d'hier : 7 Postes sont donn\u00e9s \u00e0 la Vienne. 4 seront occup\u00e9s par des PES qui sont en stage une journ\u00e9e par semaine et qui n\u00e9cessitent une d\u00e9charge. Il restait donc 6 postes \u00e0 ouvrir. Le DASEN transforme 2 ouvertures conditionnelles en ouvertures d\u00e9finitives : Vouneuil s\/Biard Cousteau Maternelle RPI Charrais Chabournay Ouvertures suppl\u00e9mentaires : El\u00e9mentaires Ch\u00e2tellerault Painlev\u00e9 et Dissay Primaires Saint Sauvant et (...) - RASED \/ Carte scolaire","og_url":"https:\/\/snuipp86.fr\/index.php\/2012\/06\/27\/carte-scolaire-ctsd-du-mercredi-27-juin-2012\/","og_site_name":"FSU-SNUipp 86","article_published_time":"2012-06-27T14:06:38+00:00","og_image":[{"url":"http:\/\/snuipp86.fr\/wp-content\/spip\/cache-vignettes\/L8xH11\/puce-68c92.gif","type":"","width":"","height":""}],"author":"WP86Admin","twitter_card":"summary_large_image","twitter_misc":{"\u00c9crit par":"WP86Admin","Dur\u00e9e de lecture estim\u00e9e":"2 minutes"},"schema":{"@context":"https:\/\/schema.org","@graph":[{"@type":"WebPage","@id":"https:\/\/snuipp86.fr\/index.php\/2012\/06\/27\/carte-scolaire-ctsd-du-mercredi-27-juin-2012\/","url":"https:\/\/snuipp86.fr\/index.php\/2012\/06\/27\/carte-scolaire-ctsd-du-mercredi-27-juin-2012\/","name":"CARTE SCOLAIRE : CTSD du mercredi 27 JUIN 2012 - FSU-SNUipp 86","isPartOf":{"@id":"https:\/\/snuipp86.fr\/#website"},"primaryImageOfPage":{"@id":"https:\/\/snuipp86.fr\/index.php\/2012\/06\/27\/carte-scolaire-ctsd-du-mercredi-27-juin-2012\/#primaryimage"},"image":{"@id":"https:\/\/snuipp86.fr\/index.php\/2012\/06\/27\/carte-scolaire-ctsd-du-mercredi-27-juin-2012\/#primaryimage"},"thumbnailUrl":"http:\/\/snuipp86.fr\/wp-content\/spip\/cache-vignettes\/L8xH11\/puce-68c92.gif","datePublished":"2012-06-27T14:06:38+00:00","author":{"@id":"https:\/\/snuipp86.fr\/#\/schema\/person\/901b28b9ae1c7a63a6a940102e52a7a2"},"breadcrumb":{"@id":"https:\/\/snuipp86.fr\/index.php\/2012\/06\/27\/carte-scolaire-ctsd-du-mercredi-27-juin-2012\/#breadcrumb"},"inLanguage":"fr-FR","potentialAction":[{"@type":"ReadAction","target":["https:\/\/snuipp86.fr\/index.php\/2012\/06\/27\/carte-scolaire-ctsd-du-mercredi-27-juin-2012\/"]}]},{"@type":"ImageObject","inLanguage":"fr-FR","@id":"https:\/\/snuipp86.fr\/index.php\/2012\/06\/27\/carte-scolaire-ctsd-du-mercredi-27-juin-2012\/#primaryimage","url":"http:\/\/snuipp86.fr\/wp-content\/spip\/cache-vignettes\/L8xH11\/puce-68c92.gif","contentUrl":"http:\/\/snuipp86.fr\/wp-content\/spip\/cache-vignettes\/L8xH11\/puce-68c92.gif"},{"@type":"BreadcrumbList","@id":"https:\/\/snuipp86.fr\/index.php\/2012\/06\/27\/carte-scolaire-ctsd-du-mercredi-27-juin-2012\/#breadcrumb","itemListElement":[{"@type":"ListItem","position":1,"name":"Accueil","item":"https:\/\/snuipp86.fr\/"},{"@type":"ListItem","position":2,"name":"CARTE SCOLAIRE : CTSD du mercredi 27 JUIN 2012"}]},{"@type":"WebSite","@id":"https:\/\/snuipp86.fr\/#website","url":"https:\/\/snuipp86.fr\/","name":"FSU-SNUipp 86","description":"Des id\u00e9es qui font l&#039;\u00e9cole","potentialAction":[{"@type":"SearchAction","target":{"@type":"EntryPoint","urlTemplate":"https:\/\/snuipp86.fr\/?s={search_term_string}"},"query-input":{"@type":"PropertyValueSpecification","valueRequired":true,"valueName":"search_term_string"}}],"inLanguage":"fr-FR"},{"@type":"Person","@id":"https:\/\/snuipp86.fr\/#\/schema\/person\/901b28b9ae1c7a63a6a940102e52a7a2","name":"WP86Admin","image":{"@type":"ImageObject","inLanguage":"fr-FR","@id":"https:\/\/snuipp86.fr\/#\/schema\/person\/image\/","url":"https:\/\/secure.gravatar.com\/avatar\/0099845c7ec05dc10d777d8ab4f5142c5ba316283821af2459738ad469a37a1a?s=96&d=mm&r=g","contentUrl":"https:\/\/secure.gravatar.com\/avatar\/0099845c7ec05dc10d777d8ab4f5142c5ba316283821af2459738ad469a37a1a?s=96&d=mm&r=g","caption":"WP86Admin"},"url":"https:\/\/snuipp86.fr\/index.php\/author\/wp86admin\/"}]}},"_links":{"self":[{"href":"https:\/\/snuipp86.fr\/index.php\/wp-json\/wp\/v2\/posts\/1412","targetHints":{"allow":["GET"]}}],"collection":[{"href":"https:\/\/snuipp86.fr\/index.php\/wp-json\/wp\/v2\/posts"}],"about":[{"href":"https:\/\/snuipp86.fr\/index.php\/wp-json\/wp\/v2\/types\/post"}],"author":[{"embeddable":true,"href":"https:\/\/snuipp86.fr\/index.php\/wp-json\/wp\/v2\/users\/1"}],"replies":[{"embeddable":true,"href":"https:\/\/snuipp86.fr\/index.php\/wp-json\/wp\/v2\/comments?post=1412"}],"version-history":[{"count":0,"href":"https:\/\/snuipp86.fr\/index.php\/wp-json\/wp\/v2\/posts\/1412\/revisions"}],"wp:attachment":[{"href":"https:\/\/snuipp86.fr\/index.php\/wp-json\/wp\/v2\/media?parent=1412"}],"wp:term":[{"taxonomy":"category","embeddable":true,"href":"https:\/\/snuipp86.fr\/index.php\/wp-json\/wp\/v2\/categories?post=1412"},{"taxonomy":"post_tag","embeddable":true,"href":"https:\/\/snuipp86.fr\/index.php\/wp-json\/wp\/v2\/tags?post=1412"}],"curies":[{"name":"wp","href":"https:\/\/api.w.org\/{rel}","templated":true}]}}