{"id":1420,"date":"2012-04-15T06:40:46","date_gmt":"2012-04-15T06:40:46","guid":{"rendered":"http:\/\/localhost\/wordpress\/2012\/04\/15\/cong-de-formation-2012\/"},"modified":"2012-04-15T06:40:46","modified_gmt":"2012-04-15T06:40:46","slug":"cong-de-formation-2012","status":"publish","type":"post","link":"https:\/\/snuipp86.fr\/index.php\/2012\/04\/15\/cong-de-formation-2012\/","title":{"rendered":"Cong\u00e9 de formation 2012"},"content":{"rendered":"<div class='rss_texte'>\n<h3 class=\"spip\">Une chute vertigineuse depuis 2007 de l&rsquo;offre :<\/h3>\n<p class=\"spip\"><img decoding=\"async\" src=\"https:\/\/snuipp86.fr\/wp-content\/spip\/cache-vignettes\/L8xH11\/puce-68c92.gif\" width='8' height='11' alt=\"-\" style='height:11px;width:8px;' class='' \/> 30 mois en 2012<br \/>\n<br \/><img decoding=\"async\" src=\"https:\/\/snuipp86.fr\/wp-content\/spip\/cache-vignettes\/L8xH11\/puce-68c92.gif\" width='8' height='11' alt=\"-\" style='height:11px;width:8px;' class='' \/> 30 mois en 2011<br \/>\n<br \/><img decoding=\"async\" src=\"https:\/\/snuipp86.fr\/wp-content\/spip\/cache-vignettes\/L8xH11\/puce-68c92.gif\" width='8' height='11' alt=\"-\" style='height:11px;width:8px;' class='' \/> 36 mois en 2010<br \/>\n<br \/><img decoding=\"async\" src=\"https:\/\/snuipp86.fr\/wp-content\/spip\/cache-vignettes\/L8xH11\/puce-68c92.gif\" width='8' height='11' alt=\"-\" style='height:11px;width:8px;' class='' \/> 42 mois en 2009<br \/>\n<br \/><img decoding=\"async\" src=\"https:\/\/snuipp86.fr\/wp-content\/spip\/cache-vignettes\/L8xH11\/puce-68c92.gif\" width='8' height='11' alt=\"-\" style='height:11px;width:8px;' class='' \/> 40 mois en 2008 <br \/><img decoding=\"async\" src=\"https:\/\/snuipp86.fr\/wp-content\/spip\/cache-vignettes\/L8xH11\/puce-68c92.gif\" width='8' height='11' alt=\"-\" style='height:11px;width:8px;' class='' \/> 60 mois en 2007<\/p>\n<p class=\"spip\"><strong class=\"spip\">CAPD du 2 avril 2012<\/strong><\/p>\n<p class=\"spip\"><strong class=\"spip\">54 mois demand\u00e9s pour 30 mois autoris\u00e9s. M\u00eame nombre de mois que l&rsquo;ann\u00e9e derni\u00e8re.<\/strong><\/p>\n<p class=\"spip\">Le SNUipp\/FSU a d\u00e9nonc\u00e9 le manque flagrant de possibilit\u00e9s de formation pour les coll\u00e8gues, notamment dans le contexte indigent de la<br \/>\nformation continue et du non respect par l&rsquo;administration des textes concernant le Droit Individuel \u00e0 la Formation (DIF).<\/p>\n<p class=\"spip\">Le secr\u00e9taire g\u00e9n\u00e9ral a avou\u00e9 que le DIF n&rsquo;\u00e9tait pas mis place dans cette acad\u00e9mie &#8230; malgr\u00e9 les d\u00e9crets d&rsquo;applications datant de 2007.<\/p>\n<p class=\"spip\">Le SNUipp\/FSU souligne que l&rsquo;administration est plus rapide pour faireappliquer les textes relatifs \u00e0 la mise en \u0153uvre du LPC.<\/p>\n<p class=\"spip\"><strong class=\"spip\">Crit\u00e8res pris en compte<\/strong> :<\/p>\n<p class=\"spip\"><strong class=\"spip\">Crit\u00e8re prioritaire<\/strong><\/p>\n<p class=\"spip\"><img decoding=\"async\" src=\"https:\/\/snuipp86.fr\/wp-content\/spip\/cache-vignettes\/L8xH11\/puce-68c92.gif\" width='8' height='11' alt=\"-\" style='height:11px;width:8px;' class='' \/> Poursuite d&rsquo;un cong\u00e9 de formation sur un m\u00eame dipl\u00f4me<\/p>\n<p class=\"spip\"><strong class=\"spip\">Crit\u00e8res non hi\u00e9rarchis\u00e9s<\/strong> :<\/p>\n<p class=\"spip\"><img decoding=\"async\" src=\"https:\/\/snuipp86.fr\/wp-content\/spip\/cache-vignettes\/L8xH11\/puce-68c92.gif\" width='8' height='11' alt=\"-\" style='height:11px;width:8px;' class='' \/> formation engag\u00e9e<\/p>\n<p class=\"spip\"><img decoding=\"async\" src=\"https:\/\/snuipp86.fr\/wp-content\/spip\/cache-vignettes\/L8xH11\/puce-68c92.gif\" width='8' height='11' alt=\"-\" style='height:11px;width:8px;' class='' \/> objectifs de qualification dans l&rsquo;int\u00e9r\u00eat du service<\/p>\n<p class=\"spip\"><img decoding=\"async\" src=\"https:\/\/snuipp86.fr\/wp-content\/spip\/cache-vignettes\/L8xH11\/puce-68c92.gif\" width='8' height='11' alt=\"-\" style='height:11px;width:8px;' class='' \/> pr\u00e9paration des concours<\/p>\n<p class=\"spip\"><img decoding=\"async\" src=\"https:\/\/snuipp86.fr\/wp-content\/spip\/cache-vignettes\/L8xH11\/puce-68c92.gif\" width='8' height='11' alt=\"-\" style='height:11px;width:8px;' class='' \/> pr\u00e9paration des dipl\u00f4mes de langues<\/p>\n<p class=\"spip\">Nous avons d\u00e9couvert en s\u00e9ance que les coll\u00e8gues avaient des avis favorables ou d\u00e9favorables et des fois sur des demandes identiques&#8230;<\/p>\n<p class=\"spip\">Nous avons r\u00e9ussi \u00e0 faire prendre en compte toutes les demandes qui entraient dans les crit\u00e8res (7 sur 8). Ensuite face au probl\u00e8me du choix, le DA a propos\u00e9 un groupe de travail que le SNUipp a refus\u00e9 ne souhaitant pas hi\u00e9rarchiser \u00e0 la place du DA des crit\u00e8res que nous consid\u00e9rons tous comme valables. De plus le mouvement arrive, et, conform\u00e9ment au BO, les coll\u00e8gues doivent \u00eatre inform\u00e9s dans le mois qui suit leur demande.<\/p>\n<p class=\"spip\">Devant l&rsquo;incoh\u00e9rence des propos, des crit\u00e8res et l&rsquo;absence de bar\u00e8me, le SNUipp a demand\u00e9 que ce soit l&rsquo;anciennet\u00e9 de service qui soit prise en compte pour plus de transparence et d&rsquo;\u00e9quit\u00e9 pour les coll\u00e8gues.<\/p>\n<p class=\"spip\">Retenu par le DA.<\/p>\n<\/div>\n","protected":false},"excerpt":{"rendered":"<p>Une chute vertigineuse depuis 2007 de l&rsquo;offre : <br \/>30 mois en 2012 <br \/>30 mois en 2011 <br \/>36 mois en 2010 <br \/>42 mois en 2009 <br \/>40 mois en 2008 <br \/>60 mois en 2007 <br \/>CAPD du 2 avril 2012 <br \/>54 mois demand\u00e9s pour 30 mois autoris\u00e9s. M\u00eame nombre de mois que l&rsquo;ann\u00e9e derni\u00e8re. <br \/>Le SNUipp\/FSU a d\u00e9nonc\u00e9 le manque flagrant de possibilit\u00e9s de formation pour les coll\u00e8gues, notamment dans le contexte indigent de la formation continue et du non respect par l&rsquo;administration des textes concernant le Droit Individuel \u00e0 la (&#8230;)<br \/>\n&#8211;<br \/>\n<a href=\"http:\/\/86.snuipp.fr\/spip.php?rubrique130\" rel=\"directory\">Cong\u00e9s<\/a><\/p>\n","protected":false},"author":1,"featured_media":0,"comment_status":"open","ping_status":"open","sticky":false,"template":"","format":"standard","meta":{"footnotes":""},"categories":[14],"tags":[],"class_list":["post-1420","post","type-post","status-publish","format-standard","hentry","category-a-la-une"],"yoast_head":"<!-- This site is optimized with the Yoast SEO plugin v26.6 - https:\/\/yoast.com\/wordpress\/plugins\/seo\/ -->\n<title>Cong\u00e9 de formation 2012 - FSU-SNUipp 86<\/title>\n<meta name=\"robots\" content=\"index, follow, max-snippet:-1, max-image-preview:large, max-video-preview:-1\" \/>\n<link rel=\"canonical\" href=\"https:\/\/snuipp86.fr\/index.php\/2012\/04\/15\/cong-de-formation-2012\/\" \/>\n<meta property=\"og:locale\" content=\"fr_FR\" \/>\n<meta property=\"og:type\" content=\"article\" \/>\n<meta property=\"og:title\" content=\"Cong\u00e9 de formation 2012 - FSU-SNUipp 86\" \/>\n<meta property=\"og:description\" content=\"Une chute vertigineuse depuis 2007 de l&#039;offre : 30 mois en 2012 30 mois en 2011 36 mois en 2010 42 mois en 2009 40 mois en 2008 60 mois en 2007 CAPD du 2 avril 2012 54 mois demand\u00e9s pour 30 mois autoris\u00e9s. M\u00eame nombre de mois que l&#039;ann\u00e9e derni\u00e8re. Le SNUipp\/FSU a d\u00e9nonc\u00e9 le manque flagrant de possibilit\u00e9s de formation pour les coll\u00e8gues, notamment dans le contexte indigent de la formation continue et du non respect par l&#039;administration des textes concernant le Droit Individuel \u00e0 la (...) - Cong\u00e9s\" \/>\n<meta property=\"og:url\" content=\"https:\/\/snuipp86.fr\/index.php\/2012\/04\/15\/cong-de-formation-2012\/\" \/>\n<meta property=\"og:site_name\" content=\"FSU-SNUipp 86\" \/>\n<meta property=\"article:published_time\" content=\"2012-04-15T06:40:46+00:00\" \/>\n<meta property=\"og:image\" content=\"http:\/\/snuipp86.fr\/wp-content\/spip\/cache-vignettes\/L8xH11\/puce-68c92.gif\" \/>\n<meta name=\"author\" content=\"WP86Admin\" \/>\n<meta name=\"twitter:card\" content=\"summary_large_image\" \/>\n<meta name=\"twitter:label1\" content=\"\u00c9crit par\" \/>\n\t<meta name=\"twitter:data1\" content=\"WP86Admin\" \/>\n\t<meta name=\"twitter:label2\" content=\"Dur\u00e9e de lecture estim\u00e9e\" \/>\n\t<meta name=\"twitter:data2\" content=\"2 minutes\" \/>\n<script type=\"application\/ld+json\" class=\"yoast-schema-graph\">{\"@context\":\"https:\/\/schema.org\",\"@graph\":[{\"@type\":\"WebPage\",\"@id\":\"https:\/\/snuipp86.fr\/index.php\/2012\/04\/15\/cong-de-formation-2012\/\",\"url\":\"https:\/\/snuipp86.fr\/index.php\/2012\/04\/15\/cong-de-formation-2012\/\",\"name\":\"Cong\u00e9 de formation 2012 - FSU-SNUipp 86\",\"isPartOf\":{\"@id\":\"https:\/\/snuipp86.fr\/#website\"},\"primaryImageOfPage\":{\"@id\":\"https:\/\/snuipp86.fr\/index.php\/2012\/04\/15\/cong-de-formation-2012\/#primaryimage\"},\"image\":{\"@id\":\"https:\/\/snuipp86.fr\/index.php\/2012\/04\/15\/cong-de-formation-2012\/#primaryimage\"},\"thumbnailUrl\":\"http:\/\/snuipp86.fr\/wp-content\/spip\/cache-vignettes\/L8xH11\/puce-68c92.gif\",\"datePublished\":\"2012-04-15T06:40:46+00:00\",\"author\":{\"@id\":\"https:\/\/snuipp86.fr\/#\/schema\/person\/901b28b9ae1c7a63a6a940102e52a7a2\"},\"breadcrumb\":{\"@id\":\"https:\/\/snuipp86.fr\/index.php\/2012\/04\/15\/cong-de-formation-2012\/#breadcrumb\"},\"inLanguage\":\"fr-FR\",\"potentialAction\":[{\"@type\":\"ReadAction\",\"target\":[\"https:\/\/snuipp86.fr\/index.php\/2012\/04\/15\/cong-de-formation-2012\/\"]}]},{\"@type\":\"ImageObject\",\"inLanguage\":\"fr-FR\",\"@id\":\"https:\/\/snuipp86.fr\/index.php\/2012\/04\/15\/cong-de-formation-2012\/#primaryimage\",\"url\":\"http:\/\/snuipp86.fr\/wp-content\/spip\/cache-vignettes\/L8xH11\/puce-68c92.gif\",\"contentUrl\":\"http:\/\/snuipp86.fr\/wp-content\/spip\/cache-vignettes\/L8xH11\/puce-68c92.gif\"},{\"@type\":\"BreadcrumbList\",\"@id\":\"https:\/\/snuipp86.fr\/index.php\/2012\/04\/15\/cong-de-formation-2012\/#breadcrumb\",\"itemListElement\":[{\"@type\":\"ListItem\",\"position\":1,\"name\":\"Accueil\",\"item\":\"https:\/\/snuipp86.fr\/\"},{\"@type\":\"ListItem\",\"position\":2,\"name\":\"Cong\u00e9 de formation 2012\"}]},{\"@type\":\"WebSite\",\"@id\":\"https:\/\/snuipp86.fr\/#website\",\"url\":\"https:\/\/snuipp86.fr\/\",\"name\":\"FSU-SNUipp 86\",\"description\":\"Des id\u00e9es qui font l&#039;\u00e9cole\",\"potentialAction\":[{\"@type\":\"SearchAction\",\"target\":{\"@type\":\"EntryPoint\",\"urlTemplate\":\"https:\/\/snuipp86.fr\/?s={search_term_string}\"},\"query-input\":{\"@type\":\"PropertyValueSpecification\",\"valueRequired\":true,\"valueName\":\"search_term_string\"}}],\"inLanguage\":\"fr-FR\"},{\"@type\":\"Person\",\"@id\":\"https:\/\/snuipp86.fr\/#\/schema\/person\/901b28b9ae1c7a63a6a940102e52a7a2\",\"name\":\"WP86Admin\",\"image\":{\"@type\":\"ImageObject\",\"inLanguage\":\"fr-FR\",\"@id\":\"https:\/\/snuipp86.fr\/#\/schema\/person\/image\/\",\"url\":\"https:\/\/secure.gravatar.com\/avatar\/0099845c7ec05dc10d777d8ab4f5142c5ba316283821af2459738ad469a37a1a?s=96&d=mm&r=g\",\"contentUrl\":\"https:\/\/secure.gravatar.com\/avatar\/0099845c7ec05dc10d777d8ab4f5142c5ba316283821af2459738ad469a37a1a?s=96&d=mm&r=g\",\"caption\":\"WP86Admin\"},\"url\":\"https:\/\/snuipp86.fr\/index.php\/author\/wp86admin\/\"}]}<\/script>\n<!-- \/ Yoast SEO plugin. -->","yoast_head_json":{"title":"Cong\u00e9 de formation 2012 - FSU-SNUipp 86","robots":{"index":"index","follow":"follow","max-snippet":"max-snippet:-1","max-image-preview":"max-image-preview:large","max-video-preview":"max-video-preview:-1"},"canonical":"https:\/\/snuipp86.fr\/index.php\/2012\/04\/15\/cong-de-formation-2012\/","og_locale":"fr_FR","og_type":"article","og_title":"Cong\u00e9 de formation 2012 - FSU-SNUipp 86","og_description":"Une chute vertigineuse depuis 2007 de l'offre : 30 mois en 2012 30 mois en 2011 36 mois en 2010 42 mois en 2009 40 mois en 2008 60 mois en 2007 CAPD du 2 avril 2012 54 mois demand\u00e9s pour 30 mois autoris\u00e9s. M\u00eame nombre de mois que l'ann\u00e9e derni\u00e8re. Le SNUipp\/FSU a d\u00e9nonc\u00e9 le manque flagrant de possibilit\u00e9s de formation pour les coll\u00e8gues, notamment dans le contexte indigent de la formation continue et du non respect par l'administration des textes concernant le Droit Individuel \u00e0 la (...) - Cong\u00e9s","og_url":"https:\/\/snuipp86.fr\/index.php\/2012\/04\/15\/cong-de-formation-2012\/","og_site_name":"FSU-SNUipp 86","article_published_time":"2012-04-15T06:40:46+00:00","og_image":[{"url":"http:\/\/snuipp86.fr\/wp-content\/spip\/cache-vignettes\/L8xH11\/puce-68c92.gif","type":"","width":"","height":""}],"author":"WP86Admin","twitter_card":"summary_large_image","twitter_misc":{"\u00c9crit par":"WP86Admin","Dur\u00e9e de lecture estim\u00e9e":"2 minutes"},"schema":{"@context":"https:\/\/schema.org","@graph":[{"@type":"WebPage","@id":"https:\/\/snuipp86.fr\/index.php\/2012\/04\/15\/cong-de-formation-2012\/","url":"https:\/\/snuipp86.fr\/index.php\/2012\/04\/15\/cong-de-formation-2012\/","name":"Cong\u00e9 de formation 2012 - FSU-SNUipp 86","isPartOf":{"@id":"https:\/\/snuipp86.fr\/#website"},"primaryImageOfPage":{"@id":"https:\/\/snuipp86.fr\/index.php\/2012\/04\/15\/cong-de-formation-2012\/#primaryimage"},"image":{"@id":"https:\/\/snuipp86.fr\/index.php\/2012\/04\/15\/cong-de-formation-2012\/#primaryimage"},"thumbnailUrl":"http:\/\/snuipp86.fr\/wp-content\/spip\/cache-vignettes\/L8xH11\/puce-68c92.gif","datePublished":"2012-04-15T06:40:46+00:00","author":{"@id":"https:\/\/snuipp86.fr\/#\/schema\/person\/901b28b9ae1c7a63a6a940102e52a7a2"},"breadcrumb":{"@id":"https:\/\/snuipp86.fr\/index.php\/2012\/04\/15\/cong-de-formation-2012\/#breadcrumb"},"inLanguage":"fr-FR","potentialAction":[{"@type":"ReadAction","target":["https:\/\/snuipp86.fr\/index.php\/2012\/04\/15\/cong-de-formation-2012\/"]}]},{"@type":"ImageObject","inLanguage":"fr-FR","@id":"https:\/\/snuipp86.fr\/index.php\/2012\/04\/15\/cong-de-formation-2012\/#primaryimage","url":"http:\/\/snuipp86.fr\/wp-content\/spip\/cache-vignettes\/L8xH11\/puce-68c92.gif","contentUrl":"http:\/\/snuipp86.fr\/wp-content\/spip\/cache-vignettes\/L8xH11\/puce-68c92.gif"},{"@type":"BreadcrumbList","@id":"https:\/\/snuipp86.fr\/index.php\/2012\/04\/15\/cong-de-formation-2012\/#breadcrumb","itemListElement":[{"@type":"ListItem","position":1,"name":"Accueil","item":"https:\/\/snuipp86.fr\/"},{"@type":"ListItem","position":2,"name":"Cong\u00e9 de formation 2012"}]},{"@type":"WebSite","@id":"https:\/\/snuipp86.fr\/#website","url":"https:\/\/snuipp86.fr\/","name":"FSU-SNUipp 86","description":"Des id\u00e9es qui font l&#039;\u00e9cole","potentialAction":[{"@type":"SearchAction","target":{"@type":"EntryPoint","urlTemplate":"https:\/\/snuipp86.fr\/?s={search_term_string}"},"query-input":{"@type":"PropertyValueSpecification","valueRequired":true,"valueName":"search_term_string"}}],"inLanguage":"fr-FR"},{"@type":"Person","@id":"https:\/\/snuipp86.fr\/#\/schema\/person\/901b28b9ae1c7a63a6a940102e52a7a2","name":"WP86Admin","image":{"@type":"ImageObject","inLanguage":"fr-FR","@id":"https:\/\/snuipp86.fr\/#\/schema\/person\/image\/","url":"https:\/\/secure.gravatar.com\/avatar\/0099845c7ec05dc10d777d8ab4f5142c5ba316283821af2459738ad469a37a1a?s=96&d=mm&r=g","contentUrl":"https:\/\/secure.gravatar.com\/avatar\/0099845c7ec05dc10d777d8ab4f5142c5ba316283821af2459738ad469a37a1a?s=96&d=mm&r=g","caption":"WP86Admin"},"url":"https:\/\/snuipp86.fr\/index.php\/author\/wp86admin\/"}]}},"_links":{"self":[{"href":"https:\/\/snuipp86.fr\/index.php\/wp-json\/wp\/v2\/posts\/1420","targetHints":{"allow":["GET"]}}],"collection":[{"href":"https:\/\/snuipp86.fr\/index.php\/wp-json\/wp\/v2\/posts"}],"about":[{"href":"https:\/\/snuipp86.fr\/index.php\/wp-json\/wp\/v2\/types\/post"}],"author":[{"embeddable":true,"href":"https:\/\/snuipp86.fr\/index.php\/wp-json\/wp\/v2\/users\/1"}],"replies":[{"embeddable":true,"href":"https:\/\/snuipp86.fr\/index.php\/wp-json\/wp\/v2\/comments?post=1420"}],"version-history":[{"count":0,"href":"https:\/\/snuipp86.fr\/index.php\/wp-json\/wp\/v2\/posts\/1420\/revisions"}],"wp:attachment":[{"href":"https:\/\/snuipp86.fr\/index.php\/wp-json\/wp\/v2\/media?parent=1420"}],"wp:term":[{"taxonomy":"category","embeddable":true,"href":"https:\/\/snuipp86.fr\/index.php\/wp-json\/wp\/v2\/categories?post=1420"},{"taxonomy":"post_tag","embeddable":true,"href":"https:\/\/snuipp86.fr\/index.php\/wp-json\/wp\/v2\/tags?post=1420"}],"curies":[{"name":"wp","href":"https:\/\/api.w.org\/{rel}","templated":true}]}}