{"id":1472,"date":"2011-09-07T14:45:05","date_gmt":"2011-09-07T14:45:05","guid":{"rendered":"http:\/\/localhost\/wordpress\/2011\/09\/07\/comit-de-soutien-philippe-wain\/"},"modified":"2011-09-07T14:45:05","modified_gmt":"2011-09-07T14:45:05","slug":"comit-de-soutien-philippe-wain","status":"publish","type":"post","link":"https:\/\/snuipp86.fr\/index.php\/2011\/09\/07\/comit-de-soutien-philippe-wain\/","title":{"rendered":"Comit\u00e9 de soutien \u00e0 Philippe Wain"},"content":{"rendered":"<p><img decoding=\"async\" src=\"https:\/\/snuipp86.fr\/wp-content\/spip\/IMG\/arton2123.jpg\" alt=\"\" align=\"right\" width=\"264\" height=\"191\" class=\"spip_logos\" \/><\/p>\n<div class='rss_texte'>\n<p class=\"spip\">Philippe Wain, enseignant du 41 qui a \u00e9t\u00e9 arbitrairement d\u00e9plac\u00e9 de son poste car il n&rsquo;avait pas rempli base \u00e9l\u00e8ve ni r\u00e9alis\u00e9 les \u00e9valuations. Au del\u00e0 des d\u00e9sob\u00e9issances, c&rsquo;est le m\u00e9pris des droits des personnels qui est en cause.<\/p>\n<ul class=\"spip\">\n<li class=\"spip\"><a href=\"http:\/\/comitesoutien-philippewain.resistancepedagogique.org\/\" class=\"spip_out\"> lien vers le site du comit\u00e9 de soutien :<\/a> <\/li>\n<\/ul>\n<ul class=\"spip\">\n<li class=\"spip\"> <a href=\"http:\/\/resistancepedagogique.org\/site\/\" class=\"spip_out\">lien vers le R\u00e9seau des enseignants du primaire en r\u00e9sistance :<\/a><\/li>\n<\/ul>\n<p class=\"spip\">En document joint la lettre envoy\u00e9e au ministre concernant le d\u00e9placement arbitraire du coll\u00e8gue.<\/p>\n<\/div>\n","protected":false},"excerpt":{"rendered":"<p>Philippe Wain, enseignant du 41 qui a \u00e9t\u00e9 arbitrairement d\u00e9plac\u00e9 de son poste car il n&rsquo;avait pas rempli base \u00e9l\u00e8ve ni r\u00e9alis\u00e9 les \u00e9valuations. Au del\u00e0 des d\u00e9sob\u00e9issances, c&rsquo;est le m\u00e9pris des droits des personnels qui est en cause. <br \/>lien vers le site du comit\u00e9 de soutien : <br \/>lien vers le R\u00e9seau des enseignants du primaire en r\u00e9sistance : <br \/>En document joint la lettre envoy\u00e9e au ministre concernant le d\u00e9placement arbitraire du (&#8230;)<br \/>\n&#8211;<br \/>\n<a href=\"http:\/\/86.snuipp.fr\/spip.php?rubrique249\" rel=\"directory\">L&rsquo;ACTUALIT\u00c9<\/a><br \/>\n\/<br \/>\n<a href=\"http:\/\/86.snuipp.fr\/spip.php?mot290\" rel=\"tag\">Actions<\/a><\/p>\n","protected":false},"author":1,"featured_media":0,"comment_status":"open","ping_status":"open","sticky":false,"template":"","format":"standard","meta":{"footnotes":""},"categories":[14],"tags":[],"class_list":["post-1472","post","type-post","status-publish","format-standard","hentry","category-a-la-une"],"yoast_head":"<!-- This site is optimized with the Yoast SEO plugin v26.6 - https:\/\/yoast.com\/wordpress\/plugins\/seo\/ -->\n<title>Comit\u00e9 de soutien \u00e0 Philippe Wain - FSU-SNUipp 86<\/title>\n<meta name=\"robots\" content=\"index, follow, max-snippet:-1, max-image-preview:large, max-video-preview:-1\" \/>\n<link rel=\"canonical\" href=\"https:\/\/snuipp86.fr\/index.php\/2011\/09\/07\/comit-de-soutien-philippe-wain\/\" \/>\n<meta property=\"og:locale\" content=\"fr_FR\" \/>\n<meta property=\"og:type\" content=\"article\" \/>\n<meta property=\"og:title\" content=\"Comit\u00e9 de soutien \u00e0 Philippe Wain - FSU-SNUipp 86\" \/>\n<meta property=\"og:description\" content=\"Philippe Wain, enseignant du 41 qui a \u00e9t\u00e9 arbitrairement d\u00e9plac\u00e9 de son poste car il n&#039;avait pas rempli base \u00e9l\u00e8ve ni r\u00e9alis\u00e9 les \u00e9valuations. Au del\u00e0 des d\u00e9sob\u00e9issances, c&#039;est le m\u00e9pris des droits des personnels qui est en cause. lien vers le site du comit\u00e9 de soutien : lien vers le R\u00e9seau des enseignants du primaire en r\u00e9sistance : En document joint la lettre envoy\u00e9e au ministre concernant le d\u00e9placement arbitraire du (...) - L&#039;ACTUALIT\u00c9 \/ Actions\" \/>\n<meta property=\"og:url\" content=\"https:\/\/snuipp86.fr\/index.php\/2011\/09\/07\/comit-de-soutien-philippe-wain\/\" \/>\n<meta property=\"og:site_name\" content=\"FSU-SNUipp 86\" \/>\n<meta property=\"article:published_time\" content=\"2011-09-07T14:45:05+00:00\" \/>\n<meta property=\"og:image\" content=\"http:\/\/snuipp86.fr\/wp-content\/spip\/IMG\/arton2123.jpg\" \/>\n<meta name=\"author\" content=\"WP86Admin\" \/>\n<meta name=\"twitter:card\" content=\"summary_large_image\" \/>\n<meta name=\"twitter:label1\" content=\"\u00c9crit par\" \/>\n\t<meta name=\"twitter:data1\" content=\"WP86Admin\" \/>\n<script type=\"application\/ld+json\" class=\"yoast-schema-graph\">{\"@context\":\"https:\/\/schema.org\",\"@graph\":[{\"@type\":\"WebPage\",\"@id\":\"https:\/\/snuipp86.fr\/index.php\/2011\/09\/07\/comit-de-soutien-philippe-wain\/\",\"url\":\"https:\/\/snuipp86.fr\/index.php\/2011\/09\/07\/comit-de-soutien-philippe-wain\/\",\"name\":\"Comit\u00e9 de soutien \u00e0 Philippe Wain - FSU-SNUipp 86\",\"isPartOf\":{\"@id\":\"https:\/\/snuipp86.fr\/#website\"},\"primaryImageOfPage\":{\"@id\":\"https:\/\/snuipp86.fr\/index.php\/2011\/09\/07\/comit-de-soutien-philippe-wain\/#primaryimage\"},\"image\":{\"@id\":\"https:\/\/snuipp86.fr\/index.php\/2011\/09\/07\/comit-de-soutien-philippe-wain\/#primaryimage\"},\"thumbnailUrl\":\"http:\/\/snuipp86.fr\/wp-content\/spip\/IMG\/arton2123.jpg\",\"datePublished\":\"2011-09-07T14:45:05+00:00\",\"author\":{\"@id\":\"https:\/\/snuipp86.fr\/#\/schema\/person\/901b28b9ae1c7a63a6a940102e52a7a2\"},\"breadcrumb\":{\"@id\":\"https:\/\/snuipp86.fr\/index.php\/2011\/09\/07\/comit-de-soutien-philippe-wain\/#breadcrumb\"},\"inLanguage\":\"fr-FR\",\"potentialAction\":[{\"@type\":\"ReadAction\",\"target\":[\"https:\/\/snuipp86.fr\/index.php\/2011\/09\/07\/comit-de-soutien-philippe-wain\/\"]}]},{\"@type\":\"ImageObject\",\"inLanguage\":\"fr-FR\",\"@id\":\"https:\/\/snuipp86.fr\/index.php\/2011\/09\/07\/comit-de-soutien-philippe-wain\/#primaryimage\",\"url\":\"http:\/\/snuipp86.fr\/wp-content\/spip\/IMG\/arton2123.jpg\",\"contentUrl\":\"http:\/\/snuipp86.fr\/wp-content\/spip\/IMG\/arton2123.jpg\"},{\"@type\":\"BreadcrumbList\",\"@id\":\"https:\/\/snuipp86.fr\/index.php\/2011\/09\/07\/comit-de-soutien-philippe-wain\/#breadcrumb\",\"itemListElement\":[{\"@type\":\"ListItem\",\"position\":1,\"name\":\"Accueil\",\"item\":\"https:\/\/snuipp86.fr\/\"},{\"@type\":\"ListItem\",\"position\":2,\"name\":\"Comit\u00e9 de soutien \u00e0 Philippe Wain\"}]},{\"@type\":\"WebSite\",\"@id\":\"https:\/\/snuipp86.fr\/#website\",\"url\":\"https:\/\/snuipp86.fr\/\",\"name\":\"FSU-SNUipp 86\",\"description\":\"Des id\u00e9es qui font l&#039;\u00e9cole\",\"potentialAction\":[{\"@type\":\"SearchAction\",\"target\":{\"@type\":\"EntryPoint\",\"urlTemplate\":\"https:\/\/snuipp86.fr\/?s={search_term_string}\"},\"query-input\":{\"@type\":\"PropertyValueSpecification\",\"valueRequired\":true,\"valueName\":\"search_term_string\"}}],\"inLanguage\":\"fr-FR\"},{\"@type\":\"Person\",\"@id\":\"https:\/\/snuipp86.fr\/#\/schema\/person\/901b28b9ae1c7a63a6a940102e52a7a2\",\"name\":\"WP86Admin\",\"image\":{\"@type\":\"ImageObject\",\"inLanguage\":\"fr-FR\",\"@id\":\"https:\/\/snuipp86.fr\/#\/schema\/person\/image\/\",\"url\":\"https:\/\/secure.gravatar.com\/avatar\/0099845c7ec05dc10d777d8ab4f5142c5ba316283821af2459738ad469a37a1a?s=96&d=mm&r=g\",\"contentUrl\":\"https:\/\/secure.gravatar.com\/avatar\/0099845c7ec05dc10d777d8ab4f5142c5ba316283821af2459738ad469a37a1a?s=96&d=mm&r=g\",\"caption\":\"WP86Admin\"},\"url\":\"https:\/\/snuipp86.fr\/index.php\/author\/wp86admin\/\"}]}<\/script>\n<!-- \/ Yoast SEO plugin. -->","yoast_head_json":{"title":"Comit\u00e9 de soutien \u00e0 Philippe Wain - FSU-SNUipp 86","robots":{"index":"index","follow":"follow","max-snippet":"max-snippet:-1","max-image-preview":"max-image-preview:large","max-video-preview":"max-video-preview:-1"},"canonical":"https:\/\/snuipp86.fr\/index.php\/2011\/09\/07\/comit-de-soutien-philippe-wain\/","og_locale":"fr_FR","og_type":"article","og_title":"Comit\u00e9 de soutien \u00e0 Philippe Wain - FSU-SNUipp 86","og_description":"Philippe Wain, enseignant du 41 qui a \u00e9t\u00e9 arbitrairement d\u00e9plac\u00e9 de son poste car il n'avait pas rempli base \u00e9l\u00e8ve ni r\u00e9alis\u00e9 les \u00e9valuations. Au del\u00e0 des d\u00e9sob\u00e9issances, c'est le m\u00e9pris des droits des personnels qui est en cause. lien vers le site du comit\u00e9 de soutien : lien vers le R\u00e9seau des enseignants du primaire en r\u00e9sistance : En document joint la lettre envoy\u00e9e au ministre concernant le d\u00e9placement arbitraire du (...) - L'ACTUALIT\u00c9 \/ Actions","og_url":"https:\/\/snuipp86.fr\/index.php\/2011\/09\/07\/comit-de-soutien-philippe-wain\/","og_site_name":"FSU-SNUipp 86","article_published_time":"2011-09-07T14:45:05+00:00","og_image":[{"url":"http:\/\/snuipp86.fr\/wp-content\/spip\/IMG\/arton2123.jpg","type":"","width":"","height":""}],"author":"WP86Admin","twitter_card":"summary_large_image","twitter_misc":{"\u00c9crit par":"WP86Admin"},"schema":{"@context":"https:\/\/schema.org","@graph":[{"@type":"WebPage","@id":"https:\/\/snuipp86.fr\/index.php\/2011\/09\/07\/comit-de-soutien-philippe-wain\/","url":"https:\/\/snuipp86.fr\/index.php\/2011\/09\/07\/comit-de-soutien-philippe-wain\/","name":"Comit\u00e9 de soutien \u00e0 Philippe Wain - FSU-SNUipp 86","isPartOf":{"@id":"https:\/\/snuipp86.fr\/#website"},"primaryImageOfPage":{"@id":"https:\/\/snuipp86.fr\/index.php\/2011\/09\/07\/comit-de-soutien-philippe-wain\/#primaryimage"},"image":{"@id":"https:\/\/snuipp86.fr\/index.php\/2011\/09\/07\/comit-de-soutien-philippe-wain\/#primaryimage"},"thumbnailUrl":"http:\/\/snuipp86.fr\/wp-content\/spip\/IMG\/arton2123.jpg","datePublished":"2011-09-07T14:45:05+00:00","author":{"@id":"https:\/\/snuipp86.fr\/#\/schema\/person\/901b28b9ae1c7a63a6a940102e52a7a2"},"breadcrumb":{"@id":"https:\/\/snuipp86.fr\/index.php\/2011\/09\/07\/comit-de-soutien-philippe-wain\/#breadcrumb"},"inLanguage":"fr-FR","potentialAction":[{"@type":"ReadAction","target":["https:\/\/snuipp86.fr\/index.php\/2011\/09\/07\/comit-de-soutien-philippe-wain\/"]}]},{"@type":"ImageObject","inLanguage":"fr-FR","@id":"https:\/\/snuipp86.fr\/index.php\/2011\/09\/07\/comit-de-soutien-philippe-wain\/#primaryimage","url":"http:\/\/snuipp86.fr\/wp-content\/spip\/IMG\/arton2123.jpg","contentUrl":"http:\/\/snuipp86.fr\/wp-content\/spip\/IMG\/arton2123.jpg"},{"@type":"BreadcrumbList","@id":"https:\/\/snuipp86.fr\/index.php\/2011\/09\/07\/comit-de-soutien-philippe-wain\/#breadcrumb","itemListElement":[{"@type":"ListItem","position":1,"name":"Accueil","item":"https:\/\/snuipp86.fr\/"},{"@type":"ListItem","position":2,"name":"Comit\u00e9 de soutien \u00e0 Philippe Wain"}]},{"@type":"WebSite","@id":"https:\/\/snuipp86.fr\/#website","url":"https:\/\/snuipp86.fr\/","name":"FSU-SNUipp 86","description":"Des id\u00e9es qui font l&#039;\u00e9cole","potentialAction":[{"@type":"SearchAction","target":{"@type":"EntryPoint","urlTemplate":"https:\/\/snuipp86.fr\/?s={search_term_string}"},"query-input":{"@type":"PropertyValueSpecification","valueRequired":true,"valueName":"search_term_string"}}],"inLanguage":"fr-FR"},{"@type":"Person","@id":"https:\/\/snuipp86.fr\/#\/schema\/person\/901b28b9ae1c7a63a6a940102e52a7a2","name":"WP86Admin","image":{"@type":"ImageObject","inLanguage":"fr-FR","@id":"https:\/\/snuipp86.fr\/#\/schema\/person\/image\/","url":"https:\/\/secure.gravatar.com\/avatar\/0099845c7ec05dc10d777d8ab4f5142c5ba316283821af2459738ad469a37a1a?s=96&d=mm&r=g","contentUrl":"https:\/\/secure.gravatar.com\/avatar\/0099845c7ec05dc10d777d8ab4f5142c5ba316283821af2459738ad469a37a1a?s=96&d=mm&r=g","caption":"WP86Admin"},"url":"https:\/\/snuipp86.fr\/index.php\/author\/wp86admin\/"}]}},"_links":{"self":[{"href":"https:\/\/snuipp86.fr\/index.php\/wp-json\/wp\/v2\/posts\/1472","targetHints":{"allow":["GET"]}}],"collection":[{"href":"https:\/\/snuipp86.fr\/index.php\/wp-json\/wp\/v2\/posts"}],"about":[{"href":"https:\/\/snuipp86.fr\/index.php\/wp-json\/wp\/v2\/types\/post"}],"author":[{"embeddable":true,"href":"https:\/\/snuipp86.fr\/index.php\/wp-json\/wp\/v2\/users\/1"}],"replies":[{"embeddable":true,"href":"https:\/\/snuipp86.fr\/index.php\/wp-json\/wp\/v2\/comments?post=1472"}],"version-history":[{"count":0,"href":"https:\/\/snuipp86.fr\/index.php\/wp-json\/wp\/v2\/posts\/1472\/revisions"}],"wp:attachment":[{"href":"https:\/\/snuipp86.fr\/index.php\/wp-json\/wp\/v2\/media?parent=1472"}],"wp:term":[{"taxonomy":"category","embeddable":true,"href":"https:\/\/snuipp86.fr\/index.php\/wp-json\/wp\/v2\/categories?post=1472"},{"taxonomy":"post_tag","embeddable":true,"href":"https:\/\/snuipp86.fr\/index.php\/wp-json\/wp\/v2\/tags?post=1472"}],"curies":[{"name":"wp","href":"https:\/\/api.w.org\/{rel}","templated":true}]}}