{"id":148,"date":"2018-06-04T14:22:09","date_gmt":"2018-06-04T14:22:09","guid":{"rendered":"http:\/\/localhost\/wordpress\/2018\/06\/04\/dfense-des-droits-des-personnels-bafoue\/"},"modified":"2018-06-04T14:22:09","modified_gmt":"2018-06-04T14:22:09","slug":"dfense-des-droits-des-personnels-bafoue","status":"publish","type":"post","link":"https:\/\/snuipp86.fr\/index.php\/2018\/06\/04\/dfense-des-droits-des-personnels-bafoue\/","title":{"rendered":"D\u00e9fense des droits des personnels bafou\u00e9e !"},"content":{"rendered":"<p><img decoding=\"async\" src=\"https:\/\/snuipp86.fr\/wp-content\/spip\/IMG\/arton3954.jpg\" alt=\"\" align=\"right\" width=\"503\" height=\"141\" class=\"spip_logos\" \/><\/p>\n","protected":false},"excerpt":{"rendered":"<p>Le projet pr\u00e9sent\u00e9 par le gouvernement dans le cadre de la concertation Action Publique 2022 r\u00e9duit consid\u00e9rablement le r\u00f4le des commissions administratives paritaires. Inacceptable pour le SNUipp et la FSU qui d\u00e9noncent cette volont\u00e9 de s&rsquo;affranchir du contr\u00f4le des \u00e9lus du personnel, essentiel pour assurer la transparence et la r\u00e9gularit\u00e9 de toutes les op\u00e9rations qui concernent la mobilit\u00e9 et la carri\u00e8re de chaque agent de la Fonction publique.<br \/>\n&#8211;<br \/>\n<a href=\"http:\/\/86.snuipp.fr\/spip.php?rubrique249\" rel=\"directory\">L&rsquo;ACTUALIT\u00c9<\/a><\/p>\n","protected":false},"author":1,"featured_media":0,"comment_status":"open","ping_status":"open","sticky":false,"template":"","format":"standard","meta":{"footnotes":""},"categories":[14],"tags":[],"class_list":["post-148","post","type-post","status-publish","format-standard","hentry","category-a-la-une"],"yoast_head":"<!-- This site is optimized with the Yoast SEO plugin v26.6 - https:\/\/yoast.com\/wordpress\/plugins\/seo\/ -->\n<title>D\u00e9fense des droits des personnels bafou\u00e9e ! - FSU-SNUipp 86<\/title>\n<meta name=\"robots\" content=\"index, follow, max-snippet:-1, max-image-preview:large, max-video-preview:-1\" \/>\n<link rel=\"canonical\" href=\"https:\/\/snuipp86.fr\/index.php\/2018\/06\/04\/dfense-des-droits-des-personnels-bafoue\/\" \/>\n<meta property=\"og:locale\" content=\"fr_FR\" \/>\n<meta property=\"og:type\" content=\"article\" \/>\n<meta property=\"og:title\" content=\"D\u00e9fense des droits des personnels bafou\u00e9e ! - FSU-SNUipp 86\" \/>\n<meta property=\"og:description\" content=\"Le projet pr\u00e9sent\u00e9 par le gouvernement dans le cadre de la concertation Action Publique 2022 r\u00e9duit consid\u00e9rablement le r\u00f4le des commissions administratives paritaires. Inacceptable pour le SNUipp et la FSU qui d\u00e9noncent cette volont\u00e9 de s&#039;affranchir du contr\u00f4le des \u00e9lus du personnel, essentiel pour assurer la transparence et la r\u00e9gularit\u00e9 de toutes les op\u00e9rations qui concernent la mobilit\u00e9 et la carri\u00e8re de chaque agent de la Fonction publique. - L&#039;ACTUALIT\u00c9\" \/>\n<meta property=\"og:url\" content=\"https:\/\/snuipp86.fr\/index.php\/2018\/06\/04\/dfense-des-droits-des-personnels-bafoue\/\" \/>\n<meta property=\"og:site_name\" content=\"FSU-SNUipp 86\" \/>\n<meta property=\"article:published_time\" content=\"2018-06-04T14:22:09+00:00\" \/>\n<meta property=\"og:image\" content=\"http:\/\/snuipp86.fr\/wp-content\/spip\/IMG\/arton3954.jpg\" \/>\n<meta name=\"author\" content=\"WP86Admin\" \/>\n<meta name=\"twitter:card\" content=\"summary_large_image\" \/>\n<meta name=\"twitter:label1\" content=\"\u00c9crit par\" \/>\n\t<meta name=\"twitter:data1\" content=\"WP86Admin\" \/>\n<script type=\"application\/ld+json\" class=\"yoast-schema-graph\">{\"@context\":\"https:\/\/schema.org\",\"@graph\":[{\"@type\":\"WebPage\",\"@id\":\"https:\/\/snuipp86.fr\/index.php\/2018\/06\/04\/dfense-des-droits-des-personnels-bafoue\/\",\"url\":\"https:\/\/snuipp86.fr\/index.php\/2018\/06\/04\/dfense-des-droits-des-personnels-bafoue\/\",\"name\":\"D\u00e9fense des droits des personnels bafou\u00e9e ! - FSU-SNUipp 86\",\"isPartOf\":{\"@id\":\"https:\/\/snuipp86.fr\/#website\"},\"primaryImageOfPage\":{\"@id\":\"https:\/\/snuipp86.fr\/index.php\/2018\/06\/04\/dfense-des-droits-des-personnels-bafoue\/#primaryimage\"},\"image\":{\"@id\":\"https:\/\/snuipp86.fr\/index.php\/2018\/06\/04\/dfense-des-droits-des-personnels-bafoue\/#primaryimage\"},\"thumbnailUrl\":\"http:\/\/snuipp86.fr\/wp-content\/spip\/IMG\/arton3954.jpg\",\"datePublished\":\"2018-06-04T14:22:09+00:00\",\"author\":{\"@id\":\"https:\/\/snuipp86.fr\/#\/schema\/person\/901b28b9ae1c7a63a6a940102e52a7a2\"},\"breadcrumb\":{\"@id\":\"https:\/\/snuipp86.fr\/index.php\/2018\/06\/04\/dfense-des-droits-des-personnels-bafoue\/#breadcrumb\"},\"inLanguage\":\"fr-FR\",\"potentialAction\":[{\"@type\":\"ReadAction\",\"target\":[\"https:\/\/snuipp86.fr\/index.php\/2018\/06\/04\/dfense-des-droits-des-personnels-bafoue\/\"]}]},{\"@type\":\"ImageObject\",\"inLanguage\":\"fr-FR\",\"@id\":\"https:\/\/snuipp86.fr\/index.php\/2018\/06\/04\/dfense-des-droits-des-personnels-bafoue\/#primaryimage\",\"url\":\"http:\/\/snuipp86.fr\/wp-content\/spip\/IMG\/arton3954.jpg\",\"contentUrl\":\"http:\/\/snuipp86.fr\/wp-content\/spip\/IMG\/arton3954.jpg\"},{\"@type\":\"BreadcrumbList\",\"@id\":\"https:\/\/snuipp86.fr\/index.php\/2018\/06\/04\/dfense-des-droits-des-personnels-bafoue\/#breadcrumb\",\"itemListElement\":[{\"@type\":\"ListItem\",\"position\":1,\"name\":\"Accueil\",\"item\":\"https:\/\/snuipp86.fr\/\"},{\"@type\":\"ListItem\",\"position\":2,\"name\":\"D\u00e9fense des droits des personnels bafou\u00e9e !\"}]},{\"@type\":\"WebSite\",\"@id\":\"https:\/\/snuipp86.fr\/#website\",\"url\":\"https:\/\/snuipp86.fr\/\",\"name\":\"FSU-SNUipp 86\",\"description\":\"Des id\u00e9es qui font l&#039;\u00e9cole\",\"potentialAction\":[{\"@type\":\"SearchAction\",\"target\":{\"@type\":\"EntryPoint\",\"urlTemplate\":\"https:\/\/snuipp86.fr\/?s={search_term_string}\"},\"query-input\":{\"@type\":\"PropertyValueSpecification\",\"valueRequired\":true,\"valueName\":\"search_term_string\"}}],\"inLanguage\":\"fr-FR\"},{\"@type\":\"Person\",\"@id\":\"https:\/\/snuipp86.fr\/#\/schema\/person\/901b28b9ae1c7a63a6a940102e52a7a2\",\"name\":\"WP86Admin\",\"image\":{\"@type\":\"ImageObject\",\"inLanguage\":\"fr-FR\",\"@id\":\"https:\/\/snuipp86.fr\/#\/schema\/person\/image\/\",\"url\":\"https:\/\/secure.gravatar.com\/avatar\/0099845c7ec05dc10d777d8ab4f5142c5ba316283821af2459738ad469a37a1a?s=96&d=mm&r=g\",\"contentUrl\":\"https:\/\/secure.gravatar.com\/avatar\/0099845c7ec05dc10d777d8ab4f5142c5ba316283821af2459738ad469a37a1a?s=96&d=mm&r=g\",\"caption\":\"WP86Admin\"},\"url\":\"https:\/\/snuipp86.fr\/index.php\/author\/wp86admin\/\"}]}<\/script>\n<!-- \/ Yoast SEO plugin. -->","yoast_head_json":{"title":"D\u00e9fense des droits des personnels bafou\u00e9e ! - FSU-SNUipp 86","robots":{"index":"index","follow":"follow","max-snippet":"max-snippet:-1","max-image-preview":"max-image-preview:large","max-video-preview":"max-video-preview:-1"},"canonical":"https:\/\/snuipp86.fr\/index.php\/2018\/06\/04\/dfense-des-droits-des-personnels-bafoue\/","og_locale":"fr_FR","og_type":"article","og_title":"D\u00e9fense des droits des personnels bafou\u00e9e ! - FSU-SNUipp 86","og_description":"Le projet pr\u00e9sent\u00e9 par le gouvernement dans le cadre de la concertation Action Publique 2022 r\u00e9duit consid\u00e9rablement le r\u00f4le des commissions administratives paritaires. Inacceptable pour le SNUipp et la FSU qui d\u00e9noncent cette volont\u00e9 de s'affranchir du contr\u00f4le des \u00e9lus du personnel, essentiel pour assurer la transparence et la r\u00e9gularit\u00e9 de toutes les op\u00e9rations qui concernent la mobilit\u00e9 et la carri\u00e8re de chaque agent de la Fonction publique. - L'ACTUALIT\u00c9","og_url":"https:\/\/snuipp86.fr\/index.php\/2018\/06\/04\/dfense-des-droits-des-personnels-bafoue\/","og_site_name":"FSU-SNUipp 86","article_published_time":"2018-06-04T14:22:09+00:00","og_image":[{"url":"http:\/\/snuipp86.fr\/wp-content\/spip\/IMG\/arton3954.jpg","type":"","width":"","height":""}],"author":"WP86Admin","twitter_card":"summary_large_image","twitter_misc":{"\u00c9crit par":"WP86Admin"},"schema":{"@context":"https:\/\/schema.org","@graph":[{"@type":"WebPage","@id":"https:\/\/snuipp86.fr\/index.php\/2018\/06\/04\/dfense-des-droits-des-personnels-bafoue\/","url":"https:\/\/snuipp86.fr\/index.php\/2018\/06\/04\/dfense-des-droits-des-personnels-bafoue\/","name":"D\u00e9fense des droits des personnels bafou\u00e9e ! - FSU-SNUipp 86","isPartOf":{"@id":"https:\/\/snuipp86.fr\/#website"},"primaryImageOfPage":{"@id":"https:\/\/snuipp86.fr\/index.php\/2018\/06\/04\/dfense-des-droits-des-personnels-bafoue\/#primaryimage"},"image":{"@id":"https:\/\/snuipp86.fr\/index.php\/2018\/06\/04\/dfense-des-droits-des-personnels-bafoue\/#primaryimage"},"thumbnailUrl":"http:\/\/snuipp86.fr\/wp-content\/spip\/IMG\/arton3954.jpg","datePublished":"2018-06-04T14:22:09+00:00","author":{"@id":"https:\/\/snuipp86.fr\/#\/schema\/person\/901b28b9ae1c7a63a6a940102e52a7a2"},"breadcrumb":{"@id":"https:\/\/snuipp86.fr\/index.php\/2018\/06\/04\/dfense-des-droits-des-personnels-bafoue\/#breadcrumb"},"inLanguage":"fr-FR","potentialAction":[{"@type":"ReadAction","target":["https:\/\/snuipp86.fr\/index.php\/2018\/06\/04\/dfense-des-droits-des-personnels-bafoue\/"]}]},{"@type":"ImageObject","inLanguage":"fr-FR","@id":"https:\/\/snuipp86.fr\/index.php\/2018\/06\/04\/dfense-des-droits-des-personnels-bafoue\/#primaryimage","url":"http:\/\/snuipp86.fr\/wp-content\/spip\/IMG\/arton3954.jpg","contentUrl":"http:\/\/snuipp86.fr\/wp-content\/spip\/IMG\/arton3954.jpg"},{"@type":"BreadcrumbList","@id":"https:\/\/snuipp86.fr\/index.php\/2018\/06\/04\/dfense-des-droits-des-personnels-bafoue\/#breadcrumb","itemListElement":[{"@type":"ListItem","position":1,"name":"Accueil","item":"https:\/\/snuipp86.fr\/"},{"@type":"ListItem","position":2,"name":"D\u00e9fense des droits des personnels bafou\u00e9e !"}]},{"@type":"WebSite","@id":"https:\/\/snuipp86.fr\/#website","url":"https:\/\/snuipp86.fr\/","name":"FSU-SNUipp 86","description":"Des id\u00e9es qui font l&#039;\u00e9cole","potentialAction":[{"@type":"SearchAction","target":{"@type":"EntryPoint","urlTemplate":"https:\/\/snuipp86.fr\/?s={search_term_string}"},"query-input":{"@type":"PropertyValueSpecification","valueRequired":true,"valueName":"search_term_string"}}],"inLanguage":"fr-FR"},{"@type":"Person","@id":"https:\/\/snuipp86.fr\/#\/schema\/person\/901b28b9ae1c7a63a6a940102e52a7a2","name":"WP86Admin","image":{"@type":"ImageObject","inLanguage":"fr-FR","@id":"https:\/\/snuipp86.fr\/#\/schema\/person\/image\/","url":"https:\/\/secure.gravatar.com\/avatar\/0099845c7ec05dc10d777d8ab4f5142c5ba316283821af2459738ad469a37a1a?s=96&d=mm&r=g","contentUrl":"https:\/\/secure.gravatar.com\/avatar\/0099845c7ec05dc10d777d8ab4f5142c5ba316283821af2459738ad469a37a1a?s=96&d=mm&r=g","caption":"WP86Admin"},"url":"https:\/\/snuipp86.fr\/index.php\/author\/wp86admin\/"}]}},"_links":{"self":[{"href":"https:\/\/snuipp86.fr\/index.php\/wp-json\/wp\/v2\/posts\/148","targetHints":{"allow":["GET"]}}],"collection":[{"href":"https:\/\/snuipp86.fr\/index.php\/wp-json\/wp\/v2\/posts"}],"about":[{"href":"https:\/\/snuipp86.fr\/index.php\/wp-json\/wp\/v2\/types\/post"}],"author":[{"embeddable":true,"href":"https:\/\/snuipp86.fr\/index.php\/wp-json\/wp\/v2\/users\/1"}],"replies":[{"embeddable":true,"href":"https:\/\/snuipp86.fr\/index.php\/wp-json\/wp\/v2\/comments?post=148"}],"version-history":[{"count":0,"href":"https:\/\/snuipp86.fr\/index.php\/wp-json\/wp\/v2\/posts\/148\/revisions"}],"wp:attachment":[{"href":"https:\/\/snuipp86.fr\/index.php\/wp-json\/wp\/v2\/media?parent=148"}],"wp:term":[{"taxonomy":"category","embeddable":true,"href":"https:\/\/snuipp86.fr\/index.php\/wp-json\/wp\/v2\/categories?post=148"},{"taxonomy":"post_tag","embeddable":true,"href":"https:\/\/snuipp86.fr\/index.php\/wp-json\/wp\/v2\/tags?post=148"}],"curies":[{"name":"wp","href":"https:\/\/api.w.org\/{rel}","templated":true}]}}