{"id":149,"date":"2018-06-04T14:07:15","date_gmt":"2018-06-04T14:07:15","guid":{"rendered":"http:\/\/localhost\/wordpress\/2018\/06\/04\/capd-du-4-juin-mouvement-hors-classe-2018-pes\/"},"modified":"2018-06-04T14:07:15","modified_gmt":"2018-06-04T14:07:15","slug":"capd-du-4-juin-mouvement-hors-classe-2018-pes","status":"publish","type":"post","link":"https:\/\/snuipp86.fr\/index.php\/2018\/06\/04\/capd-du-4-juin-mouvement-hors-classe-2018-pes\/","title":{"rendered":"CAPD du 4 juin : mouvement, Hors classe 2018, PES &#8230;"},"content":{"rendered":"<p><img decoding=\"async\" src=\"https:\/\/snuipp86.fr\/wp-content\/spip\/IMG\/arton3950.jpg\" alt=\"\" align=\"right\" width=\"150\" height=\"116\" class=\"spip_logos\" \/><\/p>\n<div class='rss_texte'>\n<h3 class=\"spip\" id=\"outil_sommaire_0\"><a title=\"Sommaire\" href=\"http:\/\/86.snuipp.fr\/spip.php?page=backend#outil_sommaire\" class=\"sommaire_ancre\"> <\/a>CAPD du 4 juin<\/h3>\n<dl class='spip_document_3446 spip_documents spip_documents_center' >\n<dt><img src='https:\/\/snuipp86.fr\/wp-content\/spip\/cache-vignettes\/L150xH116\/rubon6-23522-11-9f4b8.jpg' width='150' height='116' alt='JPEG - 5.8 ko' style='height:116px;width:150px;' class='' \/><\/dt>\n<dt class='spip_doc_titre' style='width:150px;'><strong>rubon6-23522<\/strong><\/dt>\n<\/dl>\n<p class=\"spip\"><img decoding=\"async\" src=\"https:\/\/snuipp86.fr\/wp-content\/spip\/cache-vignettes\/L8xH11\/puce-68c92.gif\" width='8' height='11' alt=\"-\" style='height:11px;width:8px;' class='' \/> Mouvement : nominations interm\u00e9diaires, calendrier 2nde phase, postes PES<br \/>\n<br \/><img decoding=\"async\" src=\"https:\/\/snuipp86.fr\/wp-content\/spip\/cache-vignettes\/L8xH11\/puce-68c92.gif\" width='8' height='11' alt=\"-\" style='height:11px;width:8px;' class='' \/> Hors classe 2018 : 79 promu-e-s<\/p>\n<p class=\"spip\">\u2014 &#8211;<\/p>\n<p class=\"spip\"><strong class=\"spip\">Pr\u00e9sent-e-s :<\/strong> M. Claverie (IA), M. Artaud (IENA), M. Monlun (SG), Mme Picardat et Mme Bobin (DPE5), IEN (Ch\u00e2tellerault, Montmorillon, Poitiers Est, Poitiers Nord ) , 5 SNUipp-FSU 86 et 2 Unsa<\/p>\n<p class=\"spip\"><strong class=\"spip\">Prochaine CAPD<\/strong> : 14 juin &#8211; passage \u00e0 la classe exceptionnelle 2018<\/p>\n<p class=\"spip\"><strong class=\"spip\">Note d&rsquo;ambiance<\/strong> : une CAPD qui a \u00e9t\u00e9 suspendue une heure, car l&rsquo;administration n&rsquo;avait pas communiqu\u00e9 les documents de travail Mouvement au SNUipp-FSU 86. Vos \u00e9lu-e-s ont demand\u00e9 une suspension de s\u00e9ance pour v\u00e9rifier les documents de l&rsquo;administration, ce qui a pris une heure. Cela a permis \u00e0 l&rsquo;administration de corriger les documents Hors Classe 2018 (voir r\u00e9sum\u00e9).<\/p>\n<hr class=\"spip\" \/>\n<h3 class=\"spip\" id=\"outil_sommaire_1\"><a title=\"Sommaire\" href=\"http:\/\/86.snuipp.fr\/spip.php?page=backend#outil_sommaire\" class=\"sommaire_ancre\"> <\/a><strong class=\"spip\">Mouvement : nominations interm\u00e9diaires, calendrier 2nde phase, postes PES<\/strong><\/h3>\n<p class=\"spip\"><img decoding=\"async\" src=\"https:\/\/snuipp86.fr\/wp-content\/spip\/cache-vignettes\/L8xH11\/puce-68c92.gif\" width='8' height='11' alt=\"-\" style='height:11px;width:8px;' class='' \/> <strong class=\"spip\">Nominations interm\u00e9diaires<\/strong><\/p>\n<p class=\"spip\">127 nominations ont \u00e9t\u00e9 effectu\u00e9es sur :<\/p>\n<ul class=\"spip\">\n<li class=\"spip\"> 6 associations de mi-temps<\/li>\n<li class=\"spip\"> 35 compl\u00e9ments des postes des d\u00e9charges de direction \u00e0 TD (dont une qui n&rsquo;avait pas \u00e9t\u00e9 faite au 1er mouvement : probl\u00e8me du logiciel)<\/li>\n<li class=\"spip\"> 44 demandes de Priorit\u00e9 d&rsquo;Affectation (23 sur postes entiers, 21 sur postes fractionn\u00e9s)<\/li>\n<li class=\"spip\"> 7 volontaires Direction ou ASH ou Brigade <\/li>\n<li class=\"spip\"> 2 nominations \u00e0 TP\/TD<\/li>\n<li class=\"spip\"> 1 nomination de stagiaire ASH<\/li>\n<li class=\"spip\"> 32 postes des coll\u00e8gues qui ne peuvent pas exercer sur leurs postes ( ex : rempla\u00e7ant-e-s \u00e0 temps partiel )<\/li>\n<\/ul>\n<p class=\"spip\">Il reste 211 coll\u00e8gues sans poste<\/p>\n<h3 class=\"spip\" id=\"outil_sommaire_2\"><a title=\"Sommaire\" href=\"http:\/\/86.snuipp.fr\/spip.php?page=backend#outil_sommaire\" class=\"sommaire_ancre\"> <\/a>Retrouvez l&rsquo;ensemble des nominations sur ce lien : <a href=\"http:\/\/86.snuipp.fr\/spip.php?article3946\" class=\"spip_out\">http:\/\/86.snuipp.fr\/spip.php ?article3946<\/a><\/h3>\n<p class=\"spip\">Contactez nous pour toute interrogation ou remarque.<\/p>\n<p class=\"spip\"><strong class=\"spip\">Appel \u00e0 candidatures en cours :<\/strong><\/p>\n<ul class=\"spip\">\n<li class=\"spip\"> Conseiller p\u00e9da aupr\u00e8s de l&rsquo;IENA : Curriculum vitae et lettre de motivation \u00e0 transmettre au plus tard le 5 juin 2018 avant 12h, au bureau DPE 5. lien<\/li>\n<\/ul>\n<p class=\"spip\"><img decoding=\"async\" src=\"https:\/\/snuipp86.fr\/wp-content\/spip\/cache-vignettes\/L8xH11\/puce-68c92.gif\" width='8' height='11' alt=\"-\" style='height:11px;width:8px;' class='' \/> <strong class=\"spip\">Calendrier 2nde phase du mouvement<\/strong><\/p>\n<ul class=\"spip\">\n<li class=\"spip\"> publication des postes par l&rsquo;administration : 11 juin<\/li>\n<li class=\"spip\"> phase de v\u0153ux sur SIAM : 11 au 13 juin<\/li>\n<li class=\"spip\"> CAPD : nominations 2nde phase 26 juin<\/li>\n<\/ul>\n<p class=\"spip\"><img decoding=\"async\" src=\"https:\/\/snuipp86.fr\/wp-content\/spip\/cache-vignettes\/L8xH11\/puce-68c92.gif\" width='8' height='11' alt=\"-\" style='height:11px;width:8px;' class='' \/> <strong class=\"spip\">Nouveaux Postes PES sortis du mouvement<\/strong><\/p>\n<p class=\"spip\">L&rsquo;IENA a annonc\u00e9 que de nouveaux postes vacants devenaient \u00ab\u00a0berceaux\u00a0\u00bb , supports de stage pour les PES 2018\/2019 :<\/p>\n<ul class=\"spip\">\n<li class=\"spip\"> circo de Lenclo\u00eetre : Neuville Ferry \u00e9l\u00e9m<\/li>\n<li class=\"spip\"> circo de Poitiers Nord : Lavoux prim, Jaunay-Marigny Pr\u00e9vert mat<\/li>\n<li class=\"spip\"> circo de Poitiers Ouest : Poitiers St Exup\u00e9ry \u00e9l\u00e9m<\/li>\n<li class=\"spip\"> circo de Poitiers Sud (en attente retour de l&rsquo;IEN) : Iteuil \u00e9l\u00e9m, Mar\u00e7ay prim, St Maurice la Clou\u00e8re prim<\/li>\n<li class=\"spip\"> circo de Montmorillon : Chauvigny Varenne mat, Civaux prim<\/li>\n<\/ul>\n<p class=\"spip\">En revanche, suite \u00e0 l&rsquo;argumentation du SNUipp-FSU 86, le berceau PES pr\u00e9vu sur Ch\u00e2tellerault Haigner\u00e9 prim est annul\u00e9 et le poste para\u00eetra \u00e0 la 2\u00e8me phase de v\u0153ux du mouvement. Aucun berceau n&rsquo;est pr\u00e9vu pour l&rsquo;instant sur Ch\u00e2tellerault.<\/p>\n<hr class=\"spip\" \/>\n<h3 class=\"spip\" id=\"outil_sommaire_3\"><a title=\"Sommaire\" href=\"http:\/\/86.snuipp.fr\/spip.php?page=backend#outil_sommaire\" class=\"sommaire_ancre\"> <\/a>Hors classe 2018 : 79 promu-e-s<\/h3>\n<dl class='spip_document_3450 spip_documents spip_documents_center' >\n<dt><img src='https:\/\/snuipp86.fr\/wp-content\/spip\/IMG\/jpg\/Promo_hors_classe_L.jpg' width='520' height='347' alt='JPEG - 32.6 ko' style='height:347px;width:520px;' class='' \/><\/dt>\n<dt class='spip_doc_titre' style='width:350px;'><strong>Promo hors classe_L<\/strong><\/dt>\n<\/dl>\n<p class=\"spip\"><img decoding=\"async\" src=\"https:\/\/snuipp86.fr\/wp-content\/spip\/cache-vignettes\/L8xH11\/puce-68c92.gif\" width='8' height='11' alt=\"-\" style='height:11px;width:8px;' class='' \/> <strong class=\"spip\">Un nombre de Hors Classe en augmentation : + 9%<\/strong><\/p>\n<p class=\"spip\">Le nombre de promu-e-s \u00e0 la Hors Classe 2018 est en augmentation dans notre d\u00e9partement : 79 contre 72 en 2017. +9% sur l&rsquo;acad\u00e9mie.<\/p>\n<p class=\"spip\">Cela est une des cons\u00e9quences positives des accords PPCR qui ont amen\u00e9 le SNUipp-FSU \u00e0 le signer. Ce nombre devrait augmenter chaque ann\u00e9e pour arriver au taux en vigueur dans le 2nd degr\u00e9. Le SNUipp-FSU continue de demander que l&rsquo;avancement soit d\u00e9connect\u00e9 de l&rsquo;\u00e9valuation et des fonctions exerc\u00e9es. Il revendique une refonte compl\u00e8te de la grille permettant d&rsquo;atteindre l&rsquo;indice 1 000 en fin de carri\u00e8re. De fa\u00e7on transitoire, pour \u00e9viter tout blocage de grade, le SNUipp-FSU revendique un passage automatique, et hors contingent, \u00e0 la hors-classe intervenant au plus tard lorsqu&rsquo;une anciennet\u00e9 de 3 ans est acquise dans l&rsquo;\u00e9chelon 11. Pour le SNUipp-FSU, aucun PE avec une carri\u00e8re compl\u00e8te ne doit partir \u00e0 la retraite sans acc\u00e9der \u00e0 la hors-classe.<\/p>\n<p class=\"spip\"><img decoding=\"async\" src=\"https:\/\/snuipp86.fr\/wp-content\/spip\/cache-vignettes\/L8xH11\/puce-68c92.gif\" width='8' height='11' alt=\"-\" style='height:11px;width:8px;' class='' \/> <strong class=\"spip\"> Les r\u00e9sultats 2018<\/strong><\/p>\n<p class=\"spip\">Pour cette promotion 2018 il y a 610 coll\u00e8gues promouvables. Pour faire partie des 79 promu-e-s, il fallait avoir un bar\u00e8me minimum de 170 pts. Pour conna\u00eetre votre bar\u00e8me, contactez le SNUipp-FSU 86.<\/p>\n<p class=\"spip\">L&rsquo;IA a d\u00e9partag\u00e9 les ex aequo \u00e0 170 pts ainsi par l&rsquo;anciennet\u00e9 dans le corps des PE.<br \/>\nLe SNUipp-FSU 86 s&rsquo;est oppos\u00e9 \u00e0 ce choix de tri ! Reconna\u00eetre l&rsquo;anciennet\u00e9 uniquement dans le corps des PE c&rsquo;est, encore une fois, p\u00e9naliser les ex-instits !<br \/>\nL&rsquo;IA a entendu l&rsquo;argumentaire du SNUipp-FSU et il a demand\u00e9 \u00e0 l&rsquo;administration de refaire les listes de classement en mettant pour les \u00e9galit\u00e9s de bar\u00e8me, l&rsquo;AGS totale et non uniquement celle en tant que PE. Suite \u00e0 ce rectificatif obtenu par le SNUipp-FSU, la 79\u00e8me nomm\u00e9e a donc un bar\u00e8me de 170 pts et plus de 26 ans d&rsquo;anciennet\u00e9.<\/p>\n<p class=\"spip\"><img decoding=\"async\" src=\"https:\/\/snuipp86.fr\/wp-content\/spip\/cache-vignettes\/L8xH11\/puce-68c92.gif\" width='8' height='11' alt=\"-\" style='height:11px;width:8px;' class='' \/> <strong class=\"spip\">Le SNUipp-FSU a d\u00e9nonc\u00e9 la fa\u00e7on dont les avis des IEN ont \u00e9t\u00e9 donn\u00e9s !<\/strong><\/p>\n<p class=\"spip\">Cette ann\u00e9e est ann\u00e9e transitoire pour la mise en place du nouveau passage \u00e0 la Hors Classe. L&rsquo;ann\u00e9e prochaine, les avis seront issus des entretiens de carri\u00e8re que les coll\u00e8gues ont pass\u00e9 en 2017\/2018. Cette ann\u00e9e, les avis des IEN ont \u00e9t\u00e9 rendus en regardant le dossier iprof des coll\u00e8gues &#8230;.<\/p>\n<ul class=\"spip\">\n<li class=\"spip\"> 13 avis \u00a0\u00bb \u00e0 consolider \u00ab\u00a0<\/li>\n<li class=\"spip\"> 312 avis \u00a0\u00bb satisfaisant \u00ab\u00a0<\/li>\n<li class=\"spip\"> 285 avis \u00a0\u00bb tr\u00e8s satisfaisant \u00a0\u00bb dont 142 sont devenus \u00a0\u00bb excellent \u00ab\u00a0<\/li>\n<\/ul>\n<p class=\"spip\">Lors de la CAPD du 28 mai, le SNUIpp-FSU a d\u00e9montr\u00e9 \u00e0 l&rsquo;IA qu&rsquo;une partie importante des avis donn\u00e9s par les IEN sur les coll\u00e8gues n&rsquo;\u00e9tait pas fond\u00e9e : coll\u00e8gues jamais rencontr\u00e9-e-s, \u00e9tude du dossier pas \u00e0 jour, note datant de plus de 6 ans non r\u00e9actualis\u00e9e, aucune coh\u00e9rence d&rsquo;avis entre les circos, IEN ne connaissant pas les textes &#8230; Ce qui n&rsquo;\u00e9tait pas sans cons\u00e9quence, puisque l&rsquo;avis de l&rsquo;IA qui s&rsquo;appuie sur l&rsquo;avis de l&rsquo;IEN, resterait de fa\u00e7on p\u00e9renne pour les autres campagnes \u00e0 la Hors classe, sans possibilit\u00e9 de r\u00e9ajustement contrairement \u00e0 ce que demande le SNUipp-FSU.<\/p>\n<p class=\"spip\"><img decoding=\"async\" src=\"https:\/\/snuipp86.fr\/wp-content\/spip\/cache-vignettes\/L8xH11\/puce-68c92.gif\" width='8' height='11' alt=\"-\" style='height:11px;width:8px;' class='' \/> <strong class=\"spip\">L&rsquo;IA entend le SNUipp-FSU et transforme les avis \u00a0\u00bb satisfaisant \u00a0\u00bb en \u00a0\u00bb tr\u00e8s satisfaisant \u00ab\u00a0<\/strong><\/p>\n<p class=\"spip\">Au regard des arguments du SNUipp-FSU, l&rsquo;IA a donc d\u00e9cid\u00e9 de suspendre ses d\u00e9cisions pour transformer les avis des IEN \u00a0\u00bb satisfaisant \u00a0\u00bb en \u00a0\u00bb tr\u00e8s satisfaisant\u00a0\u00bb. Le SNUipp-FSU 86 se f\u00e9licite de cette \u00e9volution. Un nouveau tableau de classement a \u00e9t\u00e9 pr\u00e9sent\u00e9 ce lundi. Cependant, l&rsquo;IA n&rsquo;a pas voulu modifier les 13 avis \u00ab\u00a0\u00e0 consolider\u00a0\u00bb car il consid\u00e8re que les IEN connaissent bien ces coll\u00e8gues.<\/p>\n<ul class=\"spip\">\n<li class=\"spip\"> 13 avis \u00a0\u00bb \u00e0 consolider \u00ab\u00a0<\/li>\n<li class=\"spip\"> 597 avis \u00a0\u00bb tr\u00e8s satisfaisant \u00a0\u00bb dont 142 sont devenus \u00a0\u00bb excellent \u00ab\u00a0<\/li>\n<\/ul>\n<p class=\"spip\"><img decoding=\"async\" src=\"https:\/\/snuipp86.fr\/wp-content\/spip\/cache-vignettes\/L8xH11\/puce-68c92.gif\" width='8' height='11' alt=\"-\" style='height:11px;width:8px;' class='' \/> <strong class=\"spip\">Le SNUipp-FSU 86 a d\u00e9nonc\u00e9 la construction de l&rsquo;avis \u00a0\u00bb Excellent \u00a0\u00bb par l&rsquo;IA<\/strong><\/p>\n<p class=\"spip\">L&rsquo;IA a expliqu\u00e9 en CAPD , la mani\u00e8re dont il avait donn\u00e9 environ 142 avis \u00ab\u00a0excellent\u00a0\u00bb choisi-e-s parmi les 285 coll\u00e8gues qui ont eu un avis \u00ab\u00a0tr\u00e8s satisfaisant\u00a0\u00bb par leur IEN :<\/p>\n<p class=\"spip\"><img decoding=\"async\" src=\"https:\/\/snuipp86.fr\/wp-content\/spip\/cache-vignettes\/L8xH11\/puce-68c92.gif\" width='8' height='11' alt=\"-\" style='height:11px;width:8px;' class='' \/> il a choisi des coll\u00e8gues retraitables : dossier de retraite d\u00e9pos\u00e9 ou plus de 60 ans &#8230; cela repr\u00e9sente entre 5 et 10 coll\u00e8gues qui avaient un avis tr\u00e8s satisfaisant. C&rsquo;\u00e9tait en partie la demande du SNUipp-FSU qui demande la promotion de tous les coll\u00e8gues retraitables, et cela peut importe l&rsquo;avis de l&rsquo;IEN, pour leur permettre de partir avec une meilleure pension. <br \/><img decoding=\"async\" src=\"https:\/\/snuipp86.fr\/wp-content\/spip\/cache-vignettes\/L8xH11\/puce-68c92.gif\" width='8' height='11' alt=\"-\" style='height:11px;width:8px;' class='' \/> il a tri\u00e9 ensuite les 280 coll\u00e8gues \u00ab\u00a0tr\u00e8s satisfaisant\u00a0\u00bb par leur note. Il a mis avis \u00ab\u00a0excellent\u00a0\u00bb pour tous ceux\/celles qui ont plus de 17,5 et pour ceux\/celles qui ont eu 17,5, il les a d\u00e9partag\u00e9 en fonction de l&rsquo;anciennet\u00e9 dans le corps des PE.<\/p>\n<p class=\"spip\">En conclusion : Le SNUipp-FSU 86 a d\u00e9nonc\u00e9 cette derni\u00e8re proc\u00e9dure qui a \u00e9t\u00e9 construite sans consultation des \u00e9lu-e-s du personnel. En effet, s&rsquo;appuyer sur la note, en plus non r\u00e9actualis\u00e9e au regard des retards d&rsquo;inspection, est une aberration puisque l&rsquo; \u00a0\u00bb avis \u00a0\u00bb a \u00e9t\u00e9 instaur\u00e9 justement \u00e0 cause du manque de sens de la note. Concernant, l&rsquo;anciennet\u00e9 dans le corps des PE, c&rsquo;est une discrimination contre les ex-instits et le SNUipp-FSU a demand\u00e9 \u00e0 l&rsquo;IA de prendre en compte l&rsquo;AGS totale.<\/p>\n<dl class='spip_document_3448 spip_documents spip_documents_center' >\n<dt><img src='https:\/\/snuipp86.fr\/wp-content\/spip\/cache-vignettes\/L300xH277\/representants-9-05170.jpg' width='300' height='277' alt='JPEG - 16.4 ko' style='height:277px;width:300px;' class='' \/><\/dt>\n<dt class='spip_doc_titre' style='width:300px;'><strong>repr\u00e9sentants<\/strong><\/dt>\n<\/dl>\n<p class=\"spip\"><i class=\"spip\"><\/p>\n<h3 class=\"spip\" id=\"outil_sommaire_4\"><a title=\"Sommaire\" href=\"http:\/\/86.snuipp.fr\/spip.php?page=backend#outil_sommaire\" class=\"sommaire_ancre\"> <\/a>Vos repr\u00e9sentant-e-s du personnel<br \/>\nSt\u00e9phanie Barrau, Fr\u00e9d\u00e9ric Gautreau, Fabienne La\u00een\u00e9, Matthieu Menaut , Gilles Tabourdeau<\/h3>\n<p class=\"spip\"><\/i><\/p>\n<\/div>\n","protected":false},"excerpt":{"rendered":"<p>CAPD du 4 juin <br \/>Mouvement : nominations interm\u00e9diaires, calendrier 2nde phase, postes PES <br \/>Hors classe 2018 : 79 promu-e-s <br \/>Pr\u00e9sent-e-s : M. Claverie (IA), M. Artaud (IENA), M. Monlun (SG), Mme Picardat et Mme Bobin (DPE5), IEN (Ch\u00e2tellerault, Montmorillon, Poitiers Est, Poitiers Nord ) , 5 SNUipp-FSU 86 et 2 Unsa <br \/>Prochaine CAPD : 14 juin &#8211; passage \u00e0 la classe exceptionnelle 2018 <br \/>Note d&rsquo;ambiance : une CAPD qui a \u00e9t\u00e9 suspendue une heure, car l&rsquo;administration n&rsquo;avait pas communiqu\u00e9 les (&#8230;)<br \/>\n&#8211;<br \/>\n<a href=\"http:\/\/86.snuipp.fr\/spip.php?rubrique79\" rel=\"directory\">CAPD : Compte-Rendu et D\u00e9clarations du SNUipp<\/a><br \/>\n\/<br \/>\n<a href=\"http:\/\/86.snuipp.fr\/spip.php?mot296\" rel=\"tag\">CAPD<\/a><\/p>\n","protected":false},"author":1,"featured_media":0,"comment_status":"open","ping_status":"open","sticky":false,"template":"","format":"standard","meta":{"footnotes":""},"categories":[14],"tags":[],"class_list":["post-149","post","type-post","status-publish","format-standard","hentry","category-a-la-une"],"yoast_head":"<!-- This site is optimized with the Yoast SEO plugin v26.6 - https:\/\/yoast.com\/wordpress\/plugins\/seo\/ -->\n<title>CAPD du 4 juin : mouvement, Hors classe 2018, PES ... - FSU-SNUipp 86<\/title>\n<meta name=\"robots\" content=\"index, follow, max-snippet:-1, max-image-preview:large, max-video-preview:-1\" \/>\n<link rel=\"canonical\" href=\"https:\/\/snuipp86.fr\/index.php\/2018\/06\/04\/capd-du-4-juin-mouvement-hors-classe-2018-pes\/\" \/>\n<meta property=\"og:locale\" content=\"fr_FR\" \/>\n<meta property=\"og:type\" content=\"article\" \/>\n<meta property=\"og:title\" content=\"CAPD du 4 juin : mouvement, Hors classe 2018, PES ... - FSU-SNUipp 86\" \/>\n<meta property=\"og:description\" content=\"CAPD du 4 juin Mouvement : nominations interm\u00e9diaires, calendrier 2nde phase, postes PES Hors classe 2018 : 79 promu-e-s Pr\u00e9sent-e-s : M. Claverie (IA), M. Artaud (IENA), M. Monlun (SG), Mme Picardat et Mme Bobin (DPE5), IEN (Ch\u00e2tellerault, Montmorillon, Poitiers Est, Poitiers Nord ) , 5 SNUipp-FSU 86 et 2 Unsa Prochaine CAPD : 14 juin - passage \u00e0 la classe exceptionnelle 2018 Note d&#039;ambiance : une CAPD qui a \u00e9t\u00e9 suspendue une heure, car l&#039;administration n&#039;avait pas communiqu\u00e9 les (...) - CAPD : Compte-Rendu et D\u00e9clarations du SNUipp \/ CAPD\" \/>\n<meta property=\"og:url\" content=\"https:\/\/snuipp86.fr\/index.php\/2018\/06\/04\/capd-du-4-juin-mouvement-hors-classe-2018-pes\/\" \/>\n<meta property=\"og:site_name\" content=\"FSU-SNUipp 86\" \/>\n<meta property=\"article:published_time\" content=\"2018-06-04T14:07:15+00:00\" \/>\n<meta property=\"og:image\" content=\"http:\/\/snuipp86.fr\/wp-content\/spip\/IMG\/arton3950.jpg\" \/>\n<meta name=\"author\" content=\"WP86Admin\" \/>\n<meta name=\"twitter:card\" content=\"summary_large_image\" \/>\n<meta name=\"twitter:label1\" content=\"\u00c9crit par\" \/>\n\t<meta name=\"twitter:data1\" content=\"WP86Admin\" \/>\n\t<meta name=\"twitter:label2\" content=\"Dur\u00e9e de lecture estim\u00e9e\" \/>\n\t<meta name=\"twitter:data2\" content=\"6 minutes\" \/>\n<script type=\"application\/ld+json\" class=\"yoast-schema-graph\">{\"@context\":\"https:\/\/schema.org\",\"@graph\":[{\"@type\":\"WebPage\",\"@id\":\"https:\/\/snuipp86.fr\/index.php\/2018\/06\/04\/capd-du-4-juin-mouvement-hors-classe-2018-pes\/\",\"url\":\"https:\/\/snuipp86.fr\/index.php\/2018\/06\/04\/capd-du-4-juin-mouvement-hors-classe-2018-pes\/\",\"name\":\"CAPD du 4 juin : mouvement, Hors classe 2018, PES ... - FSU-SNUipp 86\",\"isPartOf\":{\"@id\":\"https:\/\/snuipp86.fr\/#website\"},\"primaryImageOfPage\":{\"@id\":\"https:\/\/snuipp86.fr\/index.php\/2018\/06\/04\/capd-du-4-juin-mouvement-hors-classe-2018-pes\/#primaryimage\"},\"image\":{\"@id\":\"https:\/\/snuipp86.fr\/index.php\/2018\/06\/04\/capd-du-4-juin-mouvement-hors-classe-2018-pes\/#primaryimage\"},\"thumbnailUrl\":\"http:\/\/snuipp86.fr\/wp-content\/spip\/IMG\/arton3950.jpg\",\"datePublished\":\"2018-06-04T14:07:15+00:00\",\"author\":{\"@id\":\"https:\/\/snuipp86.fr\/#\/schema\/person\/901b28b9ae1c7a63a6a940102e52a7a2\"},\"breadcrumb\":{\"@id\":\"https:\/\/snuipp86.fr\/index.php\/2018\/06\/04\/capd-du-4-juin-mouvement-hors-classe-2018-pes\/#breadcrumb\"},\"inLanguage\":\"fr-FR\",\"potentialAction\":[{\"@type\":\"ReadAction\",\"target\":[\"https:\/\/snuipp86.fr\/index.php\/2018\/06\/04\/capd-du-4-juin-mouvement-hors-classe-2018-pes\/\"]}]},{\"@type\":\"ImageObject\",\"inLanguage\":\"fr-FR\",\"@id\":\"https:\/\/snuipp86.fr\/index.php\/2018\/06\/04\/capd-du-4-juin-mouvement-hors-classe-2018-pes\/#primaryimage\",\"url\":\"http:\/\/snuipp86.fr\/wp-content\/spip\/IMG\/arton3950.jpg\",\"contentUrl\":\"http:\/\/snuipp86.fr\/wp-content\/spip\/IMG\/arton3950.jpg\"},{\"@type\":\"BreadcrumbList\",\"@id\":\"https:\/\/snuipp86.fr\/index.php\/2018\/06\/04\/capd-du-4-juin-mouvement-hors-classe-2018-pes\/#breadcrumb\",\"itemListElement\":[{\"@type\":\"ListItem\",\"position\":1,\"name\":\"Accueil\",\"item\":\"https:\/\/snuipp86.fr\/\"},{\"@type\":\"ListItem\",\"position\":2,\"name\":\"CAPD du 4 juin : mouvement, Hors classe 2018, PES &#8230;\"}]},{\"@type\":\"WebSite\",\"@id\":\"https:\/\/snuipp86.fr\/#website\",\"url\":\"https:\/\/snuipp86.fr\/\",\"name\":\"FSU-SNUipp 86\",\"description\":\"Des id\u00e9es qui font l&#039;\u00e9cole\",\"potentialAction\":[{\"@type\":\"SearchAction\",\"target\":{\"@type\":\"EntryPoint\",\"urlTemplate\":\"https:\/\/snuipp86.fr\/?s={search_term_string}\"},\"query-input\":{\"@type\":\"PropertyValueSpecification\",\"valueRequired\":true,\"valueName\":\"search_term_string\"}}],\"inLanguage\":\"fr-FR\"},{\"@type\":\"Person\",\"@id\":\"https:\/\/snuipp86.fr\/#\/schema\/person\/901b28b9ae1c7a63a6a940102e52a7a2\",\"name\":\"WP86Admin\",\"image\":{\"@type\":\"ImageObject\",\"inLanguage\":\"fr-FR\",\"@id\":\"https:\/\/snuipp86.fr\/#\/schema\/person\/image\/\",\"url\":\"https:\/\/secure.gravatar.com\/avatar\/0099845c7ec05dc10d777d8ab4f5142c5ba316283821af2459738ad469a37a1a?s=96&d=mm&r=g\",\"contentUrl\":\"https:\/\/secure.gravatar.com\/avatar\/0099845c7ec05dc10d777d8ab4f5142c5ba316283821af2459738ad469a37a1a?s=96&d=mm&r=g\",\"caption\":\"WP86Admin\"},\"url\":\"https:\/\/snuipp86.fr\/index.php\/author\/wp86admin\/\"}]}<\/script>\n<!-- \/ Yoast SEO plugin. -->","yoast_head_json":{"title":"CAPD du 4 juin : mouvement, Hors classe 2018, PES ... - FSU-SNUipp 86","robots":{"index":"index","follow":"follow","max-snippet":"max-snippet:-1","max-image-preview":"max-image-preview:large","max-video-preview":"max-video-preview:-1"},"canonical":"https:\/\/snuipp86.fr\/index.php\/2018\/06\/04\/capd-du-4-juin-mouvement-hors-classe-2018-pes\/","og_locale":"fr_FR","og_type":"article","og_title":"CAPD du 4 juin : mouvement, Hors classe 2018, PES ... - FSU-SNUipp 86","og_description":"CAPD du 4 juin Mouvement : nominations interm\u00e9diaires, calendrier 2nde phase, postes PES Hors classe 2018 : 79 promu-e-s Pr\u00e9sent-e-s : M. Claverie (IA), M. Artaud (IENA), M. Monlun (SG), Mme Picardat et Mme Bobin (DPE5), IEN (Ch\u00e2tellerault, Montmorillon, Poitiers Est, Poitiers Nord ) , 5 SNUipp-FSU 86 et 2 Unsa Prochaine CAPD : 14 juin - passage \u00e0 la classe exceptionnelle 2018 Note d'ambiance : une CAPD qui a \u00e9t\u00e9 suspendue une heure, car l'administration n'avait pas communiqu\u00e9 les (...) - CAPD : Compte-Rendu et D\u00e9clarations du SNUipp \/ CAPD","og_url":"https:\/\/snuipp86.fr\/index.php\/2018\/06\/04\/capd-du-4-juin-mouvement-hors-classe-2018-pes\/","og_site_name":"FSU-SNUipp 86","article_published_time":"2018-06-04T14:07:15+00:00","og_image":[{"url":"http:\/\/snuipp86.fr\/wp-content\/spip\/IMG\/arton3950.jpg","type":"","width":"","height":""}],"author":"WP86Admin","twitter_card":"summary_large_image","twitter_misc":{"\u00c9crit par":"WP86Admin","Dur\u00e9e de lecture estim\u00e9e":"6 minutes"},"schema":{"@context":"https:\/\/schema.org","@graph":[{"@type":"WebPage","@id":"https:\/\/snuipp86.fr\/index.php\/2018\/06\/04\/capd-du-4-juin-mouvement-hors-classe-2018-pes\/","url":"https:\/\/snuipp86.fr\/index.php\/2018\/06\/04\/capd-du-4-juin-mouvement-hors-classe-2018-pes\/","name":"CAPD du 4 juin : mouvement, Hors classe 2018, PES ... - FSU-SNUipp 86","isPartOf":{"@id":"https:\/\/snuipp86.fr\/#website"},"primaryImageOfPage":{"@id":"https:\/\/snuipp86.fr\/index.php\/2018\/06\/04\/capd-du-4-juin-mouvement-hors-classe-2018-pes\/#primaryimage"},"image":{"@id":"https:\/\/snuipp86.fr\/index.php\/2018\/06\/04\/capd-du-4-juin-mouvement-hors-classe-2018-pes\/#primaryimage"},"thumbnailUrl":"http:\/\/snuipp86.fr\/wp-content\/spip\/IMG\/arton3950.jpg","datePublished":"2018-06-04T14:07:15+00:00","author":{"@id":"https:\/\/snuipp86.fr\/#\/schema\/person\/901b28b9ae1c7a63a6a940102e52a7a2"},"breadcrumb":{"@id":"https:\/\/snuipp86.fr\/index.php\/2018\/06\/04\/capd-du-4-juin-mouvement-hors-classe-2018-pes\/#breadcrumb"},"inLanguage":"fr-FR","potentialAction":[{"@type":"ReadAction","target":["https:\/\/snuipp86.fr\/index.php\/2018\/06\/04\/capd-du-4-juin-mouvement-hors-classe-2018-pes\/"]}]},{"@type":"ImageObject","inLanguage":"fr-FR","@id":"https:\/\/snuipp86.fr\/index.php\/2018\/06\/04\/capd-du-4-juin-mouvement-hors-classe-2018-pes\/#primaryimage","url":"http:\/\/snuipp86.fr\/wp-content\/spip\/IMG\/arton3950.jpg","contentUrl":"http:\/\/snuipp86.fr\/wp-content\/spip\/IMG\/arton3950.jpg"},{"@type":"BreadcrumbList","@id":"https:\/\/snuipp86.fr\/index.php\/2018\/06\/04\/capd-du-4-juin-mouvement-hors-classe-2018-pes\/#breadcrumb","itemListElement":[{"@type":"ListItem","position":1,"name":"Accueil","item":"https:\/\/snuipp86.fr\/"},{"@type":"ListItem","position":2,"name":"CAPD du 4 juin : mouvement, Hors classe 2018, PES &#8230;"}]},{"@type":"WebSite","@id":"https:\/\/snuipp86.fr\/#website","url":"https:\/\/snuipp86.fr\/","name":"FSU-SNUipp 86","description":"Des id\u00e9es qui font l&#039;\u00e9cole","potentialAction":[{"@type":"SearchAction","target":{"@type":"EntryPoint","urlTemplate":"https:\/\/snuipp86.fr\/?s={search_term_string}"},"query-input":{"@type":"PropertyValueSpecification","valueRequired":true,"valueName":"search_term_string"}}],"inLanguage":"fr-FR"},{"@type":"Person","@id":"https:\/\/snuipp86.fr\/#\/schema\/person\/901b28b9ae1c7a63a6a940102e52a7a2","name":"WP86Admin","image":{"@type":"ImageObject","inLanguage":"fr-FR","@id":"https:\/\/snuipp86.fr\/#\/schema\/person\/image\/","url":"https:\/\/secure.gravatar.com\/avatar\/0099845c7ec05dc10d777d8ab4f5142c5ba316283821af2459738ad469a37a1a?s=96&d=mm&r=g","contentUrl":"https:\/\/secure.gravatar.com\/avatar\/0099845c7ec05dc10d777d8ab4f5142c5ba316283821af2459738ad469a37a1a?s=96&d=mm&r=g","caption":"WP86Admin"},"url":"https:\/\/snuipp86.fr\/index.php\/author\/wp86admin\/"}]}},"_links":{"self":[{"href":"https:\/\/snuipp86.fr\/index.php\/wp-json\/wp\/v2\/posts\/149","targetHints":{"allow":["GET"]}}],"collection":[{"href":"https:\/\/snuipp86.fr\/index.php\/wp-json\/wp\/v2\/posts"}],"about":[{"href":"https:\/\/snuipp86.fr\/index.php\/wp-json\/wp\/v2\/types\/post"}],"author":[{"embeddable":true,"href":"https:\/\/snuipp86.fr\/index.php\/wp-json\/wp\/v2\/users\/1"}],"replies":[{"embeddable":true,"href":"https:\/\/snuipp86.fr\/index.php\/wp-json\/wp\/v2\/comments?post=149"}],"version-history":[{"count":0,"href":"https:\/\/snuipp86.fr\/index.php\/wp-json\/wp\/v2\/posts\/149\/revisions"}],"wp:attachment":[{"href":"https:\/\/snuipp86.fr\/index.php\/wp-json\/wp\/v2\/media?parent=149"}],"wp:term":[{"taxonomy":"category","embeddable":true,"href":"https:\/\/snuipp86.fr\/index.php\/wp-json\/wp\/v2\/categories?post=149"},{"taxonomy":"post_tag","embeddable":true,"href":"https:\/\/snuipp86.fr\/index.php\/wp-json\/wp\/v2\/tags?post=149"}],"curies":[{"name":"wp","href":"https:\/\/api.w.org\/{rel}","templated":true}]}}