{"id":15,"date":"2019-07-09T15:06:22","date_gmt":"2019-07-09T13:06:22","guid":{"rendered":"http:\/\/localhost\/wordpress\/2019\/07\/09\/9-juillet-suite-des-nominations\/"},"modified":"2019-09-23T14:43:32","modified_gmt":"2019-09-23T12:43:32","slug":"9-juillet-suite-des-nominations","status":"publish","type":"post","link":"https:\/\/snuipp86.fr\/index.php\/2019\/07\/09\/9-juillet-suite-des-nominations\/","title":{"rendered":"9 juillet : suite des nominations"},"content":{"rendered":"<p><img decoding=\"async\" src=\"https:\/\/snuipp86.fr\/wp-content\/spip\/IMG\/arton4349.jpg\" alt=\"\" align=\"right\" width=\"234\" height=\"216\" class=\"spip_logos\" \/><\/p>\n<div class='rss_texte'>\n<h3 class=\"spip\">\nCAPD termin\u00e9e &#8230;. mais pas les nominations !<\/h3>\n<p class=\"spip\">L&rsquo;IA arr\u00eate la CAPD \u00e0 16h47 &#8230; aucune nomination d&rsquo;office n&rsquo;a \u00e9t\u00e9 effectu\u00e9e hormis sur des directions d&rsquo;\u00e9cole ! L&rsquo;IA annonce suite des nominations fin ao\u00fbt.<\/p>\n<p class=\"spip\">Seulement des PA , des coll\u00e8gues en annexe 2, des titulaires renomm\u00e9-es , des compl\u00e9ments de poste fractionn\u00e9s \u00e0 TD ont eu des nominations. Pr\u00e8s de 150 coll\u00e8gues resteront sans poste d&rsquo;ici fin ao\u00fbt et donc autant de postes restent vacants &#8230;<\/p>\n<p class=\"spip\">les nominations :<\/p>\n<p class=\"spip\">par coll\u00e8gues et ordre alphab\u00e9tique<\/p>\n<dl class='spip_document_4006 spip_documents spip_documents_center' >\n<dt><a href=\"https:\/\/snuipp86.fr\/wp-content\/spip\/IMG\/pdf\/Nominations_alpha_site_9_juillet_2019.pdf\" title='PDF - 425.6 ko' type=\"application\/pdf\"><img src='https:\/\/snuipp86.fr\/wp-content\/spip\/cache-vignettes\/L52xH52\/pdf-d7486.png' width='52' height='52' alt='PDF - 425.6 ko' style='height:52px;width:52px;' class=' format_png' \/><\/a><\/dt>\n<dt class='spip_doc_titre' style='width:120px;'><strong>Nominations alpha site 9 juillet 2019<\/strong><\/dt>\n<\/dl>\n<p class=\"spip\">par \u00e9coles<\/p>\n<dl class='spip_document_4005 spip_documents spip_documents_center' >\n<dt><a href=\"https:\/\/snuipp86.fr\/wp-content\/spip\/IMG\/pdf\/Nominations_geo_site_9_juillet_2019.pdf\" title='PDF - 425.1 ko' type=\"application\/pdf\"><img src='https:\/\/snuipp86.fr\/wp-content\/spip\/cache-vignettes\/L52xH52\/pdf-d7486.png' width='52' height='52' alt='PDF - 425.1 ko' style='height:52px;width:52px;' class=' format_png' \/><\/a><\/dt>\n<dt class='spip_doc_titre' style='width:120px;'><strong>Nominations g\u00e9o site 9 juillet 2019<\/strong><\/dt>\n<\/dl>\n<p class=\"spip\">Le Snuipp Fsu Vienne d\u00e9nonce cette situation. Le minist\u00e8re n&rsquo;a pas voulu \u00e9couter les alertes du SNUIpp-FSU sur les conditions de mise en place du mouvement cette ann\u00e9e, et ce sont les \u00e9l\u00e8ves et les enseignant-es qui payent le prix des choix d&rsquo;un ministre sourd et autoritaire.<\/p>\n<p class=\"spip\"><strong class=\"spip\">retrouvez les nominations<\/strong> :<\/p>\n<p class=\"spip\"><img decoding=\"async\" src=\"https:\/\/snuipp86.fr\/wp-content\/spip\/cache-vignettes\/L8xH11\/puce-68c92.gif\" width='8' height='11' alt=\"-\" style='height:11px;width:8px;' class='' \/> du 4 juillet : <a href=\"http:\/\/86.snuipp.fr\/spip.php?article4348\" class=\"spip_out\">http:\/\/86.snuipp.fr\/spip.php ?article4348<\/a><\/p>\n<p class=\"spip\"><img decoding=\"async\" src=\"https:\/\/snuipp86.fr\/wp-content\/spip\/cache-vignettes\/L8xH11\/puce-68c92.gif\" width='8' height='11' alt=\"-\" style='height:11px;width:8px;' class='' \/> du 24 juin : <a href=\"http:\/\/86.snuipp.fr\/spip.php?article4345\" class=\"spip_out\">http:\/\/86.snuipp.fr\/spip.php ?article4345<\/a><\/p>\n<\/div>\n","protected":false},"excerpt":{"rendered":"<p>CAPD termin\u00e9e &#8230;. mais pas les nominations ! <br \/>L&rsquo;IA arr\u00eate la CAPD \u00e0 16h47 &#8230; aucune nomination d&rsquo;office n&rsquo;a \u00e9t\u00e9 effectu\u00e9e hormis sur des directions d&rsquo;\u00e9cole ! L&rsquo;IA annonce suite des nominations fin ao\u00fbt. <br \/>Seulement des PA , des coll\u00e8gues en annexe 2, des titulaires renomm\u00e9-es , des compl\u00e9ments de poste fractionn\u00e9s \u00e0 TD ont eu des nominations. Pr\u00e8s de 150 coll\u00e8gues resteront sans poste d&rsquo;ici fin ao\u00fbt et donc autant de postes restent vacants &#8230; <br \/>les nominations : <br \/>par coll\u00e8gues et ordre (&#8230;)<br \/>\n&#8211;<br \/>\n<a href=\"http:\/\/86.snuipp.fr\/spip.php?rubrique117\" rel=\"directory\">Mouvement des personnels &#8211; <\/a><br \/>\n\/<br \/>\n<a href=\"http:\/\/86.snuipp.fr\/spip.php?mot296\" rel=\"tag\">CAPD<\/a><\/p>\n","protected":false},"author":1,"featured_media":0,"comment_status":"open","ping_status":"open","sticky":false,"template":"","format":"standard","meta":{"footnotes":""},"categories":[14],"tags":[3],"class_list":["post-15","post","type-post","status-publish","format-standard","hentry","category-a-la-une","tag-capd"],"yoast_head":"<!-- This site is optimized with the Yoast SEO plugin v26.6 - https:\/\/yoast.com\/wordpress\/plugins\/seo\/ -->\n<title>9 juillet : suite des nominations - FSU-SNUipp 86<\/title>\n<meta name=\"robots\" content=\"index, follow, max-snippet:-1, max-image-preview:large, max-video-preview:-1\" \/>\n<link rel=\"canonical\" href=\"https:\/\/snuipp86.fr\/index.php\/2019\/07\/09\/9-juillet-suite-des-nominations\/\" \/>\n<meta property=\"og:locale\" content=\"fr_FR\" \/>\n<meta property=\"og:type\" content=\"article\" \/>\n<meta property=\"og:title\" content=\"9 juillet : suite des nominations - FSU-SNUipp 86\" \/>\n<meta property=\"og:description\" content=\"CAPD termin\u00e9e .... mais pas les nominations ! L&#039;IA arr\u00eate la CAPD \u00e0 16h47 ... aucune nomination d&#039;office n&#039;a \u00e9t\u00e9 effectu\u00e9e hormis sur des directions d&#039;\u00e9cole ! L&#039;IA annonce suite des nominations fin ao\u00fbt. Seulement des PA , des coll\u00e8gues en annexe 2, des titulaires renomm\u00e9-es , des compl\u00e9ments de poste fractionn\u00e9s \u00e0 TD ont eu des nominations. Pr\u00e8s de 150 coll\u00e8gues resteront sans poste d&#039;ici fin ao\u00fbt et donc autant de postes restent vacants ... les nominations : par coll\u00e8gues et ordre (...) - Mouvement des personnels - \/ CAPD\" \/>\n<meta property=\"og:url\" content=\"https:\/\/snuipp86.fr\/index.php\/2019\/07\/09\/9-juillet-suite-des-nominations\/\" \/>\n<meta property=\"og:site_name\" content=\"FSU-SNUipp 86\" \/>\n<meta property=\"article:published_time\" content=\"2019-07-09T13:06:22+00:00\" \/>\n<meta property=\"article:modified_time\" content=\"2019-09-23T12:43:32+00:00\" \/>\n<meta property=\"og:image\" content=\"http:\/\/snuipp86.fr\/wp-content\/spip\/IMG\/arton4349.jpg\" \/>\n<meta name=\"author\" content=\"WP86Admin\" \/>\n<meta name=\"twitter:card\" content=\"summary_large_image\" \/>\n<meta name=\"twitter:label1\" content=\"\u00c9crit par\" \/>\n\t<meta name=\"twitter:data1\" content=\"WP86Admin\" \/>\n\t<meta name=\"twitter:label2\" content=\"Dur\u00e9e de lecture estim\u00e9e\" \/>\n\t<meta name=\"twitter:data2\" content=\"1 minute\" \/>\n<script type=\"application\/ld+json\" class=\"yoast-schema-graph\">{\"@context\":\"https:\/\/schema.org\",\"@graph\":[{\"@type\":\"WebPage\",\"@id\":\"https:\/\/snuipp86.fr\/index.php\/2019\/07\/09\/9-juillet-suite-des-nominations\/\",\"url\":\"https:\/\/snuipp86.fr\/index.php\/2019\/07\/09\/9-juillet-suite-des-nominations\/\",\"name\":\"9 juillet : suite des nominations - FSU-SNUipp 86\",\"isPartOf\":{\"@id\":\"https:\/\/snuipp86.fr\/#website\"},\"primaryImageOfPage\":{\"@id\":\"https:\/\/snuipp86.fr\/index.php\/2019\/07\/09\/9-juillet-suite-des-nominations\/#primaryimage\"},\"image\":{\"@id\":\"https:\/\/snuipp86.fr\/index.php\/2019\/07\/09\/9-juillet-suite-des-nominations\/#primaryimage\"},\"thumbnailUrl\":\"http:\/\/snuipp86.fr\/wp-content\/spip\/IMG\/arton4349.jpg\",\"datePublished\":\"2019-07-09T13:06:22+00:00\",\"dateModified\":\"2019-09-23T12:43:32+00:00\",\"author\":{\"@id\":\"https:\/\/snuipp86.fr\/#\/schema\/person\/901b28b9ae1c7a63a6a940102e52a7a2\"},\"breadcrumb\":{\"@id\":\"https:\/\/snuipp86.fr\/index.php\/2019\/07\/09\/9-juillet-suite-des-nominations\/#breadcrumb\"},\"inLanguage\":\"fr-FR\",\"potentialAction\":[{\"@type\":\"ReadAction\",\"target\":[\"https:\/\/snuipp86.fr\/index.php\/2019\/07\/09\/9-juillet-suite-des-nominations\/\"]}]},{\"@type\":\"ImageObject\",\"inLanguage\":\"fr-FR\",\"@id\":\"https:\/\/snuipp86.fr\/index.php\/2019\/07\/09\/9-juillet-suite-des-nominations\/#primaryimage\",\"url\":\"http:\/\/snuipp86.fr\/wp-content\/spip\/IMG\/arton4349.jpg\",\"contentUrl\":\"http:\/\/snuipp86.fr\/wp-content\/spip\/IMG\/arton4349.jpg\"},{\"@type\":\"BreadcrumbList\",\"@id\":\"https:\/\/snuipp86.fr\/index.php\/2019\/07\/09\/9-juillet-suite-des-nominations\/#breadcrumb\",\"itemListElement\":[{\"@type\":\"ListItem\",\"position\":1,\"name\":\"Accueil\",\"item\":\"https:\/\/snuipp86.fr\/\"},{\"@type\":\"ListItem\",\"position\":2,\"name\":\"9 juillet : suite des nominations\"}]},{\"@type\":\"WebSite\",\"@id\":\"https:\/\/snuipp86.fr\/#website\",\"url\":\"https:\/\/snuipp86.fr\/\",\"name\":\"FSU-SNUipp 86\",\"description\":\"Des id\u00e9es qui font l&#039;\u00e9cole\",\"potentialAction\":[{\"@type\":\"SearchAction\",\"target\":{\"@type\":\"EntryPoint\",\"urlTemplate\":\"https:\/\/snuipp86.fr\/?s={search_term_string}\"},\"query-input\":{\"@type\":\"PropertyValueSpecification\",\"valueRequired\":true,\"valueName\":\"search_term_string\"}}],\"inLanguage\":\"fr-FR\"},{\"@type\":\"Person\",\"@id\":\"https:\/\/snuipp86.fr\/#\/schema\/person\/901b28b9ae1c7a63a6a940102e52a7a2\",\"name\":\"WP86Admin\",\"image\":{\"@type\":\"ImageObject\",\"inLanguage\":\"fr-FR\",\"@id\":\"https:\/\/snuipp86.fr\/#\/schema\/person\/image\/\",\"url\":\"https:\/\/secure.gravatar.com\/avatar\/0099845c7ec05dc10d777d8ab4f5142c5ba316283821af2459738ad469a37a1a?s=96&d=mm&r=g\",\"contentUrl\":\"https:\/\/secure.gravatar.com\/avatar\/0099845c7ec05dc10d777d8ab4f5142c5ba316283821af2459738ad469a37a1a?s=96&d=mm&r=g\",\"caption\":\"WP86Admin\"},\"url\":\"https:\/\/snuipp86.fr\/index.php\/author\/wp86admin\/\"}]}<\/script>\n<!-- \/ Yoast SEO plugin. -->","yoast_head_json":{"title":"9 juillet : suite des nominations - FSU-SNUipp 86","robots":{"index":"index","follow":"follow","max-snippet":"max-snippet:-1","max-image-preview":"max-image-preview:large","max-video-preview":"max-video-preview:-1"},"canonical":"https:\/\/snuipp86.fr\/index.php\/2019\/07\/09\/9-juillet-suite-des-nominations\/","og_locale":"fr_FR","og_type":"article","og_title":"9 juillet : suite des nominations - FSU-SNUipp 86","og_description":"CAPD termin\u00e9e .... mais pas les nominations ! L'IA arr\u00eate la CAPD \u00e0 16h47 ... aucune nomination d'office n'a \u00e9t\u00e9 effectu\u00e9e hormis sur des directions d'\u00e9cole ! L'IA annonce suite des nominations fin ao\u00fbt. Seulement des PA , des coll\u00e8gues en annexe 2, des titulaires renomm\u00e9-es , des compl\u00e9ments de poste fractionn\u00e9s \u00e0 TD ont eu des nominations. Pr\u00e8s de 150 coll\u00e8gues resteront sans poste d'ici fin ao\u00fbt et donc autant de postes restent vacants ... les nominations : par coll\u00e8gues et ordre (...) - Mouvement des personnels - \/ CAPD","og_url":"https:\/\/snuipp86.fr\/index.php\/2019\/07\/09\/9-juillet-suite-des-nominations\/","og_site_name":"FSU-SNUipp 86","article_published_time":"2019-07-09T13:06:22+00:00","article_modified_time":"2019-09-23T12:43:32+00:00","og_image":[{"url":"http:\/\/snuipp86.fr\/wp-content\/spip\/IMG\/arton4349.jpg","type":"","width":"","height":""}],"author":"WP86Admin","twitter_card":"summary_large_image","twitter_misc":{"\u00c9crit par":"WP86Admin","Dur\u00e9e de lecture estim\u00e9e":"1 minute"},"schema":{"@context":"https:\/\/schema.org","@graph":[{"@type":"WebPage","@id":"https:\/\/snuipp86.fr\/index.php\/2019\/07\/09\/9-juillet-suite-des-nominations\/","url":"https:\/\/snuipp86.fr\/index.php\/2019\/07\/09\/9-juillet-suite-des-nominations\/","name":"9 juillet : suite des nominations - FSU-SNUipp 86","isPartOf":{"@id":"https:\/\/snuipp86.fr\/#website"},"primaryImageOfPage":{"@id":"https:\/\/snuipp86.fr\/index.php\/2019\/07\/09\/9-juillet-suite-des-nominations\/#primaryimage"},"image":{"@id":"https:\/\/snuipp86.fr\/index.php\/2019\/07\/09\/9-juillet-suite-des-nominations\/#primaryimage"},"thumbnailUrl":"http:\/\/snuipp86.fr\/wp-content\/spip\/IMG\/arton4349.jpg","datePublished":"2019-07-09T13:06:22+00:00","dateModified":"2019-09-23T12:43:32+00:00","author":{"@id":"https:\/\/snuipp86.fr\/#\/schema\/person\/901b28b9ae1c7a63a6a940102e52a7a2"},"breadcrumb":{"@id":"https:\/\/snuipp86.fr\/index.php\/2019\/07\/09\/9-juillet-suite-des-nominations\/#breadcrumb"},"inLanguage":"fr-FR","potentialAction":[{"@type":"ReadAction","target":["https:\/\/snuipp86.fr\/index.php\/2019\/07\/09\/9-juillet-suite-des-nominations\/"]}]},{"@type":"ImageObject","inLanguage":"fr-FR","@id":"https:\/\/snuipp86.fr\/index.php\/2019\/07\/09\/9-juillet-suite-des-nominations\/#primaryimage","url":"http:\/\/snuipp86.fr\/wp-content\/spip\/IMG\/arton4349.jpg","contentUrl":"http:\/\/snuipp86.fr\/wp-content\/spip\/IMG\/arton4349.jpg"},{"@type":"BreadcrumbList","@id":"https:\/\/snuipp86.fr\/index.php\/2019\/07\/09\/9-juillet-suite-des-nominations\/#breadcrumb","itemListElement":[{"@type":"ListItem","position":1,"name":"Accueil","item":"https:\/\/snuipp86.fr\/"},{"@type":"ListItem","position":2,"name":"9 juillet : suite des nominations"}]},{"@type":"WebSite","@id":"https:\/\/snuipp86.fr\/#website","url":"https:\/\/snuipp86.fr\/","name":"FSU-SNUipp 86","description":"Des id\u00e9es qui font l&#039;\u00e9cole","potentialAction":[{"@type":"SearchAction","target":{"@type":"EntryPoint","urlTemplate":"https:\/\/snuipp86.fr\/?s={search_term_string}"},"query-input":{"@type":"PropertyValueSpecification","valueRequired":true,"valueName":"search_term_string"}}],"inLanguage":"fr-FR"},{"@type":"Person","@id":"https:\/\/snuipp86.fr\/#\/schema\/person\/901b28b9ae1c7a63a6a940102e52a7a2","name":"WP86Admin","image":{"@type":"ImageObject","inLanguage":"fr-FR","@id":"https:\/\/snuipp86.fr\/#\/schema\/person\/image\/","url":"https:\/\/secure.gravatar.com\/avatar\/0099845c7ec05dc10d777d8ab4f5142c5ba316283821af2459738ad469a37a1a?s=96&d=mm&r=g","contentUrl":"https:\/\/secure.gravatar.com\/avatar\/0099845c7ec05dc10d777d8ab4f5142c5ba316283821af2459738ad469a37a1a?s=96&d=mm&r=g","caption":"WP86Admin"},"url":"https:\/\/snuipp86.fr\/index.php\/author\/wp86admin\/"}]}},"_links":{"self":[{"href":"https:\/\/snuipp86.fr\/index.php\/wp-json\/wp\/v2\/posts\/15","targetHints":{"allow":["GET"]}}],"collection":[{"href":"https:\/\/snuipp86.fr\/index.php\/wp-json\/wp\/v2\/posts"}],"about":[{"href":"https:\/\/snuipp86.fr\/index.php\/wp-json\/wp\/v2\/types\/post"}],"author":[{"embeddable":true,"href":"https:\/\/snuipp86.fr\/index.php\/wp-json\/wp\/v2\/users\/1"}],"replies":[{"embeddable":true,"href":"https:\/\/snuipp86.fr\/index.php\/wp-json\/wp\/v2\/comments?post=15"}],"version-history":[{"count":0,"href":"https:\/\/snuipp86.fr\/index.php\/wp-json\/wp\/v2\/posts\/15\/revisions"}],"wp:attachment":[{"href":"https:\/\/snuipp86.fr\/index.php\/wp-json\/wp\/v2\/media?parent=15"}],"wp:term":[{"taxonomy":"category","embeddable":true,"href":"https:\/\/snuipp86.fr\/index.php\/wp-json\/wp\/v2\/categories?post=15"},{"taxonomy":"post_tag","embeddable":true,"href":"https:\/\/snuipp86.fr\/index.php\/wp-json\/wp\/v2\/tags?post=15"}],"curies":[{"name":"wp","href":"https:\/\/api.w.org\/{rel}","templated":true}]}}