{"id":1501,"date":"2011-02-13T18:58:47","date_gmt":"2011-02-13T18:58:47","guid":{"rendered":"http:\/\/localhost\/wordpress\/2011\/02\/13\/actions-pour-lcole-10-fvrier-15-fvrier-19-mars\/"},"modified":"2011-02-13T18:58:47","modified_gmt":"2011-02-13T18:58:47","slug":"actions-pour-lcole-10-fvrier-15-fvrier-19-mars","status":"publish","type":"post","link":"https:\/\/snuipp86.fr\/index.php\/2011\/02\/13\/actions-pour-lcole-10-fvrier-15-fvrier-19-mars\/","title":{"rendered":"ACTIONS pour l&rsquo;\u00e9cole, 10 f\u00e9vrier, 15 f\u00e9vrier, 19 mars"},"content":{"rendered":"<div class='rss_texte'>\n<ul class=\"spip\">\n<li class=\"spip\">Manif \u00e0 POITIERS , 10 f\u00e9vrier 2011 : 1500 personnes, parents, enseignants, coll\u00e9giens, lyc\u00e9ens, \u00e9lus. <\/li>\n<\/ul>\n<ul class=\"spip\">\n<li class=\"spip\">Mardi 15 f\u00e9vrier : R\u00e9union du CTPS (Comit\u00e9 Technique Paritaire Sp\u00e9cial) \u00e0 9 h au rectorat. Nous appelons tous les personnels du Rectorat \u00e0 montrer leur d\u00e9saccord (suppression de 10 postes) en manifestant devant le b\u00e2timent d\u00e8s 8 h 45 ce jour l\u00e0.<\/li>\n<\/ul>\n<ul class=\"spip\">\n<li class=\"spip\">Mercredi 16 f\u00e9vrier Appel intersyndical unitaire \u00e0 un rassemblement \u00e0 15h devant le rectorat de Poitiers.T\u00e9l\u00e9charger le tract <a href=\"http:\/\/poitou-charentes.fsu.fr\/IMG\/pdf\/Appel_interf-d-ral.pdf\" class=\"spip_out\">ici<\/a> <\/li>\n<\/ul>\n<ul class=\"spip\">\n<li class=\"spip\">Samedi 19 mars Journ\u00e9e d&rsquo;action nationale \u00e0 l&rsquo;appel du collectif \u00ab\u00a0un pays, une \u00e9cole, un avenir\u00a0\u00bb<\/li>\n<\/ul>\n<\/div>\n","protected":false},"excerpt":{"rendered":"<p>Manif \u00e0 POITIERS , 10 f\u00e9vrier 2011 : 1500 personnes, parents, enseignants, coll\u00e9giens, lyc\u00e9ens, \u00e9lus. <br \/>Mardi 15 f\u00e9vrier : R\u00e9union du CTPS (Comit\u00e9 Technique Paritaire Sp\u00e9cial) \u00e0 9 h au rectorat. Nous appelons tous les personnels du Rectorat \u00e0 montrer leur d\u00e9saccord (suppression de 10 postes) en manifestant devant le b\u00e2timent d\u00e8s 8 h 45 ce jour l\u00e0. <br \/>Mercredi 16 f\u00e9vrier Appel intersyndical unitaire \u00e0 un rassemblement \u00e0 15h devant le rectorat de Poitiers.T\u00e9l\u00e9charger le tract ici <br \/>Samedi 19 (&#8230;)<br \/>\n&#8211;<br \/>\n<a href=\"http:\/\/86.snuipp.fr\/spip.php?rubrique294\" rel=\"directory\">Gr\u00e8ves- Actions<\/a><br \/>\n\/<br \/>\n<a href=\"http:\/\/86.snuipp.fr\/spip.php?mot290\" rel=\"tag\">Actions<\/a><\/p>\n","protected":false},"author":1,"featured_media":0,"comment_status":"open","ping_status":"open","sticky":false,"template":"","format":"standard","meta":{"footnotes":""},"categories":[14],"tags":[],"class_list":["post-1501","post","type-post","status-publish","format-standard","hentry","category-a-la-une"],"yoast_head":"<!-- This site is optimized with the Yoast SEO plugin v26.6 - https:\/\/yoast.com\/wordpress\/plugins\/seo\/ -->\n<title>ACTIONS pour l&#039;\u00e9cole, 10 f\u00e9vrier, 15 f\u00e9vrier, 19 mars - FSU-SNUipp 86<\/title>\n<meta name=\"robots\" content=\"index, follow, max-snippet:-1, max-image-preview:large, max-video-preview:-1\" \/>\n<link rel=\"canonical\" href=\"https:\/\/snuipp86.fr\/index.php\/2011\/02\/13\/actions-pour-lcole-10-fvrier-15-fvrier-19-mars\/\" \/>\n<meta property=\"og:locale\" content=\"fr_FR\" \/>\n<meta property=\"og:type\" content=\"article\" \/>\n<meta property=\"og:title\" content=\"ACTIONS pour l&#039;\u00e9cole, 10 f\u00e9vrier, 15 f\u00e9vrier, 19 mars - FSU-SNUipp 86\" \/>\n<meta property=\"og:description\" content=\"Manif \u00e0 POITIERS , 10 f\u00e9vrier 2011 : 1500 personnes, parents, enseignants, coll\u00e9giens, lyc\u00e9ens, \u00e9lus. Mardi 15 f\u00e9vrier : R\u00e9union du CTPS (Comit\u00e9 Technique Paritaire Sp\u00e9cial) \u00e0 9 h au rectorat. Nous appelons tous les personnels du Rectorat \u00e0 montrer leur d\u00e9saccord (suppression de 10 postes) en manifestant devant le b\u00e2timent d\u00e8s 8 h 45 ce jour l\u00e0. Mercredi 16 f\u00e9vrier Appel intersyndical unitaire \u00e0 un rassemblement \u00e0 15h devant le rectorat de Poitiers.T\u00e9l\u00e9charger le tract ici Samedi 19 (...) - Gr\u00e8ves- Actions \/ Actions\" \/>\n<meta property=\"og:url\" content=\"https:\/\/snuipp86.fr\/index.php\/2011\/02\/13\/actions-pour-lcole-10-fvrier-15-fvrier-19-mars\/\" \/>\n<meta property=\"og:site_name\" content=\"FSU-SNUipp 86\" \/>\n<meta property=\"article:published_time\" content=\"2011-02-13T18:58:47+00:00\" \/>\n<meta name=\"author\" content=\"WP86Admin\" \/>\n<meta name=\"twitter:card\" content=\"summary_large_image\" \/>\n<meta name=\"twitter:label1\" content=\"\u00c9crit par\" \/>\n\t<meta name=\"twitter:data1\" content=\"WP86Admin\" \/>\n<script type=\"application\/ld+json\" class=\"yoast-schema-graph\">{\"@context\":\"https:\/\/schema.org\",\"@graph\":[{\"@type\":\"WebPage\",\"@id\":\"https:\/\/snuipp86.fr\/index.php\/2011\/02\/13\/actions-pour-lcole-10-fvrier-15-fvrier-19-mars\/\",\"url\":\"https:\/\/snuipp86.fr\/index.php\/2011\/02\/13\/actions-pour-lcole-10-fvrier-15-fvrier-19-mars\/\",\"name\":\"ACTIONS pour l'\u00e9cole, 10 f\u00e9vrier, 15 f\u00e9vrier, 19 mars - FSU-SNUipp 86\",\"isPartOf\":{\"@id\":\"https:\/\/snuipp86.fr\/#website\"},\"datePublished\":\"2011-02-13T18:58:47+00:00\",\"author\":{\"@id\":\"https:\/\/snuipp86.fr\/#\/schema\/person\/901b28b9ae1c7a63a6a940102e52a7a2\"},\"breadcrumb\":{\"@id\":\"https:\/\/snuipp86.fr\/index.php\/2011\/02\/13\/actions-pour-lcole-10-fvrier-15-fvrier-19-mars\/#breadcrumb\"},\"inLanguage\":\"fr-FR\",\"potentialAction\":[{\"@type\":\"ReadAction\",\"target\":[\"https:\/\/snuipp86.fr\/index.php\/2011\/02\/13\/actions-pour-lcole-10-fvrier-15-fvrier-19-mars\/\"]}]},{\"@type\":\"BreadcrumbList\",\"@id\":\"https:\/\/snuipp86.fr\/index.php\/2011\/02\/13\/actions-pour-lcole-10-fvrier-15-fvrier-19-mars\/#breadcrumb\",\"itemListElement\":[{\"@type\":\"ListItem\",\"position\":1,\"name\":\"Accueil\",\"item\":\"https:\/\/snuipp86.fr\/\"},{\"@type\":\"ListItem\",\"position\":2,\"name\":\"ACTIONS pour l&#8217;\u00e9cole, 10 f\u00e9vrier, 15 f\u00e9vrier, 19 mars\"}]},{\"@type\":\"WebSite\",\"@id\":\"https:\/\/snuipp86.fr\/#website\",\"url\":\"https:\/\/snuipp86.fr\/\",\"name\":\"FSU-SNUipp 86\",\"description\":\"Des id\u00e9es qui font l&#039;\u00e9cole\",\"potentialAction\":[{\"@type\":\"SearchAction\",\"target\":{\"@type\":\"EntryPoint\",\"urlTemplate\":\"https:\/\/snuipp86.fr\/?s={search_term_string}\"},\"query-input\":{\"@type\":\"PropertyValueSpecification\",\"valueRequired\":true,\"valueName\":\"search_term_string\"}}],\"inLanguage\":\"fr-FR\"},{\"@type\":\"Person\",\"@id\":\"https:\/\/snuipp86.fr\/#\/schema\/person\/901b28b9ae1c7a63a6a940102e52a7a2\",\"name\":\"WP86Admin\",\"image\":{\"@type\":\"ImageObject\",\"inLanguage\":\"fr-FR\",\"@id\":\"https:\/\/snuipp86.fr\/#\/schema\/person\/image\/\",\"url\":\"https:\/\/secure.gravatar.com\/avatar\/0099845c7ec05dc10d777d8ab4f5142c5ba316283821af2459738ad469a37a1a?s=96&d=mm&r=g\",\"contentUrl\":\"https:\/\/secure.gravatar.com\/avatar\/0099845c7ec05dc10d777d8ab4f5142c5ba316283821af2459738ad469a37a1a?s=96&d=mm&r=g\",\"caption\":\"WP86Admin\"},\"url\":\"https:\/\/snuipp86.fr\/index.php\/author\/wp86admin\/\"}]}<\/script>\n<!-- \/ Yoast SEO plugin. -->","yoast_head_json":{"title":"ACTIONS pour l'\u00e9cole, 10 f\u00e9vrier, 15 f\u00e9vrier, 19 mars - FSU-SNUipp 86","robots":{"index":"index","follow":"follow","max-snippet":"max-snippet:-1","max-image-preview":"max-image-preview:large","max-video-preview":"max-video-preview:-1"},"canonical":"https:\/\/snuipp86.fr\/index.php\/2011\/02\/13\/actions-pour-lcole-10-fvrier-15-fvrier-19-mars\/","og_locale":"fr_FR","og_type":"article","og_title":"ACTIONS pour l'\u00e9cole, 10 f\u00e9vrier, 15 f\u00e9vrier, 19 mars - FSU-SNUipp 86","og_description":"Manif \u00e0 POITIERS , 10 f\u00e9vrier 2011 : 1500 personnes, parents, enseignants, coll\u00e9giens, lyc\u00e9ens, \u00e9lus. Mardi 15 f\u00e9vrier : R\u00e9union du CTPS (Comit\u00e9 Technique Paritaire Sp\u00e9cial) \u00e0 9 h au rectorat. Nous appelons tous les personnels du Rectorat \u00e0 montrer leur d\u00e9saccord (suppression de 10 postes) en manifestant devant le b\u00e2timent d\u00e8s 8 h 45 ce jour l\u00e0. Mercredi 16 f\u00e9vrier Appel intersyndical unitaire \u00e0 un rassemblement \u00e0 15h devant le rectorat de Poitiers.T\u00e9l\u00e9charger le tract ici Samedi 19 (...) - Gr\u00e8ves- Actions \/ Actions","og_url":"https:\/\/snuipp86.fr\/index.php\/2011\/02\/13\/actions-pour-lcole-10-fvrier-15-fvrier-19-mars\/","og_site_name":"FSU-SNUipp 86","article_published_time":"2011-02-13T18:58:47+00:00","author":"WP86Admin","twitter_card":"summary_large_image","twitter_misc":{"\u00c9crit par":"WP86Admin"},"schema":{"@context":"https:\/\/schema.org","@graph":[{"@type":"WebPage","@id":"https:\/\/snuipp86.fr\/index.php\/2011\/02\/13\/actions-pour-lcole-10-fvrier-15-fvrier-19-mars\/","url":"https:\/\/snuipp86.fr\/index.php\/2011\/02\/13\/actions-pour-lcole-10-fvrier-15-fvrier-19-mars\/","name":"ACTIONS pour l'\u00e9cole, 10 f\u00e9vrier, 15 f\u00e9vrier, 19 mars - FSU-SNUipp 86","isPartOf":{"@id":"https:\/\/snuipp86.fr\/#website"},"datePublished":"2011-02-13T18:58:47+00:00","author":{"@id":"https:\/\/snuipp86.fr\/#\/schema\/person\/901b28b9ae1c7a63a6a940102e52a7a2"},"breadcrumb":{"@id":"https:\/\/snuipp86.fr\/index.php\/2011\/02\/13\/actions-pour-lcole-10-fvrier-15-fvrier-19-mars\/#breadcrumb"},"inLanguage":"fr-FR","potentialAction":[{"@type":"ReadAction","target":["https:\/\/snuipp86.fr\/index.php\/2011\/02\/13\/actions-pour-lcole-10-fvrier-15-fvrier-19-mars\/"]}]},{"@type":"BreadcrumbList","@id":"https:\/\/snuipp86.fr\/index.php\/2011\/02\/13\/actions-pour-lcole-10-fvrier-15-fvrier-19-mars\/#breadcrumb","itemListElement":[{"@type":"ListItem","position":1,"name":"Accueil","item":"https:\/\/snuipp86.fr\/"},{"@type":"ListItem","position":2,"name":"ACTIONS pour l&#8217;\u00e9cole, 10 f\u00e9vrier, 15 f\u00e9vrier, 19 mars"}]},{"@type":"WebSite","@id":"https:\/\/snuipp86.fr\/#website","url":"https:\/\/snuipp86.fr\/","name":"FSU-SNUipp 86","description":"Des id\u00e9es qui font l&#039;\u00e9cole","potentialAction":[{"@type":"SearchAction","target":{"@type":"EntryPoint","urlTemplate":"https:\/\/snuipp86.fr\/?s={search_term_string}"},"query-input":{"@type":"PropertyValueSpecification","valueRequired":true,"valueName":"search_term_string"}}],"inLanguage":"fr-FR"},{"@type":"Person","@id":"https:\/\/snuipp86.fr\/#\/schema\/person\/901b28b9ae1c7a63a6a940102e52a7a2","name":"WP86Admin","image":{"@type":"ImageObject","inLanguage":"fr-FR","@id":"https:\/\/snuipp86.fr\/#\/schema\/person\/image\/","url":"https:\/\/secure.gravatar.com\/avatar\/0099845c7ec05dc10d777d8ab4f5142c5ba316283821af2459738ad469a37a1a?s=96&d=mm&r=g","contentUrl":"https:\/\/secure.gravatar.com\/avatar\/0099845c7ec05dc10d777d8ab4f5142c5ba316283821af2459738ad469a37a1a?s=96&d=mm&r=g","caption":"WP86Admin"},"url":"https:\/\/snuipp86.fr\/index.php\/author\/wp86admin\/"}]}},"_links":{"self":[{"href":"https:\/\/snuipp86.fr\/index.php\/wp-json\/wp\/v2\/posts\/1501","targetHints":{"allow":["GET"]}}],"collection":[{"href":"https:\/\/snuipp86.fr\/index.php\/wp-json\/wp\/v2\/posts"}],"about":[{"href":"https:\/\/snuipp86.fr\/index.php\/wp-json\/wp\/v2\/types\/post"}],"author":[{"embeddable":true,"href":"https:\/\/snuipp86.fr\/index.php\/wp-json\/wp\/v2\/users\/1"}],"replies":[{"embeddable":true,"href":"https:\/\/snuipp86.fr\/index.php\/wp-json\/wp\/v2\/comments?post=1501"}],"version-history":[{"count":0,"href":"https:\/\/snuipp86.fr\/index.php\/wp-json\/wp\/v2\/posts\/1501\/revisions"}],"wp:attachment":[{"href":"https:\/\/snuipp86.fr\/index.php\/wp-json\/wp\/v2\/media?parent=1501"}],"wp:term":[{"taxonomy":"category","embeddable":true,"href":"https:\/\/snuipp86.fr\/index.php\/wp-json\/wp\/v2\/categories?post=1501"},{"taxonomy":"post_tag","embeddable":true,"href":"https:\/\/snuipp86.fr\/index.php\/wp-json\/wp\/v2\/tags?post=1501"}],"curies":[{"name":"wp","href":"https:\/\/api.w.org\/{rel}","templated":true}]}}