{"id":1515,"date":"2011-01-03T09:12:44","date_gmt":"2011-01-03T09:12:44","guid":{"rendered":"http:\/\/localhost\/wordpress\/2011\/01\/03\/journe-de-mobilisation-pour-lecole-le-22-janvier\/"},"modified":"2011-01-03T09:12:44","modified_gmt":"2011-01-03T09:12:44","slug":"journe-de-mobilisation-pour-lecole-le-22-janvier","status":"publish","type":"post","link":"https:\/\/snuipp86.fr\/index.php\/2011\/01\/03\/journe-de-mobilisation-pour-lecole-le-22-janvier\/","title":{"rendered":"Journ\u00e9e de mobilisation pour l&rsquo;Ecole le 22 janvier"},"content":{"rendered":"<p><img decoding=\"async\" src=\"https:\/\/snuipp86.fr\/wp-content\/spip\/IMG\/arton2074.jpg\" alt=\"\" align=\"right\" width=\"300\" height=\"225\" class=\"spip_logos\" \/><\/p>\n<div class='rss_texte'>\n<p class=\"spip\">77 postes supprim\u00e9s dans le premier degr\u00e9 pour l&rsquo;acad\u00e9mie de Poitiers.<br \/>\nAu total, ce sont 3 367 emplois qui seront supprim\u00e9s au niveau national alors que pr\u00e8s de 4 000 \u00e9l\u00e8ves suppl\u00e9mentaires sont attendus en septembre 2011.<\/p>\n<p class=\"spip\">Le SNUipp vous invite \u00e0 participer \u00e0 la journ\u00e9e de mobilisation pour l&rsquo;Ecole du 22 janvier prochain \u00e0 l&rsquo;initiative du Collectif \u00ab l&rsquo;Education est notre avenir \u00bb.<\/p>\n<p class=\"spip\">Le SNUipp proposera d&rsquo;autres actions nationales pour porter haut et fort l&rsquo;ambition de r\u00e9ussite de tous les \u00e9l\u00e8ves.<\/p>\n<\/div>\n","protected":false},"excerpt":{"rendered":"<p>77 postes supprim\u00e9s dans le premier degr\u00e9 pour l&rsquo;acad\u00e9mie de Poitiers. Au total, ce sont 3 367 emplois qui seront supprim\u00e9s au niveau national alors que pr\u00e8s de 4 000 \u00e9l\u00e8ves suppl\u00e9mentaires sont attendus en septembre 2011. <br \/>Le SNUipp vous invite \u00e0 participer \u00e0 la journ\u00e9e de mobilisation pour l&rsquo;Ecole du 22 janvier prochain \u00e0 l&rsquo;initiative du Collectif \u00ab l&rsquo;Education est notre avenir \u00bb. <br \/>Le SNUipp proposera d&rsquo;autres actions nationales pour porter haut et fort l&rsquo;ambition de r\u00e9ussite de (&#8230;)<br \/>\n&#8211;<br \/>\n<a href=\"http:\/\/86.snuipp.fr\/spip.php?rubrique294\" rel=\"directory\">Gr\u00e8ves- Actions<\/a><br \/>\n\/<br \/>\n<a href=\"http:\/\/86.snuipp.fr\/spip.php?mot290\" rel=\"tag\">Actions<\/a><\/p>\n","protected":false},"author":1,"featured_media":0,"comment_status":"open","ping_status":"open","sticky":false,"template":"","format":"standard","meta":{"footnotes":""},"categories":[14],"tags":[],"class_list":["post-1515","post","type-post","status-publish","format-standard","hentry","category-a-la-une"],"yoast_head":"<!-- This site is optimized with the Yoast SEO plugin v26.6 - https:\/\/yoast.com\/wordpress\/plugins\/seo\/ -->\n<title>Journ\u00e9e de mobilisation pour l&#039;Ecole le 22 janvier - FSU-SNUipp 86<\/title>\n<meta name=\"robots\" content=\"index, follow, max-snippet:-1, max-image-preview:large, max-video-preview:-1\" \/>\n<link rel=\"canonical\" href=\"https:\/\/snuipp86.fr\/index.php\/2011\/01\/03\/journe-de-mobilisation-pour-lecole-le-22-janvier\/\" \/>\n<meta property=\"og:locale\" content=\"fr_FR\" \/>\n<meta property=\"og:type\" content=\"article\" \/>\n<meta property=\"og:title\" content=\"Journ\u00e9e de mobilisation pour l&#039;Ecole le 22 janvier - FSU-SNUipp 86\" \/>\n<meta property=\"og:description\" content=\"77 postes supprim\u00e9s dans le premier degr\u00e9 pour l&#039;acad\u00e9mie de Poitiers. Au total, ce sont 3 367 emplois qui seront supprim\u00e9s au niveau national alors que pr\u00e8s de 4 000 \u00e9l\u00e8ves suppl\u00e9mentaires sont attendus en septembre 2011. Le SNUipp vous invite \u00e0 participer \u00e0 la journ\u00e9e de mobilisation pour l&#039;Ecole du 22 janvier prochain \u00e0 l&#039;initiative du Collectif \u00ab l&#039;Education est notre avenir \u00bb. Le SNUipp proposera d&#039;autres actions nationales pour porter haut et fort l&#039;ambition de r\u00e9ussite de (...) - Gr\u00e8ves- Actions \/ Actions\" \/>\n<meta property=\"og:url\" content=\"https:\/\/snuipp86.fr\/index.php\/2011\/01\/03\/journe-de-mobilisation-pour-lecole-le-22-janvier\/\" \/>\n<meta property=\"og:site_name\" content=\"FSU-SNUipp 86\" \/>\n<meta property=\"article:published_time\" content=\"2011-01-03T09:12:44+00:00\" \/>\n<meta property=\"og:image\" content=\"http:\/\/snuipp86.fr\/wp-content\/spip\/IMG\/arton2074.jpg\" \/>\n<meta name=\"author\" content=\"WP86Admin\" \/>\n<meta name=\"twitter:card\" content=\"summary_large_image\" \/>\n<meta name=\"twitter:label1\" content=\"\u00c9crit par\" \/>\n\t<meta name=\"twitter:data1\" content=\"WP86Admin\" \/>\n<script type=\"application\/ld+json\" class=\"yoast-schema-graph\">{\"@context\":\"https:\/\/schema.org\",\"@graph\":[{\"@type\":\"WebPage\",\"@id\":\"https:\/\/snuipp86.fr\/index.php\/2011\/01\/03\/journe-de-mobilisation-pour-lecole-le-22-janvier\/\",\"url\":\"https:\/\/snuipp86.fr\/index.php\/2011\/01\/03\/journe-de-mobilisation-pour-lecole-le-22-janvier\/\",\"name\":\"Journ\u00e9e de mobilisation pour l'Ecole le 22 janvier - FSU-SNUipp 86\",\"isPartOf\":{\"@id\":\"https:\/\/snuipp86.fr\/#website\"},\"primaryImageOfPage\":{\"@id\":\"https:\/\/snuipp86.fr\/index.php\/2011\/01\/03\/journe-de-mobilisation-pour-lecole-le-22-janvier\/#primaryimage\"},\"image\":{\"@id\":\"https:\/\/snuipp86.fr\/index.php\/2011\/01\/03\/journe-de-mobilisation-pour-lecole-le-22-janvier\/#primaryimage\"},\"thumbnailUrl\":\"http:\/\/snuipp86.fr\/wp-content\/spip\/IMG\/arton2074.jpg\",\"datePublished\":\"2011-01-03T09:12:44+00:00\",\"author\":{\"@id\":\"https:\/\/snuipp86.fr\/#\/schema\/person\/901b28b9ae1c7a63a6a940102e52a7a2\"},\"breadcrumb\":{\"@id\":\"https:\/\/snuipp86.fr\/index.php\/2011\/01\/03\/journe-de-mobilisation-pour-lecole-le-22-janvier\/#breadcrumb\"},\"inLanguage\":\"fr-FR\",\"potentialAction\":[{\"@type\":\"ReadAction\",\"target\":[\"https:\/\/snuipp86.fr\/index.php\/2011\/01\/03\/journe-de-mobilisation-pour-lecole-le-22-janvier\/\"]}]},{\"@type\":\"ImageObject\",\"inLanguage\":\"fr-FR\",\"@id\":\"https:\/\/snuipp86.fr\/index.php\/2011\/01\/03\/journe-de-mobilisation-pour-lecole-le-22-janvier\/#primaryimage\",\"url\":\"http:\/\/snuipp86.fr\/wp-content\/spip\/IMG\/arton2074.jpg\",\"contentUrl\":\"http:\/\/snuipp86.fr\/wp-content\/spip\/IMG\/arton2074.jpg\"},{\"@type\":\"BreadcrumbList\",\"@id\":\"https:\/\/snuipp86.fr\/index.php\/2011\/01\/03\/journe-de-mobilisation-pour-lecole-le-22-janvier\/#breadcrumb\",\"itemListElement\":[{\"@type\":\"ListItem\",\"position\":1,\"name\":\"Accueil\",\"item\":\"https:\/\/snuipp86.fr\/\"},{\"@type\":\"ListItem\",\"position\":2,\"name\":\"Journ\u00e9e de mobilisation pour l&#8217;Ecole le 22 janvier\"}]},{\"@type\":\"WebSite\",\"@id\":\"https:\/\/snuipp86.fr\/#website\",\"url\":\"https:\/\/snuipp86.fr\/\",\"name\":\"FSU-SNUipp 86\",\"description\":\"Des id\u00e9es qui font l&#039;\u00e9cole\",\"potentialAction\":[{\"@type\":\"SearchAction\",\"target\":{\"@type\":\"EntryPoint\",\"urlTemplate\":\"https:\/\/snuipp86.fr\/?s={search_term_string}\"},\"query-input\":{\"@type\":\"PropertyValueSpecification\",\"valueRequired\":true,\"valueName\":\"search_term_string\"}}],\"inLanguage\":\"fr-FR\"},{\"@type\":\"Person\",\"@id\":\"https:\/\/snuipp86.fr\/#\/schema\/person\/901b28b9ae1c7a63a6a940102e52a7a2\",\"name\":\"WP86Admin\",\"image\":{\"@type\":\"ImageObject\",\"inLanguage\":\"fr-FR\",\"@id\":\"https:\/\/snuipp86.fr\/#\/schema\/person\/image\/\",\"url\":\"https:\/\/secure.gravatar.com\/avatar\/0099845c7ec05dc10d777d8ab4f5142c5ba316283821af2459738ad469a37a1a?s=96&d=mm&r=g\",\"contentUrl\":\"https:\/\/secure.gravatar.com\/avatar\/0099845c7ec05dc10d777d8ab4f5142c5ba316283821af2459738ad469a37a1a?s=96&d=mm&r=g\",\"caption\":\"WP86Admin\"},\"url\":\"https:\/\/snuipp86.fr\/index.php\/author\/wp86admin\/\"}]}<\/script>\n<!-- \/ Yoast SEO plugin. -->","yoast_head_json":{"title":"Journ\u00e9e de mobilisation pour l'Ecole le 22 janvier - FSU-SNUipp 86","robots":{"index":"index","follow":"follow","max-snippet":"max-snippet:-1","max-image-preview":"max-image-preview:large","max-video-preview":"max-video-preview:-1"},"canonical":"https:\/\/snuipp86.fr\/index.php\/2011\/01\/03\/journe-de-mobilisation-pour-lecole-le-22-janvier\/","og_locale":"fr_FR","og_type":"article","og_title":"Journ\u00e9e de mobilisation pour l'Ecole le 22 janvier - FSU-SNUipp 86","og_description":"77 postes supprim\u00e9s dans le premier degr\u00e9 pour l'acad\u00e9mie de Poitiers. Au total, ce sont 3 367 emplois qui seront supprim\u00e9s au niveau national alors que pr\u00e8s de 4 000 \u00e9l\u00e8ves suppl\u00e9mentaires sont attendus en septembre 2011. Le SNUipp vous invite \u00e0 participer \u00e0 la journ\u00e9e de mobilisation pour l'Ecole du 22 janvier prochain \u00e0 l'initiative du Collectif \u00ab l'Education est notre avenir \u00bb. Le SNUipp proposera d'autres actions nationales pour porter haut et fort l'ambition de r\u00e9ussite de (...) - Gr\u00e8ves- Actions \/ Actions","og_url":"https:\/\/snuipp86.fr\/index.php\/2011\/01\/03\/journe-de-mobilisation-pour-lecole-le-22-janvier\/","og_site_name":"FSU-SNUipp 86","article_published_time":"2011-01-03T09:12:44+00:00","og_image":[{"url":"http:\/\/snuipp86.fr\/wp-content\/spip\/IMG\/arton2074.jpg","type":"","width":"","height":""}],"author":"WP86Admin","twitter_card":"summary_large_image","twitter_misc":{"\u00c9crit par":"WP86Admin"},"schema":{"@context":"https:\/\/schema.org","@graph":[{"@type":"WebPage","@id":"https:\/\/snuipp86.fr\/index.php\/2011\/01\/03\/journe-de-mobilisation-pour-lecole-le-22-janvier\/","url":"https:\/\/snuipp86.fr\/index.php\/2011\/01\/03\/journe-de-mobilisation-pour-lecole-le-22-janvier\/","name":"Journ\u00e9e de mobilisation pour l'Ecole le 22 janvier - FSU-SNUipp 86","isPartOf":{"@id":"https:\/\/snuipp86.fr\/#website"},"primaryImageOfPage":{"@id":"https:\/\/snuipp86.fr\/index.php\/2011\/01\/03\/journe-de-mobilisation-pour-lecole-le-22-janvier\/#primaryimage"},"image":{"@id":"https:\/\/snuipp86.fr\/index.php\/2011\/01\/03\/journe-de-mobilisation-pour-lecole-le-22-janvier\/#primaryimage"},"thumbnailUrl":"http:\/\/snuipp86.fr\/wp-content\/spip\/IMG\/arton2074.jpg","datePublished":"2011-01-03T09:12:44+00:00","author":{"@id":"https:\/\/snuipp86.fr\/#\/schema\/person\/901b28b9ae1c7a63a6a940102e52a7a2"},"breadcrumb":{"@id":"https:\/\/snuipp86.fr\/index.php\/2011\/01\/03\/journe-de-mobilisation-pour-lecole-le-22-janvier\/#breadcrumb"},"inLanguage":"fr-FR","potentialAction":[{"@type":"ReadAction","target":["https:\/\/snuipp86.fr\/index.php\/2011\/01\/03\/journe-de-mobilisation-pour-lecole-le-22-janvier\/"]}]},{"@type":"ImageObject","inLanguage":"fr-FR","@id":"https:\/\/snuipp86.fr\/index.php\/2011\/01\/03\/journe-de-mobilisation-pour-lecole-le-22-janvier\/#primaryimage","url":"http:\/\/snuipp86.fr\/wp-content\/spip\/IMG\/arton2074.jpg","contentUrl":"http:\/\/snuipp86.fr\/wp-content\/spip\/IMG\/arton2074.jpg"},{"@type":"BreadcrumbList","@id":"https:\/\/snuipp86.fr\/index.php\/2011\/01\/03\/journe-de-mobilisation-pour-lecole-le-22-janvier\/#breadcrumb","itemListElement":[{"@type":"ListItem","position":1,"name":"Accueil","item":"https:\/\/snuipp86.fr\/"},{"@type":"ListItem","position":2,"name":"Journ\u00e9e de mobilisation pour l&#8217;Ecole le 22 janvier"}]},{"@type":"WebSite","@id":"https:\/\/snuipp86.fr\/#website","url":"https:\/\/snuipp86.fr\/","name":"FSU-SNUipp 86","description":"Des id\u00e9es qui font l&#039;\u00e9cole","potentialAction":[{"@type":"SearchAction","target":{"@type":"EntryPoint","urlTemplate":"https:\/\/snuipp86.fr\/?s={search_term_string}"},"query-input":{"@type":"PropertyValueSpecification","valueRequired":true,"valueName":"search_term_string"}}],"inLanguage":"fr-FR"},{"@type":"Person","@id":"https:\/\/snuipp86.fr\/#\/schema\/person\/901b28b9ae1c7a63a6a940102e52a7a2","name":"WP86Admin","image":{"@type":"ImageObject","inLanguage":"fr-FR","@id":"https:\/\/snuipp86.fr\/#\/schema\/person\/image\/","url":"https:\/\/secure.gravatar.com\/avatar\/0099845c7ec05dc10d777d8ab4f5142c5ba316283821af2459738ad469a37a1a?s=96&d=mm&r=g","contentUrl":"https:\/\/secure.gravatar.com\/avatar\/0099845c7ec05dc10d777d8ab4f5142c5ba316283821af2459738ad469a37a1a?s=96&d=mm&r=g","caption":"WP86Admin"},"url":"https:\/\/snuipp86.fr\/index.php\/author\/wp86admin\/"}]}},"_links":{"self":[{"href":"https:\/\/snuipp86.fr\/index.php\/wp-json\/wp\/v2\/posts\/1515","targetHints":{"allow":["GET"]}}],"collection":[{"href":"https:\/\/snuipp86.fr\/index.php\/wp-json\/wp\/v2\/posts"}],"about":[{"href":"https:\/\/snuipp86.fr\/index.php\/wp-json\/wp\/v2\/types\/post"}],"author":[{"embeddable":true,"href":"https:\/\/snuipp86.fr\/index.php\/wp-json\/wp\/v2\/users\/1"}],"replies":[{"embeddable":true,"href":"https:\/\/snuipp86.fr\/index.php\/wp-json\/wp\/v2\/comments?post=1515"}],"version-history":[{"count":0,"href":"https:\/\/snuipp86.fr\/index.php\/wp-json\/wp\/v2\/posts\/1515\/revisions"}],"wp:attachment":[{"href":"https:\/\/snuipp86.fr\/index.php\/wp-json\/wp\/v2\/media?parent=1515"}],"wp:term":[{"taxonomy":"category","embeddable":true,"href":"https:\/\/snuipp86.fr\/index.php\/wp-json\/wp\/v2\/categories?post=1515"},{"taxonomy":"post_tag","embeddable":true,"href":"https:\/\/snuipp86.fr\/index.php\/wp-json\/wp\/v2\/tags?post=1515"}],"curies":[{"name":"wp","href":"https:\/\/api.w.org\/{rel}","templated":true}]}}