{"id":152,"date":"2018-05-28T05:31:53","date_gmt":"2018-05-28T05:31:53","guid":{"rendered":"http:\/\/localhost\/wordpress\/2018\/05\/28\/hors-classe-2018-cest-ce-mardi-28-mai\/"},"modified":"2018-05-28T05:31:53","modified_gmt":"2018-05-28T05:31:53","slug":"hors-classe-2018-cest-ce-mardi-28-mai","status":"publish","type":"post","link":"https:\/\/snuipp86.fr\/index.php\/2018\/05\/28\/hors-classe-2018-cest-ce-mardi-28-mai\/","title":{"rendered":"Hors classe 2018, c&rsquo;est ce mardi 28 mai !"},"content":{"rendered":"<p><img decoding=\"async\" src=\"https:\/\/snuipp86.fr\/wp-content\/spip\/IMG\/arton3938.jpg\" alt=\"\" align=\"right\" width=\"816\" height=\"544\" class=\"spip_logos\" \/><\/p>\n<div class='rss_texte'>\n<p class=\"spip\">La CAPD a lieu ce 28 mai pour les passages \u00e0 la Hors Classe.<\/p>\n<p class=\"spip\">Contactez le SNUipp-FSU au 05 49 01 36 71 ou snu86@snuipp.fr pour savoir si vous \u00eates promu-e ou au moins, conna\u00eetre son rang de classement !<\/p>\n<p class=\"spip\">La semaine derni\u00e8re, le nombre de promotions n&rsquo;\u00e9tait pas encore communiqu\u00e9 et le SNUipp-FSU a interpell\u00e9 le minist\u00e8re \u00e0 ce sujet. Cela n&rsquo;est pas sans poser probl\u00e8me \u00e0 nos coll\u00e8gues, notamment \u00e0 celles et ceux pour qui un d\u00e9part \u00e0 la retraite pourrait \u00eatre ajourn\u00e9 en raison d&rsquo;une promotion.<\/p>\n<dl class='spip_document_3426 spip_documents spip_documents_center' >\n<dt><a href=\"https:\/\/snuipp86.fr\/wp-content\/spip\/IMG\/pdf\/25_05_2018__courrier_jean_michel_blanquer_acces_a_la_hors_classe.pdf\" title='PDF - 172.2 ko' type=\"application\/pdf\"><img src='https:\/\/snuipp86.fr\/wp-content\/spip\/cache-vignettes\/L52xH52\/pdf-d7486.png' width='52' height='52' alt='PDF - 172.2 ko' style='height:52px;width:52px;' class=' format_png' \/><\/a><\/dt>\n<dt class='spip_doc_titre' style='width:120px;'><strong>25_05_2018__courrier_jean_michel_blanquer_acces_a_la_hors_classe<\/strong><\/dt>\n<\/dl>\n<p class=\"spip\">Concernant le nouveau bar\u00e8me Hors Classe 2018, les nouvelles modalit\u00e9s, notamment la constitution de l&rsquo;avis , interrogent, voire choquent, une grande majorit\u00e9 des coll\u00e8gues. Pour la profession, ce syst\u00e8me est incompr\u00e9hensible et totalement absurde. Si pour le SNUipp-FSU de la VIenne, les n\u00e9gociations men\u00e9es avec le minist\u00e8re dans le cadre du protocole sur la modernisation des parcours professionnels, des carri\u00e8res et des r\u00e9mun\u00e9rations (PPCR), ont permis des avanc\u00e9es importantes pour les fonctionnaires en termes de r\u00e9mun\u00e9rations et de d\u00e9roulement des carri\u00e8res, nous continuons de nous battre pour que celles ci s&rsquo;exercent dans l&rsquo;\u00e9quit\u00e9 et la transparence.<\/p>\n<p class=\"spip\">Pour le SNUipp-FSU, la situation salariale des PE est insatisfaisante, et nous demandons que tous les coll\u00e8gues puissent acc\u00e9der aux \u00e9chelons les plus r\u00e9mun\u00e9rateurs. Nous demandons, comme nous vous l&rsquo;avons d\u00e9j\u00e0 \u00e9crit, une attention toute particuli\u00e8re aux personnels proches de la retraite et qu&rsquo;il soit tenu compte de l&rsquo;AGS, notamment pour les anciens instituteurs !<\/p>\n<p class=\"spip\">ET nous serons vigilants \u00e0 ce que la note de service minist\u00e9rielle, parue au B.O. n\u00b08 du 22 f\u00e9vrier 2018, qui pr\u00e9voit que tous les professeurs des \u00e9coles d\u00e9roulant leur carri\u00e8re sur au moins deux grades pour une carri\u00e8re compl\u00e8te, soit belle et bien appliqu\u00e9e dans ce d\u00e9partement.<\/p>\n<dl class='spip_document_3428 spip_documents spip_documents_center' >\n<dt><img src='https:\/\/snuipp86.fr\/wp-content\/spip\/cache-vignettes\/L234xH216\/elus-person_slideshow-9-09200.jpg' width='234' height='216' alt='JPEG - 13.4 ko' style='height:216px;width:234px;' class='' \/><\/dt>\n<dt class='spip_doc_titre' style='width:234px;'><strong>elus-person<\/strong><\/dt>\n<\/dl>\n<\/div>\n","protected":false},"excerpt":{"rendered":"<p>La CAPD a lieu ce 28 mai pour les passages \u00e0 la Hors Classe. <br \/>Contactez le SNUipp-FSU au 05 49 01 36 71 ou snu86@snuipp.fr pour savoir si vous \u00eates promu-e ou au moins, conna\u00eetre son rang de classement ! <br \/>La semaine derni\u00e8re, le nombre de promotions n&rsquo;\u00e9tait pas encore communiqu\u00e9 et le SNUipp-FSU a interpell\u00e9 le minist\u00e8re \u00e0 ce sujet. Cela n&rsquo;est pas sans poser probl\u00e8me \u00e0 nos coll\u00e8gues, notamment \u00e0 celles et ceux pour qui un d\u00e9part \u00e0 la retraite pourrait \u00eatre ajourn\u00e9 en raison (&#8230;)<br \/>\n&#8211;<br \/>\n<a href=\"http:\/\/86.snuipp.fr\/spip.php?rubrique120\" rel=\"directory\">Promotions<\/a><br \/>\n\/<br \/>\n<a href=\"http:\/\/86.snuipp.fr\/spip.php?mot283\" rel=\"tag\">Promotions<\/a><\/p>\n","protected":false},"author":1,"featured_media":0,"comment_status":"open","ping_status":"open","sticky":false,"template":"","format":"standard","meta":{"footnotes":""},"categories":[14],"tags":[],"class_list":["post-152","post","type-post","status-publish","format-standard","hentry","category-a-la-une"],"yoast_head":"<!-- This site is optimized with the Yoast SEO plugin v26.6 - https:\/\/yoast.com\/wordpress\/plugins\/seo\/ -->\n<title>Hors classe 2018, c&#039;est ce mardi 28 mai ! - FSU-SNUipp 86<\/title>\n<meta name=\"robots\" content=\"index, follow, max-snippet:-1, max-image-preview:large, max-video-preview:-1\" \/>\n<link rel=\"canonical\" href=\"https:\/\/snuipp86.fr\/index.php\/2018\/05\/28\/hors-classe-2018-cest-ce-mardi-28-mai\/\" \/>\n<meta property=\"og:locale\" content=\"fr_FR\" \/>\n<meta property=\"og:type\" content=\"article\" \/>\n<meta property=\"og:title\" content=\"Hors classe 2018, c&#039;est ce mardi 28 mai ! - FSU-SNUipp 86\" \/>\n<meta property=\"og:description\" content=\"La CAPD a lieu ce 28 mai pour les passages \u00e0 la Hors Classe. Contactez le SNUipp-FSU au 05 49 01 36 71 ou snu86@snuipp.fr pour savoir si vous \u00eates promu-e ou au moins, conna\u00eetre son rang de classement ! La semaine derni\u00e8re, le nombre de promotions n&#039;\u00e9tait pas encore communiqu\u00e9 et le SNUipp-FSU a interpell\u00e9 le minist\u00e8re \u00e0 ce sujet. Cela n&#039;est pas sans poser probl\u00e8me \u00e0 nos coll\u00e8gues, notamment \u00e0 celles et ceux pour qui un d\u00e9part \u00e0 la retraite pourrait \u00eatre ajourn\u00e9 en raison (...) - Promotions \/ Promotions\" \/>\n<meta property=\"og:url\" content=\"https:\/\/snuipp86.fr\/index.php\/2018\/05\/28\/hors-classe-2018-cest-ce-mardi-28-mai\/\" \/>\n<meta property=\"og:site_name\" content=\"FSU-SNUipp 86\" \/>\n<meta property=\"article:published_time\" content=\"2018-05-28T05:31:53+00:00\" \/>\n<meta property=\"og:image\" content=\"http:\/\/snuipp86.fr\/wp-content\/spip\/IMG\/arton3938.jpg\" \/>\n<meta name=\"author\" content=\"WP86Admin\" \/>\n<meta name=\"twitter:card\" content=\"summary_large_image\" \/>\n<meta name=\"twitter:label1\" content=\"\u00c9crit par\" \/>\n\t<meta name=\"twitter:data1\" content=\"WP86Admin\" \/>\n\t<meta name=\"twitter:label2\" content=\"Dur\u00e9e de lecture estim\u00e9e\" \/>\n\t<meta name=\"twitter:data2\" content=\"2 minutes\" \/>\n<script type=\"application\/ld+json\" class=\"yoast-schema-graph\">{\"@context\":\"https:\/\/schema.org\",\"@graph\":[{\"@type\":\"WebPage\",\"@id\":\"https:\/\/snuipp86.fr\/index.php\/2018\/05\/28\/hors-classe-2018-cest-ce-mardi-28-mai\/\",\"url\":\"https:\/\/snuipp86.fr\/index.php\/2018\/05\/28\/hors-classe-2018-cest-ce-mardi-28-mai\/\",\"name\":\"Hors classe 2018, c'est ce mardi 28 mai ! - FSU-SNUipp 86\",\"isPartOf\":{\"@id\":\"https:\/\/snuipp86.fr\/#website\"},\"primaryImageOfPage\":{\"@id\":\"https:\/\/snuipp86.fr\/index.php\/2018\/05\/28\/hors-classe-2018-cest-ce-mardi-28-mai\/#primaryimage\"},\"image\":{\"@id\":\"https:\/\/snuipp86.fr\/index.php\/2018\/05\/28\/hors-classe-2018-cest-ce-mardi-28-mai\/#primaryimage\"},\"thumbnailUrl\":\"http:\/\/snuipp86.fr\/wp-content\/spip\/IMG\/arton3938.jpg\",\"datePublished\":\"2018-05-28T05:31:53+00:00\",\"author\":{\"@id\":\"https:\/\/snuipp86.fr\/#\/schema\/person\/901b28b9ae1c7a63a6a940102e52a7a2\"},\"breadcrumb\":{\"@id\":\"https:\/\/snuipp86.fr\/index.php\/2018\/05\/28\/hors-classe-2018-cest-ce-mardi-28-mai\/#breadcrumb\"},\"inLanguage\":\"fr-FR\",\"potentialAction\":[{\"@type\":\"ReadAction\",\"target\":[\"https:\/\/snuipp86.fr\/index.php\/2018\/05\/28\/hors-classe-2018-cest-ce-mardi-28-mai\/\"]}]},{\"@type\":\"ImageObject\",\"inLanguage\":\"fr-FR\",\"@id\":\"https:\/\/snuipp86.fr\/index.php\/2018\/05\/28\/hors-classe-2018-cest-ce-mardi-28-mai\/#primaryimage\",\"url\":\"http:\/\/snuipp86.fr\/wp-content\/spip\/IMG\/arton3938.jpg\",\"contentUrl\":\"http:\/\/snuipp86.fr\/wp-content\/spip\/IMG\/arton3938.jpg\"},{\"@type\":\"BreadcrumbList\",\"@id\":\"https:\/\/snuipp86.fr\/index.php\/2018\/05\/28\/hors-classe-2018-cest-ce-mardi-28-mai\/#breadcrumb\",\"itemListElement\":[{\"@type\":\"ListItem\",\"position\":1,\"name\":\"Accueil\",\"item\":\"https:\/\/snuipp86.fr\/\"},{\"@type\":\"ListItem\",\"position\":2,\"name\":\"Hors classe 2018, c&#8217;est ce mardi 28 mai !\"}]},{\"@type\":\"WebSite\",\"@id\":\"https:\/\/snuipp86.fr\/#website\",\"url\":\"https:\/\/snuipp86.fr\/\",\"name\":\"FSU-SNUipp 86\",\"description\":\"Des id\u00e9es qui font l&#039;\u00e9cole\",\"potentialAction\":[{\"@type\":\"SearchAction\",\"target\":{\"@type\":\"EntryPoint\",\"urlTemplate\":\"https:\/\/snuipp86.fr\/?s={search_term_string}\"},\"query-input\":{\"@type\":\"PropertyValueSpecification\",\"valueRequired\":true,\"valueName\":\"search_term_string\"}}],\"inLanguage\":\"fr-FR\"},{\"@type\":\"Person\",\"@id\":\"https:\/\/snuipp86.fr\/#\/schema\/person\/901b28b9ae1c7a63a6a940102e52a7a2\",\"name\":\"WP86Admin\",\"image\":{\"@type\":\"ImageObject\",\"inLanguage\":\"fr-FR\",\"@id\":\"https:\/\/snuipp86.fr\/#\/schema\/person\/image\/\",\"url\":\"https:\/\/secure.gravatar.com\/avatar\/0099845c7ec05dc10d777d8ab4f5142c5ba316283821af2459738ad469a37a1a?s=96&d=mm&r=g\",\"contentUrl\":\"https:\/\/secure.gravatar.com\/avatar\/0099845c7ec05dc10d777d8ab4f5142c5ba316283821af2459738ad469a37a1a?s=96&d=mm&r=g\",\"caption\":\"WP86Admin\"},\"url\":\"https:\/\/snuipp86.fr\/index.php\/author\/wp86admin\/\"}]}<\/script>\n<!-- \/ Yoast SEO plugin. -->","yoast_head_json":{"title":"Hors classe 2018, c'est ce mardi 28 mai ! - FSU-SNUipp 86","robots":{"index":"index","follow":"follow","max-snippet":"max-snippet:-1","max-image-preview":"max-image-preview:large","max-video-preview":"max-video-preview:-1"},"canonical":"https:\/\/snuipp86.fr\/index.php\/2018\/05\/28\/hors-classe-2018-cest-ce-mardi-28-mai\/","og_locale":"fr_FR","og_type":"article","og_title":"Hors classe 2018, c'est ce mardi 28 mai ! - FSU-SNUipp 86","og_description":"La CAPD a lieu ce 28 mai pour les passages \u00e0 la Hors Classe. Contactez le SNUipp-FSU au 05 49 01 36 71 ou snu86@snuipp.fr pour savoir si vous \u00eates promu-e ou au moins, conna\u00eetre son rang de classement ! La semaine derni\u00e8re, le nombre de promotions n'\u00e9tait pas encore communiqu\u00e9 et le SNUipp-FSU a interpell\u00e9 le minist\u00e8re \u00e0 ce sujet. Cela n'est pas sans poser probl\u00e8me \u00e0 nos coll\u00e8gues, notamment \u00e0 celles et ceux pour qui un d\u00e9part \u00e0 la retraite pourrait \u00eatre ajourn\u00e9 en raison (...) - Promotions \/ Promotions","og_url":"https:\/\/snuipp86.fr\/index.php\/2018\/05\/28\/hors-classe-2018-cest-ce-mardi-28-mai\/","og_site_name":"FSU-SNUipp 86","article_published_time":"2018-05-28T05:31:53+00:00","og_image":[{"url":"http:\/\/snuipp86.fr\/wp-content\/spip\/IMG\/arton3938.jpg","type":"","width":"","height":""}],"author":"WP86Admin","twitter_card":"summary_large_image","twitter_misc":{"\u00c9crit par":"WP86Admin","Dur\u00e9e de lecture estim\u00e9e":"2 minutes"},"schema":{"@context":"https:\/\/schema.org","@graph":[{"@type":"WebPage","@id":"https:\/\/snuipp86.fr\/index.php\/2018\/05\/28\/hors-classe-2018-cest-ce-mardi-28-mai\/","url":"https:\/\/snuipp86.fr\/index.php\/2018\/05\/28\/hors-classe-2018-cest-ce-mardi-28-mai\/","name":"Hors classe 2018, c'est ce mardi 28 mai ! - FSU-SNUipp 86","isPartOf":{"@id":"https:\/\/snuipp86.fr\/#website"},"primaryImageOfPage":{"@id":"https:\/\/snuipp86.fr\/index.php\/2018\/05\/28\/hors-classe-2018-cest-ce-mardi-28-mai\/#primaryimage"},"image":{"@id":"https:\/\/snuipp86.fr\/index.php\/2018\/05\/28\/hors-classe-2018-cest-ce-mardi-28-mai\/#primaryimage"},"thumbnailUrl":"http:\/\/snuipp86.fr\/wp-content\/spip\/IMG\/arton3938.jpg","datePublished":"2018-05-28T05:31:53+00:00","author":{"@id":"https:\/\/snuipp86.fr\/#\/schema\/person\/901b28b9ae1c7a63a6a940102e52a7a2"},"breadcrumb":{"@id":"https:\/\/snuipp86.fr\/index.php\/2018\/05\/28\/hors-classe-2018-cest-ce-mardi-28-mai\/#breadcrumb"},"inLanguage":"fr-FR","potentialAction":[{"@type":"ReadAction","target":["https:\/\/snuipp86.fr\/index.php\/2018\/05\/28\/hors-classe-2018-cest-ce-mardi-28-mai\/"]}]},{"@type":"ImageObject","inLanguage":"fr-FR","@id":"https:\/\/snuipp86.fr\/index.php\/2018\/05\/28\/hors-classe-2018-cest-ce-mardi-28-mai\/#primaryimage","url":"http:\/\/snuipp86.fr\/wp-content\/spip\/IMG\/arton3938.jpg","contentUrl":"http:\/\/snuipp86.fr\/wp-content\/spip\/IMG\/arton3938.jpg"},{"@type":"BreadcrumbList","@id":"https:\/\/snuipp86.fr\/index.php\/2018\/05\/28\/hors-classe-2018-cest-ce-mardi-28-mai\/#breadcrumb","itemListElement":[{"@type":"ListItem","position":1,"name":"Accueil","item":"https:\/\/snuipp86.fr\/"},{"@type":"ListItem","position":2,"name":"Hors classe 2018, c&#8217;est ce mardi 28 mai !"}]},{"@type":"WebSite","@id":"https:\/\/snuipp86.fr\/#website","url":"https:\/\/snuipp86.fr\/","name":"FSU-SNUipp 86","description":"Des id\u00e9es qui font l&#039;\u00e9cole","potentialAction":[{"@type":"SearchAction","target":{"@type":"EntryPoint","urlTemplate":"https:\/\/snuipp86.fr\/?s={search_term_string}"},"query-input":{"@type":"PropertyValueSpecification","valueRequired":true,"valueName":"search_term_string"}}],"inLanguage":"fr-FR"},{"@type":"Person","@id":"https:\/\/snuipp86.fr\/#\/schema\/person\/901b28b9ae1c7a63a6a940102e52a7a2","name":"WP86Admin","image":{"@type":"ImageObject","inLanguage":"fr-FR","@id":"https:\/\/snuipp86.fr\/#\/schema\/person\/image\/","url":"https:\/\/secure.gravatar.com\/avatar\/0099845c7ec05dc10d777d8ab4f5142c5ba316283821af2459738ad469a37a1a?s=96&d=mm&r=g","contentUrl":"https:\/\/secure.gravatar.com\/avatar\/0099845c7ec05dc10d777d8ab4f5142c5ba316283821af2459738ad469a37a1a?s=96&d=mm&r=g","caption":"WP86Admin"},"url":"https:\/\/snuipp86.fr\/index.php\/author\/wp86admin\/"}]}},"_links":{"self":[{"href":"https:\/\/snuipp86.fr\/index.php\/wp-json\/wp\/v2\/posts\/152","targetHints":{"allow":["GET"]}}],"collection":[{"href":"https:\/\/snuipp86.fr\/index.php\/wp-json\/wp\/v2\/posts"}],"about":[{"href":"https:\/\/snuipp86.fr\/index.php\/wp-json\/wp\/v2\/types\/post"}],"author":[{"embeddable":true,"href":"https:\/\/snuipp86.fr\/index.php\/wp-json\/wp\/v2\/users\/1"}],"replies":[{"embeddable":true,"href":"https:\/\/snuipp86.fr\/index.php\/wp-json\/wp\/v2\/comments?post=152"}],"version-history":[{"count":0,"href":"https:\/\/snuipp86.fr\/index.php\/wp-json\/wp\/v2\/posts\/152\/revisions"}],"wp:attachment":[{"href":"https:\/\/snuipp86.fr\/index.php\/wp-json\/wp\/v2\/media?parent=152"}],"wp:term":[{"taxonomy":"category","embeddable":true,"href":"https:\/\/snuipp86.fr\/index.php\/wp-json\/wp\/v2\/categories?post=152"},{"taxonomy":"post_tag","embeddable":true,"href":"https:\/\/snuipp86.fr\/index.php\/wp-json\/wp\/v2\/tags?post=152"}],"curies":[{"name":"wp","href":"https:\/\/api.w.org\/{rel}","templated":true}]}}