{"id":1532,"date":"2010-11-02T17:48:34","date_gmt":"2010-11-02T17:48:34","guid":{"rendered":"http:\/\/localhost\/wordpress\/2010\/11\/02\/mise-en-conformit-de-base-lves\/"},"modified":"2010-11-02T17:48:34","modified_gmt":"2010-11-02T17:48:34","slug":"mise-en-conformit-de-base-lves","status":"publish","type":"post","link":"https:\/\/snuipp86.fr\/index.php\/2010\/11\/02\/mise-en-conformit-de-base-lves\/","title":{"rendered":"Mise en conformit\u00e9 de Base \u00c9l\u00e8ves"},"content":{"rendered":"<p><img decoding=\"async\" src=\"https:\/\/snuipp86.fr\/wp-content\/spip\/IMG\/arton2054.jpg\" alt=\"\" align=\"right\" width=\"124\" height=\"95\" class=\"spip_logos\" \/><\/p>\n<div class='rss_texte'>\n<p class=\"spip\">Le minist\u00e8re vient d&rsquo;annoncer qu&rsquo;il a r\u00e9pondu \u00e0 toutes les exigences formul\u00e9es par le Conseil d&rsquo;\u00c9tat de mises en conformit\u00e9 de BE1D. Cela r\u00e9pond en partie \u00e0 ce qu&rsquo;exigeaient la FCPE, la LDH, le SE-UNSA, le SGEN-CFDT et le SNUIPP dans leur communiqu\u00e9 commun du 21 septembre.<\/p>\n<p class=\"spip\">Les autres exigences du communiqu\u00e9 restent pleines et enti\u00e8res :<\/p>\n<ul class=\"spip\">\n<li class=\"spip\">la r\u00e9int\u00e9gration des directeurs sanctionn\u00e9s dans leur emploi,<\/li>\n<\/ul>\n<ul class=\"spip\">\n<li class=\"spip\">le renforcement des moyens allou\u00e9s \u00e0 la CNIL pour lui permettre d&rsquo;exercer sa mission dans les meilleures conditions,<\/li>\n<\/ul>\n<ul class=\"spip\">\n<li class=\"spip\"> la mise en place d&rsquo;un observatoire ind\u00e9pendant regroupant des repr\u00e9sentants de la communaut\u00e9 \u00e9ducative. Cet organisme exercerait des missions de veille et d&rsquo;alerte, aupr\u00e8s de la CNIL, des divers fichiers et applications qui ont cours dans l&rsquo;Education nationale. <\/li>\n<\/ul>\n<p class=\"spip\">Le communiqu\u00e9 du minist\u00e8re :<br \/>\nCommuniqu\u00e9 du minist\u00e8re<\/p>\n<p class=\"spip\">Le minist\u00e8re de l&rsquo;\u00c9ducation nationale a pris toutes les mesures demand\u00e9es par le Conseil d&rsquo;\u00c9tat dans les d\u00e9cisions rendues le 19 juillet dernier sur les traitements de donn\u00e9es \u00ab\u00a0base \u00e9l\u00e8ves premier degr\u00e9\u00a0\u00bb (BE1D) et \u00ab\u00a0base nationale des identifiants \u00e9l\u00e8ves\u00a0\u00bb (BNIE).<\/p>\n<p class=\"spip\">Dans ses d\u00e9cisions, le Conseil d&rsquo;\u00c9tat a soulign\u00e9 l&rsquo;importance de ces bases de donn\u00e9es pour le fonctionnement du service public de l&rsquo;\u00e9ducation et reconnu la l\u00e9gitimit\u00e9 des deux bases de donn\u00e9es contest\u00e9es. Il en a, par ailleurs, valid\u00e9 l&rsquo;\u00e9conomie g\u00e9n\u00e9rale et, sur l&rsquo;essentiel, les donn\u00e9es recueillies, ne pronon\u00e7ant que des annulations tr\u00e8s partielles et limit\u00e9es dans leur port\u00e9e.<\/p>\n<p class=\"spip\">En cons\u00e9quence des d\u00e9cisions du Conseil d&rsquo;\u00c9tat, aucune suppression de donn\u00e9es n&rsquo;a \u00e9t\u00e9 n\u00e9cessaire pour la base \u00e9l\u00e8ves premier degr\u00e9. En particulier, les donn\u00e9es relatives \u00e0 la mention exacte de la cat\u00e9gorie de classe d&rsquo;int\u00e9gration scolaire (CLIS) avaient d\u00e9j\u00e0 \u00e9t\u00e9 supprim\u00e9es par d\u00e9cision du ministre en 2008.<\/p>\n<p class=\"spip\">S&rsquo;agissant de la BNIE, les donn\u00e9es enregistr\u00e9es avant la d\u00e9livrance d&rsquo;un r\u00e9c\u00e9piss\u00e9 par la CNIL, le 27 f\u00e9vrier 2007, ont \u00e9t\u00e9 effectivement supprim\u00e9es \u00e0 la date du 30 septembre 2010.<\/p>\n<p class=\"spip\">Par ailleurs, les d\u00e9clarations faites \u00e0 la CNIL sur ces deux traitements ont fait l&rsquo;objet de modifications pour lesquelles la CNIL a d\u00e9livr\u00e9 deux r\u00e9c\u00e9piss\u00e9s en date du 11 octobre dernier sans faire aucune r\u00e9serve ou observation. Pour BE1D, cette modification a permis de confirmer la suppression en 2008 des donn\u00e9es relatives \u00e0 la mention exacte de la cat\u00e9gorie de CLIS. La modification portant sur la BNIE retient une dur\u00e9e de conservation des donn\u00e9es fix\u00e9e \u00e0 5 ans apr\u00e8s sortie des \u00e9tablissements scolaires du 1er degr\u00e9 au lieu des 35 ans de dur\u00e9e initialement mentionn\u00e9e.<\/p>\n<p class=\"spip\">L&rsquo;ensemble de ces mesures ont ainsi \u00e9t\u00e9 prises dans le d\u00e9lai de trois mois imparti par le Conseil d&rsquo;\u00c9tat. L&rsquo;utilisation de ces bases est donc \u00e0 ce jour tout \u00e0 fait r\u00e9guli\u00e8re.<\/p>\n<p class=\"spip\">Le 21 octobre 2010<\/p>\n<\/div>\n","protected":false},"excerpt":{"rendered":"<p>Le minist\u00e8re vient d&rsquo;annoncer qu&rsquo;il a r\u00e9pondu \u00e0 toutes les exigences formul\u00e9es par le Conseil d&rsquo;\u00c9tat de mises en conformit\u00e9 de BE1D. Cela r\u00e9pond en partie \u00e0 ce qu&rsquo;exigeaient la FCPE, la LDH, le SE-UNSA, le SGEN-CFDT et le SNUIPP dans leur communiqu\u00e9 commun du 21 septembre. <br \/>Les autres exigences du communiqu\u00e9 restent pleines et enti\u00e8res : <br \/>la r\u00e9int\u00e9gration des directeurs sanctionn\u00e9s dans leur emploi, <br \/>le renforcement des moyens allou\u00e9s \u00e0 la CNIL pour lui permettre d&rsquo;exercer sa mission (&#8230;)<br \/>\n&#8211;<br \/>\n<a href=\"http:\/\/86.snuipp.fr\/spip.php?rubrique146\" rel=\"directory\">Base El\u00e8ves<\/a><br \/>\n\/<br \/>\n<a href=\"http:\/\/86.snuipp.fr\/spip.php?mot314\" rel=\"tag\">Base \u00e9l\u00e8ves<\/a><\/p>\n","protected":false},"author":1,"featured_media":0,"comment_status":"open","ping_status":"open","sticky":false,"template":"","format":"standard","meta":{"footnotes":""},"categories":[14],"tags":[],"class_list":["post-1532","post","type-post","status-publish","format-standard","hentry","category-a-la-une"],"yoast_head":"<!-- This site is optimized with the Yoast SEO plugin v26.6 - https:\/\/yoast.com\/wordpress\/plugins\/seo\/ -->\n<title>Mise en conformit\u00e9 de Base \u00c9l\u00e8ves - FSU-SNUipp 86<\/title>\n<meta name=\"robots\" content=\"index, follow, max-snippet:-1, max-image-preview:large, max-video-preview:-1\" \/>\n<link rel=\"canonical\" href=\"https:\/\/snuipp86.fr\/index.php\/2010\/11\/02\/mise-en-conformit-de-base-lves\/\" \/>\n<meta property=\"og:locale\" content=\"fr_FR\" \/>\n<meta property=\"og:type\" content=\"article\" \/>\n<meta property=\"og:title\" content=\"Mise en conformit\u00e9 de Base \u00c9l\u00e8ves - FSU-SNUipp 86\" \/>\n<meta property=\"og:description\" content=\"Le minist\u00e8re vient d&#039;annoncer qu&#039;il a r\u00e9pondu \u00e0 toutes les exigences formul\u00e9es par le Conseil d&#039;\u00c9tat de mises en conformit\u00e9 de BE1D. Cela r\u00e9pond en partie \u00e0 ce qu&#039;exigeaient la FCPE, la LDH, le SE-UNSA, le SGEN-CFDT et le SNUIPP dans leur communiqu\u00e9 commun du 21 septembre. Les autres exigences du communiqu\u00e9 restent pleines et enti\u00e8res : la r\u00e9int\u00e9gration des directeurs sanctionn\u00e9s dans leur emploi, le renforcement des moyens allou\u00e9s \u00e0 la CNIL pour lui permettre d&#039;exercer sa mission (...) - Base El\u00e8ves \/ Base \u00e9l\u00e8ves\" \/>\n<meta property=\"og:url\" content=\"https:\/\/snuipp86.fr\/index.php\/2010\/11\/02\/mise-en-conformit-de-base-lves\/\" \/>\n<meta property=\"og:site_name\" content=\"FSU-SNUipp 86\" \/>\n<meta property=\"article:published_time\" content=\"2010-11-02T17:48:34+00:00\" \/>\n<meta property=\"og:image\" content=\"http:\/\/snuipp86.fr\/wp-content\/spip\/IMG\/arton2054.jpg\" \/>\n<meta name=\"author\" content=\"WP86Admin\" \/>\n<meta name=\"twitter:card\" content=\"summary_large_image\" \/>\n<meta name=\"twitter:label1\" content=\"\u00c9crit par\" \/>\n\t<meta name=\"twitter:data1\" content=\"WP86Admin\" \/>\n\t<meta name=\"twitter:label2\" content=\"Dur\u00e9e de lecture estim\u00e9e\" \/>\n\t<meta name=\"twitter:data2\" content=\"2 minutes\" \/>\n<script type=\"application\/ld+json\" class=\"yoast-schema-graph\">{\"@context\":\"https:\/\/schema.org\",\"@graph\":[{\"@type\":\"WebPage\",\"@id\":\"https:\/\/snuipp86.fr\/index.php\/2010\/11\/02\/mise-en-conformit-de-base-lves\/\",\"url\":\"https:\/\/snuipp86.fr\/index.php\/2010\/11\/02\/mise-en-conformit-de-base-lves\/\",\"name\":\"Mise en conformit\u00e9 de Base \u00c9l\u00e8ves - FSU-SNUipp 86\",\"isPartOf\":{\"@id\":\"https:\/\/snuipp86.fr\/#website\"},\"primaryImageOfPage\":{\"@id\":\"https:\/\/snuipp86.fr\/index.php\/2010\/11\/02\/mise-en-conformit-de-base-lves\/#primaryimage\"},\"image\":{\"@id\":\"https:\/\/snuipp86.fr\/index.php\/2010\/11\/02\/mise-en-conformit-de-base-lves\/#primaryimage\"},\"thumbnailUrl\":\"http:\/\/snuipp86.fr\/wp-content\/spip\/IMG\/arton2054.jpg\",\"datePublished\":\"2010-11-02T17:48:34+00:00\",\"author\":{\"@id\":\"https:\/\/snuipp86.fr\/#\/schema\/person\/901b28b9ae1c7a63a6a940102e52a7a2\"},\"breadcrumb\":{\"@id\":\"https:\/\/snuipp86.fr\/index.php\/2010\/11\/02\/mise-en-conformit-de-base-lves\/#breadcrumb\"},\"inLanguage\":\"fr-FR\",\"potentialAction\":[{\"@type\":\"ReadAction\",\"target\":[\"https:\/\/snuipp86.fr\/index.php\/2010\/11\/02\/mise-en-conformit-de-base-lves\/\"]}]},{\"@type\":\"ImageObject\",\"inLanguage\":\"fr-FR\",\"@id\":\"https:\/\/snuipp86.fr\/index.php\/2010\/11\/02\/mise-en-conformit-de-base-lves\/#primaryimage\",\"url\":\"http:\/\/snuipp86.fr\/wp-content\/spip\/IMG\/arton2054.jpg\",\"contentUrl\":\"http:\/\/snuipp86.fr\/wp-content\/spip\/IMG\/arton2054.jpg\"},{\"@type\":\"BreadcrumbList\",\"@id\":\"https:\/\/snuipp86.fr\/index.php\/2010\/11\/02\/mise-en-conformit-de-base-lves\/#breadcrumb\",\"itemListElement\":[{\"@type\":\"ListItem\",\"position\":1,\"name\":\"Accueil\",\"item\":\"https:\/\/snuipp86.fr\/\"},{\"@type\":\"ListItem\",\"position\":2,\"name\":\"Mise en conformit\u00e9 de Base \u00c9l\u00e8ves\"}]},{\"@type\":\"WebSite\",\"@id\":\"https:\/\/snuipp86.fr\/#website\",\"url\":\"https:\/\/snuipp86.fr\/\",\"name\":\"FSU-SNUipp 86\",\"description\":\"Des id\u00e9es qui font l&#039;\u00e9cole\",\"potentialAction\":[{\"@type\":\"SearchAction\",\"target\":{\"@type\":\"EntryPoint\",\"urlTemplate\":\"https:\/\/snuipp86.fr\/?s={search_term_string}\"},\"query-input\":{\"@type\":\"PropertyValueSpecification\",\"valueRequired\":true,\"valueName\":\"search_term_string\"}}],\"inLanguage\":\"fr-FR\"},{\"@type\":\"Person\",\"@id\":\"https:\/\/snuipp86.fr\/#\/schema\/person\/901b28b9ae1c7a63a6a940102e52a7a2\",\"name\":\"WP86Admin\",\"image\":{\"@type\":\"ImageObject\",\"inLanguage\":\"fr-FR\",\"@id\":\"https:\/\/snuipp86.fr\/#\/schema\/person\/image\/\",\"url\":\"https:\/\/secure.gravatar.com\/avatar\/0099845c7ec05dc10d777d8ab4f5142c5ba316283821af2459738ad469a37a1a?s=96&d=mm&r=g\",\"contentUrl\":\"https:\/\/secure.gravatar.com\/avatar\/0099845c7ec05dc10d777d8ab4f5142c5ba316283821af2459738ad469a37a1a?s=96&d=mm&r=g\",\"caption\":\"WP86Admin\"},\"url\":\"https:\/\/snuipp86.fr\/index.php\/author\/wp86admin\/\"}]}<\/script>\n<!-- \/ Yoast SEO plugin. -->","yoast_head_json":{"title":"Mise en conformit\u00e9 de Base \u00c9l\u00e8ves - FSU-SNUipp 86","robots":{"index":"index","follow":"follow","max-snippet":"max-snippet:-1","max-image-preview":"max-image-preview:large","max-video-preview":"max-video-preview:-1"},"canonical":"https:\/\/snuipp86.fr\/index.php\/2010\/11\/02\/mise-en-conformit-de-base-lves\/","og_locale":"fr_FR","og_type":"article","og_title":"Mise en conformit\u00e9 de Base \u00c9l\u00e8ves - FSU-SNUipp 86","og_description":"Le minist\u00e8re vient d'annoncer qu'il a r\u00e9pondu \u00e0 toutes les exigences formul\u00e9es par le Conseil d'\u00c9tat de mises en conformit\u00e9 de BE1D. Cela r\u00e9pond en partie \u00e0 ce qu'exigeaient la FCPE, la LDH, le SE-UNSA, le SGEN-CFDT et le SNUIPP dans leur communiqu\u00e9 commun du 21 septembre. Les autres exigences du communiqu\u00e9 restent pleines et enti\u00e8res : la r\u00e9int\u00e9gration des directeurs sanctionn\u00e9s dans leur emploi, le renforcement des moyens allou\u00e9s \u00e0 la CNIL pour lui permettre d'exercer sa mission (...) - Base El\u00e8ves \/ Base \u00e9l\u00e8ves","og_url":"https:\/\/snuipp86.fr\/index.php\/2010\/11\/02\/mise-en-conformit-de-base-lves\/","og_site_name":"FSU-SNUipp 86","article_published_time":"2010-11-02T17:48:34+00:00","og_image":[{"url":"http:\/\/snuipp86.fr\/wp-content\/spip\/IMG\/arton2054.jpg","type":"","width":"","height":""}],"author":"WP86Admin","twitter_card":"summary_large_image","twitter_misc":{"\u00c9crit par":"WP86Admin","Dur\u00e9e de lecture estim\u00e9e":"2 minutes"},"schema":{"@context":"https:\/\/schema.org","@graph":[{"@type":"WebPage","@id":"https:\/\/snuipp86.fr\/index.php\/2010\/11\/02\/mise-en-conformit-de-base-lves\/","url":"https:\/\/snuipp86.fr\/index.php\/2010\/11\/02\/mise-en-conformit-de-base-lves\/","name":"Mise en conformit\u00e9 de Base \u00c9l\u00e8ves - FSU-SNUipp 86","isPartOf":{"@id":"https:\/\/snuipp86.fr\/#website"},"primaryImageOfPage":{"@id":"https:\/\/snuipp86.fr\/index.php\/2010\/11\/02\/mise-en-conformit-de-base-lves\/#primaryimage"},"image":{"@id":"https:\/\/snuipp86.fr\/index.php\/2010\/11\/02\/mise-en-conformit-de-base-lves\/#primaryimage"},"thumbnailUrl":"http:\/\/snuipp86.fr\/wp-content\/spip\/IMG\/arton2054.jpg","datePublished":"2010-11-02T17:48:34+00:00","author":{"@id":"https:\/\/snuipp86.fr\/#\/schema\/person\/901b28b9ae1c7a63a6a940102e52a7a2"},"breadcrumb":{"@id":"https:\/\/snuipp86.fr\/index.php\/2010\/11\/02\/mise-en-conformit-de-base-lves\/#breadcrumb"},"inLanguage":"fr-FR","potentialAction":[{"@type":"ReadAction","target":["https:\/\/snuipp86.fr\/index.php\/2010\/11\/02\/mise-en-conformit-de-base-lves\/"]}]},{"@type":"ImageObject","inLanguage":"fr-FR","@id":"https:\/\/snuipp86.fr\/index.php\/2010\/11\/02\/mise-en-conformit-de-base-lves\/#primaryimage","url":"http:\/\/snuipp86.fr\/wp-content\/spip\/IMG\/arton2054.jpg","contentUrl":"http:\/\/snuipp86.fr\/wp-content\/spip\/IMG\/arton2054.jpg"},{"@type":"BreadcrumbList","@id":"https:\/\/snuipp86.fr\/index.php\/2010\/11\/02\/mise-en-conformit-de-base-lves\/#breadcrumb","itemListElement":[{"@type":"ListItem","position":1,"name":"Accueil","item":"https:\/\/snuipp86.fr\/"},{"@type":"ListItem","position":2,"name":"Mise en conformit\u00e9 de Base \u00c9l\u00e8ves"}]},{"@type":"WebSite","@id":"https:\/\/snuipp86.fr\/#website","url":"https:\/\/snuipp86.fr\/","name":"FSU-SNUipp 86","description":"Des id\u00e9es qui font l&#039;\u00e9cole","potentialAction":[{"@type":"SearchAction","target":{"@type":"EntryPoint","urlTemplate":"https:\/\/snuipp86.fr\/?s={search_term_string}"},"query-input":{"@type":"PropertyValueSpecification","valueRequired":true,"valueName":"search_term_string"}}],"inLanguage":"fr-FR"},{"@type":"Person","@id":"https:\/\/snuipp86.fr\/#\/schema\/person\/901b28b9ae1c7a63a6a940102e52a7a2","name":"WP86Admin","image":{"@type":"ImageObject","inLanguage":"fr-FR","@id":"https:\/\/snuipp86.fr\/#\/schema\/person\/image\/","url":"https:\/\/secure.gravatar.com\/avatar\/0099845c7ec05dc10d777d8ab4f5142c5ba316283821af2459738ad469a37a1a?s=96&d=mm&r=g","contentUrl":"https:\/\/secure.gravatar.com\/avatar\/0099845c7ec05dc10d777d8ab4f5142c5ba316283821af2459738ad469a37a1a?s=96&d=mm&r=g","caption":"WP86Admin"},"url":"https:\/\/snuipp86.fr\/index.php\/author\/wp86admin\/"}]}},"_links":{"self":[{"href":"https:\/\/snuipp86.fr\/index.php\/wp-json\/wp\/v2\/posts\/1532","targetHints":{"allow":["GET"]}}],"collection":[{"href":"https:\/\/snuipp86.fr\/index.php\/wp-json\/wp\/v2\/posts"}],"about":[{"href":"https:\/\/snuipp86.fr\/index.php\/wp-json\/wp\/v2\/types\/post"}],"author":[{"embeddable":true,"href":"https:\/\/snuipp86.fr\/index.php\/wp-json\/wp\/v2\/users\/1"}],"replies":[{"embeddable":true,"href":"https:\/\/snuipp86.fr\/index.php\/wp-json\/wp\/v2\/comments?post=1532"}],"version-history":[{"count":0,"href":"https:\/\/snuipp86.fr\/index.php\/wp-json\/wp\/v2\/posts\/1532\/revisions"}],"wp:attachment":[{"href":"https:\/\/snuipp86.fr\/index.php\/wp-json\/wp\/v2\/media?parent=1532"}],"wp:term":[{"taxonomy":"category","embeddable":true,"href":"https:\/\/snuipp86.fr\/index.php\/wp-json\/wp\/v2\/categories?post=1532"},{"taxonomy":"post_tag","embeddable":true,"href":"https:\/\/snuipp86.fr\/index.php\/wp-json\/wp\/v2\/tags?post=1532"}],"curies":[{"name":"wp","href":"https:\/\/api.w.org\/{rel}","templated":true}]}}