{"id":1540,"date":"2010-10-13T14:48:43","date_gmt":"2010-10-13T14:48:43","guid":{"rendered":"http:\/\/localhost\/wordpress\/2010\/10\/13\/les-retraites-communique-national-fsu\/"},"modified":"2010-10-13T14:48:43","modified_gmt":"2010-10-13T14:48:43","slug":"les-retraites-communique-national-fsu","status":"publish","type":"post","link":"https:\/\/snuipp86.fr\/index.php\/2010\/10\/13\/les-retraites-communique-national-fsu\/","title":{"rendered":"LES RETRAITES&#8230; COMMUNIQUE NATIONAL FSU"},"content":{"rendered":"<p><img decoding=\"async\" src=\"https:\/\/snuipp86.fr\/wp-content\/spip\/IMG\/arton2046.png\" alt=\"\" align=\"right\" width=\"128\" height=\"128\" class=\"spip_logos\" \/><\/p>\n<div class='rss_texte'>\n<p class=\"spip\">COMMUNIQUE NATIONAL FSU<\/p>\n<p class=\"spip\">*******************************************************************<br \/>\nRetraites : \u00e7a ne passe pas !<\/p>\n<p class=\"spip\">Le gouvernement tente d&rsquo;aller vite pour d\u00e9samorcer une contestation qui ne cesse de s&rsquo;amplifier. <strong class=\"spip\">Avec un nouveau passage en force au S\u00e9nat en faisant voter le d\u00e9calage des bornes d&rsquo;\u00e2ge<\/strong>,<strong class=\"spip\"> il a fait preuve de grand m\u00e9pris et d&rsquo;une nouvelle provocation face aux exigences port\u00e9es par des millions de fran\u00e7ais.<br \/>\n<\/strong><\/p>\n<p class=\"spip\">Mais cette quatri\u00e8me journ\u00e9e d&rsquo;action, en un peu plus d&rsquo;un mois, montre que, ensemble, salari\u00e9s du public et du priv\u00e9, mais aussi jeunes, ch\u00f4meurs et retrait\u00e9s <strong class=\"spip\">sont d\u00e9termin\u00e9s \u00e0 ne pas laisser passer cette r\u00e9forme.<br \/>\n<\/strong><\/p>\n<p class=\"spip\"><strong class=\"spip\">La mobilisation reste toujours aussi forte et ancr\u00e9e partout en France.<\/strong> <strong class=\"spip\">Elle est \u00e9galement toujours soutenue et confort\u00e9e par une opinion publique hostile \u00e0 ce projet de r\u00e9forme.<\/p>\n<p class=\"spip\"><\/strong><\/p>\n<p class=\"spip\">C&rsquo;est le coeur m\u00eame de la r\u00e9forme qui est contest\u00e9e. Car l&rsquo;abandon des 60 ans ne garantit pas \u00e0 terme le financement du syst\u00e8me de retraite par r\u00e9partition. Il p\u00e9naliserait tous les salari\u00e9s et aggraverait le ch\u00f4mage notamment des jeunes. Par ailleurs cette mesure est contradictoire avec le sens de l&rsquo;histoire sociale. Elle prend le risque de remettre en cause la tendance \u00e0 l&rsquo;allongement de l&rsquo;esp\u00e9rance de vie.<\/p>\n<p class=\"spip\"><strong class=\"spip\"><br \/>\nLe gouvernement doit retirer son projet et prendre le temps n\u00e9cessaire du d\u00e9bat de soci\u00e9t\u00e9 qui n&rsquo;a pas eu lieu<\/strong>. Il doit ouvrir de r\u00e9elles n\u00e9gociations afin d&rsquo;entendre nos propositions en terme d&#8217;emploi, de financement, de reconnaissance de la p\u00e9nibilit\u00e9 au travail, de r\u00e9duction des in\u00e9galit\u00e9s entre les hommes et les femmes, de prise en compte des ann\u00e9es d&rsquo;\u00e9tude&#8230;<\/p>\n<p class=\"spip\">Il est encore possible de construire une r\u00e9forme juste, solidaire et efficace \u00e0 terme. Une r\u00e9forme qui assure le syst\u00e8me de retraite par r\u00e9partition \u00e0 l&rsquo;ensemble des g\u00e9n\u00e9rations.<\/p>\n<p class=\"spip\">C&rsquo;est pourquoi nous n&rsquo;en resterons pas la !<\/p>\n<p class=\"spip\"><strong class=\"spip\">Le gouvernement acc\u00e9l\u00e8re les proc\u00e9dures, alors acc\u00e9l\u00e9rons la riposte !<\/strong><\/p>\n<p class=\"spip\">Dans un contexte o\u00f9 la contestation s&rsquo;amplifie, o\u00f9 la journ\u00e9e intersyndicale du 12 octobre est une nouvelle r\u00e9ussite, o\u00f9 des mouvements reconductibles sont envisag\u00e9s dans diff\u00e9rents secteurs pour les jours \u00e0 venir, la FSU appelle \u00e0 faire du samedi 16 octobre une nouvelle journ\u00e9e massive de manifestations partout en France.<\/p>\n<p class=\"spip\">La FSU a appel\u00e9 les personnels \u00e0 d\u00e9battre des modalit\u00e9s pour \u00e9tendre encore et g\u00e9n\u00e9raliser ce mouvement de gr\u00e8ve et de manifestations et d\u00e9cidera avec eux des suites \u00e0 donner \u00e0 l&rsquo;action. Elle r\u00e9unit un bureau f\u00e9d\u00e9ral extraordinaire jeudi matin et proposera de nouvelles mobilisations \u00e0 l&rsquo;intersyndicale qui se r\u00e9unit l&rsquo;apr\u00e8s midi.<\/p>\n<p class=\"spip\">Par son refus de prendre en compte les demandes exprim\u00e9es par les gr\u00e9vistes et manifestants largement soutenus par la population, le gouvernement porte la responsabilit\u00e9 de la poursuite et de l&rsquo;extension du mouvement.<strong class=\"spip\"> Rien n&rsquo;est jou\u00e9 puisque la loi ne sera adopt\u00e9e qu&rsquo;\u00e0 l&rsquo;issue du vote final de l&rsquo;assembl\u00e9e nationale.<\/strong><\/p>\n<\/div>\n","protected":false},"excerpt":{"rendered":"<p>COMMUNIQUE NATIONAL FSU ******************************************************************* Retraites : \u00e7a ne passe pas ! <br \/>Le gouvernement tente d&rsquo;aller vite pour d\u00e9samorcer une contestation qui ne cesse de s&rsquo;amplifier. Avec un nouveau passage en force au S\u00e9nat en faisant voter le d\u00e9calage des bornes d&rsquo;\u00e2ge, il a fait preuve de grand m\u00e9pris et d&rsquo;une nouvelle provocation face aux exigences port\u00e9es par des millions de fran\u00e7ais. <br \/>Mais cette quatri\u00e8me journ\u00e9e d&rsquo;action, en un (&#8230;)<br \/>\n&#8211;<br \/>\n<a href=\"http:\/\/86.snuipp.fr\/spip.php?rubrique157\" rel=\"directory\">Retraites<\/a><br \/>\n\/<br \/>\n<a href=\"http:\/\/86.snuipp.fr\/spip.php?mot290\" rel=\"tag\">Actions<\/a>,<br \/>\n<a href=\"http:\/\/86.snuipp.fr\/spip.php?mot305\" rel=\"tag\">Retraites<\/a><\/p>\n","protected":false},"author":1,"featured_media":0,"comment_status":"open","ping_status":"open","sticky":false,"template":"","format":"standard","meta":{"footnotes":""},"categories":[14],"tags":[],"class_list":["post-1540","post","type-post","status-publish","format-standard","hentry","category-a-la-une"],"yoast_head":"<!-- This site is optimized with the Yoast SEO plugin v26.6 - https:\/\/yoast.com\/wordpress\/plugins\/seo\/ -->\n<title>LES RETRAITES... COMMUNIQUE NATIONAL FSU - FSU-SNUipp 86<\/title>\n<meta name=\"robots\" content=\"index, follow, max-snippet:-1, max-image-preview:large, max-video-preview:-1\" \/>\n<link rel=\"canonical\" href=\"https:\/\/snuipp86.fr\/index.php\/2010\/10\/13\/les-retraites-communique-national-fsu\/\" \/>\n<meta property=\"og:locale\" content=\"fr_FR\" \/>\n<meta property=\"og:type\" content=\"article\" \/>\n<meta property=\"og:title\" content=\"LES RETRAITES... COMMUNIQUE NATIONAL FSU - FSU-SNUipp 86\" \/>\n<meta property=\"og:description\" content=\"COMMUNIQUE NATIONAL FSU ******************************************************************* Retraites : \u00e7a ne passe pas ! Le gouvernement tente d&#039;aller vite pour d\u00e9samorcer une contestation qui ne cesse de s&#039;amplifier. Avec un nouveau passage en force au S\u00e9nat en faisant voter le d\u00e9calage des bornes d&#039;\u00e2ge, il a fait preuve de grand m\u00e9pris et d&#039;une nouvelle provocation face aux exigences port\u00e9es par des millions de fran\u00e7ais. Mais cette quatri\u00e8me journ\u00e9e d&#039;action, en un (...) - Retraites \/ Actions, Retraites\" \/>\n<meta property=\"og:url\" content=\"https:\/\/snuipp86.fr\/index.php\/2010\/10\/13\/les-retraites-communique-national-fsu\/\" \/>\n<meta property=\"og:site_name\" content=\"FSU-SNUipp 86\" \/>\n<meta property=\"article:published_time\" content=\"2010-10-13T14:48:43+00:00\" \/>\n<meta property=\"og:image\" content=\"http:\/\/snuipp86.fr\/wp-content\/spip\/IMG\/arton2046.png\" \/>\n<meta name=\"author\" content=\"WP86Admin\" \/>\n<meta name=\"twitter:card\" content=\"summary_large_image\" \/>\n<meta name=\"twitter:label1\" content=\"\u00c9crit par\" \/>\n\t<meta name=\"twitter:data1\" content=\"WP86Admin\" \/>\n\t<meta name=\"twitter:label2\" content=\"Dur\u00e9e de lecture estim\u00e9e\" \/>\n\t<meta name=\"twitter:data2\" content=\"2 minutes\" \/>\n<script type=\"application\/ld+json\" class=\"yoast-schema-graph\">{\"@context\":\"https:\/\/schema.org\",\"@graph\":[{\"@type\":\"WebPage\",\"@id\":\"https:\/\/snuipp86.fr\/index.php\/2010\/10\/13\/les-retraites-communique-national-fsu\/\",\"url\":\"https:\/\/snuipp86.fr\/index.php\/2010\/10\/13\/les-retraites-communique-national-fsu\/\",\"name\":\"LES RETRAITES... COMMUNIQUE NATIONAL FSU - FSU-SNUipp 86\",\"isPartOf\":{\"@id\":\"https:\/\/snuipp86.fr\/#website\"},\"primaryImageOfPage\":{\"@id\":\"https:\/\/snuipp86.fr\/index.php\/2010\/10\/13\/les-retraites-communique-national-fsu\/#primaryimage\"},\"image\":{\"@id\":\"https:\/\/snuipp86.fr\/index.php\/2010\/10\/13\/les-retraites-communique-national-fsu\/#primaryimage\"},\"thumbnailUrl\":\"http:\/\/snuipp86.fr\/wp-content\/spip\/IMG\/arton2046.png\",\"datePublished\":\"2010-10-13T14:48:43+00:00\",\"author\":{\"@id\":\"https:\/\/snuipp86.fr\/#\/schema\/person\/901b28b9ae1c7a63a6a940102e52a7a2\"},\"breadcrumb\":{\"@id\":\"https:\/\/snuipp86.fr\/index.php\/2010\/10\/13\/les-retraites-communique-national-fsu\/#breadcrumb\"},\"inLanguage\":\"fr-FR\",\"potentialAction\":[{\"@type\":\"ReadAction\",\"target\":[\"https:\/\/snuipp86.fr\/index.php\/2010\/10\/13\/les-retraites-communique-national-fsu\/\"]}]},{\"@type\":\"ImageObject\",\"inLanguage\":\"fr-FR\",\"@id\":\"https:\/\/snuipp86.fr\/index.php\/2010\/10\/13\/les-retraites-communique-national-fsu\/#primaryimage\",\"url\":\"http:\/\/snuipp86.fr\/wp-content\/spip\/IMG\/arton2046.png\",\"contentUrl\":\"http:\/\/snuipp86.fr\/wp-content\/spip\/IMG\/arton2046.png\"},{\"@type\":\"BreadcrumbList\",\"@id\":\"https:\/\/snuipp86.fr\/index.php\/2010\/10\/13\/les-retraites-communique-national-fsu\/#breadcrumb\",\"itemListElement\":[{\"@type\":\"ListItem\",\"position\":1,\"name\":\"Accueil\",\"item\":\"https:\/\/snuipp86.fr\/\"},{\"@type\":\"ListItem\",\"position\":2,\"name\":\"LES RETRAITES&#8230; COMMUNIQUE NATIONAL FSU\"}]},{\"@type\":\"WebSite\",\"@id\":\"https:\/\/snuipp86.fr\/#website\",\"url\":\"https:\/\/snuipp86.fr\/\",\"name\":\"FSU-SNUipp 86\",\"description\":\"Des id\u00e9es qui font l&#039;\u00e9cole\",\"potentialAction\":[{\"@type\":\"SearchAction\",\"target\":{\"@type\":\"EntryPoint\",\"urlTemplate\":\"https:\/\/snuipp86.fr\/?s={search_term_string}\"},\"query-input\":{\"@type\":\"PropertyValueSpecification\",\"valueRequired\":true,\"valueName\":\"search_term_string\"}}],\"inLanguage\":\"fr-FR\"},{\"@type\":\"Person\",\"@id\":\"https:\/\/snuipp86.fr\/#\/schema\/person\/901b28b9ae1c7a63a6a940102e52a7a2\",\"name\":\"WP86Admin\",\"image\":{\"@type\":\"ImageObject\",\"inLanguage\":\"fr-FR\",\"@id\":\"https:\/\/snuipp86.fr\/#\/schema\/person\/image\/\",\"url\":\"https:\/\/secure.gravatar.com\/avatar\/0099845c7ec05dc10d777d8ab4f5142c5ba316283821af2459738ad469a37a1a?s=96&d=mm&r=g\",\"contentUrl\":\"https:\/\/secure.gravatar.com\/avatar\/0099845c7ec05dc10d777d8ab4f5142c5ba316283821af2459738ad469a37a1a?s=96&d=mm&r=g\",\"caption\":\"WP86Admin\"},\"url\":\"https:\/\/snuipp86.fr\/index.php\/author\/wp86admin\/\"}]}<\/script>\n<!-- \/ Yoast SEO plugin. -->","yoast_head_json":{"title":"LES RETRAITES... COMMUNIQUE NATIONAL FSU - FSU-SNUipp 86","robots":{"index":"index","follow":"follow","max-snippet":"max-snippet:-1","max-image-preview":"max-image-preview:large","max-video-preview":"max-video-preview:-1"},"canonical":"https:\/\/snuipp86.fr\/index.php\/2010\/10\/13\/les-retraites-communique-national-fsu\/","og_locale":"fr_FR","og_type":"article","og_title":"LES RETRAITES... COMMUNIQUE NATIONAL FSU - FSU-SNUipp 86","og_description":"COMMUNIQUE NATIONAL FSU ******************************************************************* Retraites : \u00e7a ne passe pas ! Le gouvernement tente d'aller vite pour d\u00e9samorcer une contestation qui ne cesse de s'amplifier. Avec un nouveau passage en force au S\u00e9nat en faisant voter le d\u00e9calage des bornes d'\u00e2ge, il a fait preuve de grand m\u00e9pris et d'une nouvelle provocation face aux exigences port\u00e9es par des millions de fran\u00e7ais. Mais cette quatri\u00e8me journ\u00e9e d'action, en un (...) - Retraites \/ Actions, Retraites","og_url":"https:\/\/snuipp86.fr\/index.php\/2010\/10\/13\/les-retraites-communique-national-fsu\/","og_site_name":"FSU-SNUipp 86","article_published_time":"2010-10-13T14:48:43+00:00","og_image":[{"url":"http:\/\/snuipp86.fr\/wp-content\/spip\/IMG\/arton2046.png","type":"","width":"","height":""}],"author":"WP86Admin","twitter_card":"summary_large_image","twitter_misc":{"\u00c9crit par":"WP86Admin","Dur\u00e9e de lecture estim\u00e9e":"2 minutes"},"schema":{"@context":"https:\/\/schema.org","@graph":[{"@type":"WebPage","@id":"https:\/\/snuipp86.fr\/index.php\/2010\/10\/13\/les-retraites-communique-national-fsu\/","url":"https:\/\/snuipp86.fr\/index.php\/2010\/10\/13\/les-retraites-communique-national-fsu\/","name":"LES RETRAITES... COMMUNIQUE NATIONAL FSU - FSU-SNUipp 86","isPartOf":{"@id":"https:\/\/snuipp86.fr\/#website"},"primaryImageOfPage":{"@id":"https:\/\/snuipp86.fr\/index.php\/2010\/10\/13\/les-retraites-communique-national-fsu\/#primaryimage"},"image":{"@id":"https:\/\/snuipp86.fr\/index.php\/2010\/10\/13\/les-retraites-communique-national-fsu\/#primaryimage"},"thumbnailUrl":"http:\/\/snuipp86.fr\/wp-content\/spip\/IMG\/arton2046.png","datePublished":"2010-10-13T14:48:43+00:00","author":{"@id":"https:\/\/snuipp86.fr\/#\/schema\/person\/901b28b9ae1c7a63a6a940102e52a7a2"},"breadcrumb":{"@id":"https:\/\/snuipp86.fr\/index.php\/2010\/10\/13\/les-retraites-communique-national-fsu\/#breadcrumb"},"inLanguage":"fr-FR","potentialAction":[{"@type":"ReadAction","target":["https:\/\/snuipp86.fr\/index.php\/2010\/10\/13\/les-retraites-communique-national-fsu\/"]}]},{"@type":"ImageObject","inLanguage":"fr-FR","@id":"https:\/\/snuipp86.fr\/index.php\/2010\/10\/13\/les-retraites-communique-national-fsu\/#primaryimage","url":"http:\/\/snuipp86.fr\/wp-content\/spip\/IMG\/arton2046.png","contentUrl":"http:\/\/snuipp86.fr\/wp-content\/spip\/IMG\/arton2046.png"},{"@type":"BreadcrumbList","@id":"https:\/\/snuipp86.fr\/index.php\/2010\/10\/13\/les-retraites-communique-national-fsu\/#breadcrumb","itemListElement":[{"@type":"ListItem","position":1,"name":"Accueil","item":"https:\/\/snuipp86.fr\/"},{"@type":"ListItem","position":2,"name":"LES RETRAITES&#8230; COMMUNIQUE NATIONAL FSU"}]},{"@type":"WebSite","@id":"https:\/\/snuipp86.fr\/#website","url":"https:\/\/snuipp86.fr\/","name":"FSU-SNUipp 86","description":"Des id\u00e9es qui font l&#039;\u00e9cole","potentialAction":[{"@type":"SearchAction","target":{"@type":"EntryPoint","urlTemplate":"https:\/\/snuipp86.fr\/?s={search_term_string}"},"query-input":{"@type":"PropertyValueSpecification","valueRequired":true,"valueName":"search_term_string"}}],"inLanguage":"fr-FR"},{"@type":"Person","@id":"https:\/\/snuipp86.fr\/#\/schema\/person\/901b28b9ae1c7a63a6a940102e52a7a2","name":"WP86Admin","image":{"@type":"ImageObject","inLanguage":"fr-FR","@id":"https:\/\/snuipp86.fr\/#\/schema\/person\/image\/","url":"https:\/\/secure.gravatar.com\/avatar\/0099845c7ec05dc10d777d8ab4f5142c5ba316283821af2459738ad469a37a1a?s=96&d=mm&r=g","contentUrl":"https:\/\/secure.gravatar.com\/avatar\/0099845c7ec05dc10d777d8ab4f5142c5ba316283821af2459738ad469a37a1a?s=96&d=mm&r=g","caption":"WP86Admin"},"url":"https:\/\/snuipp86.fr\/index.php\/author\/wp86admin\/"}]}},"_links":{"self":[{"href":"https:\/\/snuipp86.fr\/index.php\/wp-json\/wp\/v2\/posts\/1540","targetHints":{"allow":["GET"]}}],"collection":[{"href":"https:\/\/snuipp86.fr\/index.php\/wp-json\/wp\/v2\/posts"}],"about":[{"href":"https:\/\/snuipp86.fr\/index.php\/wp-json\/wp\/v2\/types\/post"}],"author":[{"embeddable":true,"href":"https:\/\/snuipp86.fr\/index.php\/wp-json\/wp\/v2\/users\/1"}],"replies":[{"embeddable":true,"href":"https:\/\/snuipp86.fr\/index.php\/wp-json\/wp\/v2\/comments?post=1540"}],"version-history":[{"count":0,"href":"https:\/\/snuipp86.fr\/index.php\/wp-json\/wp\/v2\/posts\/1540\/revisions"}],"wp:attachment":[{"href":"https:\/\/snuipp86.fr\/index.php\/wp-json\/wp\/v2\/media?parent=1540"}],"wp:term":[{"taxonomy":"category","embeddable":true,"href":"https:\/\/snuipp86.fr\/index.php\/wp-json\/wp\/v2\/categories?post=1540"},{"taxonomy":"post_tag","embeddable":true,"href":"https:\/\/snuipp86.fr\/index.php\/wp-json\/wp\/v2\/tags?post=1540"}],"curies":[{"name":"wp","href":"https:\/\/api.w.org\/{rel}","templated":true}]}}