{"id":1565,"date":"2010-08-28T22:05:00","date_gmt":"2010-08-28T22:05:00","guid":{"rendered":"http:\/\/localhost\/wordpress\/2010\/08\/28\/grve-du-07-09-2010-10h00-place-de-provence-couronneries\/"},"modified":"2010-08-28T22:05:00","modified_gmt":"2010-08-28T22:05:00","slug":"grve-du-07-09-2010-10h00-place-de-provence-couronneries","status":"publish","type":"post","link":"https:\/\/snuipp86.fr\/index.php\/2010\/08\/28\/grve-du-07-09-2010-10h00-place-de-provence-couronneries\/","title":{"rendered":"Gr\u00e8ve du 07\/09\/2010 : 10h00 place de Provence (Couronneries)"},"content":{"rendered":"<div class='rss_texte'>\n<p class=\"spip\">Vous trouverez ci dessous le communiqu\u00e9 du SNUipp concernant la gr\u00e8ve du 07\/09\/2010 et en pi\u00e8ce jointe, la d\u00e9claration pr\u00e9alable de gr\u00e8ve ,ainsi qu&rsquo;une lettre \u00e0 distribuer aux parents.<\/p>\n<p class=\"spip\">Le 7 septembre l&rsquo;ensemble des syndicats, unis, appellent \u00e0 manifester contre la r\u00e9forme des retraites, pour l&#8217;emploi et les salaires.<\/p>\n<p class=\"spip\">A la suite des mobilisations r\u00e9ussies du 24 juin dernier, l&rsquo;ensemble des syndicats a appel\u00e9 \u00e0 une journ\u00e9e de gr\u00e8ve et de manifestations le 7 septembre, jour du d\u00e9but de l&rsquo;examen du projet de r\u00e9forme des retraites au Parlement.<br \/>\nSalari\u00e9s du public et du priv\u00e9, demandeurs d&#8217;emploi, jeunes, retrait\u00e9s&#8230; vont manifester contre les politiques de rigueur \u00ab qui aggravent les in\u00e9galit\u00e9s \u00bb. Le projet de r\u00e9forme des retraites est \u00ab injuste et inacceptable \u00bb car il p\u00e9nalise les salari\u00e9s ayant commenc\u00e9 \u00e0 travailler jeunes et ceux ayant eu des carri\u00e8res chaotiques ou incompl\u00e8tes. Les femmes sont touch\u00e9es de plein fouet. Pour les organisations, la r\u00e9forme ne peut \u00eatre pay\u00e9e que par les seuls salari\u00e9s et le projet doit \u00eatre retir\u00e9. Une bonne raison de se mobiliser le 7 septembre.<br \/>\nLa politique de \u00ab rigueur \u00bb du gouvernement, politique de baisse des d\u00e9penses publiques, se traduit par le non remplacement d&rsquo;un fonctionnaire sur deux partant en retraite, par un gel des salaires et une perte continue du pouvoir d&rsquo;achat, par une attaque des services publics, par un affaiblissement des m\u00e9canismes de solidarit\u00e9. Une autre raison de se mobiliser le 7 septembre. Dans l&rsquo;\u00e9ducation, cela se traduit par 16 000 nouvelles suppressions de postes annonc\u00e9es pour 2011 qui s&rsquo;ajouteraient aux 16 000 de cette ann\u00e9e.<br \/>\nCons\u00e9quences, des effectifs de classes en hausse, une chute de la scolarisation des moins de 3 ans, la suppression des intervenants langues, une diminution des formations CAPA-SH pr\u00e9parant aux missions des Rased&#8230; Ces choix tournent le dos \u00e0 la n\u00e9cessaire \u00e9volution du syst\u00e8me \u00e9ducatif et emp\u00eachent l&rsquo;\u00e9cole de se transformer pour s&rsquo;attaquer au noyau dur de l&rsquo;\u00e9chec scolaire : trop de jeunes restent sur le bord du chemin, en grande partie parce qu&rsquo;ils sont issus de milieux d\u00e9favoris\u00e9s. Une raison suppl\u00e9mentaire, pour les enseignants de se mobiliser le 7 septembre.<\/p>\n<\/div>\n","protected":false},"excerpt":{"rendered":"<p>Vous trouverez ci dessous le communiqu\u00e9 du SNUipp concernant la gr\u00e8ve du 07\/09\/2010 et en pi\u00e8ce jointe, la d\u00e9claration pr\u00e9alable de gr\u00e8ve ,ainsi qu&rsquo;une lettre \u00e0 distribuer aux parents. <br \/>Le 7 septembre l&rsquo;ensemble des syndicats, unis, appellent \u00e0 manifester contre la r\u00e9forme des retraites, pour l&#8217;emploi et les salaires. <br \/>A la suite des mobilisations r\u00e9ussies du 24 juin dernier, l&rsquo;ensemble des syndicats a appel\u00e9 \u00e0 une journ\u00e9e de gr\u00e8ve et de manifestations le 7 septembre, jour (&#8230;)<br \/>\n&#8211;<br \/>\n<a href=\"http:\/\/86.snuipp.fr\/spip.php?rubrique294\" rel=\"directory\">Gr\u00e8ves- Actions<\/a><br \/>\n\/<br \/>\n<a href=\"http:\/\/86.snuipp.fr\/spip.php?mot278\" rel=\"tag\">Gr\u00e8ve<\/a>,<br \/>\n<a href=\"http:\/\/86.snuipp.fr\/spip.php?mot305\" rel=\"tag\">Retraites<\/a><\/p>\n","protected":false},"author":1,"featured_media":0,"comment_status":"open","ping_status":"open","sticky":false,"template":"","format":"standard","meta":{"footnotes":""},"categories":[14],"tags":[],"class_list":["post-1565","post","type-post","status-publish","format-standard","hentry","category-a-la-une"],"yoast_head":"<!-- This site is optimized with the Yoast SEO plugin v26.6 - https:\/\/yoast.com\/wordpress\/plugins\/seo\/ -->\n<title>Gr\u00e8ve du 07\/09\/2010 : 10h00 place de Provence (Couronneries) - FSU-SNUipp 86<\/title>\n<meta name=\"robots\" content=\"index, follow, max-snippet:-1, max-image-preview:large, max-video-preview:-1\" \/>\n<link rel=\"canonical\" href=\"https:\/\/snuipp86.fr\/index.php\/2010\/08\/28\/grve-du-07-09-2010-10h00-place-de-provence-couronneries\/\" \/>\n<meta property=\"og:locale\" content=\"fr_FR\" \/>\n<meta property=\"og:type\" content=\"article\" \/>\n<meta property=\"og:title\" content=\"Gr\u00e8ve du 07\/09\/2010 : 10h00 place de Provence (Couronneries) - FSU-SNUipp 86\" \/>\n<meta property=\"og:description\" content=\"Vous trouverez ci dessous le communiqu\u00e9 du SNUipp concernant la gr\u00e8ve du 07\/09\/2010 et en pi\u00e8ce jointe, la d\u00e9claration pr\u00e9alable de gr\u00e8ve ,ainsi qu&#039;une lettre \u00e0 distribuer aux parents. Le 7 septembre l&#039;ensemble des syndicats, unis, appellent \u00e0 manifester contre la r\u00e9forme des retraites, pour l&#039;emploi et les salaires. A la suite des mobilisations r\u00e9ussies du 24 juin dernier, l&#039;ensemble des syndicats a appel\u00e9 \u00e0 une journ\u00e9e de gr\u00e8ve et de manifestations le 7 septembre, jour (...) - Gr\u00e8ves- Actions \/ Gr\u00e8ve, Retraites\" \/>\n<meta property=\"og:url\" content=\"https:\/\/snuipp86.fr\/index.php\/2010\/08\/28\/grve-du-07-09-2010-10h00-place-de-provence-couronneries\/\" \/>\n<meta property=\"og:site_name\" content=\"FSU-SNUipp 86\" \/>\n<meta property=\"article:published_time\" content=\"2010-08-28T22:05:00+00:00\" \/>\n<meta name=\"author\" content=\"WP86Admin\" \/>\n<meta name=\"twitter:card\" content=\"summary_large_image\" \/>\n<meta name=\"twitter:label1\" content=\"\u00c9crit par\" \/>\n\t<meta name=\"twitter:data1\" content=\"WP86Admin\" \/>\n\t<meta name=\"twitter:label2\" content=\"Dur\u00e9e de lecture estim\u00e9e\" \/>\n\t<meta name=\"twitter:data2\" content=\"2 minutes\" \/>\n<script type=\"application\/ld+json\" class=\"yoast-schema-graph\">{\"@context\":\"https:\/\/schema.org\",\"@graph\":[{\"@type\":\"WebPage\",\"@id\":\"https:\/\/snuipp86.fr\/index.php\/2010\/08\/28\/grve-du-07-09-2010-10h00-place-de-provence-couronneries\/\",\"url\":\"https:\/\/snuipp86.fr\/index.php\/2010\/08\/28\/grve-du-07-09-2010-10h00-place-de-provence-couronneries\/\",\"name\":\"Gr\u00e8ve du 07\/09\/2010 : 10h00 place de Provence (Couronneries) - FSU-SNUipp 86\",\"isPartOf\":{\"@id\":\"https:\/\/snuipp86.fr\/#website\"},\"datePublished\":\"2010-08-28T22:05:00+00:00\",\"author\":{\"@id\":\"https:\/\/snuipp86.fr\/#\/schema\/person\/901b28b9ae1c7a63a6a940102e52a7a2\"},\"breadcrumb\":{\"@id\":\"https:\/\/snuipp86.fr\/index.php\/2010\/08\/28\/grve-du-07-09-2010-10h00-place-de-provence-couronneries\/#breadcrumb\"},\"inLanguage\":\"fr-FR\",\"potentialAction\":[{\"@type\":\"ReadAction\",\"target\":[\"https:\/\/snuipp86.fr\/index.php\/2010\/08\/28\/grve-du-07-09-2010-10h00-place-de-provence-couronneries\/\"]}]},{\"@type\":\"BreadcrumbList\",\"@id\":\"https:\/\/snuipp86.fr\/index.php\/2010\/08\/28\/grve-du-07-09-2010-10h00-place-de-provence-couronneries\/#breadcrumb\",\"itemListElement\":[{\"@type\":\"ListItem\",\"position\":1,\"name\":\"Accueil\",\"item\":\"https:\/\/snuipp86.fr\/\"},{\"@type\":\"ListItem\",\"position\":2,\"name\":\"Gr\u00e8ve du 07\/09\/2010 : 10h00 place de Provence (Couronneries)\"}]},{\"@type\":\"WebSite\",\"@id\":\"https:\/\/snuipp86.fr\/#website\",\"url\":\"https:\/\/snuipp86.fr\/\",\"name\":\"FSU-SNUipp 86\",\"description\":\"Des id\u00e9es qui font l&#039;\u00e9cole\",\"potentialAction\":[{\"@type\":\"SearchAction\",\"target\":{\"@type\":\"EntryPoint\",\"urlTemplate\":\"https:\/\/snuipp86.fr\/?s={search_term_string}\"},\"query-input\":{\"@type\":\"PropertyValueSpecification\",\"valueRequired\":true,\"valueName\":\"search_term_string\"}}],\"inLanguage\":\"fr-FR\"},{\"@type\":\"Person\",\"@id\":\"https:\/\/snuipp86.fr\/#\/schema\/person\/901b28b9ae1c7a63a6a940102e52a7a2\",\"name\":\"WP86Admin\",\"image\":{\"@type\":\"ImageObject\",\"inLanguage\":\"fr-FR\",\"@id\":\"https:\/\/snuipp86.fr\/#\/schema\/person\/image\/\",\"url\":\"https:\/\/secure.gravatar.com\/avatar\/0099845c7ec05dc10d777d8ab4f5142c5ba316283821af2459738ad469a37a1a?s=96&d=mm&r=g\",\"contentUrl\":\"https:\/\/secure.gravatar.com\/avatar\/0099845c7ec05dc10d777d8ab4f5142c5ba316283821af2459738ad469a37a1a?s=96&d=mm&r=g\",\"caption\":\"WP86Admin\"},\"url\":\"https:\/\/snuipp86.fr\/index.php\/author\/wp86admin\/\"}]}<\/script>\n<!-- \/ Yoast SEO plugin. -->","yoast_head_json":{"title":"Gr\u00e8ve du 07\/09\/2010 : 10h00 place de Provence (Couronneries) - FSU-SNUipp 86","robots":{"index":"index","follow":"follow","max-snippet":"max-snippet:-1","max-image-preview":"max-image-preview:large","max-video-preview":"max-video-preview:-1"},"canonical":"https:\/\/snuipp86.fr\/index.php\/2010\/08\/28\/grve-du-07-09-2010-10h00-place-de-provence-couronneries\/","og_locale":"fr_FR","og_type":"article","og_title":"Gr\u00e8ve du 07\/09\/2010 : 10h00 place de Provence (Couronneries) - FSU-SNUipp 86","og_description":"Vous trouverez ci dessous le communiqu\u00e9 du SNUipp concernant la gr\u00e8ve du 07\/09\/2010 et en pi\u00e8ce jointe, la d\u00e9claration pr\u00e9alable de gr\u00e8ve ,ainsi qu'une lettre \u00e0 distribuer aux parents. Le 7 septembre l'ensemble des syndicats, unis, appellent \u00e0 manifester contre la r\u00e9forme des retraites, pour l'emploi et les salaires. A la suite des mobilisations r\u00e9ussies du 24 juin dernier, l'ensemble des syndicats a appel\u00e9 \u00e0 une journ\u00e9e de gr\u00e8ve et de manifestations le 7 septembre, jour (...) - Gr\u00e8ves- Actions \/ Gr\u00e8ve, Retraites","og_url":"https:\/\/snuipp86.fr\/index.php\/2010\/08\/28\/grve-du-07-09-2010-10h00-place-de-provence-couronneries\/","og_site_name":"FSU-SNUipp 86","article_published_time":"2010-08-28T22:05:00+00:00","author":"WP86Admin","twitter_card":"summary_large_image","twitter_misc":{"\u00c9crit par":"WP86Admin","Dur\u00e9e de lecture estim\u00e9e":"2 minutes"},"schema":{"@context":"https:\/\/schema.org","@graph":[{"@type":"WebPage","@id":"https:\/\/snuipp86.fr\/index.php\/2010\/08\/28\/grve-du-07-09-2010-10h00-place-de-provence-couronneries\/","url":"https:\/\/snuipp86.fr\/index.php\/2010\/08\/28\/grve-du-07-09-2010-10h00-place-de-provence-couronneries\/","name":"Gr\u00e8ve du 07\/09\/2010 : 10h00 place de Provence (Couronneries) - FSU-SNUipp 86","isPartOf":{"@id":"https:\/\/snuipp86.fr\/#website"},"datePublished":"2010-08-28T22:05:00+00:00","author":{"@id":"https:\/\/snuipp86.fr\/#\/schema\/person\/901b28b9ae1c7a63a6a940102e52a7a2"},"breadcrumb":{"@id":"https:\/\/snuipp86.fr\/index.php\/2010\/08\/28\/grve-du-07-09-2010-10h00-place-de-provence-couronneries\/#breadcrumb"},"inLanguage":"fr-FR","potentialAction":[{"@type":"ReadAction","target":["https:\/\/snuipp86.fr\/index.php\/2010\/08\/28\/grve-du-07-09-2010-10h00-place-de-provence-couronneries\/"]}]},{"@type":"BreadcrumbList","@id":"https:\/\/snuipp86.fr\/index.php\/2010\/08\/28\/grve-du-07-09-2010-10h00-place-de-provence-couronneries\/#breadcrumb","itemListElement":[{"@type":"ListItem","position":1,"name":"Accueil","item":"https:\/\/snuipp86.fr\/"},{"@type":"ListItem","position":2,"name":"Gr\u00e8ve du 07\/09\/2010 : 10h00 place de Provence (Couronneries)"}]},{"@type":"WebSite","@id":"https:\/\/snuipp86.fr\/#website","url":"https:\/\/snuipp86.fr\/","name":"FSU-SNUipp 86","description":"Des id\u00e9es qui font l&#039;\u00e9cole","potentialAction":[{"@type":"SearchAction","target":{"@type":"EntryPoint","urlTemplate":"https:\/\/snuipp86.fr\/?s={search_term_string}"},"query-input":{"@type":"PropertyValueSpecification","valueRequired":true,"valueName":"search_term_string"}}],"inLanguage":"fr-FR"},{"@type":"Person","@id":"https:\/\/snuipp86.fr\/#\/schema\/person\/901b28b9ae1c7a63a6a940102e52a7a2","name":"WP86Admin","image":{"@type":"ImageObject","inLanguage":"fr-FR","@id":"https:\/\/snuipp86.fr\/#\/schema\/person\/image\/","url":"https:\/\/secure.gravatar.com\/avatar\/0099845c7ec05dc10d777d8ab4f5142c5ba316283821af2459738ad469a37a1a?s=96&d=mm&r=g","contentUrl":"https:\/\/secure.gravatar.com\/avatar\/0099845c7ec05dc10d777d8ab4f5142c5ba316283821af2459738ad469a37a1a?s=96&d=mm&r=g","caption":"WP86Admin"},"url":"https:\/\/snuipp86.fr\/index.php\/author\/wp86admin\/"}]}},"_links":{"self":[{"href":"https:\/\/snuipp86.fr\/index.php\/wp-json\/wp\/v2\/posts\/1565","targetHints":{"allow":["GET"]}}],"collection":[{"href":"https:\/\/snuipp86.fr\/index.php\/wp-json\/wp\/v2\/posts"}],"about":[{"href":"https:\/\/snuipp86.fr\/index.php\/wp-json\/wp\/v2\/types\/post"}],"author":[{"embeddable":true,"href":"https:\/\/snuipp86.fr\/index.php\/wp-json\/wp\/v2\/users\/1"}],"replies":[{"embeddable":true,"href":"https:\/\/snuipp86.fr\/index.php\/wp-json\/wp\/v2\/comments?post=1565"}],"version-history":[{"count":0,"href":"https:\/\/snuipp86.fr\/index.php\/wp-json\/wp\/v2\/posts\/1565\/revisions"}],"wp:attachment":[{"href":"https:\/\/snuipp86.fr\/index.php\/wp-json\/wp\/v2\/media?parent=1565"}],"wp:term":[{"taxonomy":"category","embeddable":true,"href":"https:\/\/snuipp86.fr\/index.php\/wp-json\/wp\/v2\/categories?post=1565"},{"taxonomy":"post_tag","embeddable":true,"href":"https:\/\/snuipp86.fr\/index.php\/wp-json\/wp\/v2\/tags?post=1565"}],"curies":[{"name":"wp","href":"https:\/\/api.w.org\/{rel}","templated":true}]}}