{"id":157,"date":"2018-05-11T15:57:31","date_gmt":"2018-05-11T15:57:31","guid":{"rendered":"http:\/\/localhost\/wordpress\/2018\/05\/11\/exclus-de-la-revalo-crire-pour-tre-entendus\/"},"modified":"2018-05-11T15:57:31","modified_gmt":"2018-05-11T15:57:31","slug":"exclus-de-la-revalo-crire-pour-tre-entendus","status":"publish","type":"post","link":"https:\/\/snuipp86.fr\/index.php\/2018\/05\/11\/exclus-de-la-revalo-crire-pour-tre-entendus\/","title":{"rendered":"Exclus de la revalo : \u00e9crire pour \u00eatre entendus"},"content":{"rendered":"<p><img decoding=\"async\" src=\"https:\/\/snuipp86.fr\/wp-content\/spip\/IMG\/arton3926.gif\" alt=\"\" align=\"right\" width=\"250\" height=\"250\" class=\"spip_logos\" \/><\/p>\n","protected":false},"excerpt":{"rendered":"<p>De trop nombreux enseignants exer\u00e7ant des missions particuli\u00e8res (CDO, MDPH, Milieu p\u00e9nitentiaire, classe relais&#8230;) se trouvent exclus de la revalorisation obtenue en 2016 avec la cr\u00e9ation de l&rsquo;ISAE port\u00e9e \u00e0 1200 euros par an. Le SNUipp-FSU met \u00e0 disposition des personnels concern\u00e9s des mod\u00e8les de courrier pour alerter les parlementaires et les inspecteurs d&rsquo;acad\u00e9mies de cette situation. Autant d&rsquo;actions n\u00e9cessaires pour continuer de peser dans les discussions au minist\u00e8re.<br \/>\n&#8211;<br \/>\n<a href=\"http:\/\/86.snuipp.fr\/spip.php?rubrique86\" rel=\"directory\">Salaires, Indices, Indemnit\u00e9s, Primes, GIPA<\/a><br \/>\n\/<br \/>\n<a href=\"http:\/\/86.snuipp.fr\/spip.php?mot286\" rel=\"tag\">Salaires, indemnit\u00e9s, primes .<\/a><\/p>\n","protected":false},"author":1,"featured_media":0,"comment_status":"open","ping_status":"open","sticky":false,"template":"","format":"standard","meta":{"footnotes":""},"categories":[14],"tags":[],"class_list":["post-157","post","type-post","status-publish","format-standard","hentry","category-a-la-une"],"yoast_head":"<!-- This site is optimized with the Yoast SEO plugin v26.6 - https:\/\/yoast.com\/wordpress\/plugins\/seo\/ -->\n<title>Exclus de la revalo : \u00e9crire pour \u00eatre entendus - FSU-SNUipp 86<\/title>\n<meta name=\"robots\" content=\"index, follow, max-snippet:-1, max-image-preview:large, max-video-preview:-1\" \/>\n<link rel=\"canonical\" href=\"https:\/\/snuipp86.fr\/index.php\/2018\/05\/11\/exclus-de-la-revalo-crire-pour-tre-entendus\/\" \/>\n<meta property=\"og:locale\" content=\"fr_FR\" \/>\n<meta property=\"og:type\" content=\"article\" \/>\n<meta property=\"og:title\" content=\"Exclus de la revalo : \u00e9crire pour \u00eatre entendus - FSU-SNUipp 86\" \/>\n<meta property=\"og:description\" content=\"De trop nombreux enseignants exer\u00e7ant des missions particuli\u00e8res (CDO, MDPH, Milieu p\u00e9nitentiaire, classe relais...) se trouvent exclus de la revalorisation obtenue en 2016 avec la cr\u00e9ation de l&#039;ISAE port\u00e9e \u00e0 1200 euros par an. Le SNUipp-FSU met \u00e0 disposition des personnels concern\u00e9s des mod\u00e8les de courrier pour alerter les parlementaires et les inspecteurs d&#039;acad\u00e9mies de cette situation. Autant d&#039;actions n\u00e9cessaires pour continuer de peser dans les discussions au minist\u00e8re. - Salaires, Indices, Indemnit\u00e9s, Primes, GIPA \/ Salaires, indemnit\u00e9s, primes .\" \/>\n<meta property=\"og:url\" content=\"https:\/\/snuipp86.fr\/index.php\/2018\/05\/11\/exclus-de-la-revalo-crire-pour-tre-entendus\/\" \/>\n<meta property=\"og:site_name\" content=\"FSU-SNUipp 86\" \/>\n<meta property=\"article:published_time\" content=\"2018-05-11T15:57:31+00:00\" \/>\n<meta property=\"og:image\" content=\"http:\/\/snuipp86.fr\/wp-content\/spip\/IMG\/arton3926.gif\" \/>\n<meta name=\"author\" content=\"WP86Admin\" \/>\n<meta name=\"twitter:card\" content=\"summary_large_image\" \/>\n<meta name=\"twitter:label1\" content=\"\u00c9crit par\" \/>\n\t<meta name=\"twitter:data1\" content=\"WP86Admin\" \/>\n<script type=\"application\/ld+json\" class=\"yoast-schema-graph\">{\"@context\":\"https:\/\/schema.org\",\"@graph\":[{\"@type\":\"WebPage\",\"@id\":\"https:\/\/snuipp86.fr\/index.php\/2018\/05\/11\/exclus-de-la-revalo-crire-pour-tre-entendus\/\",\"url\":\"https:\/\/snuipp86.fr\/index.php\/2018\/05\/11\/exclus-de-la-revalo-crire-pour-tre-entendus\/\",\"name\":\"Exclus de la revalo : \u00e9crire pour \u00eatre entendus - FSU-SNUipp 86\",\"isPartOf\":{\"@id\":\"https:\/\/snuipp86.fr\/#website\"},\"primaryImageOfPage\":{\"@id\":\"https:\/\/snuipp86.fr\/index.php\/2018\/05\/11\/exclus-de-la-revalo-crire-pour-tre-entendus\/#primaryimage\"},\"image\":{\"@id\":\"https:\/\/snuipp86.fr\/index.php\/2018\/05\/11\/exclus-de-la-revalo-crire-pour-tre-entendus\/#primaryimage\"},\"thumbnailUrl\":\"http:\/\/snuipp86.fr\/wp-content\/spip\/IMG\/arton3926.gif\",\"datePublished\":\"2018-05-11T15:57:31+00:00\",\"author\":{\"@id\":\"https:\/\/snuipp86.fr\/#\/schema\/person\/901b28b9ae1c7a63a6a940102e52a7a2\"},\"breadcrumb\":{\"@id\":\"https:\/\/snuipp86.fr\/index.php\/2018\/05\/11\/exclus-de-la-revalo-crire-pour-tre-entendus\/#breadcrumb\"},\"inLanguage\":\"fr-FR\",\"potentialAction\":[{\"@type\":\"ReadAction\",\"target\":[\"https:\/\/snuipp86.fr\/index.php\/2018\/05\/11\/exclus-de-la-revalo-crire-pour-tre-entendus\/\"]}]},{\"@type\":\"ImageObject\",\"inLanguage\":\"fr-FR\",\"@id\":\"https:\/\/snuipp86.fr\/index.php\/2018\/05\/11\/exclus-de-la-revalo-crire-pour-tre-entendus\/#primaryimage\",\"url\":\"http:\/\/snuipp86.fr\/wp-content\/spip\/IMG\/arton3926.gif\",\"contentUrl\":\"http:\/\/snuipp86.fr\/wp-content\/spip\/IMG\/arton3926.gif\"},{\"@type\":\"BreadcrumbList\",\"@id\":\"https:\/\/snuipp86.fr\/index.php\/2018\/05\/11\/exclus-de-la-revalo-crire-pour-tre-entendus\/#breadcrumb\",\"itemListElement\":[{\"@type\":\"ListItem\",\"position\":1,\"name\":\"Accueil\",\"item\":\"https:\/\/snuipp86.fr\/\"},{\"@type\":\"ListItem\",\"position\":2,\"name\":\"Exclus de la revalo : \u00e9crire pour \u00eatre entendus\"}]},{\"@type\":\"WebSite\",\"@id\":\"https:\/\/snuipp86.fr\/#website\",\"url\":\"https:\/\/snuipp86.fr\/\",\"name\":\"FSU-SNUipp 86\",\"description\":\"Des id\u00e9es qui font l&#039;\u00e9cole\",\"potentialAction\":[{\"@type\":\"SearchAction\",\"target\":{\"@type\":\"EntryPoint\",\"urlTemplate\":\"https:\/\/snuipp86.fr\/?s={search_term_string}\"},\"query-input\":{\"@type\":\"PropertyValueSpecification\",\"valueRequired\":true,\"valueName\":\"search_term_string\"}}],\"inLanguage\":\"fr-FR\"},{\"@type\":\"Person\",\"@id\":\"https:\/\/snuipp86.fr\/#\/schema\/person\/901b28b9ae1c7a63a6a940102e52a7a2\",\"name\":\"WP86Admin\",\"image\":{\"@type\":\"ImageObject\",\"inLanguage\":\"fr-FR\",\"@id\":\"https:\/\/snuipp86.fr\/#\/schema\/person\/image\/\",\"url\":\"https:\/\/secure.gravatar.com\/avatar\/0099845c7ec05dc10d777d8ab4f5142c5ba316283821af2459738ad469a37a1a?s=96&d=mm&r=g\",\"contentUrl\":\"https:\/\/secure.gravatar.com\/avatar\/0099845c7ec05dc10d777d8ab4f5142c5ba316283821af2459738ad469a37a1a?s=96&d=mm&r=g\",\"caption\":\"WP86Admin\"},\"url\":\"https:\/\/snuipp86.fr\/index.php\/author\/wp86admin\/\"}]}<\/script>\n<!-- \/ Yoast SEO plugin. -->","yoast_head_json":{"title":"Exclus de la revalo : \u00e9crire pour \u00eatre entendus - FSU-SNUipp 86","robots":{"index":"index","follow":"follow","max-snippet":"max-snippet:-1","max-image-preview":"max-image-preview:large","max-video-preview":"max-video-preview:-1"},"canonical":"https:\/\/snuipp86.fr\/index.php\/2018\/05\/11\/exclus-de-la-revalo-crire-pour-tre-entendus\/","og_locale":"fr_FR","og_type":"article","og_title":"Exclus de la revalo : \u00e9crire pour \u00eatre entendus - FSU-SNUipp 86","og_description":"De trop nombreux enseignants exer\u00e7ant des missions particuli\u00e8res (CDO, MDPH, Milieu p\u00e9nitentiaire, classe relais...) se trouvent exclus de la revalorisation obtenue en 2016 avec la cr\u00e9ation de l'ISAE port\u00e9e \u00e0 1200 euros par an. Le SNUipp-FSU met \u00e0 disposition des personnels concern\u00e9s des mod\u00e8les de courrier pour alerter les parlementaires et les inspecteurs d'acad\u00e9mies de cette situation. Autant d'actions n\u00e9cessaires pour continuer de peser dans les discussions au minist\u00e8re. - Salaires, Indices, Indemnit\u00e9s, Primes, GIPA \/ Salaires, indemnit\u00e9s, primes .","og_url":"https:\/\/snuipp86.fr\/index.php\/2018\/05\/11\/exclus-de-la-revalo-crire-pour-tre-entendus\/","og_site_name":"FSU-SNUipp 86","article_published_time":"2018-05-11T15:57:31+00:00","og_image":[{"url":"http:\/\/snuipp86.fr\/wp-content\/spip\/IMG\/arton3926.gif","type":"","width":"","height":""}],"author":"WP86Admin","twitter_card":"summary_large_image","twitter_misc":{"\u00c9crit par":"WP86Admin"},"schema":{"@context":"https:\/\/schema.org","@graph":[{"@type":"WebPage","@id":"https:\/\/snuipp86.fr\/index.php\/2018\/05\/11\/exclus-de-la-revalo-crire-pour-tre-entendus\/","url":"https:\/\/snuipp86.fr\/index.php\/2018\/05\/11\/exclus-de-la-revalo-crire-pour-tre-entendus\/","name":"Exclus de la revalo : \u00e9crire pour \u00eatre entendus - FSU-SNUipp 86","isPartOf":{"@id":"https:\/\/snuipp86.fr\/#website"},"primaryImageOfPage":{"@id":"https:\/\/snuipp86.fr\/index.php\/2018\/05\/11\/exclus-de-la-revalo-crire-pour-tre-entendus\/#primaryimage"},"image":{"@id":"https:\/\/snuipp86.fr\/index.php\/2018\/05\/11\/exclus-de-la-revalo-crire-pour-tre-entendus\/#primaryimage"},"thumbnailUrl":"http:\/\/snuipp86.fr\/wp-content\/spip\/IMG\/arton3926.gif","datePublished":"2018-05-11T15:57:31+00:00","author":{"@id":"https:\/\/snuipp86.fr\/#\/schema\/person\/901b28b9ae1c7a63a6a940102e52a7a2"},"breadcrumb":{"@id":"https:\/\/snuipp86.fr\/index.php\/2018\/05\/11\/exclus-de-la-revalo-crire-pour-tre-entendus\/#breadcrumb"},"inLanguage":"fr-FR","potentialAction":[{"@type":"ReadAction","target":["https:\/\/snuipp86.fr\/index.php\/2018\/05\/11\/exclus-de-la-revalo-crire-pour-tre-entendus\/"]}]},{"@type":"ImageObject","inLanguage":"fr-FR","@id":"https:\/\/snuipp86.fr\/index.php\/2018\/05\/11\/exclus-de-la-revalo-crire-pour-tre-entendus\/#primaryimage","url":"http:\/\/snuipp86.fr\/wp-content\/spip\/IMG\/arton3926.gif","contentUrl":"http:\/\/snuipp86.fr\/wp-content\/spip\/IMG\/arton3926.gif"},{"@type":"BreadcrumbList","@id":"https:\/\/snuipp86.fr\/index.php\/2018\/05\/11\/exclus-de-la-revalo-crire-pour-tre-entendus\/#breadcrumb","itemListElement":[{"@type":"ListItem","position":1,"name":"Accueil","item":"https:\/\/snuipp86.fr\/"},{"@type":"ListItem","position":2,"name":"Exclus de la revalo : \u00e9crire pour \u00eatre entendus"}]},{"@type":"WebSite","@id":"https:\/\/snuipp86.fr\/#website","url":"https:\/\/snuipp86.fr\/","name":"FSU-SNUipp 86","description":"Des id\u00e9es qui font l&#039;\u00e9cole","potentialAction":[{"@type":"SearchAction","target":{"@type":"EntryPoint","urlTemplate":"https:\/\/snuipp86.fr\/?s={search_term_string}"},"query-input":{"@type":"PropertyValueSpecification","valueRequired":true,"valueName":"search_term_string"}}],"inLanguage":"fr-FR"},{"@type":"Person","@id":"https:\/\/snuipp86.fr\/#\/schema\/person\/901b28b9ae1c7a63a6a940102e52a7a2","name":"WP86Admin","image":{"@type":"ImageObject","inLanguage":"fr-FR","@id":"https:\/\/snuipp86.fr\/#\/schema\/person\/image\/","url":"https:\/\/secure.gravatar.com\/avatar\/0099845c7ec05dc10d777d8ab4f5142c5ba316283821af2459738ad469a37a1a?s=96&d=mm&r=g","contentUrl":"https:\/\/secure.gravatar.com\/avatar\/0099845c7ec05dc10d777d8ab4f5142c5ba316283821af2459738ad469a37a1a?s=96&d=mm&r=g","caption":"WP86Admin"},"url":"https:\/\/snuipp86.fr\/index.php\/author\/wp86admin\/"}]}},"_links":{"self":[{"href":"https:\/\/snuipp86.fr\/index.php\/wp-json\/wp\/v2\/posts\/157","targetHints":{"allow":["GET"]}}],"collection":[{"href":"https:\/\/snuipp86.fr\/index.php\/wp-json\/wp\/v2\/posts"}],"about":[{"href":"https:\/\/snuipp86.fr\/index.php\/wp-json\/wp\/v2\/types\/post"}],"author":[{"embeddable":true,"href":"https:\/\/snuipp86.fr\/index.php\/wp-json\/wp\/v2\/users\/1"}],"replies":[{"embeddable":true,"href":"https:\/\/snuipp86.fr\/index.php\/wp-json\/wp\/v2\/comments?post=157"}],"version-history":[{"count":0,"href":"https:\/\/snuipp86.fr\/index.php\/wp-json\/wp\/v2\/posts\/157\/revisions"}],"wp:attachment":[{"href":"https:\/\/snuipp86.fr\/index.php\/wp-json\/wp\/v2\/media?parent=157"}],"wp:term":[{"taxonomy":"category","embeddable":true,"href":"https:\/\/snuipp86.fr\/index.php\/wp-json\/wp\/v2\/categories?post=157"},{"taxonomy":"post_tag","embeddable":true,"href":"https:\/\/snuipp86.fr\/index.php\/wp-json\/wp\/v2\/tags?post=157"}],"curies":[{"name":"wp","href":"https:\/\/api.w.org\/{rel}","templated":true}]}}