{"id":1600,"date":"2010-04-30T15:42:57","date_gmt":"2010-04-30T15:42:57","guid":{"rendered":"http:\/\/localhost\/wordpress\/2010\/04\/30\/soire-lacit-du-5-mai\/"},"modified":"2010-04-30T15:42:57","modified_gmt":"2010-04-30T15:42:57","slug":"soire-lacit-du-5-mai","status":"publish","type":"post","link":"https:\/\/snuipp86.fr\/index.php\/2010\/04\/30\/soire-lacit-du-5-mai\/","title":{"rendered":"Soir\u00e9e La\u00efcit\u00e9 du 5 mai"},"content":{"rendered":"<p><img decoding=\"async\" src=\"https:\/\/snuipp86.fr\/wp-content\/spip\/IMG\/arton1983.jpg\" alt=\"\" align=\"right\" width=\"83\" height=\"127\" class=\"spip_logos\" \/><\/p>\n<div class='rss_texte'>\n<p class=\"spip\">Rappel : l&rsquo;Observatoire de Vigilance La\u00efque de la Vienne, qui regroupe 15 organisations (dont la FSU et le SNUipp), est \u00e0 l&rsquo;initiative d&rsquo;une soir\u00e9e sur la la\u00efcit\u00e9 le 5 mai prochain \u00e0 17h15 \u00e0 l&rsquo;Iufm 86 et en partenariat avec celui-ci intitul\u00e9e : \u00a0\u00bb La\u00efcit\u00e9 : une valeur d&rsquo;avenir. Ecole, R\u00e9publique, soci\u00e9t\u00e9 : quels enjeux ? \u00ab\u00a0.<\/p>\n<p class=\"spip\">Les questions suivantes ont \u00e9t\u00e9 adress\u00e9es aux deux intervenants :<br \/>\n1- La la\u00efcit\u00e9 est souvent associ\u00e9e \u00e0 l&rsquo;id\u00e9al r\u00e9publicain de la 3e R\u00e9publique. A l&rsquo;\u00e9poque, quel \u00e9tait le projet politique ?<br \/>\n2- Aujourd&rsquo;hui, la la\u00efcit\u00e9 \u00e0 l&rsquo;\u00e9cole est souvent suppos\u00e9e acquise. Qu&rsquo;en est-il r\u00e9ellement ?<br \/>\n3- Une soci\u00e9t\u00e9 qui porte un projet la\u00efque, qu&rsquo;est-ce que cela repr\u00e9sente pour vous ?<\/p>\n<p class=\"spip\">Chacun des deux intervenants devra se limiter \u00e0 huit minutes pour exposer sa r\u00e9ponse \u00e0 chacune des trois questions. Puis nous donnerons la parole \u00e0 la salle.<\/p>\n<\/div>\n","protected":false},"excerpt":{"rendered":"<p>Rappel : l&rsquo;Observatoire de Vigilance La\u00efque de la Vienne, qui regroupe 15 organisations (dont la FSU et le SNUipp), est \u00e0 l&rsquo;initiative d&rsquo;une soir\u00e9e sur la la\u00efcit\u00e9 le 5 mai prochain \u00e0 17h15 \u00e0 l&rsquo;Iufm 86 et en partenariat avec celui-ci intitul\u00e9e : \u00a0\u00bb La\u00efcit\u00e9 : une valeur d&rsquo;avenir. Ecole, R\u00e9publique, soci\u00e9t\u00e9 : quels enjeux ? \u00ab\u00a0. Les questions suivantes ont \u00e9t\u00e9 adress\u00e9es aux deux intervenants : 1- La la\u00efcit\u00e9 est souvent associ\u00e9e \u00e0 l&rsquo;id\u00e9al r\u00e9publicain de la 3e R\u00e9publique. A l&rsquo;\u00e9poque, quel \u00e9tait (&#8230;)<br \/>\n&#8211;<br \/>\n<a href=\"http:\/\/86.snuipp.fr\/spip.php?rubrique249\" rel=\"directory\">L&rsquo;ACTUALIT\u00c9<\/a><br \/>\n\/<br \/>\n<a href=\"http:\/\/86.snuipp.fr\/spip.php?mot289\" rel=\"tag\">Formation<\/a>,<br \/>\n<a href=\"http:\/\/86.snuipp.fr\/spip.php?mot290\" rel=\"tag\">Actions<\/a><\/p>\n","protected":false},"author":1,"featured_media":0,"comment_status":"open","ping_status":"open","sticky":false,"template":"","format":"standard","meta":{"footnotes":""},"categories":[14],"tags":[],"class_list":["post-1600","post","type-post","status-publish","format-standard","hentry","category-a-la-une"],"yoast_head":"<!-- This site is optimized with the Yoast SEO plugin v26.6 - https:\/\/yoast.com\/wordpress\/plugins\/seo\/ -->\n<title>Soir\u00e9e La\u00efcit\u00e9 du 5 mai - FSU-SNUipp 86<\/title>\n<meta name=\"robots\" content=\"index, follow, max-snippet:-1, max-image-preview:large, max-video-preview:-1\" \/>\n<link rel=\"canonical\" href=\"https:\/\/snuipp86.fr\/index.php\/2010\/04\/30\/soire-lacit-du-5-mai\/\" \/>\n<meta property=\"og:locale\" content=\"fr_FR\" \/>\n<meta property=\"og:type\" content=\"article\" \/>\n<meta property=\"og:title\" content=\"Soir\u00e9e La\u00efcit\u00e9 du 5 mai - FSU-SNUipp 86\" \/>\n<meta property=\"og:description\" content=\"Rappel : l&#039;Observatoire de Vigilance La\u00efque de la Vienne, qui regroupe 15 organisations (dont la FSU et le SNUipp), est \u00e0 l&#039;initiative d&#039;une soir\u00e9e sur la la\u00efcit\u00e9 le 5 mai prochain \u00e0 17h15 \u00e0 l&#039;Iufm 86 et en partenariat avec celui-ci intitul\u00e9e : &quot; La\u00efcit\u00e9 : une valeur d&#039;avenir. Ecole, R\u00e9publique, soci\u00e9t\u00e9 : quels enjeux ? &quot;. Les questions suivantes ont \u00e9t\u00e9 adress\u00e9es aux deux intervenants : 1- La la\u00efcit\u00e9 est souvent associ\u00e9e \u00e0 l&#039;id\u00e9al r\u00e9publicain de la 3e R\u00e9publique. A l&#039;\u00e9poque, quel \u00e9tait (...) - L&#039;ACTUALIT\u00c9 \/ Formation, Actions\" \/>\n<meta property=\"og:url\" content=\"https:\/\/snuipp86.fr\/index.php\/2010\/04\/30\/soire-lacit-du-5-mai\/\" \/>\n<meta property=\"og:site_name\" content=\"FSU-SNUipp 86\" \/>\n<meta property=\"article:published_time\" content=\"2010-04-30T15:42:57+00:00\" \/>\n<meta property=\"og:image\" content=\"http:\/\/snuipp86.fr\/wp-content\/spip\/IMG\/arton1983.jpg\" \/>\n<meta name=\"author\" content=\"WP86Admin\" \/>\n<meta name=\"twitter:card\" content=\"summary_large_image\" \/>\n<meta name=\"twitter:label1\" content=\"\u00c9crit par\" \/>\n\t<meta name=\"twitter:data1\" content=\"WP86Admin\" \/>\n\t<meta name=\"twitter:label2\" content=\"Dur\u00e9e de lecture estim\u00e9e\" \/>\n\t<meta name=\"twitter:data2\" content=\"1 minute\" \/>\n<script type=\"application\/ld+json\" class=\"yoast-schema-graph\">{\"@context\":\"https:\/\/schema.org\",\"@graph\":[{\"@type\":\"WebPage\",\"@id\":\"https:\/\/snuipp86.fr\/index.php\/2010\/04\/30\/soire-lacit-du-5-mai\/\",\"url\":\"https:\/\/snuipp86.fr\/index.php\/2010\/04\/30\/soire-lacit-du-5-mai\/\",\"name\":\"Soir\u00e9e La\u00efcit\u00e9 du 5 mai - FSU-SNUipp 86\",\"isPartOf\":{\"@id\":\"https:\/\/snuipp86.fr\/#website\"},\"primaryImageOfPage\":{\"@id\":\"https:\/\/snuipp86.fr\/index.php\/2010\/04\/30\/soire-lacit-du-5-mai\/#primaryimage\"},\"image\":{\"@id\":\"https:\/\/snuipp86.fr\/index.php\/2010\/04\/30\/soire-lacit-du-5-mai\/#primaryimage\"},\"thumbnailUrl\":\"http:\/\/snuipp86.fr\/wp-content\/spip\/IMG\/arton1983.jpg\",\"datePublished\":\"2010-04-30T15:42:57+00:00\",\"author\":{\"@id\":\"https:\/\/snuipp86.fr\/#\/schema\/person\/901b28b9ae1c7a63a6a940102e52a7a2\"},\"breadcrumb\":{\"@id\":\"https:\/\/snuipp86.fr\/index.php\/2010\/04\/30\/soire-lacit-du-5-mai\/#breadcrumb\"},\"inLanguage\":\"fr-FR\",\"potentialAction\":[{\"@type\":\"ReadAction\",\"target\":[\"https:\/\/snuipp86.fr\/index.php\/2010\/04\/30\/soire-lacit-du-5-mai\/\"]}]},{\"@type\":\"ImageObject\",\"inLanguage\":\"fr-FR\",\"@id\":\"https:\/\/snuipp86.fr\/index.php\/2010\/04\/30\/soire-lacit-du-5-mai\/#primaryimage\",\"url\":\"http:\/\/snuipp86.fr\/wp-content\/spip\/IMG\/arton1983.jpg\",\"contentUrl\":\"http:\/\/snuipp86.fr\/wp-content\/spip\/IMG\/arton1983.jpg\"},{\"@type\":\"BreadcrumbList\",\"@id\":\"https:\/\/snuipp86.fr\/index.php\/2010\/04\/30\/soire-lacit-du-5-mai\/#breadcrumb\",\"itemListElement\":[{\"@type\":\"ListItem\",\"position\":1,\"name\":\"Accueil\",\"item\":\"https:\/\/snuipp86.fr\/\"},{\"@type\":\"ListItem\",\"position\":2,\"name\":\"Soir\u00e9e La\u00efcit\u00e9 du 5 mai\"}]},{\"@type\":\"WebSite\",\"@id\":\"https:\/\/snuipp86.fr\/#website\",\"url\":\"https:\/\/snuipp86.fr\/\",\"name\":\"FSU-SNUipp 86\",\"description\":\"Des id\u00e9es qui font l&#039;\u00e9cole\",\"potentialAction\":[{\"@type\":\"SearchAction\",\"target\":{\"@type\":\"EntryPoint\",\"urlTemplate\":\"https:\/\/snuipp86.fr\/?s={search_term_string}\"},\"query-input\":{\"@type\":\"PropertyValueSpecification\",\"valueRequired\":true,\"valueName\":\"search_term_string\"}}],\"inLanguage\":\"fr-FR\"},{\"@type\":\"Person\",\"@id\":\"https:\/\/snuipp86.fr\/#\/schema\/person\/901b28b9ae1c7a63a6a940102e52a7a2\",\"name\":\"WP86Admin\",\"image\":{\"@type\":\"ImageObject\",\"inLanguage\":\"fr-FR\",\"@id\":\"https:\/\/snuipp86.fr\/#\/schema\/person\/image\/\",\"url\":\"https:\/\/secure.gravatar.com\/avatar\/0099845c7ec05dc10d777d8ab4f5142c5ba316283821af2459738ad469a37a1a?s=96&d=mm&r=g\",\"contentUrl\":\"https:\/\/secure.gravatar.com\/avatar\/0099845c7ec05dc10d777d8ab4f5142c5ba316283821af2459738ad469a37a1a?s=96&d=mm&r=g\",\"caption\":\"WP86Admin\"},\"url\":\"https:\/\/snuipp86.fr\/index.php\/author\/wp86admin\/\"}]}<\/script>\n<!-- \/ Yoast SEO plugin. -->","yoast_head_json":{"title":"Soir\u00e9e La\u00efcit\u00e9 du 5 mai - FSU-SNUipp 86","robots":{"index":"index","follow":"follow","max-snippet":"max-snippet:-1","max-image-preview":"max-image-preview:large","max-video-preview":"max-video-preview:-1"},"canonical":"https:\/\/snuipp86.fr\/index.php\/2010\/04\/30\/soire-lacit-du-5-mai\/","og_locale":"fr_FR","og_type":"article","og_title":"Soir\u00e9e La\u00efcit\u00e9 du 5 mai - FSU-SNUipp 86","og_description":"Rappel : l'Observatoire de Vigilance La\u00efque de la Vienne, qui regroupe 15 organisations (dont la FSU et le SNUipp), est \u00e0 l'initiative d'une soir\u00e9e sur la la\u00efcit\u00e9 le 5 mai prochain \u00e0 17h15 \u00e0 l'Iufm 86 et en partenariat avec celui-ci intitul\u00e9e : \" La\u00efcit\u00e9 : une valeur d'avenir. Ecole, R\u00e9publique, soci\u00e9t\u00e9 : quels enjeux ? \". Les questions suivantes ont \u00e9t\u00e9 adress\u00e9es aux deux intervenants : 1- La la\u00efcit\u00e9 est souvent associ\u00e9e \u00e0 l'id\u00e9al r\u00e9publicain de la 3e R\u00e9publique. A l'\u00e9poque, quel \u00e9tait (...) - L'ACTUALIT\u00c9 \/ Formation, Actions","og_url":"https:\/\/snuipp86.fr\/index.php\/2010\/04\/30\/soire-lacit-du-5-mai\/","og_site_name":"FSU-SNUipp 86","article_published_time":"2010-04-30T15:42:57+00:00","og_image":[{"url":"http:\/\/snuipp86.fr\/wp-content\/spip\/IMG\/arton1983.jpg","type":"","width":"","height":""}],"author":"WP86Admin","twitter_card":"summary_large_image","twitter_misc":{"\u00c9crit par":"WP86Admin","Dur\u00e9e de lecture estim\u00e9e":"1 minute"},"schema":{"@context":"https:\/\/schema.org","@graph":[{"@type":"WebPage","@id":"https:\/\/snuipp86.fr\/index.php\/2010\/04\/30\/soire-lacit-du-5-mai\/","url":"https:\/\/snuipp86.fr\/index.php\/2010\/04\/30\/soire-lacit-du-5-mai\/","name":"Soir\u00e9e La\u00efcit\u00e9 du 5 mai - FSU-SNUipp 86","isPartOf":{"@id":"https:\/\/snuipp86.fr\/#website"},"primaryImageOfPage":{"@id":"https:\/\/snuipp86.fr\/index.php\/2010\/04\/30\/soire-lacit-du-5-mai\/#primaryimage"},"image":{"@id":"https:\/\/snuipp86.fr\/index.php\/2010\/04\/30\/soire-lacit-du-5-mai\/#primaryimage"},"thumbnailUrl":"http:\/\/snuipp86.fr\/wp-content\/spip\/IMG\/arton1983.jpg","datePublished":"2010-04-30T15:42:57+00:00","author":{"@id":"https:\/\/snuipp86.fr\/#\/schema\/person\/901b28b9ae1c7a63a6a940102e52a7a2"},"breadcrumb":{"@id":"https:\/\/snuipp86.fr\/index.php\/2010\/04\/30\/soire-lacit-du-5-mai\/#breadcrumb"},"inLanguage":"fr-FR","potentialAction":[{"@type":"ReadAction","target":["https:\/\/snuipp86.fr\/index.php\/2010\/04\/30\/soire-lacit-du-5-mai\/"]}]},{"@type":"ImageObject","inLanguage":"fr-FR","@id":"https:\/\/snuipp86.fr\/index.php\/2010\/04\/30\/soire-lacit-du-5-mai\/#primaryimage","url":"http:\/\/snuipp86.fr\/wp-content\/spip\/IMG\/arton1983.jpg","contentUrl":"http:\/\/snuipp86.fr\/wp-content\/spip\/IMG\/arton1983.jpg"},{"@type":"BreadcrumbList","@id":"https:\/\/snuipp86.fr\/index.php\/2010\/04\/30\/soire-lacit-du-5-mai\/#breadcrumb","itemListElement":[{"@type":"ListItem","position":1,"name":"Accueil","item":"https:\/\/snuipp86.fr\/"},{"@type":"ListItem","position":2,"name":"Soir\u00e9e La\u00efcit\u00e9 du 5 mai"}]},{"@type":"WebSite","@id":"https:\/\/snuipp86.fr\/#website","url":"https:\/\/snuipp86.fr\/","name":"FSU-SNUipp 86","description":"Des id\u00e9es qui font l&#039;\u00e9cole","potentialAction":[{"@type":"SearchAction","target":{"@type":"EntryPoint","urlTemplate":"https:\/\/snuipp86.fr\/?s={search_term_string}"},"query-input":{"@type":"PropertyValueSpecification","valueRequired":true,"valueName":"search_term_string"}}],"inLanguage":"fr-FR"},{"@type":"Person","@id":"https:\/\/snuipp86.fr\/#\/schema\/person\/901b28b9ae1c7a63a6a940102e52a7a2","name":"WP86Admin","image":{"@type":"ImageObject","inLanguage":"fr-FR","@id":"https:\/\/snuipp86.fr\/#\/schema\/person\/image\/","url":"https:\/\/secure.gravatar.com\/avatar\/0099845c7ec05dc10d777d8ab4f5142c5ba316283821af2459738ad469a37a1a?s=96&d=mm&r=g","contentUrl":"https:\/\/secure.gravatar.com\/avatar\/0099845c7ec05dc10d777d8ab4f5142c5ba316283821af2459738ad469a37a1a?s=96&d=mm&r=g","caption":"WP86Admin"},"url":"https:\/\/snuipp86.fr\/index.php\/author\/wp86admin\/"}]}},"_links":{"self":[{"href":"https:\/\/snuipp86.fr\/index.php\/wp-json\/wp\/v2\/posts\/1600","targetHints":{"allow":["GET"]}}],"collection":[{"href":"https:\/\/snuipp86.fr\/index.php\/wp-json\/wp\/v2\/posts"}],"about":[{"href":"https:\/\/snuipp86.fr\/index.php\/wp-json\/wp\/v2\/types\/post"}],"author":[{"embeddable":true,"href":"https:\/\/snuipp86.fr\/index.php\/wp-json\/wp\/v2\/users\/1"}],"replies":[{"embeddable":true,"href":"https:\/\/snuipp86.fr\/index.php\/wp-json\/wp\/v2\/comments?post=1600"}],"version-history":[{"count":0,"href":"https:\/\/snuipp86.fr\/index.php\/wp-json\/wp\/v2\/posts\/1600\/revisions"}],"wp:attachment":[{"href":"https:\/\/snuipp86.fr\/index.php\/wp-json\/wp\/v2\/media?parent=1600"}],"wp:term":[{"taxonomy":"category","embeddable":true,"href":"https:\/\/snuipp86.fr\/index.php\/wp-json\/wp\/v2\/categories?post=1600"},{"taxonomy":"post_tag","embeddable":true,"href":"https:\/\/snuipp86.fr\/index.php\/wp-json\/wp\/v2\/tags?post=1600"}],"curies":[{"name":"wp","href":"https:\/\/api.w.org\/{rel}","templated":true}]}}