{"id":165,"date":"2018-04-18T07:18:38","date_gmt":"2018-04-18T07:18:38","guid":{"rendered":"http:\/\/localhost\/wordpress\/2018\/04\/18\/dcs-de-ren-bibault-crmonie-ce-lundi-23-avri\/"},"modified":"2018-04-18T07:18:38","modified_gmt":"2018-04-18T07:18:38","slug":"dcs-de-ren-bibault-crmonie-ce-lundi-23-avri","status":"publish","type":"post","link":"https:\/\/snuipp86.fr\/index.php\/2018\/04\/18\/dcs-de-ren-bibault-crmonie-ce-lundi-23-avri\/","title":{"rendered":"D\u00e9c\u00e8s de Ren\u00e9 Bibault : c\u00e9r\u00e9monie ce lundi 23 avri"},"content":{"rendered":"<p><img decoding=\"async\" src=\"https:\/\/snuipp86.fr\/wp-content\/spip\/IMG\/arton3892.jpg\" alt=\"\" align=\"right\" width=\"215\" height=\"157\" class=\"spip_logos\" \/><\/p>\n<div class='rss_texte'>\n<p class=\"spip\">La section de la Vienne a la tristesse de vous faire part du d\u00e9c\u00e8s de Ren\u00e9 Bibault.<\/p>\n<p class=\"spip\">La section de la Vienne pr\u00e9sente toutes ses condol\u00e9ances \u00e0 sa famille et \u00e0 ses proches.<\/p>\n<p class=\"spip\">Les obs\u00e8ques auront lieu le Lundi 23 Avril \u00e0 15h30 au cr\u00e9matorium de Poitiers.<\/p>\n<p class=\"spip\">Ren\u00e9 Bibault a \u00e9t\u00e9 le secr\u00e9taire d\u00e9partemental du SNI, puis du SNI-Pegc, de la Vienne de 1949 \u00e0 1976. Il fut, entre autres, \u00e0 l&rsquo;origine de la construction de la maison syndicale du 16 avenue du parc d&rsquo;artillerie \u00e0 Poitiers en 1970, qui porte son nom depuis 2011 et celui de Joseph Grivel du SNES.<\/p>\n<dl class='spip_document_3330 spip_documents spip_documents_center' >\n<dt><img src='https:\/\/snuipp86.fr\/wp-content\/spip\/cache-vignettes\/L215xH151\/maison_syndicale_renebibault_et_josephgrivel_v1-2-69cde.jpg' width='215' height='151' alt='JPEG - 8.4 ko' style='height:151px;width:215px;' class='' \/><\/dt>\n<dt class='spip_doc_titre' style='width:215px;'><strong>maison_syndicale_renebibault_et_josephgrivel_v1<\/strong><\/dt>\n<\/dl>\n<dl class='spip_document_3326 spip_documents spip_documents_center' >\n<dt><img src='https:\/\/snuipp86.fr\/wp-content\/spip\/cache-vignettes\/L215xH157\/maison_syndicale_renebibault_et_josephgrivel_v3-3f900.jpg' width='215' height='157' alt='JPEG - 8.4 ko' style='height:157px;width:215px;' class='' \/><\/dt>\n<dt class='spip_doc_titre' style='width:215px;'><strong>maison_syndicale_renebibault_et_josephgrivel_v3<\/strong><\/dt>\n<\/dl>\n<dl class='spip_document_3332 spip_documents spip_documents_center' >\n<dt><img src='https:\/\/snuipp86.fr\/wp-content\/spip\/cache-vignettes\/L215xH150\/maison_syndicale_renebibault_et_josephgrivel_v2-02140.jpg' width='215' height='150' alt='JPEG - 7.8 ko' style='height:150px;width:215px;' class='' \/><\/dt>\n<dt class='spip_doc_titre' style='width:215px;'><strong>maison_syndicale_renebibault_et_josephgrivel_v2<\/strong><\/dt>\n<\/dl>\n<dl class='spip_document_3324 spip_documents spip_documents_center' >\n<dt><img src='https:\/\/snuipp86.fr\/wp-content\/spip\/cache-vignettes\/L215xH150\/maison_syndicale_renebibault_et_josephgrivel_v4-ec671.jpg' width='215' height='150' alt='JPEG - 7.6 ko' style='height:150px;width:215px;' class='' \/><\/dt>\n<dt class='spip_doc_titre' style='width:215px;'><strong>maison_syndicale_renebibault_et_josephgrivel_v4<\/strong><\/dt>\n<\/dl>\n<p class=\"spip\">Monsieur Ren\u00e9 Bibault n&rsquo;a pas seulement marqu\u00e9 l&rsquo;histoire syndicale ou politique de la Vienne, son pass\u00e9 de r\u00e9sistant -que vous retrouverez dans une biographie de 3 pages en pi\u00e8ce jointe de Alain Dalan\u00e7on et Alain L\u00e9ger- a marqu\u00e9 l&rsquo;Histoire tout simplement.<\/p>\n<dl class='spip_document_3334 spip_documents spip_documents_center' >\n<dt><a href=\"https:\/\/snuipp86.fr\/wp-content\/spip\/IMG\/pdf\/BIBAULT_Rene_Agenor_Abel_-_Maitron_1_.pdf\" title='PDF - 141.9 ko' type=\"application\/pdf\"><img src='https:\/\/snuipp86.fr\/wp-content\/spip\/cache-vignettes\/L52xH52\/pdf-d7486.png' width='52' height='52' alt='PDF - 141.9 ko' style='height:52px;width:52px;' class=' format_png' \/><\/a><\/dt>\n<dt class='spip_doc_titre' style='width:120px;'><strong>BIBAULT Ren\u00e9, Ag\u00e9nor, Abel &#8211; Maitron (1)<\/strong><\/dt>\n<\/dl>\n<\/div>\n","protected":false},"excerpt":{"rendered":"<p>La section de la Vienne a la tristesse de vous faire part du d\u00e9c\u00e8s de Ren\u00e9 Bibault. <br \/>La section de la Vienne pr\u00e9sente toutes ses condol\u00e9ances \u00e0 sa famille et \u00e0 ses proches. <br \/>Les obs\u00e8ques auront lieu le Lundi 23 Avril \u00e0 15h30 au cr\u00e9matorium de Poitiers. Ren\u00e9 Bibault a \u00e9t\u00e9 le secr\u00e9taire d\u00e9partemental du SNI, puis du SNI-Pegc, de la Vienne de 1949 \u00e0 1976. Il fut, entre autres, \u00e0 l&rsquo;origine de la construction de la maison syndicale du 16 avenue du parc d&rsquo;artillerie \u00e0 Poitiers en 1970, qui (&#8230;)<br \/>\n&#8211;<br \/>\n<a href=\"http:\/\/86.snuipp.fr\/spip.php?rubrique249\" rel=\"directory\">L&rsquo;ACTUALIT\u00c9<\/a><\/p>\n","protected":false},"author":1,"featured_media":0,"comment_status":"open","ping_status":"open","sticky":false,"template":"","format":"standard","meta":{"footnotes":""},"categories":[14],"tags":[],"class_list":["post-165","post","type-post","status-publish","format-standard","hentry","category-a-la-une"],"yoast_head":"<!-- This site is optimized with the Yoast SEO plugin v26.6 - https:\/\/yoast.com\/wordpress\/plugins\/seo\/ -->\n<title>D\u00e9c\u00e8s de Ren\u00e9 Bibault : c\u00e9r\u00e9monie ce lundi 23 avri - FSU-SNUipp 86<\/title>\n<meta name=\"robots\" content=\"index, follow, max-snippet:-1, max-image-preview:large, max-video-preview:-1\" \/>\n<link rel=\"canonical\" href=\"https:\/\/snuipp86.fr\/index.php\/2018\/04\/18\/dcs-de-ren-bibault-crmonie-ce-lundi-23-avri\/\" \/>\n<meta property=\"og:locale\" content=\"fr_FR\" \/>\n<meta property=\"og:type\" content=\"article\" \/>\n<meta property=\"og:title\" content=\"D\u00e9c\u00e8s de Ren\u00e9 Bibault : c\u00e9r\u00e9monie ce lundi 23 avri - FSU-SNUipp 86\" \/>\n<meta property=\"og:description\" content=\"La section de la Vienne a la tristesse de vous faire part du d\u00e9c\u00e8s de Ren\u00e9 Bibault. La section de la Vienne pr\u00e9sente toutes ses condol\u00e9ances \u00e0 sa famille et \u00e0 ses proches. Les obs\u00e8ques auront lieu le Lundi 23 Avril \u00e0 15h30 au cr\u00e9matorium de Poitiers. Ren\u00e9 Bibault a \u00e9t\u00e9 le secr\u00e9taire d\u00e9partemental du SNI, puis du SNI-Pegc, de la Vienne de 1949 \u00e0 1976. Il fut, entre autres, \u00e0 l&#039;origine de la construction de la maison syndicale du 16 avenue du parc d&#039;artillerie \u00e0 Poitiers en 1970, qui (...) - L&#039;ACTUALIT\u00c9\" \/>\n<meta property=\"og:url\" content=\"https:\/\/snuipp86.fr\/index.php\/2018\/04\/18\/dcs-de-ren-bibault-crmonie-ce-lundi-23-avri\/\" \/>\n<meta property=\"og:site_name\" content=\"FSU-SNUipp 86\" \/>\n<meta property=\"article:published_time\" content=\"2018-04-18T07:18:38+00:00\" \/>\n<meta property=\"og:image\" content=\"http:\/\/snuipp86.fr\/wp-content\/spip\/IMG\/arton3892.jpg\" \/>\n<meta name=\"author\" content=\"WP86Admin\" \/>\n<meta name=\"twitter:card\" content=\"summary_large_image\" \/>\n<meta name=\"twitter:label1\" content=\"\u00c9crit par\" \/>\n\t<meta name=\"twitter:data1\" content=\"WP86Admin\" \/>\n\t<meta name=\"twitter:label2\" content=\"Dur\u00e9e de lecture estim\u00e9e\" \/>\n\t<meta name=\"twitter:data2\" content=\"1 minute\" \/>\n<script type=\"application\/ld+json\" class=\"yoast-schema-graph\">{\"@context\":\"https:\/\/schema.org\",\"@graph\":[{\"@type\":\"WebPage\",\"@id\":\"https:\/\/snuipp86.fr\/index.php\/2018\/04\/18\/dcs-de-ren-bibault-crmonie-ce-lundi-23-avri\/\",\"url\":\"https:\/\/snuipp86.fr\/index.php\/2018\/04\/18\/dcs-de-ren-bibault-crmonie-ce-lundi-23-avri\/\",\"name\":\"D\u00e9c\u00e8s de Ren\u00e9 Bibault : c\u00e9r\u00e9monie ce lundi 23 avri - FSU-SNUipp 86\",\"isPartOf\":{\"@id\":\"https:\/\/snuipp86.fr\/#website\"},\"primaryImageOfPage\":{\"@id\":\"https:\/\/snuipp86.fr\/index.php\/2018\/04\/18\/dcs-de-ren-bibault-crmonie-ce-lundi-23-avri\/#primaryimage\"},\"image\":{\"@id\":\"https:\/\/snuipp86.fr\/index.php\/2018\/04\/18\/dcs-de-ren-bibault-crmonie-ce-lundi-23-avri\/#primaryimage\"},\"thumbnailUrl\":\"http:\/\/snuipp86.fr\/wp-content\/spip\/IMG\/arton3892.jpg\",\"datePublished\":\"2018-04-18T07:18:38+00:00\",\"author\":{\"@id\":\"https:\/\/snuipp86.fr\/#\/schema\/person\/901b28b9ae1c7a63a6a940102e52a7a2\"},\"breadcrumb\":{\"@id\":\"https:\/\/snuipp86.fr\/index.php\/2018\/04\/18\/dcs-de-ren-bibault-crmonie-ce-lundi-23-avri\/#breadcrumb\"},\"inLanguage\":\"fr-FR\",\"potentialAction\":[{\"@type\":\"ReadAction\",\"target\":[\"https:\/\/snuipp86.fr\/index.php\/2018\/04\/18\/dcs-de-ren-bibault-crmonie-ce-lundi-23-avri\/\"]}]},{\"@type\":\"ImageObject\",\"inLanguage\":\"fr-FR\",\"@id\":\"https:\/\/snuipp86.fr\/index.php\/2018\/04\/18\/dcs-de-ren-bibault-crmonie-ce-lundi-23-avri\/#primaryimage\",\"url\":\"http:\/\/snuipp86.fr\/wp-content\/spip\/IMG\/arton3892.jpg\",\"contentUrl\":\"http:\/\/snuipp86.fr\/wp-content\/spip\/IMG\/arton3892.jpg\"},{\"@type\":\"BreadcrumbList\",\"@id\":\"https:\/\/snuipp86.fr\/index.php\/2018\/04\/18\/dcs-de-ren-bibault-crmonie-ce-lundi-23-avri\/#breadcrumb\",\"itemListElement\":[{\"@type\":\"ListItem\",\"position\":1,\"name\":\"Accueil\",\"item\":\"https:\/\/snuipp86.fr\/\"},{\"@type\":\"ListItem\",\"position\":2,\"name\":\"D\u00e9c\u00e8s de Ren\u00e9 Bibault : c\u00e9r\u00e9monie ce lundi 23 avri\"}]},{\"@type\":\"WebSite\",\"@id\":\"https:\/\/snuipp86.fr\/#website\",\"url\":\"https:\/\/snuipp86.fr\/\",\"name\":\"FSU-SNUipp 86\",\"description\":\"Des id\u00e9es qui font l&#039;\u00e9cole\",\"potentialAction\":[{\"@type\":\"SearchAction\",\"target\":{\"@type\":\"EntryPoint\",\"urlTemplate\":\"https:\/\/snuipp86.fr\/?s={search_term_string}\"},\"query-input\":{\"@type\":\"PropertyValueSpecification\",\"valueRequired\":true,\"valueName\":\"search_term_string\"}}],\"inLanguage\":\"fr-FR\"},{\"@type\":\"Person\",\"@id\":\"https:\/\/snuipp86.fr\/#\/schema\/person\/901b28b9ae1c7a63a6a940102e52a7a2\",\"name\":\"WP86Admin\",\"image\":{\"@type\":\"ImageObject\",\"inLanguage\":\"fr-FR\",\"@id\":\"https:\/\/snuipp86.fr\/#\/schema\/person\/image\/\",\"url\":\"https:\/\/secure.gravatar.com\/avatar\/0099845c7ec05dc10d777d8ab4f5142c5ba316283821af2459738ad469a37a1a?s=96&d=mm&r=g\",\"contentUrl\":\"https:\/\/secure.gravatar.com\/avatar\/0099845c7ec05dc10d777d8ab4f5142c5ba316283821af2459738ad469a37a1a?s=96&d=mm&r=g\",\"caption\":\"WP86Admin\"},\"url\":\"https:\/\/snuipp86.fr\/index.php\/author\/wp86admin\/\"}]}<\/script>\n<!-- \/ Yoast SEO plugin. -->","yoast_head_json":{"title":"D\u00e9c\u00e8s de Ren\u00e9 Bibault : c\u00e9r\u00e9monie ce lundi 23 avri - FSU-SNUipp 86","robots":{"index":"index","follow":"follow","max-snippet":"max-snippet:-1","max-image-preview":"max-image-preview:large","max-video-preview":"max-video-preview:-1"},"canonical":"https:\/\/snuipp86.fr\/index.php\/2018\/04\/18\/dcs-de-ren-bibault-crmonie-ce-lundi-23-avri\/","og_locale":"fr_FR","og_type":"article","og_title":"D\u00e9c\u00e8s de Ren\u00e9 Bibault : c\u00e9r\u00e9monie ce lundi 23 avri - FSU-SNUipp 86","og_description":"La section de la Vienne a la tristesse de vous faire part du d\u00e9c\u00e8s de Ren\u00e9 Bibault. La section de la Vienne pr\u00e9sente toutes ses condol\u00e9ances \u00e0 sa famille et \u00e0 ses proches. Les obs\u00e8ques auront lieu le Lundi 23 Avril \u00e0 15h30 au cr\u00e9matorium de Poitiers. Ren\u00e9 Bibault a \u00e9t\u00e9 le secr\u00e9taire d\u00e9partemental du SNI, puis du SNI-Pegc, de la Vienne de 1949 \u00e0 1976. Il fut, entre autres, \u00e0 l'origine de la construction de la maison syndicale du 16 avenue du parc d'artillerie \u00e0 Poitiers en 1970, qui (...) - L'ACTUALIT\u00c9","og_url":"https:\/\/snuipp86.fr\/index.php\/2018\/04\/18\/dcs-de-ren-bibault-crmonie-ce-lundi-23-avri\/","og_site_name":"FSU-SNUipp 86","article_published_time":"2018-04-18T07:18:38+00:00","og_image":[{"url":"http:\/\/snuipp86.fr\/wp-content\/spip\/IMG\/arton3892.jpg","type":"","width":"","height":""}],"author":"WP86Admin","twitter_card":"summary_large_image","twitter_misc":{"\u00c9crit par":"WP86Admin","Dur\u00e9e de lecture estim\u00e9e":"1 minute"},"schema":{"@context":"https:\/\/schema.org","@graph":[{"@type":"WebPage","@id":"https:\/\/snuipp86.fr\/index.php\/2018\/04\/18\/dcs-de-ren-bibault-crmonie-ce-lundi-23-avri\/","url":"https:\/\/snuipp86.fr\/index.php\/2018\/04\/18\/dcs-de-ren-bibault-crmonie-ce-lundi-23-avri\/","name":"D\u00e9c\u00e8s de Ren\u00e9 Bibault : c\u00e9r\u00e9monie ce lundi 23 avri - FSU-SNUipp 86","isPartOf":{"@id":"https:\/\/snuipp86.fr\/#website"},"primaryImageOfPage":{"@id":"https:\/\/snuipp86.fr\/index.php\/2018\/04\/18\/dcs-de-ren-bibault-crmonie-ce-lundi-23-avri\/#primaryimage"},"image":{"@id":"https:\/\/snuipp86.fr\/index.php\/2018\/04\/18\/dcs-de-ren-bibault-crmonie-ce-lundi-23-avri\/#primaryimage"},"thumbnailUrl":"http:\/\/snuipp86.fr\/wp-content\/spip\/IMG\/arton3892.jpg","datePublished":"2018-04-18T07:18:38+00:00","author":{"@id":"https:\/\/snuipp86.fr\/#\/schema\/person\/901b28b9ae1c7a63a6a940102e52a7a2"},"breadcrumb":{"@id":"https:\/\/snuipp86.fr\/index.php\/2018\/04\/18\/dcs-de-ren-bibault-crmonie-ce-lundi-23-avri\/#breadcrumb"},"inLanguage":"fr-FR","potentialAction":[{"@type":"ReadAction","target":["https:\/\/snuipp86.fr\/index.php\/2018\/04\/18\/dcs-de-ren-bibault-crmonie-ce-lundi-23-avri\/"]}]},{"@type":"ImageObject","inLanguage":"fr-FR","@id":"https:\/\/snuipp86.fr\/index.php\/2018\/04\/18\/dcs-de-ren-bibault-crmonie-ce-lundi-23-avri\/#primaryimage","url":"http:\/\/snuipp86.fr\/wp-content\/spip\/IMG\/arton3892.jpg","contentUrl":"http:\/\/snuipp86.fr\/wp-content\/spip\/IMG\/arton3892.jpg"},{"@type":"BreadcrumbList","@id":"https:\/\/snuipp86.fr\/index.php\/2018\/04\/18\/dcs-de-ren-bibault-crmonie-ce-lundi-23-avri\/#breadcrumb","itemListElement":[{"@type":"ListItem","position":1,"name":"Accueil","item":"https:\/\/snuipp86.fr\/"},{"@type":"ListItem","position":2,"name":"D\u00e9c\u00e8s de Ren\u00e9 Bibault : c\u00e9r\u00e9monie ce lundi 23 avri"}]},{"@type":"WebSite","@id":"https:\/\/snuipp86.fr\/#website","url":"https:\/\/snuipp86.fr\/","name":"FSU-SNUipp 86","description":"Des id\u00e9es qui font l&#039;\u00e9cole","potentialAction":[{"@type":"SearchAction","target":{"@type":"EntryPoint","urlTemplate":"https:\/\/snuipp86.fr\/?s={search_term_string}"},"query-input":{"@type":"PropertyValueSpecification","valueRequired":true,"valueName":"search_term_string"}}],"inLanguage":"fr-FR"},{"@type":"Person","@id":"https:\/\/snuipp86.fr\/#\/schema\/person\/901b28b9ae1c7a63a6a940102e52a7a2","name":"WP86Admin","image":{"@type":"ImageObject","inLanguage":"fr-FR","@id":"https:\/\/snuipp86.fr\/#\/schema\/person\/image\/","url":"https:\/\/secure.gravatar.com\/avatar\/0099845c7ec05dc10d777d8ab4f5142c5ba316283821af2459738ad469a37a1a?s=96&d=mm&r=g","contentUrl":"https:\/\/secure.gravatar.com\/avatar\/0099845c7ec05dc10d777d8ab4f5142c5ba316283821af2459738ad469a37a1a?s=96&d=mm&r=g","caption":"WP86Admin"},"url":"https:\/\/snuipp86.fr\/index.php\/author\/wp86admin\/"}]}},"_links":{"self":[{"href":"https:\/\/snuipp86.fr\/index.php\/wp-json\/wp\/v2\/posts\/165","targetHints":{"allow":["GET"]}}],"collection":[{"href":"https:\/\/snuipp86.fr\/index.php\/wp-json\/wp\/v2\/posts"}],"about":[{"href":"https:\/\/snuipp86.fr\/index.php\/wp-json\/wp\/v2\/types\/post"}],"author":[{"embeddable":true,"href":"https:\/\/snuipp86.fr\/index.php\/wp-json\/wp\/v2\/users\/1"}],"replies":[{"embeddable":true,"href":"https:\/\/snuipp86.fr\/index.php\/wp-json\/wp\/v2\/comments?post=165"}],"version-history":[{"count":0,"href":"https:\/\/snuipp86.fr\/index.php\/wp-json\/wp\/v2\/posts\/165\/revisions"}],"wp:attachment":[{"href":"https:\/\/snuipp86.fr\/index.php\/wp-json\/wp\/v2\/media?parent=165"}],"wp:term":[{"taxonomy":"category","embeddable":true,"href":"https:\/\/snuipp86.fr\/index.php\/wp-json\/wp\/v2\/categories?post=165"},{"taxonomy":"post_tag","embeddable":true,"href":"https:\/\/snuipp86.fr\/index.php\/wp-json\/wp\/v2\/tags?post=165"}],"curies":[{"name":"wp","href":"https:\/\/api.w.org\/{rel}","templated":true}]}}