{"id":1659,"date":"2010-01-05T15:08:49","date_gmt":"2010-01-05T15:08:49","guid":{"rendered":"http:\/\/localhost\/wordpress\/2010\/01\/05\/congrs-dpartemental-fsu-15-et-16-janvier-2010\/"},"modified":"2010-01-05T15:08:49","modified_gmt":"2010-01-05T15:08:49","slug":"congrs-dpartemental-fsu-15-et-16-janvier-2010","status":"publish","type":"post","link":"https:\/\/snuipp86.fr\/index.php\/2010\/01\/05\/congrs-dpartemental-fsu-15-et-16-janvier-2010\/","title":{"rendered":"Congr\u00e8s d\u00e9partemental FSU, 15 et 16 janvier 2010"},"content":{"rendered":"<p><img decoding=\"async\" src=\"https:\/\/snuipp86.fr\/wp-content\/spip\/IMG\/arton1928.jpg\" alt=\"\" align=\"right\" width=\"207\" height=\"230\" class=\"spip_logos\" \/><\/p>\n<div class='rss_texte'>\n<p class=\"spip\">Le congr\u00e8s d\u00e9partemental FSU se tiendra les vendredi 15 et samedi 16 janvier 2010, \u00e0 la maison des syndicats.<\/p>\n<p class=\"spip\">Les th\u00e8mes, les interventions, les d\u00e9bats s&rsquo;articuleront autour des questions de l \u2018\u00e9ducation, de la formation mais aussi des services publics et encore du devenir de la retraite, de la protection sociale et le devenir de la FSU dans l&rsquo;\u00e9volution du syndicalisme.<\/p>\n<p class=\"spip\"><strong class=\"spip\"><br \/>\nAlors, venez, participez aux d\u00e9bats, la parole est \u00e0 tous les syndiqu\u00e9s. (nous demander une convocation pour une autorisation d&rsquo;absence)<\/strong><\/p>\n<\/div>\n","protected":false},"excerpt":{"rendered":"<p>Le congr\u00e8s d\u00e9partemental FSU se tiendra les vendredi 15 et samedi 16 janvier 2010, \u00e0 la maison des syndicats. <br \/>Les th\u00e8mes, les interventions, les d\u00e9bats s&rsquo;articuleront autour des questions de l \u2018\u00e9ducation, de la formation mais aussi des services publics et encore du devenir de la retraite, de la protection sociale et le devenir de la FSU dans l&rsquo;\u00e9volution du syndicalisme. <br \/>Alors, venez, participez aux d\u00e9bats, la parole est \u00e0 tous les syndiqu\u00e9s. (nous demander une convocation (&#8230;)<br \/>\n&#8211;<br \/>\n<a href=\"http:\/\/86.snuipp.fr\/spip.php?rubrique295\" rel=\"directory\">Congr\u00e8s D\u00e9partemental FSU 2010<\/a><\/p>\n","protected":false},"author":1,"featured_media":0,"comment_status":"open","ping_status":"open","sticky":false,"template":"","format":"standard","meta":{"footnotes":""},"categories":[14],"tags":[],"class_list":["post-1659","post","type-post","status-publish","format-standard","hentry","category-a-la-une"],"yoast_head":"<!-- This site is optimized with the Yoast SEO plugin v26.6 - https:\/\/yoast.com\/wordpress\/plugins\/seo\/ -->\n<title>Congr\u00e8s d\u00e9partemental FSU, 15 et 16 janvier 2010 - FSU-SNUipp 86<\/title>\n<meta name=\"robots\" content=\"index, follow, max-snippet:-1, max-image-preview:large, max-video-preview:-1\" \/>\n<link rel=\"canonical\" href=\"https:\/\/snuipp86.fr\/index.php\/2010\/01\/05\/congrs-dpartemental-fsu-15-et-16-janvier-2010\/\" \/>\n<meta property=\"og:locale\" content=\"fr_FR\" \/>\n<meta property=\"og:type\" content=\"article\" \/>\n<meta property=\"og:title\" content=\"Congr\u00e8s d\u00e9partemental FSU, 15 et 16 janvier 2010 - FSU-SNUipp 86\" \/>\n<meta property=\"og:description\" content=\"Le congr\u00e8s d\u00e9partemental FSU se tiendra les vendredi 15 et samedi 16 janvier 2010, \u00e0 la maison des syndicats. Les th\u00e8mes, les interventions, les d\u00e9bats s&#039;articuleront autour des questions de l \u2018\u00e9ducation, de la formation mais aussi des services publics et encore du devenir de la retraite, de la protection sociale et le devenir de la FSU dans l&#039;\u00e9volution du syndicalisme. Alors, venez, participez aux d\u00e9bats, la parole est \u00e0 tous les syndiqu\u00e9s. (nous demander une convocation (...) - Congr\u00e8s D\u00e9partemental FSU 2010\" \/>\n<meta property=\"og:url\" content=\"https:\/\/snuipp86.fr\/index.php\/2010\/01\/05\/congrs-dpartemental-fsu-15-et-16-janvier-2010\/\" \/>\n<meta property=\"og:site_name\" content=\"FSU-SNUipp 86\" \/>\n<meta property=\"article:published_time\" content=\"2010-01-05T15:08:49+00:00\" \/>\n<meta property=\"og:image\" content=\"http:\/\/snuipp86.fr\/wp-content\/spip\/IMG\/arton1928.jpg\" \/>\n<meta name=\"author\" content=\"WP86Admin\" \/>\n<meta name=\"twitter:card\" content=\"summary_large_image\" \/>\n<meta name=\"twitter:label1\" content=\"\u00c9crit par\" \/>\n\t<meta name=\"twitter:data1\" content=\"WP86Admin\" \/>\n<script type=\"application\/ld+json\" class=\"yoast-schema-graph\">{\"@context\":\"https:\/\/schema.org\",\"@graph\":[{\"@type\":\"WebPage\",\"@id\":\"https:\/\/snuipp86.fr\/index.php\/2010\/01\/05\/congrs-dpartemental-fsu-15-et-16-janvier-2010\/\",\"url\":\"https:\/\/snuipp86.fr\/index.php\/2010\/01\/05\/congrs-dpartemental-fsu-15-et-16-janvier-2010\/\",\"name\":\"Congr\u00e8s d\u00e9partemental FSU, 15 et 16 janvier 2010 - FSU-SNUipp 86\",\"isPartOf\":{\"@id\":\"https:\/\/snuipp86.fr\/#website\"},\"primaryImageOfPage\":{\"@id\":\"https:\/\/snuipp86.fr\/index.php\/2010\/01\/05\/congrs-dpartemental-fsu-15-et-16-janvier-2010\/#primaryimage\"},\"image\":{\"@id\":\"https:\/\/snuipp86.fr\/index.php\/2010\/01\/05\/congrs-dpartemental-fsu-15-et-16-janvier-2010\/#primaryimage\"},\"thumbnailUrl\":\"http:\/\/snuipp86.fr\/wp-content\/spip\/IMG\/arton1928.jpg\",\"datePublished\":\"2010-01-05T15:08:49+00:00\",\"author\":{\"@id\":\"https:\/\/snuipp86.fr\/#\/schema\/person\/901b28b9ae1c7a63a6a940102e52a7a2\"},\"breadcrumb\":{\"@id\":\"https:\/\/snuipp86.fr\/index.php\/2010\/01\/05\/congrs-dpartemental-fsu-15-et-16-janvier-2010\/#breadcrumb\"},\"inLanguage\":\"fr-FR\",\"potentialAction\":[{\"@type\":\"ReadAction\",\"target\":[\"https:\/\/snuipp86.fr\/index.php\/2010\/01\/05\/congrs-dpartemental-fsu-15-et-16-janvier-2010\/\"]}]},{\"@type\":\"ImageObject\",\"inLanguage\":\"fr-FR\",\"@id\":\"https:\/\/snuipp86.fr\/index.php\/2010\/01\/05\/congrs-dpartemental-fsu-15-et-16-janvier-2010\/#primaryimage\",\"url\":\"http:\/\/snuipp86.fr\/wp-content\/spip\/IMG\/arton1928.jpg\",\"contentUrl\":\"http:\/\/snuipp86.fr\/wp-content\/spip\/IMG\/arton1928.jpg\"},{\"@type\":\"BreadcrumbList\",\"@id\":\"https:\/\/snuipp86.fr\/index.php\/2010\/01\/05\/congrs-dpartemental-fsu-15-et-16-janvier-2010\/#breadcrumb\",\"itemListElement\":[{\"@type\":\"ListItem\",\"position\":1,\"name\":\"Accueil\",\"item\":\"https:\/\/snuipp86.fr\/\"},{\"@type\":\"ListItem\",\"position\":2,\"name\":\"Congr\u00e8s d\u00e9partemental FSU, 15 et 16 janvier 2010\"}]},{\"@type\":\"WebSite\",\"@id\":\"https:\/\/snuipp86.fr\/#website\",\"url\":\"https:\/\/snuipp86.fr\/\",\"name\":\"FSU-SNUipp 86\",\"description\":\"Des id\u00e9es qui font l&#039;\u00e9cole\",\"potentialAction\":[{\"@type\":\"SearchAction\",\"target\":{\"@type\":\"EntryPoint\",\"urlTemplate\":\"https:\/\/snuipp86.fr\/?s={search_term_string}\"},\"query-input\":{\"@type\":\"PropertyValueSpecification\",\"valueRequired\":true,\"valueName\":\"search_term_string\"}}],\"inLanguage\":\"fr-FR\"},{\"@type\":\"Person\",\"@id\":\"https:\/\/snuipp86.fr\/#\/schema\/person\/901b28b9ae1c7a63a6a940102e52a7a2\",\"name\":\"WP86Admin\",\"image\":{\"@type\":\"ImageObject\",\"inLanguage\":\"fr-FR\",\"@id\":\"https:\/\/snuipp86.fr\/#\/schema\/person\/image\/\",\"url\":\"https:\/\/secure.gravatar.com\/avatar\/0099845c7ec05dc10d777d8ab4f5142c5ba316283821af2459738ad469a37a1a?s=96&d=mm&r=g\",\"contentUrl\":\"https:\/\/secure.gravatar.com\/avatar\/0099845c7ec05dc10d777d8ab4f5142c5ba316283821af2459738ad469a37a1a?s=96&d=mm&r=g\",\"caption\":\"WP86Admin\"},\"url\":\"https:\/\/snuipp86.fr\/index.php\/author\/wp86admin\/\"}]}<\/script>\n<!-- \/ Yoast SEO plugin. -->","yoast_head_json":{"title":"Congr\u00e8s d\u00e9partemental FSU, 15 et 16 janvier 2010 - FSU-SNUipp 86","robots":{"index":"index","follow":"follow","max-snippet":"max-snippet:-1","max-image-preview":"max-image-preview:large","max-video-preview":"max-video-preview:-1"},"canonical":"https:\/\/snuipp86.fr\/index.php\/2010\/01\/05\/congrs-dpartemental-fsu-15-et-16-janvier-2010\/","og_locale":"fr_FR","og_type":"article","og_title":"Congr\u00e8s d\u00e9partemental FSU, 15 et 16 janvier 2010 - FSU-SNUipp 86","og_description":"Le congr\u00e8s d\u00e9partemental FSU se tiendra les vendredi 15 et samedi 16 janvier 2010, \u00e0 la maison des syndicats. Les th\u00e8mes, les interventions, les d\u00e9bats s'articuleront autour des questions de l \u2018\u00e9ducation, de la formation mais aussi des services publics et encore du devenir de la retraite, de la protection sociale et le devenir de la FSU dans l'\u00e9volution du syndicalisme. Alors, venez, participez aux d\u00e9bats, la parole est \u00e0 tous les syndiqu\u00e9s. (nous demander une convocation (...) - Congr\u00e8s D\u00e9partemental FSU 2010","og_url":"https:\/\/snuipp86.fr\/index.php\/2010\/01\/05\/congrs-dpartemental-fsu-15-et-16-janvier-2010\/","og_site_name":"FSU-SNUipp 86","article_published_time":"2010-01-05T15:08:49+00:00","og_image":[{"url":"http:\/\/snuipp86.fr\/wp-content\/spip\/IMG\/arton1928.jpg","type":"","width":"","height":""}],"author":"WP86Admin","twitter_card":"summary_large_image","twitter_misc":{"\u00c9crit par":"WP86Admin"},"schema":{"@context":"https:\/\/schema.org","@graph":[{"@type":"WebPage","@id":"https:\/\/snuipp86.fr\/index.php\/2010\/01\/05\/congrs-dpartemental-fsu-15-et-16-janvier-2010\/","url":"https:\/\/snuipp86.fr\/index.php\/2010\/01\/05\/congrs-dpartemental-fsu-15-et-16-janvier-2010\/","name":"Congr\u00e8s d\u00e9partemental FSU, 15 et 16 janvier 2010 - FSU-SNUipp 86","isPartOf":{"@id":"https:\/\/snuipp86.fr\/#website"},"primaryImageOfPage":{"@id":"https:\/\/snuipp86.fr\/index.php\/2010\/01\/05\/congrs-dpartemental-fsu-15-et-16-janvier-2010\/#primaryimage"},"image":{"@id":"https:\/\/snuipp86.fr\/index.php\/2010\/01\/05\/congrs-dpartemental-fsu-15-et-16-janvier-2010\/#primaryimage"},"thumbnailUrl":"http:\/\/snuipp86.fr\/wp-content\/spip\/IMG\/arton1928.jpg","datePublished":"2010-01-05T15:08:49+00:00","author":{"@id":"https:\/\/snuipp86.fr\/#\/schema\/person\/901b28b9ae1c7a63a6a940102e52a7a2"},"breadcrumb":{"@id":"https:\/\/snuipp86.fr\/index.php\/2010\/01\/05\/congrs-dpartemental-fsu-15-et-16-janvier-2010\/#breadcrumb"},"inLanguage":"fr-FR","potentialAction":[{"@type":"ReadAction","target":["https:\/\/snuipp86.fr\/index.php\/2010\/01\/05\/congrs-dpartemental-fsu-15-et-16-janvier-2010\/"]}]},{"@type":"ImageObject","inLanguage":"fr-FR","@id":"https:\/\/snuipp86.fr\/index.php\/2010\/01\/05\/congrs-dpartemental-fsu-15-et-16-janvier-2010\/#primaryimage","url":"http:\/\/snuipp86.fr\/wp-content\/spip\/IMG\/arton1928.jpg","contentUrl":"http:\/\/snuipp86.fr\/wp-content\/spip\/IMG\/arton1928.jpg"},{"@type":"BreadcrumbList","@id":"https:\/\/snuipp86.fr\/index.php\/2010\/01\/05\/congrs-dpartemental-fsu-15-et-16-janvier-2010\/#breadcrumb","itemListElement":[{"@type":"ListItem","position":1,"name":"Accueil","item":"https:\/\/snuipp86.fr\/"},{"@type":"ListItem","position":2,"name":"Congr\u00e8s d\u00e9partemental FSU, 15 et 16 janvier 2010"}]},{"@type":"WebSite","@id":"https:\/\/snuipp86.fr\/#website","url":"https:\/\/snuipp86.fr\/","name":"FSU-SNUipp 86","description":"Des id\u00e9es qui font l&#039;\u00e9cole","potentialAction":[{"@type":"SearchAction","target":{"@type":"EntryPoint","urlTemplate":"https:\/\/snuipp86.fr\/?s={search_term_string}"},"query-input":{"@type":"PropertyValueSpecification","valueRequired":true,"valueName":"search_term_string"}}],"inLanguage":"fr-FR"},{"@type":"Person","@id":"https:\/\/snuipp86.fr\/#\/schema\/person\/901b28b9ae1c7a63a6a940102e52a7a2","name":"WP86Admin","image":{"@type":"ImageObject","inLanguage":"fr-FR","@id":"https:\/\/snuipp86.fr\/#\/schema\/person\/image\/","url":"https:\/\/secure.gravatar.com\/avatar\/0099845c7ec05dc10d777d8ab4f5142c5ba316283821af2459738ad469a37a1a?s=96&d=mm&r=g","contentUrl":"https:\/\/secure.gravatar.com\/avatar\/0099845c7ec05dc10d777d8ab4f5142c5ba316283821af2459738ad469a37a1a?s=96&d=mm&r=g","caption":"WP86Admin"},"url":"https:\/\/snuipp86.fr\/index.php\/author\/wp86admin\/"}]}},"_links":{"self":[{"href":"https:\/\/snuipp86.fr\/index.php\/wp-json\/wp\/v2\/posts\/1659","targetHints":{"allow":["GET"]}}],"collection":[{"href":"https:\/\/snuipp86.fr\/index.php\/wp-json\/wp\/v2\/posts"}],"about":[{"href":"https:\/\/snuipp86.fr\/index.php\/wp-json\/wp\/v2\/types\/post"}],"author":[{"embeddable":true,"href":"https:\/\/snuipp86.fr\/index.php\/wp-json\/wp\/v2\/users\/1"}],"replies":[{"embeddable":true,"href":"https:\/\/snuipp86.fr\/index.php\/wp-json\/wp\/v2\/comments?post=1659"}],"version-history":[{"count":0,"href":"https:\/\/snuipp86.fr\/index.php\/wp-json\/wp\/v2\/posts\/1659\/revisions"}],"wp:attachment":[{"href":"https:\/\/snuipp86.fr\/index.php\/wp-json\/wp\/v2\/media?parent=1659"}],"wp:term":[{"taxonomy":"category","embeddable":true,"href":"https:\/\/snuipp86.fr\/index.php\/wp-json\/wp\/v2\/categories?post=1659"},{"taxonomy":"post_tag","embeddable":true,"href":"https:\/\/snuipp86.fr\/index.php\/wp-json\/wp\/v2\/tags?post=1659"}],"curies":[{"name":"wp","href":"https:\/\/api.w.org\/{rel}","templated":true}]}}