{"id":1666,"date":"2009-12-11T09:53:13","date_gmt":"2009-12-11T09:53:13","guid":{"rendered":"http:\/\/localhost\/wordpress\/2009\/12\/11\/formations-initiale-et-continue-pour-qui-sonne-le-glas\/"},"modified":"2009-12-11T09:53:13","modified_gmt":"2009-12-11T09:53:13","slug":"formations-initiale-et-continue-pour-qui-sonne-le-glas","status":"publish","type":"post","link":"https:\/\/snuipp86.fr\/index.php\/2009\/12\/11\/formations-initiale-et-continue-pour-qui-sonne-le-glas\/","title":{"rendered":"Formations initiale et continue : pour qui sonne le glas."},"content":{"rendered":"<p><img decoding=\"async\" src=\"https:\/\/snuipp86.fr\/wp-content\/spip\/IMG\/arton1923.png\" alt=\"\" align=\"right\" width=\"128\" height=\"128\" class=\"spip_logos\" \/><\/p>\n<div class='rss_texte'>\n<p class=\"spip\"><strong class=\"spip\">La mast\u00e9risation sert \u00e0 d\u00e9truire des postes d&rsquo;enseignants. Et elle se traduira par une accentuation du sentiment de d\u00e9valorisation du m\u00e9tier.<\/strong><\/p>\n<p class=\"spip\"><strong class=\"spip\"> Pensez-vous que ces propos soient ceux de mon syndicat ? Non,<\/strong> c&rsquo;est un extrait du rapport du d\u00e9put\u00e9 UMP Dominique Le M\u00e8ner, pr\u00e9sent\u00e9 \u00e0 l&rsquo;Assembl\u00e9e nationale en octobre.<\/p>\n<p class=\"spip\">Il est int\u00e9ressant de le citer car il est l&rsquo;un des chefs d&rsquo;orchestre de cette r\u00e9forme qu&rsquo;il ne tente m\u00eame pas de justifier, au contraire il ajoute : D&rsquo;autre part, le sch\u00e9ma d&#8217;emplois du projet de budget est directement issu de cette r\u00e9forme&#8230; En cons\u00e9quence, en venant s&rsquo;ajouter \u00e0 <strong class=\"spip\">la suppression de 600 emplois administratifs, cette mesure entra\u00eenera la suppression, de :<\/p>\n<p class=\"spip\">\u2013 9 182 emplois d&rsquo;enseignants stagiaires dans le 1er degr\u00e9<\/p>\n<p class=\"spip\">\u2013 6 733 emplois d&rsquo;enseignants dans le 2nd degr\u00e9 ;<\/p>\n<p class=\"spip\">\u2013 1 876 emplois de stagiaires dans l&rsquo;enseignement priv\u00e9<\/strong><\/p>\n<p class=\"spip\"> C&rsquo;est dans ce contexte qu&rsquo;aujourd&rsquo;hui nous allons \u00e9voquer la formation :<\/p>\n<p class=\"spip\">disparition de la formation initiale et distribution des miettes de la formation continue dont la principale pr\u00e9occupation sera de trouver des lieux de stages aux \u00e9tudiants.<\/p>\n<p class=\"spip\">Autant dire que nous n&rsquo;aurons pas \u00e0 nous revoir beaucoup dans les ann\u00e9es \u00e0 venir car, bien qu&rsquo;il ait \u00e9t\u00e9 dit que la r\u00e9forme de la formation des enseignants devait \u00eatre l&rsquo;occasion d&rsquo;une \u00e9volution de l&rsquo;offre de formation continue en la renfor\u00e7ant et en la rendant certifiante, force est de constater que la r\u00e9alit\u00e9 comme dans beaucoup de domaines, ne ressemble gu\u00e8re aux effets d&rsquo;annonce. Alors envisager une continuit\u00e9 de la formation est un num\u00e9ro d&rsquo;\u00e9quilibriste d\u00e8s lors qu&rsquo;on consid\u00e8re que n&rsquo;importe qui peut exercer le m\u00e9tier d&rsquo;enseignant si peu qu&rsquo;il soit motiv\u00e9 et qu&rsquo;il ait un niveau d&rsquo;\u00e9tude suffisant.<\/p>\n<p class=\"spip\">II pourrait encore \u00eatre question d&rsquo;articuler th\u00e9orie et pratique mais la formation continue qui se r\u00e9duira de fait ne pourra remplir ce r\u00f4le et ne pourra donc d\u00e9velopper la pratique r\u00e9flexive.<\/p>\n<p class=\"spip\">Il faudra donc au gr\u00e9 des changements et des caprices de ministres qui n&rsquo;y entendent rien, renouveler nos pratiques sans accompagnement. L&rsquo;alliance entre la recherche et la p\u00e9dagogie de terrain ne va pas de soi mais la formation pouvait \u00eatre un biais pour favoriser ces \u00e9changes.<br \/>\nComment aider \u00e0 construire l&rsquo;identit\u00e9 professionnelle qui prend plusieurs ann\u00e9es et qui r\u00e9clame du va et vient entre notre pratique, la recherche, et tout ce qui interpelle dans et autour de l&rsquo;\u00e9cole que ce soient les demandes institutionnelles ou la responsabilit\u00e9 du m\u00e9tier d&rsquo;enseignant dans la transformation de l&rsquo;enfant en \u00e9l\u00e8ve ? Enseigner parait donc si simple \u00e0 nos ministres, qu&rsquo;ils en m\u00e9prisent la complexit\u00e9 dont le c\u0153ur repose sur la p\u00e9dagogie.<\/p>\n<p class=\"spip\">Depuis quelques ann\u00e9es, chacun \u0153uvre pour que la formation continue offre aux enseignants plus que du disciplinaire. Nous en attendons une mise en \u0153uvre de m\u00e9thodes ou de pratiques qui am\u00e8nent l&rsquo;enfant \u00e0 construire son savoir dans des conditions suffisamment s\u00e9curisantes pour favoriser sa r\u00e9ussite et nous nous retrouvons avec des objectifs de flexibilit\u00e9 ou d&rsquo;adaptabilit\u00e9 \u00e0 l&#8217;emploi.<\/p>\n<p class=\"spip\"> Aujourd&rsquo;hui, le constat est amer : la formation continue se r\u00e9duit \u00e0 quelques maigres feuillets pour une formation \u00e9pur\u00e9e, des chiffres \u00e9tir\u00e9s,-on en viendrait \u00e0 additionner des minutes-, pour camoufler une bien triste r\u00e9alit\u00e9.<\/p>\n<p class=\"spip\">Quant aux modifications de la semaine, traduites pas une r\u00e9duction hebdomadaire d&rsquo;enseignement face aux \u00e9l\u00e8ves, ne devait elle pas augmenter la formation ? : <strong class=\"spip\">ce sont 6 heures de conf\u00e9rence en plus sans budget : c&rsquo;est-\u00e0-dire rien qui n&rsquo;aura fait regretter mon syndicat de n&rsquo;avoir pas sign\u00e9 cette superbe avanc\u00e9e qui sur le terrain s&rsquo;est traduite par une vraie reculade.<br \/>\n<\/strong><\/p>\n<p class=\"spip\">Le Conseil Europ\u00e9en sur le perfectionnement professionnel des enseignants et des chefs d&rsquo;\u00e9tablissement r\u00e9unit \u00e0 Bruxelles, le 26 novembre 2009 concluait ainsi : au vu des exigences croissantes qui leur sont impos\u00e9es et de la complexit\u00e9 grandissante de leur r\u00f4le, <strong class=\"spip\">les enseignants ont besoin tout au long de leur carri\u00e8re, et plus particuli\u00e8rement au moment de leur entr\u00e9e dans la profession, d&rsquo;un accompagnement personnel et professionnel efficace\u2026<\/strong> Dans un monde en rapide mutation, et conform\u00e9ment au principe d&rsquo;apprentissage tout au long de la vie, la formation et le perfectionnement des enseignants devraient s&rsquo;inscrire dans un continuum coh\u00e9rent\u2026.<\/p>\n<p class=\"spip\">Ce n&rsquo;est pas ce vers quoi nous allons et la formation tout au long de la vie peine aussi \u00e0 trouver sa place dans le cursus des enseignants . Comment les enseignants en poste vont-ils am\u00e9liorer leurs pratiques, acc\u00e9der au Dipl\u00f4me National de Master, \u00e9voluer dans leur carri\u00e8re et leurs fonctions voire envisager des reconversions avec des jours de formation qui disparaissent ?<\/p>\n<p class=\"spip\"><strong class=\"spip\"> La formation des enseignants va mal comme le m\u00e9tier et chacun par son silence et son immobilisme devra un jour \u00e0 d\u00e9faut d&rsquo;en \u00eatre directement responsable s&rsquo;interroger sur sa participation \u00e0 la d\u00e9gradation.<\/strong><\/p>\n<\/div>\n","protected":false},"excerpt":{"rendered":"<p>La mast\u00e9risation sert \u00e0 d\u00e9truire des postes d&rsquo;enseignants. Et elle se traduira par une accentuation du sentiment de d\u00e9valorisation du m\u00e9tier. <br \/>Pensez-vous que ces propos soient ceux de mon syndicat ? Non, c&rsquo;est un extrait du rapport du d\u00e9put\u00e9 UMP Dominique Le M\u00e8ner, pr\u00e9sent\u00e9 \u00e0 l&rsquo;Assembl\u00e9e nationale en octobre. <br \/>Il est int\u00e9ressant de le citer car il est l&rsquo;un des chefs d&rsquo;orchestre de cette r\u00e9forme qu&rsquo;il ne tente m\u00eame pas de justifier, au contraire il ajoute : (&#8230;)<br \/>\n&#8211;<br \/>\n<a href=\"http:\/\/86.snuipp.fr\/spip.php?rubrique212\" rel=\"directory\">FORMATION<\/a><br \/>\n\/<br \/>\n<a href=\"http:\/\/86.snuipp.fr\/spip.php?mot289\" rel=\"tag\">Formation<\/a><\/p>\n","protected":false},"author":1,"featured_media":0,"comment_status":"open","ping_status":"open","sticky":false,"template":"","format":"standard","meta":{"footnotes":""},"categories":[14],"tags":[],"class_list":["post-1666","post","type-post","status-publish","format-standard","hentry","category-a-la-une"],"yoast_head":"<!-- This site is optimized with the Yoast SEO plugin v26.6 - https:\/\/yoast.com\/wordpress\/plugins\/seo\/ -->\n<title>Formations initiale et continue : pour qui sonne le glas. - FSU-SNUipp 86<\/title>\n<meta name=\"robots\" content=\"index, follow, max-snippet:-1, max-image-preview:large, max-video-preview:-1\" \/>\n<link rel=\"canonical\" href=\"https:\/\/snuipp86.fr\/index.php\/2009\/12\/11\/formations-initiale-et-continue-pour-qui-sonne-le-glas\/\" \/>\n<meta property=\"og:locale\" content=\"fr_FR\" \/>\n<meta property=\"og:type\" content=\"article\" \/>\n<meta property=\"og:title\" content=\"Formations initiale et continue : pour qui sonne le glas. - FSU-SNUipp 86\" \/>\n<meta property=\"og:description\" content=\"La mast\u00e9risation sert \u00e0 d\u00e9truire des postes d&#039;enseignants. Et elle se traduira par une accentuation du sentiment de d\u00e9valorisation du m\u00e9tier. Pensez-vous que ces propos soient ceux de mon syndicat ? Non, c&#039;est un extrait du rapport du d\u00e9put\u00e9 UMP Dominique Le M\u00e8ner, pr\u00e9sent\u00e9 \u00e0 l&#039;Assembl\u00e9e nationale en octobre. Il est int\u00e9ressant de le citer car il est l&#039;un des chefs d&#039;orchestre de cette r\u00e9forme qu&#039;il ne tente m\u00eame pas de justifier, au contraire il ajoute : (...) - FORMATION \/ Formation\" \/>\n<meta property=\"og:url\" content=\"https:\/\/snuipp86.fr\/index.php\/2009\/12\/11\/formations-initiale-et-continue-pour-qui-sonne-le-glas\/\" \/>\n<meta property=\"og:site_name\" content=\"FSU-SNUipp 86\" \/>\n<meta property=\"article:published_time\" content=\"2009-12-11T09:53:13+00:00\" \/>\n<meta property=\"og:image\" content=\"http:\/\/snuipp86.fr\/wp-content\/spip\/IMG\/arton1923.png\" \/>\n<meta name=\"author\" content=\"WP86Admin\" \/>\n<meta name=\"twitter:card\" content=\"summary_large_image\" \/>\n<meta name=\"twitter:label1\" content=\"\u00c9crit par\" \/>\n\t<meta name=\"twitter:data1\" content=\"WP86Admin\" \/>\n\t<meta name=\"twitter:label2\" content=\"Dur\u00e9e de lecture estim\u00e9e\" \/>\n\t<meta name=\"twitter:data2\" content=\"4 minutes\" \/>\n<script type=\"application\/ld+json\" class=\"yoast-schema-graph\">{\"@context\":\"https:\/\/schema.org\",\"@graph\":[{\"@type\":\"WebPage\",\"@id\":\"https:\/\/snuipp86.fr\/index.php\/2009\/12\/11\/formations-initiale-et-continue-pour-qui-sonne-le-glas\/\",\"url\":\"https:\/\/snuipp86.fr\/index.php\/2009\/12\/11\/formations-initiale-et-continue-pour-qui-sonne-le-glas\/\",\"name\":\"Formations initiale et continue : pour qui sonne le glas. - FSU-SNUipp 86\",\"isPartOf\":{\"@id\":\"https:\/\/snuipp86.fr\/#website\"},\"primaryImageOfPage\":{\"@id\":\"https:\/\/snuipp86.fr\/index.php\/2009\/12\/11\/formations-initiale-et-continue-pour-qui-sonne-le-glas\/#primaryimage\"},\"image\":{\"@id\":\"https:\/\/snuipp86.fr\/index.php\/2009\/12\/11\/formations-initiale-et-continue-pour-qui-sonne-le-glas\/#primaryimage\"},\"thumbnailUrl\":\"http:\/\/snuipp86.fr\/wp-content\/spip\/IMG\/arton1923.png\",\"datePublished\":\"2009-12-11T09:53:13+00:00\",\"author\":{\"@id\":\"https:\/\/snuipp86.fr\/#\/schema\/person\/901b28b9ae1c7a63a6a940102e52a7a2\"},\"breadcrumb\":{\"@id\":\"https:\/\/snuipp86.fr\/index.php\/2009\/12\/11\/formations-initiale-et-continue-pour-qui-sonne-le-glas\/#breadcrumb\"},\"inLanguage\":\"fr-FR\",\"potentialAction\":[{\"@type\":\"ReadAction\",\"target\":[\"https:\/\/snuipp86.fr\/index.php\/2009\/12\/11\/formations-initiale-et-continue-pour-qui-sonne-le-glas\/\"]}]},{\"@type\":\"ImageObject\",\"inLanguage\":\"fr-FR\",\"@id\":\"https:\/\/snuipp86.fr\/index.php\/2009\/12\/11\/formations-initiale-et-continue-pour-qui-sonne-le-glas\/#primaryimage\",\"url\":\"http:\/\/snuipp86.fr\/wp-content\/spip\/IMG\/arton1923.png\",\"contentUrl\":\"http:\/\/snuipp86.fr\/wp-content\/spip\/IMG\/arton1923.png\"},{\"@type\":\"BreadcrumbList\",\"@id\":\"https:\/\/snuipp86.fr\/index.php\/2009\/12\/11\/formations-initiale-et-continue-pour-qui-sonne-le-glas\/#breadcrumb\",\"itemListElement\":[{\"@type\":\"ListItem\",\"position\":1,\"name\":\"Accueil\",\"item\":\"https:\/\/snuipp86.fr\/\"},{\"@type\":\"ListItem\",\"position\":2,\"name\":\"Formations initiale et continue : pour qui sonne le glas.\"}]},{\"@type\":\"WebSite\",\"@id\":\"https:\/\/snuipp86.fr\/#website\",\"url\":\"https:\/\/snuipp86.fr\/\",\"name\":\"FSU-SNUipp 86\",\"description\":\"Des id\u00e9es qui font l&#039;\u00e9cole\",\"potentialAction\":[{\"@type\":\"SearchAction\",\"target\":{\"@type\":\"EntryPoint\",\"urlTemplate\":\"https:\/\/snuipp86.fr\/?s={search_term_string}\"},\"query-input\":{\"@type\":\"PropertyValueSpecification\",\"valueRequired\":true,\"valueName\":\"search_term_string\"}}],\"inLanguage\":\"fr-FR\"},{\"@type\":\"Person\",\"@id\":\"https:\/\/snuipp86.fr\/#\/schema\/person\/901b28b9ae1c7a63a6a940102e52a7a2\",\"name\":\"WP86Admin\",\"image\":{\"@type\":\"ImageObject\",\"inLanguage\":\"fr-FR\",\"@id\":\"https:\/\/snuipp86.fr\/#\/schema\/person\/image\/\",\"url\":\"https:\/\/secure.gravatar.com\/avatar\/0099845c7ec05dc10d777d8ab4f5142c5ba316283821af2459738ad469a37a1a?s=96&d=mm&r=g\",\"contentUrl\":\"https:\/\/secure.gravatar.com\/avatar\/0099845c7ec05dc10d777d8ab4f5142c5ba316283821af2459738ad469a37a1a?s=96&d=mm&r=g\",\"caption\":\"WP86Admin\"},\"url\":\"https:\/\/snuipp86.fr\/index.php\/author\/wp86admin\/\"}]}<\/script>\n<!-- \/ Yoast SEO plugin. -->","yoast_head_json":{"title":"Formations initiale et continue : pour qui sonne le glas. - FSU-SNUipp 86","robots":{"index":"index","follow":"follow","max-snippet":"max-snippet:-1","max-image-preview":"max-image-preview:large","max-video-preview":"max-video-preview:-1"},"canonical":"https:\/\/snuipp86.fr\/index.php\/2009\/12\/11\/formations-initiale-et-continue-pour-qui-sonne-le-glas\/","og_locale":"fr_FR","og_type":"article","og_title":"Formations initiale et continue : pour qui sonne le glas. - FSU-SNUipp 86","og_description":"La mast\u00e9risation sert \u00e0 d\u00e9truire des postes d'enseignants. Et elle se traduira par une accentuation du sentiment de d\u00e9valorisation du m\u00e9tier. Pensez-vous que ces propos soient ceux de mon syndicat ? Non, c'est un extrait du rapport du d\u00e9put\u00e9 UMP Dominique Le M\u00e8ner, pr\u00e9sent\u00e9 \u00e0 l'Assembl\u00e9e nationale en octobre. Il est int\u00e9ressant de le citer car il est l'un des chefs d'orchestre de cette r\u00e9forme qu'il ne tente m\u00eame pas de justifier, au contraire il ajoute : (...) - FORMATION \/ Formation","og_url":"https:\/\/snuipp86.fr\/index.php\/2009\/12\/11\/formations-initiale-et-continue-pour-qui-sonne-le-glas\/","og_site_name":"FSU-SNUipp 86","article_published_time":"2009-12-11T09:53:13+00:00","og_image":[{"url":"http:\/\/snuipp86.fr\/wp-content\/spip\/IMG\/arton1923.png","type":"","width":"","height":""}],"author":"WP86Admin","twitter_card":"summary_large_image","twitter_misc":{"\u00c9crit par":"WP86Admin","Dur\u00e9e de lecture estim\u00e9e":"4 minutes"},"schema":{"@context":"https:\/\/schema.org","@graph":[{"@type":"WebPage","@id":"https:\/\/snuipp86.fr\/index.php\/2009\/12\/11\/formations-initiale-et-continue-pour-qui-sonne-le-glas\/","url":"https:\/\/snuipp86.fr\/index.php\/2009\/12\/11\/formations-initiale-et-continue-pour-qui-sonne-le-glas\/","name":"Formations initiale et continue : pour qui sonne le glas. - FSU-SNUipp 86","isPartOf":{"@id":"https:\/\/snuipp86.fr\/#website"},"primaryImageOfPage":{"@id":"https:\/\/snuipp86.fr\/index.php\/2009\/12\/11\/formations-initiale-et-continue-pour-qui-sonne-le-glas\/#primaryimage"},"image":{"@id":"https:\/\/snuipp86.fr\/index.php\/2009\/12\/11\/formations-initiale-et-continue-pour-qui-sonne-le-glas\/#primaryimage"},"thumbnailUrl":"http:\/\/snuipp86.fr\/wp-content\/spip\/IMG\/arton1923.png","datePublished":"2009-12-11T09:53:13+00:00","author":{"@id":"https:\/\/snuipp86.fr\/#\/schema\/person\/901b28b9ae1c7a63a6a940102e52a7a2"},"breadcrumb":{"@id":"https:\/\/snuipp86.fr\/index.php\/2009\/12\/11\/formations-initiale-et-continue-pour-qui-sonne-le-glas\/#breadcrumb"},"inLanguage":"fr-FR","potentialAction":[{"@type":"ReadAction","target":["https:\/\/snuipp86.fr\/index.php\/2009\/12\/11\/formations-initiale-et-continue-pour-qui-sonne-le-glas\/"]}]},{"@type":"ImageObject","inLanguage":"fr-FR","@id":"https:\/\/snuipp86.fr\/index.php\/2009\/12\/11\/formations-initiale-et-continue-pour-qui-sonne-le-glas\/#primaryimage","url":"http:\/\/snuipp86.fr\/wp-content\/spip\/IMG\/arton1923.png","contentUrl":"http:\/\/snuipp86.fr\/wp-content\/spip\/IMG\/arton1923.png"},{"@type":"BreadcrumbList","@id":"https:\/\/snuipp86.fr\/index.php\/2009\/12\/11\/formations-initiale-et-continue-pour-qui-sonne-le-glas\/#breadcrumb","itemListElement":[{"@type":"ListItem","position":1,"name":"Accueil","item":"https:\/\/snuipp86.fr\/"},{"@type":"ListItem","position":2,"name":"Formations initiale et continue : pour qui sonne le glas."}]},{"@type":"WebSite","@id":"https:\/\/snuipp86.fr\/#website","url":"https:\/\/snuipp86.fr\/","name":"FSU-SNUipp 86","description":"Des id\u00e9es qui font l&#039;\u00e9cole","potentialAction":[{"@type":"SearchAction","target":{"@type":"EntryPoint","urlTemplate":"https:\/\/snuipp86.fr\/?s={search_term_string}"},"query-input":{"@type":"PropertyValueSpecification","valueRequired":true,"valueName":"search_term_string"}}],"inLanguage":"fr-FR"},{"@type":"Person","@id":"https:\/\/snuipp86.fr\/#\/schema\/person\/901b28b9ae1c7a63a6a940102e52a7a2","name":"WP86Admin","image":{"@type":"ImageObject","inLanguage":"fr-FR","@id":"https:\/\/snuipp86.fr\/#\/schema\/person\/image\/","url":"https:\/\/secure.gravatar.com\/avatar\/0099845c7ec05dc10d777d8ab4f5142c5ba316283821af2459738ad469a37a1a?s=96&d=mm&r=g","contentUrl":"https:\/\/secure.gravatar.com\/avatar\/0099845c7ec05dc10d777d8ab4f5142c5ba316283821af2459738ad469a37a1a?s=96&d=mm&r=g","caption":"WP86Admin"},"url":"https:\/\/snuipp86.fr\/index.php\/author\/wp86admin\/"}]}},"_links":{"self":[{"href":"https:\/\/snuipp86.fr\/index.php\/wp-json\/wp\/v2\/posts\/1666","targetHints":{"allow":["GET"]}}],"collection":[{"href":"https:\/\/snuipp86.fr\/index.php\/wp-json\/wp\/v2\/posts"}],"about":[{"href":"https:\/\/snuipp86.fr\/index.php\/wp-json\/wp\/v2\/types\/post"}],"author":[{"embeddable":true,"href":"https:\/\/snuipp86.fr\/index.php\/wp-json\/wp\/v2\/users\/1"}],"replies":[{"embeddable":true,"href":"https:\/\/snuipp86.fr\/index.php\/wp-json\/wp\/v2\/comments?post=1666"}],"version-history":[{"count":0,"href":"https:\/\/snuipp86.fr\/index.php\/wp-json\/wp\/v2\/posts\/1666\/revisions"}],"wp:attachment":[{"href":"https:\/\/snuipp86.fr\/index.php\/wp-json\/wp\/v2\/media?parent=1666"}],"wp:term":[{"taxonomy":"category","embeddable":true,"href":"https:\/\/snuipp86.fr\/index.php\/wp-json\/wp\/v2\/categories?post=1666"},{"taxonomy":"post_tag","embeddable":true,"href":"https:\/\/snuipp86.fr\/index.php\/wp-json\/wp\/v2\/tags?post=1666"}],"curies":[{"name":"wp","href":"https:\/\/api.w.org\/{rel}","templated":true}]}}