{"id":1669,"date":"2009-11-27T14:53:55","date_gmt":"2009-11-27T14:53:55","guid":{"rendered":"http:\/\/localhost\/wordpress\/2009\/11\/27\/dvd-la-maternelle-on-apprend-en-prt\/"},"modified":"2009-11-27T14:53:55","modified_gmt":"2009-11-27T14:53:55","slug":"dvd-la-maternelle-on-apprend-en-prt","status":"publish","type":"post","link":"https:\/\/snuipp86.fr\/index.php\/2009\/11\/27\/dvd-la-maternelle-on-apprend-en-prt\/","title":{"rendered":"DVD : \u00e0 la maternelle, on apprend -> En pr\u00eat"},"content":{"rendered":"<p><img decoding=\"async\" src=\"IMG\/arton1919.jpg\" alt=\"\" align=\"right\" width=\"336\" height=\"480\" onmouseover=\"this.src='IMG\/artoff1919.jpg'\" onmouseout=\"this.src='https:\/\/snuipp86.fr\/wp-content\/spip\/IMG\/arton1919.jpg'\" class=\"spip_logos\" \/><\/p>\n<div class='rss_texte'>\n<p class=\"spip\">Le SNUIPP a r\u00e9alis\u00e9 un documentaire, en situation, d\u00e9crivant des moments de lecture , d&rsquo;\u00e9criture, de \u00ab\u00a0vivre ensemble\u00a0\u00bb \u00e0 l&rsquo;\u00e9cole maternelle.<\/p>\n<p class=\"spip\">Ce court m\u00e9trage d\u00e9montre que la maternelle est r\u00e9ellement un lieu d&rsquo;apprentissages didactiques et p\u00e9dagogiques, contrairement au discours ambiant &#8230;&#8230;.<\/p>\n<p class=\"spip\">Cette production, que nous pr\u00eatons aux \u00e9coles, peut servir de support lors de rencontres avec les parents : (ap\u00e9ro, conseil d&rsquo;\u00e9cole, r\u00e9union parents-enseignants, ect&#8230;&#8230;.).<\/p>\n<p class=\"spip\">Dur\u00e9e:14mn<br \/>\nR\u00e9alisation:SNUIPP national<\/p>\n<p class=\"spip\">Pour emprunter un exemplaire, passer \u00e0 la section ou <a href=\"http:\/\/86.snuipp.fr\/spip.php?article1904\" class=\"spip_in\">contactez-nous<\/a><\/p>\n<\/div>\n","protected":false},"excerpt":{"rendered":"<p>Le SNUIPP a r\u00e9alis\u00e9 un documentaire, en situation, d\u00e9crivant des moments de lecture , d&rsquo;\u00e9criture, de \u00ab\u00a0vivre ensemble\u00a0\u00bb \u00e0 l&rsquo;\u00e9cole maternelle. <br \/>Ce court m\u00e9trage d\u00e9montre que la maternelle est r\u00e9ellement un lieu d&rsquo;apprentissages didactiques et p\u00e9dagogiques, contrairement au discours ambiant &#8230;&#8230;. <br \/>Cette production, que nous pr\u00eatons aux \u00e9coles, peut servir de support lors de rencontres avec les parents : (ap\u00e9ro, conseil d&rsquo;\u00e9cole, r\u00e9union parents-enseignants, ect&#8230;&#8230;.). <br \/>Dur\u00e9e:14mn (&#8230;)<br \/>\n&#8211;<br \/>\n<a href=\"http:\/\/86.snuipp.fr\/spip.php?rubrique70\" rel=\"directory\">Maternelle<\/a><br \/>\n\/<br \/>\n<a href=\"http:\/\/86.snuipp.fr\/spip.php?mot261\" rel=\"tag\">imagesfixes_articles<\/a>,<br \/>\n<a href=\"http:\/\/86.snuipp.fr\/spip.php?mot262\" rel=\"tag\">imagesfixes_rubriques<\/a>,<br \/>\n<a href=\"http:\/\/86.snuipp.fr\/spip.php?mot263\" rel=\"tag\">imagesfixes_sommaire<\/a>,<br \/>\n<a href=\"http:\/\/86.snuipp.fr\/spip.php?mot264\" rel=\"tag\">images_fixe<\/a><\/p>\n","protected":false},"author":1,"featured_media":0,"comment_status":"open","ping_status":"open","sticky":false,"template":"","format":"standard","meta":{"footnotes":""},"categories":[14],"tags":[],"class_list":["post-1669","post","type-post","status-publish","format-standard","hentry","category-a-la-une"],"yoast_head":"<!-- This site is optimized with the Yoast SEO plugin v26.6 - https:\/\/yoast.com\/wordpress\/plugins\/seo\/ -->\n<title>DVD : \u00e0 la maternelle, on apprend -&gt; En pr\u00eat - FSU-SNUipp 86<\/title>\n<meta name=\"robots\" content=\"index, follow, max-snippet:-1, max-image-preview:large, max-video-preview:-1\" \/>\n<link rel=\"canonical\" href=\"https:\/\/snuipp86.fr\/index.php\/2009\/11\/27\/dvd-la-maternelle-on-apprend-en-prt\/\" \/>\n<meta property=\"og:locale\" content=\"fr_FR\" \/>\n<meta property=\"og:type\" content=\"article\" \/>\n<meta property=\"og:title\" content=\"DVD : \u00e0 la maternelle, on apprend -&gt; En pr\u00eat - FSU-SNUipp 86\" \/>\n<meta property=\"og:description\" content=\"Le SNUIPP a r\u00e9alis\u00e9 un documentaire, en situation, d\u00e9crivant des moments de lecture , d&#039;\u00e9criture, de &quot;vivre ensemble&quot; \u00e0 l&#039;\u00e9cole maternelle. Ce court m\u00e9trage d\u00e9montre que la maternelle est r\u00e9ellement un lieu d&#039;apprentissages didactiques et p\u00e9dagogiques, contrairement au discours ambiant ....... Cette production, que nous pr\u00eatons aux \u00e9coles, peut servir de support lors de rencontres avec les parents : (ap\u00e9ro, conseil d&#039;\u00e9cole, r\u00e9union parents-enseignants, ect.......). Dur\u00e9e:14mn (...) - Maternelle \/ imagesfixes_articles, imagesfixes_rubriques, imagesfixes_sommaire, images_fixe\" \/>\n<meta property=\"og:url\" content=\"https:\/\/snuipp86.fr\/index.php\/2009\/11\/27\/dvd-la-maternelle-on-apprend-en-prt\/\" \/>\n<meta property=\"og:site_name\" content=\"FSU-SNUipp 86\" \/>\n<meta property=\"article:published_time\" content=\"2009-11-27T14:53:55+00:00\" \/>\n<meta name=\"author\" content=\"WP86Admin\" \/>\n<meta name=\"twitter:card\" content=\"summary_large_image\" \/>\n<meta name=\"twitter:label1\" content=\"\u00c9crit par\" \/>\n\t<meta name=\"twitter:data1\" content=\"WP86Admin\" \/>\n<script type=\"application\/ld+json\" class=\"yoast-schema-graph\">{\"@context\":\"https:\/\/schema.org\",\"@graph\":[{\"@type\":\"WebPage\",\"@id\":\"https:\/\/snuipp86.fr\/index.php\/2009\/11\/27\/dvd-la-maternelle-on-apprend-en-prt\/\",\"url\":\"https:\/\/snuipp86.fr\/index.php\/2009\/11\/27\/dvd-la-maternelle-on-apprend-en-prt\/\",\"name\":\"DVD : \u00e0 la maternelle, on apprend -> En pr\u00eat - FSU-SNUipp 86\",\"isPartOf\":{\"@id\":\"https:\/\/snuipp86.fr\/#website\"},\"datePublished\":\"2009-11-27T14:53:55+00:00\",\"author\":{\"@id\":\"https:\/\/snuipp86.fr\/#\/schema\/person\/901b28b9ae1c7a63a6a940102e52a7a2\"},\"breadcrumb\":{\"@id\":\"https:\/\/snuipp86.fr\/index.php\/2009\/11\/27\/dvd-la-maternelle-on-apprend-en-prt\/#breadcrumb\"},\"inLanguage\":\"fr-FR\",\"potentialAction\":[{\"@type\":\"ReadAction\",\"target\":[\"https:\/\/snuipp86.fr\/index.php\/2009\/11\/27\/dvd-la-maternelle-on-apprend-en-prt\/\"]}]},{\"@type\":\"BreadcrumbList\",\"@id\":\"https:\/\/snuipp86.fr\/index.php\/2009\/11\/27\/dvd-la-maternelle-on-apprend-en-prt\/#breadcrumb\",\"itemListElement\":[{\"@type\":\"ListItem\",\"position\":1,\"name\":\"Accueil\",\"item\":\"https:\/\/snuipp86.fr\/\"},{\"@type\":\"ListItem\",\"position\":2,\"name\":\"DVD : \u00e0 la maternelle, on apprend -> En pr\u00eat\"}]},{\"@type\":\"WebSite\",\"@id\":\"https:\/\/snuipp86.fr\/#website\",\"url\":\"https:\/\/snuipp86.fr\/\",\"name\":\"FSU-SNUipp 86\",\"description\":\"Des id\u00e9es qui font l&#039;\u00e9cole\",\"potentialAction\":[{\"@type\":\"SearchAction\",\"target\":{\"@type\":\"EntryPoint\",\"urlTemplate\":\"https:\/\/snuipp86.fr\/?s={search_term_string}\"},\"query-input\":{\"@type\":\"PropertyValueSpecification\",\"valueRequired\":true,\"valueName\":\"search_term_string\"}}],\"inLanguage\":\"fr-FR\"},{\"@type\":\"Person\",\"@id\":\"https:\/\/snuipp86.fr\/#\/schema\/person\/901b28b9ae1c7a63a6a940102e52a7a2\",\"name\":\"WP86Admin\",\"image\":{\"@type\":\"ImageObject\",\"inLanguage\":\"fr-FR\",\"@id\":\"https:\/\/snuipp86.fr\/#\/schema\/person\/image\/\",\"url\":\"https:\/\/secure.gravatar.com\/avatar\/0099845c7ec05dc10d777d8ab4f5142c5ba316283821af2459738ad469a37a1a?s=96&d=mm&r=g\",\"contentUrl\":\"https:\/\/secure.gravatar.com\/avatar\/0099845c7ec05dc10d777d8ab4f5142c5ba316283821af2459738ad469a37a1a?s=96&d=mm&r=g\",\"caption\":\"WP86Admin\"},\"url\":\"https:\/\/snuipp86.fr\/index.php\/author\/wp86admin\/\"}]}<\/script>\n<!-- \/ Yoast SEO plugin. -->","yoast_head_json":{"title":"DVD : \u00e0 la maternelle, on apprend -> En pr\u00eat - FSU-SNUipp 86","robots":{"index":"index","follow":"follow","max-snippet":"max-snippet:-1","max-image-preview":"max-image-preview:large","max-video-preview":"max-video-preview:-1"},"canonical":"https:\/\/snuipp86.fr\/index.php\/2009\/11\/27\/dvd-la-maternelle-on-apprend-en-prt\/","og_locale":"fr_FR","og_type":"article","og_title":"DVD : \u00e0 la maternelle, on apprend -> En pr\u00eat - FSU-SNUipp 86","og_description":"Le SNUIPP a r\u00e9alis\u00e9 un documentaire, en situation, d\u00e9crivant des moments de lecture , d'\u00e9criture, de \"vivre ensemble\" \u00e0 l'\u00e9cole maternelle. Ce court m\u00e9trage d\u00e9montre que la maternelle est r\u00e9ellement un lieu d'apprentissages didactiques et p\u00e9dagogiques, contrairement au discours ambiant ....... Cette production, que nous pr\u00eatons aux \u00e9coles, peut servir de support lors de rencontres avec les parents : (ap\u00e9ro, conseil d'\u00e9cole, r\u00e9union parents-enseignants, ect.......). Dur\u00e9e:14mn (...) - Maternelle \/ imagesfixes_articles, imagesfixes_rubriques, imagesfixes_sommaire, images_fixe","og_url":"https:\/\/snuipp86.fr\/index.php\/2009\/11\/27\/dvd-la-maternelle-on-apprend-en-prt\/","og_site_name":"FSU-SNUipp 86","article_published_time":"2009-11-27T14:53:55+00:00","author":"WP86Admin","twitter_card":"summary_large_image","twitter_misc":{"\u00c9crit par":"WP86Admin"},"schema":{"@context":"https:\/\/schema.org","@graph":[{"@type":"WebPage","@id":"https:\/\/snuipp86.fr\/index.php\/2009\/11\/27\/dvd-la-maternelle-on-apprend-en-prt\/","url":"https:\/\/snuipp86.fr\/index.php\/2009\/11\/27\/dvd-la-maternelle-on-apprend-en-prt\/","name":"DVD : \u00e0 la maternelle, on apprend -> En pr\u00eat - FSU-SNUipp 86","isPartOf":{"@id":"https:\/\/snuipp86.fr\/#website"},"datePublished":"2009-11-27T14:53:55+00:00","author":{"@id":"https:\/\/snuipp86.fr\/#\/schema\/person\/901b28b9ae1c7a63a6a940102e52a7a2"},"breadcrumb":{"@id":"https:\/\/snuipp86.fr\/index.php\/2009\/11\/27\/dvd-la-maternelle-on-apprend-en-prt\/#breadcrumb"},"inLanguage":"fr-FR","potentialAction":[{"@type":"ReadAction","target":["https:\/\/snuipp86.fr\/index.php\/2009\/11\/27\/dvd-la-maternelle-on-apprend-en-prt\/"]}]},{"@type":"BreadcrumbList","@id":"https:\/\/snuipp86.fr\/index.php\/2009\/11\/27\/dvd-la-maternelle-on-apprend-en-prt\/#breadcrumb","itemListElement":[{"@type":"ListItem","position":1,"name":"Accueil","item":"https:\/\/snuipp86.fr\/"},{"@type":"ListItem","position":2,"name":"DVD : \u00e0 la maternelle, on apprend -> En pr\u00eat"}]},{"@type":"WebSite","@id":"https:\/\/snuipp86.fr\/#website","url":"https:\/\/snuipp86.fr\/","name":"FSU-SNUipp 86","description":"Des id\u00e9es qui font l&#039;\u00e9cole","potentialAction":[{"@type":"SearchAction","target":{"@type":"EntryPoint","urlTemplate":"https:\/\/snuipp86.fr\/?s={search_term_string}"},"query-input":{"@type":"PropertyValueSpecification","valueRequired":true,"valueName":"search_term_string"}}],"inLanguage":"fr-FR"},{"@type":"Person","@id":"https:\/\/snuipp86.fr\/#\/schema\/person\/901b28b9ae1c7a63a6a940102e52a7a2","name":"WP86Admin","image":{"@type":"ImageObject","inLanguage":"fr-FR","@id":"https:\/\/snuipp86.fr\/#\/schema\/person\/image\/","url":"https:\/\/secure.gravatar.com\/avatar\/0099845c7ec05dc10d777d8ab4f5142c5ba316283821af2459738ad469a37a1a?s=96&d=mm&r=g","contentUrl":"https:\/\/secure.gravatar.com\/avatar\/0099845c7ec05dc10d777d8ab4f5142c5ba316283821af2459738ad469a37a1a?s=96&d=mm&r=g","caption":"WP86Admin"},"url":"https:\/\/snuipp86.fr\/index.php\/author\/wp86admin\/"}]}},"_links":{"self":[{"href":"https:\/\/snuipp86.fr\/index.php\/wp-json\/wp\/v2\/posts\/1669","targetHints":{"allow":["GET"]}}],"collection":[{"href":"https:\/\/snuipp86.fr\/index.php\/wp-json\/wp\/v2\/posts"}],"about":[{"href":"https:\/\/snuipp86.fr\/index.php\/wp-json\/wp\/v2\/types\/post"}],"author":[{"embeddable":true,"href":"https:\/\/snuipp86.fr\/index.php\/wp-json\/wp\/v2\/users\/1"}],"replies":[{"embeddable":true,"href":"https:\/\/snuipp86.fr\/index.php\/wp-json\/wp\/v2\/comments?post=1669"}],"version-history":[{"count":0,"href":"https:\/\/snuipp86.fr\/index.php\/wp-json\/wp\/v2\/posts\/1669\/revisions"}],"wp:attachment":[{"href":"https:\/\/snuipp86.fr\/index.php\/wp-json\/wp\/v2\/media?parent=1669"}],"wp:term":[{"taxonomy":"category","embeddable":true,"href":"https:\/\/snuipp86.fr\/index.php\/wp-json\/wp\/v2\/categories?post=1669"},{"taxonomy":"post_tag","embeddable":true,"href":"https:\/\/snuipp86.fr\/index.php\/wp-json\/wp\/v2\/tags?post=1669"}],"curies":[{"name":"wp","href":"https:\/\/api.w.org\/{rel}","templated":true}]}}