{"id":169,"date":"2018-04-06T13:13:24","date_gmt":"2018-04-06T13:13:24","guid":{"rendered":"http:\/\/localhost\/wordpress\/2018\/04\/06\/exeat-de-la-vienne-demande-de-mutation-pour-la-rentre-2018\/"},"modified":"2018-04-06T13:13:24","modified_gmt":"2018-04-06T13:13:24","slug":"exeat-de-la-vienne-demande-de-mutation-pour-la-rentre-2018","status":"publish","type":"post","link":"https:\/\/snuipp86.fr\/index.php\/2018\/04\/06\/exeat-de-la-vienne-demande-de-mutation-pour-la-rentre-2018\/","title":{"rendered":"EXEAT de la Vienne : demande de mutation pour la rentr\u00e9e 2018"},"content":{"rendered":"<p><img decoding=\"async\" src=\"https:\/\/snuipp86.fr\/wp-content\/spip\/IMG\/arton3876.gif\" alt=\"\" align=\"right\" width=\"300\" height=\"222\" class=\"spip_logos\" \/><\/p>\n<div class='rss_texte'>\n<p class=\"spip\">La circulaire d&rsquo;EXEAT de la Vienne est sortie !<\/p>\n<p class=\"spip\">Toutes les demandes doivent \u00eatre transmises \u00e0 la direction acad\u00e9mique des services de l&rsquo;\u00e9ducation nationale (DSDEN) de la Vienne avant le <strong class=\"spip\">30 avril 2018<\/strong> qui les transmettra \u00e0 la direction des services d\u00e9partementaux de l&rsquo;\u00e9ducation nationale du d\u00e9partement sollicit\u00e9.<\/p>\n<p class=\"spip\">Faites une copie de tous vos envois au SNUIpp-FSU 86 et au SNUipp-FSU du d\u00e9partement sollicit\u00e9<\/p>\n<p class=\"spip\">Retrouvez la circulaire ci-dessous :<\/p>\n<dl class='spip_document_3302 spip_documents spip_documents_center' >\n<dt><a href=\"https:\/\/snuipp86.fr\/wp-content\/spip\/IMG\/pdf\/circulaire-exeat.pdf\" title='PDF - 1.4 Mo' type=\"application\/pdf\"><img src='https:\/\/snuipp86.fr\/wp-content\/spip\/cache-vignettes\/L52xH52\/pdf-d7486.png' width='52' height='52' alt='PDF - 1.4 Mo' style='height:52px;width:52px;' class=' format_png' \/><\/a><\/dt>\n<dt class='spip_doc_titre' style='width:120px;'><strong>circulaire-exeat<\/strong><\/dt>\n<\/dl>\n<p class=\"spip\">Le SNUipp-FSU 86 vous propose des courriers type<\/p>\n<dl class='spip_document_3306 spip_documents spip_documents_center' >\n<dt><a href=\"https:\/\/snuipp86.fr\/wp-content\/spip\/IMG\/doc\/Courrier_demande_ineat-exeat.doc\" title='Word - 27 ko' type=\"application\/msword\"><img src='https:\/\/snuipp86.fr\/wp-content\/spip\/cache-vignettes\/L52xH52\/doc-50de0.png' width='52' height='52' alt='Word - 27 ko' style='height:52px;width:52px;' class=' format_png' \/><\/a><\/dt>\n<dt class='spip_doc_titre' style='width:120px;'><strong>Courrier demande ineat-exeat<\/strong><\/dt>\n<\/dl>\n<dl class='spip_document_3300 spip_documents spip_documents_center' >\n<dt><img src='https:\/\/snuipp86.fr\/wp-content\/spip\/cache-vignettes\/L300xH277\/info-4-59ddb.jpg' width='300' height='277' alt='JPEG - 21.2 ko' style='height:277px;width:300px;' class='' \/><\/dt>\n<dt class='spip_doc_titre' style='width:300px;'><strong>info<\/strong><\/dt>\n<\/dl>\n<\/div>\n","protected":false},"excerpt":{"rendered":"<p>La circulaire d&rsquo;EXEAT de la Vienne est sortie ! <br \/>Toutes les demandes doivent \u00eatre transmises \u00e0 la direction acad\u00e9mique des services de l&rsquo;\u00e9ducation nationale (DSDEN) de la Vienne avant le 30 avril 2018 qui les transmettra \u00e0 la direction des services d\u00e9partementaux de l&rsquo;\u00e9ducation nationale du d\u00e9partement sollicit\u00e9. <br \/>Faites une copie de tous vos envois au SNUIpp-FSU 86 et au SNUipp-FSU du d\u00e9partement sollicit\u00e9 <br \/>Retrouvez la circulaire ci-dessous : <br \/>Le SNUipp-FSU 86 vous propose des courriers (&#8230;)<br \/>\n&#8211;<br \/>\n<a href=\"http:\/\/86.snuipp.fr\/spip.php?rubrique62\" rel=\"directory\">LES PERMUTATIONS<\/a><br \/>\n\/<br \/>\n<a href=\"http:\/\/86.snuipp.fr\/spip.php?mot280\" rel=\"tag\">Permutation,.Ineats, ex\u00e9ats .<\/a><\/p>\n","protected":false},"author":1,"featured_media":0,"comment_status":"open","ping_status":"open","sticky":false,"template":"","format":"standard","meta":{"footnotes":""},"categories":[14],"tags":[],"class_list":["post-169","post","type-post","status-publish","format-standard","hentry","category-a-la-une"],"yoast_head":"<!-- This site is optimized with the Yoast SEO plugin v26.6 - https:\/\/yoast.com\/wordpress\/plugins\/seo\/ -->\n<title>EXEAT de la Vienne : demande de mutation pour la rentr\u00e9e 2018 - FSU-SNUipp 86<\/title>\n<meta name=\"robots\" content=\"index, follow, max-snippet:-1, max-image-preview:large, max-video-preview:-1\" \/>\n<link rel=\"canonical\" href=\"https:\/\/snuipp86.fr\/index.php\/2018\/04\/06\/exeat-de-la-vienne-demande-de-mutation-pour-la-rentre-2018\/\" \/>\n<meta property=\"og:locale\" content=\"fr_FR\" \/>\n<meta property=\"og:type\" content=\"article\" \/>\n<meta property=\"og:title\" content=\"EXEAT de la Vienne : demande de mutation pour la rentr\u00e9e 2018 - FSU-SNUipp 86\" \/>\n<meta property=\"og:description\" content=\"La circulaire d&#039;EXEAT de la Vienne est sortie ! Toutes les demandes doivent \u00eatre transmises \u00e0 la direction acad\u00e9mique des services de l&#039;\u00e9ducation nationale (DSDEN) de la Vienne avant le 30 avril 2018 qui les transmettra \u00e0 la direction des services d\u00e9partementaux de l&#039;\u00e9ducation nationale du d\u00e9partement sollicit\u00e9. Faites une copie de tous vos envois au SNUIpp-FSU 86 et au SNUipp-FSU du d\u00e9partement sollicit\u00e9 Retrouvez la circulaire ci-dessous : Le SNUipp-FSU 86 vous propose des courriers (...) - LES PERMUTATIONS \/ Permutation,.Ineats, ex\u00e9ats .\" \/>\n<meta property=\"og:url\" content=\"https:\/\/snuipp86.fr\/index.php\/2018\/04\/06\/exeat-de-la-vienne-demande-de-mutation-pour-la-rentre-2018\/\" \/>\n<meta property=\"og:site_name\" content=\"FSU-SNUipp 86\" \/>\n<meta property=\"article:published_time\" content=\"2018-04-06T13:13:24+00:00\" \/>\n<meta property=\"og:image\" content=\"http:\/\/snuipp86.fr\/wp-content\/spip\/IMG\/arton3876.gif\" \/>\n<meta name=\"author\" content=\"WP86Admin\" \/>\n<meta name=\"twitter:card\" content=\"summary_large_image\" \/>\n<meta name=\"twitter:label1\" content=\"\u00c9crit par\" \/>\n\t<meta name=\"twitter:data1\" content=\"WP86Admin\" \/>\n<script type=\"application\/ld+json\" class=\"yoast-schema-graph\">{\"@context\":\"https:\/\/schema.org\",\"@graph\":[{\"@type\":\"WebPage\",\"@id\":\"https:\/\/snuipp86.fr\/index.php\/2018\/04\/06\/exeat-de-la-vienne-demande-de-mutation-pour-la-rentre-2018\/\",\"url\":\"https:\/\/snuipp86.fr\/index.php\/2018\/04\/06\/exeat-de-la-vienne-demande-de-mutation-pour-la-rentre-2018\/\",\"name\":\"EXEAT de la Vienne : demande de mutation pour la rentr\u00e9e 2018 - FSU-SNUipp 86\",\"isPartOf\":{\"@id\":\"https:\/\/snuipp86.fr\/#website\"},\"primaryImageOfPage\":{\"@id\":\"https:\/\/snuipp86.fr\/index.php\/2018\/04\/06\/exeat-de-la-vienne-demande-de-mutation-pour-la-rentre-2018\/#primaryimage\"},\"image\":{\"@id\":\"https:\/\/snuipp86.fr\/index.php\/2018\/04\/06\/exeat-de-la-vienne-demande-de-mutation-pour-la-rentre-2018\/#primaryimage\"},\"thumbnailUrl\":\"http:\/\/snuipp86.fr\/wp-content\/spip\/IMG\/arton3876.gif\",\"datePublished\":\"2018-04-06T13:13:24+00:00\",\"author\":{\"@id\":\"https:\/\/snuipp86.fr\/#\/schema\/person\/901b28b9ae1c7a63a6a940102e52a7a2\"},\"breadcrumb\":{\"@id\":\"https:\/\/snuipp86.fr\/index.php\/2018\/04\/06\/exeat-de-la-vienne-demande-de-mutation-pour-la-rentre-2018\/#breadcrumb\"},\"inLanguage\":\"fr-FR\",\"potentialAction\":[{\"@type\":\"ReadAction\",\"target\":[\"https:\/\/snuipp86.fr\/index.php\/2018\/04\/06\/exeat-de-la-vienne-demande-de-mutation-pour-la-rentre-2018\/\"]}]},{\"@type\":\"ImageObject\",\"inLanguage\":\"fr-FR\",\"@id\":\"https:\/\/snuipp86.fr\/index.php\/2018\/04\/06\/exeat-de-la-vienne-demande-de-mutation-pour-la-rentre-2018\/#primaryimage\",\"url\":\"http:\/\/snuipp86.fr\/wp-content\/spip\/IMG\/arton3876.gif\",\"contentUrl\":\"http:\/\/snuipp86.fr\/wp-content\/spip\/IMG\/arton3876.gif\"},{\"@type\":\"BreadcrumbList\",\"@id\":\"https:\/\/snuipp86.fr\/index.php\/2018\/04\/06\/exeat-de-la-vienne-demande-de-mutation-pour-la-rentre-2018\/#breadcrumb\",\"itemListElement\":[{\"@type\":\"ListItem\",\"position\":1,\"name\":\"Accueil\",\"item\":\"https:\/\/snuipp86.fr\/\"},{\"@type\":\"ListItem\",\"position\":2,\"name\":\"EXEAT de la Vienne : demande de mutation pour la rentr\u00e9e 2018\"}]},{\"@type\":\"WebSite\",\"@id\":\"https:\/\/snuipp86.fr\/#website\",\"url\":\"https:\/\/snuipp86.fr\/\",\"name\":\"FSU-SNUipp 86\",\"description\":\"Des id\u00e9es qui font l&#039;\u00e9cole\",\"potentialAction\":[{\"@type\":\"SearchAction\",\"target\":{\"@type\":\"EntryPoint\",\"urlTemplate\":\"https:\/\/snuipp86.fr\/?s={search_term_string}\"},\"query-input\":{\"@type\":\"PropertyValueSpecification\",\"valueRequired\":true,\"valueName\":\"search_term_string\"}}],\"inLanguage\":\"fr-FR\"},{\"@type\":\"Person\",\"@id\":\"https:\/\/snuipp86.fr\/#\/schema\/person\/901b28b9ae1c7a63a6a940102e52a7a2\",\"name\":\"WP86Admin\",\"image\":{\"@type\":\"ImageObject\",\"inLanguage\":\"fr-FR\",\"@id\":\"https:\/\/snuipp86.fr\/#\/schema\/person\/image\/\",\"url\":\"https:\/\/secure.gravatar.com\/avatar\/0099845c7ec05dc10d777d8ab4f5142c5ba316283821af2459738ad469a37a1a?s=96&d=mm&r=g\",\"contentUrl\":\"https:\/\/secure.gravatar.com\/avatar\/0099845c7ec05dc10d777d8ab4f5142c5ba316283821af2459738ad469a37a1a?s=96&d=mm&r=g\",\"caption\":\"WP86Admin\"},\"url\":\"https:\/\/snuipp86.fr\/index.php\/author\/wp86admin\/\"}]}<\/script>\n<!-- \/ Yoast SEO plugin. -->","yoast_head_json":{"title":"EXEAT de la Vienne : demande de mutation pour la rentr\u00e9e 2018 - FSU-SNUipp 86","robots":{"index":"index","follow":"follow","max-snippet":"max-snippet:-1","max-image-preview":"max-image-preview:large","max-video-preview":"max-video-preview:-1"},"canonical":"https:\/\/snuipp86.fr\/index.php\/2018\/04\/06\/exeat-de-la-vienne-demande-de-mutation-pour-la-rentre-2018\/","og_locale":"fr_FR","og_type":"article","og_title":"EXEAT de la Vienne : demande de mutation pour la rentr\u00e9e 2018 - FSU-SNUipp 86","og_description":"La circulaire d'EXEAT de la Vienne est sortie ! Toutes les demandes doivent \u00eatre transmises \u00e0 la direction acad\u00e9mique des services de l'\u00e9ducation nationale (DSDEN) de la Vienne avant le 30 avril 2018 qui les transmettra \u00e0 la direction des services d\u00e9partementaux de l'\u00e9ducation nationale du d\u00e9partement sollicit\u00e9. Faites une copie de tous vos envois au SNUIpp-FSU 86 et au SNUipp-FSU du d\u00e9partement sollicit\u00e9 Retrouvez la circulaire ci-dessous : Le SNUipp-FSU 86 vous propose des courriers (...) - LES PERMUTATIONS \/ Permutation,.Ineats, ex\u00e9ats .","og_url":"https:\/\/snuipp86.fr\/index.php\/2018\/04\/06\/exeat-de-la-vienne-demande-de-mutation-pour-la-rentre-2018\/","og_site_name":"FSU-SNUipp 86","article_published_time":"2018-04-06T13:13:24+00:00","og_image":[{"url":"http:\/\/snuipp86.fr\/wp-content\/spip\/IMG\/arton3876.gif","type":"","width":"","height":""}],"author":"WP86Admin","twitter_card":"summary_large_image","twitter_misc":{"\u00c9crit par":"WP86Admin"},"schema":{"@context":"https:\/\/schema.org","@graph":[{"@type":"WebPage","@id":"https:\/\/snuipp86.fr\/index.php\/2018\/04\/06\/exeat-de-la-vienne-demande-de-mutation-pour-la-rentre-2018\/","url":"https:\/\/snuipp86.fr\/index.php\/2018\/04\/06\/exeat-de-la-vienne-demande-de-mutation-pour-la-rentre-2018\/","name":"EXEAT de la Vienne : demande de mutation pour la rentr\u00e9e 2018 - FSU-SNUipp 86","isPartOf":{"@id":"https:\/\/snuipp86.fr\/#website"},"primaryImageOfPage":{"@id":"https:\/\/snuipp86.fr\/index.php\/2018\/04\/06\/exeat-de-la-vienne-demande-de-mutation-pour-la-rentre-2018\/#primaryimage"},"image":{"@id":"https:\/\/snuipp86.fr\/index.php\/2018\/04\/06\/exeat-de-la-vienne-demande-de-mutation-pour-la-rentre-2018\/#primaryimage"},"thumbnailUrl":"http:\/\/snuipp86.fr\/wp-content\/spip\/IMG\/arton3876.gif","datePublished":"2018-04-06T13:13:24+00:00","author":{"@id":"https:\/\/snuipp86.fr\/#\/schema\/person\/901b28b9ae1c7a63a6a940102e52a7a2"},"breadcrumb":{"@id":"https:\/\/snuipp86.fr\/index.php\/2018\/04\/06\/exeat-de-la-vienne-demande-de-mutation-pour-la-rentre-2018\/#breadcrumb"},"inLanguage":"fr-FR","potentialAction":[{"@type":"ReadAction","target":["https:\/\/snuipp86.fr\/index.php\/2018\/04\/06\/exeat-de-la-vienne-demande-de-mutation-pour-la-rentre-2018\/"]}]},{"@type":"ImageObject","inLanguage":"fr-FR","@id":"https:\/\/snuipp86.fr\/index.php\/2018\/04\/06\/exeat-de-la-vienne-demande-de-mutation-pour-la-rentre-2018\/#primaryimage","url":"http:\/\/snuipp86.fr\/wp-content\/spip\/IMG\/arton3876.gif","contentUrl":"http:\/\/snuipp86.fr\/wp-content\/spip\/IMG\/arton3876.gif"},{"@type":"BreadcrumbList","@id":"https:\/\/snuipp86.fr\/index.php\/2018\/04\/06\/exeat-de-la-vienne-demande-de-mutation-pour-la-rentre-2018\/#breadcrumb","itemListElement":[{"@type":"ListItem","position":1,"name":"Accueil","item":"https:\/\/snuipp86.fr\/"},{"@type":"ListItem","position":2,"name":"EXEAT de la Vienne : demande de mutation pour la rentr\u00e9e 2018"}]},{"@type":"WebSite","@id":"https:\/\/snuipp86.fr\/#website","url":"https:\/\/snuipp86.fr\/","name":"FSU-SNUipp 86","description":"Des id\u00e9es qui font l&#039;\u00e9cole","potentialAction":[{"@type":"SearchAction","target":{"@type":"EntryPoint","urlTemplate":"https:\/\/snuipp86.fr\/?s={search_term_string}"},"query-input":{"@type":"PropertyValueSpecification","valueRequired":true,"valueName":"search_term_string"}}],"inLanguage":"fr-FR"},{"@type":"Person","@id":"https:\/\/snuipp86.fr\/#\/schema\/person\/901b28b9ae1c7a63a6a940102e52a7a2","name":"WP86Admin","image":{"@type":"ImageObject","inLanguage":"fr-FR","@id":"https:\/\/snuipp86.fr\/#\/schema\/person\/image\/","url":"https:\/\/secure.gravatar.com\/avatar\/0099845c7ec05dc10d777d8ab4f5142c5ba316283821af2459738ad469a37a1a?s=96&d=mm&r=g","contentUrl":"https:\/\/secure.gravatar.com\/avatar\/0099845c7ec05dc10d777d8ab4f5142c5ba316283821af2459738ad469a37a1a?s=96&d=mm&r=g","caption":"WP86Admin"},"url":"https:\/\/snuipp86.fr\/index.php\/author\/wp86admin\/"}]}},"_links":{"self":[{"href":"https:\/\/snuipp86.fr\/index.php\/wp-json\/wp\/v2\/posts\/169","targetHints":{"allow":["GET"]}}],"collection":[{"href":"https:\/\/snuipp86.fr\/index.php\/wp-json\/wp\/v2\/posts"}],"about":[{"href":"https:\/\/snuipp86.fr\/index.php\/wp-json\/wp\/v2\/types\/post"}],"author":[{"embeddable":true,"href":"https:\/\/snuipp86.fr\/index.php\/wp-json\/wp\/v2\/users\/1"}],"replies":[{"embeddable":true,"href":"https:\/\/snuipp86.fr\/index.php\/wp-json\/wp\/v2\/comments?post=169"}],"version-history":[{"count":0,"href":"https:\/\/snuipp86.fr\/index.php\/wp-json\/wp\/v2\/posts\/169\/revisions"}],"wp:attachment":[{"href":"https:\/\/snuipp86.fr\/index.php\/wp-json\/wp\/v2\/media?parent=169"}],"wp:term":[{"taxonomy":"category","embeddable":true,"href":"https:\/\/snuipp86.fr\/index.php\/wp-json\/wp\/v2\/categories?post=169"},{"taxonomy":"post_tag","embeddable":true,"href":"https:\/\/snuipp86.fr\/index.php\/wp-json\/wp\/v2\/tags?post=169"}],"curies":[{"name":"wp","href":"https:\/\/api.w.org\/{rel}","templated":true}]}}