{"id":1743,"date":"2009-05-31T06:26:00","date_gmt":"2009-05-31T06:26:00","guid":{"rendered":"http:\/\/localhost\/wordpress\/2009\/05\/31\/compte-rendu-de-la-capd-du-8-juin-2009\/"},"modified":"2009-05-31T06:26:00","modified_gmt":"2009-05-31T06:26:00","slug":"compte-rendu-de-la-capd-du-8-juin-2009","status":"publish","type":"post","link":"https:\/\/snuipp86.fr\/index.php\/2009\/05\/31\/compte-rendu-de-la-capd-du-8-juin-2009\/","title":{"rendered":"Compte-rendu de la CAPD du 8 juin 2009 &#8211;"},"content":{"rendered":"<div class='rss_texte'>\n<p class=\"spip\">Compte rendu CAPD du 8 juin 2009<\/p>\n<p class=\"spip\">(prochaine CAPD le 26 juin)<\/p>\n<p class=\"spip\">Note d&rsquo;ambiance :<\/p>\n<p class=\"spip\">Nous nous attendions \u00e0 une CAPD difficile mais c&rsquo;\u00e9tait un euph\u00e9misme !<\/p>\n<p class=\"spip\">D\u00e8s 9h30, l&rsquo;IA suspendait la s\u00e9ance.<\/p>\n<p class=\"spip\">Malgr\u00e9 notre demande commune avec le SE, l&rsquo;IA a refus\u00e9 d&rsquo;organiser une deuxi\u00e8me phase de mouvement avec la possibilit\u00e9 pour les coll\u00e8gues de faire des v\u0153ux.<\/p>\n<p class=\"spip\">Son ma\u00eetre mot est : ob\u00e9issance aveugle et absolue aux \u00ab ordres \u00bb minist\u00e9riels.<\/p>\n<p class=\"spip\">Elle en a litt\u00e9ralement \u00ab martel\u00e9 \u00bb la CAPD malgr\u00e9 \u00e0 l&rsquo;\u00e9vidence une impossibilit\u00e9 de nommer tous les coll\u00e8gues.<\/p>\n<p class=\"spip\">Nous avons rappel\u00e9 que le \u00ab changement \u00bb du mouvement devait conduire \u00e0 un maximum de nominations et \u00e0 une stabilit\u00e9 des \u00e9quipes d&rsquo;\u00e9cole et que nombre d&rsquo;IA de France ont fait le constat objectif que cela n&rsquo;\u00e9tait pas possible et ont donc organis\u00e9 un deuxi\u00e8me mouvement.<\/p>\n<p class=\"spip\">Pourquoi une telle obstination de notre IA ? Pourquoi un tel aveuglement devant pourtant une r\u00e9alit\u00e9 bien visible ? Comme pour la carte scolaire, l&rsquo;IA n&rsquo;entend rien, ne veut rien entendre et poursuit, au d\u00e9triment du fonctionnement des \u00e9coles, du droit des personnels, son acharnement \u00e0 d\u00e9truire tout ce qui fonctionnait bien.<\/p>\n<p class=\"spip\">Le SNUipp n&rsquo;en restera pas l\u00e0 et continuera \u00e0 d\u00e9fendre d&rsquo;arrache-pied les r\u00e8gles de nomination.<\/p>\n<p class=\"spip\">Hors Classe :<\/p>\n<p class=\"spip\">Le nombre de promotions n&rsquo;est toujours pas connu : pourtant il a des incidences sur le mouvement. Des coll\u00e8gues obtenant la hors classe peuvent annuler leur d\u00e9part en retraite pour b\u00e9n\u00e9ficier de cette promotion pour leur pension.<\/p>\n<p class=\"spip\">Nous avons donc demand\u00e9 et obtenu que la liste des promouvables \u00ab potentiels \u00bb soit faite et que les coll\u00e8gues concern\u00e9s soient appel\u00e9s.<\/p>\n<p class=\"spip\">D\u00e8s 9h30 nous \u00e9tions donc en attente de ces r\u00e9sultats pour commencer le travail du mouvement. Les nominations sur les postes de ces coll\u00e8gues (2) ont \u00e9t\u00e9 \u00ab gel\u00e9es \u00bb pour laisser le temps de r\u00e9flexion aux 2 coll\u00e8gues concern\u00e9s.<\/p>\n<p class=\"spip\">Nominations sur postes \u00e0 Profil :<\/p>\n<p class=\"spip\">\u00bd TUICE Mirebeau et \u00bd Coordinateur ZEP \u00e0 Poitiers : l&rsquo;IA a refus\u00e9 \u00e0 2 coll\u00e8gues, ayant pourtant eu des avis tr\u00e8s favorables, la nomination sur ces demi postes au pr\u00e9texte qu&rsquo;ils sont d\u00e9j\u00e0 directeurs. Pour l&rsquo;IA il est incompatible d&rsquo;\u00eatre directeur \u00e0 mi-temps. Le SNUipp qui d\u00e9j\u00e0 avait protest\u00e9 contre cette restriction concernant les coll\u00e8gues \u00e0 mi-temps, a rappel\u00e9 que ces coll\u00e8gues directeurs n&rsquo;\u00e9taient pas \u00e0 temps partiel, et de surcro\u00eet cette restriction n&rsquo;\u00e9tait pas dans la circulaire administrative.<\/p>\n<p class=\"spip\">Les repr\u00e9sentants des personnels ont vivement protest\u00e9 et condamn\u00e9 cette nouvelle r\u00e8gle.<\/p>\n<p class=\"spip\">0.5 TUICE Mirebeau : Louarn St\u00e9phane<\/p>\n<p class=\"spip\">0.50 TUICE Chauvigny : vacant<\/p>\n<p class=\"spip\">0.50 TUICE Loudun : vacant<\/p>\n<p class=\"spip\">Nominations prioritaires :<\/p>\n<p class=\"spip\">Le SNUipp est attach\u00e9 \u00e0 la d\u00e9fense du droit du personnel dans l&rsquo;int\u00e9r\u00eat g\u00e9n\u00e9ral.<\/p>\n<p class=\"spip\">C&rsquo;est pourquoi, le SNUipp n&rsquo;est pas favorable \u00e0 une r\u00e8gle d\u00e9finitive qui conduirait \u00e0 nommer syst\u00e9matiquement les coll\u00e8gues, en situation particuli\u00e8re, sur leur 1er v\u0153u.<\/p>\n<p class=\"spip\">Il demande que toute situation soit \u00e9tudi\u00e9e lors de la commission paritaire.<\/p>\n<p class=\"spip\">Les coll\u00e8gues ayant une reconnaissance de travailleur handicap\u00e9 (MDPH) ou pour l&rsquo;un de leur ascendants (conjoint, enfant) ayant une situation invalidante (maladie grave\u2026) ou des difficult\u00e9s graves doivent b\u00e9n\u00e9ficier d&rsquo;une priorit\u00e9 de nomination.<\/p>\n<p class=\"spip\">Le SNUipp a propos\u00e9 \u00e0 l&rsquo;administration que soit \u00e9tudi\u00e9e, en amont de la publication des postes vacants, la possibilit\u00e9 d&rsquo;une r\u00e9serve (qui ne seraient donc pas publi\u00e9e) de postes vacants pour ces coll\u00e8gues.<\/p>\n<p class=\"spip\">La nomination \u00e0 titre d\u00e9finitif dans ce cas pourrait s&rsquo;envisager.<\/p>\n<p class=\"spip\">Pour ce mouvement-ci quelques coll\u00e8gues vont \u00ab b\u00e9n\u00e9ficier \u00bb de cette priorit\u00e9 de nomination sur leur premier v\u0153u.<\/p>\n<p class=\"spip\">Le SNUipp souhaite, comme dit express\u00e9ment en groupe de travail, que les nominations se fassent dans le respect des v\u0153ux de tous et en tenant compte de la situation particuli\u00e8re des coll\u00e8gues.<\/p>\n<p class=\"spip\">Nominations par Priorit\u00e9 d&rsquo;Affectation : Aucune nomination n&rsquo;a \u00e9t\u00e9 prononc\u00e9e.<\/p>\n<p class=\"spip\">Premi\u00e8re v\u00e9rit\u00e9 : A l&rsquo;issue du mouvement, il n&rsquo;y a pas assez de postes entiers pour nommer tous les PE2 sortants.<\/p>\n<p class=\"spip\">Pire, l&rsquo;IA a remis en cause toutes les priorit\u00e9s d&rsquo;affectation que ce soit sur les postes entiers ou sur les compl\u00e9ments de temps partiels, la seule chose qui lui importait \u00e9tait de trouver des postes en nombre suffisant pour nommer les PE2.<\/p>\n<p class=\"spip\">Le SNUipp avait travaill\u00e9 sur les associations des postes fractionn\u00e9s (d\u00e9charge de direction et temps partiels) dans le souci de redonner un maximum de priorit\u00e9s d&rsquo;affection afin de permettre la stabilit\u00e9 des \u00e9quipes d&rsquo;\u00e9coles. Visiblement seuls les repr\u00e9sentants du SNUipp avaient fait ce travail et surtout dans cet objectif.<\/p>\n<p class=\"spip\">Le SNUipp a d\u00e9fendu \u00e9galement les PA sur les postes entiers, c&rsquo;est d&rsquo;autant plus faisable qu&rsquo;apr\u00e8s les nominations, cela concernerait environ une dizaine de coll\u00e8gues.<\/p>\n<p class=\"spip\">Les IEN sont \u00e9galement intervenus pour notamment insister sur le caract\u00e8re difficile de certains postes mais ils n&rsquo;ont pas \u00e9t\u00e9 plus entendus.<\/p>\n<p class=\"spip\">L&rsquo;IA a pris en note toutes nos demandes mais n&rsquo;a rien voulu acter \u00e0 cette CAPD, obnubil\u00e9e par son souci de nommer \u00e0 tout prix les PE2 sortants.<\/p>\n<p class=\"spip\">Elle envisage de demander aux coll\u00e8gues \u00e0 temps partiels titulaires de postes dans une m\u00eame \u00e9cole de se porter \u00ab volontaire \u00bb pour compl\u00e9ter des coll\u00e8gues eux-m\u00eames \u00e0 temps partiels pour lib\u00e9rer un poste entier pour un PE2 !!!!<\/p>\n<p class=\"spip\">Tous les proc\u00e9d\u00e9s sont bons pour trouver des postes aux PE2 sortants.<\/p>\n<p class=\"spip\">Les repr\u00e9sentants des personnels ont unanimement contest\u00e9 ce proc\u00e9d\u00e9.<\/p>\n<p class=\"spip\">Nous soutiendrons tous les coll\u00e8gues qui subiraient des pressions de l&rsquo;administration.<\/p>\n<p class=\"spip\">Suite :<\/p>\n<p class=\"spip\">Un nouveau groupe de travail aura lieu le 19 juin, date bien tardive. Sans nul doute c&rsquo;est pour laisser le temps aux IEN de \u00ab convaincre \u00bb des coll\u00e8gues (\u00e0 temps partiels) de laisser leurs postes !\u2026.<\/p>\n<p class=\"spip\">ATTENTION : L&rsquo;administration ne peut pas imposer \u00e0 un coll\u00e8gue titulaire, m\u00eame \u00e0 temps partiel, de quitter son poste m\u00eame pour une ann\u00e9e.<\/p>\n<p class=\"spip\">N&rsquo;h\u00e9sitez \u00e0 nous contacter.<\/p>\n<p class=\"spip\">Nomination des PE2 sortants :<\/p>\n<p class=\"spip\">Apr\u00e8s le constat du nombre insuffisant de postes entiers apr\u00e8s le mouvement, l&rsquo;IA a laiss\u00e9 entendre que l&rsquo;ann\u00e9e prochaine des postes seraient r\u00e9serv\u00e9s aux PE2 sortants avant le mouvement. Nous d\u00e9non\u00e7ons ce proc\u00e9d\u00e9 (que nous avons r\u00e9ussi \u00e0 \u00e9viter cette ann\u00e9e) car ce serait pas moins de 40 postes enlev\u00e9s \u00e0 l&rsquo;offre du mouvement 2010 aux titulaires.<\/p>\n<p class=\"spip\">Les repr\u00e9sentants des personnels du SNUipp\/FSU :<\/p>\n<p class=\"spip\">St\u00e9phanie Barrau-Hiron, Herv\u00e9 Bernard, Muriel Coirier, Fr\u00e9d\u00e9rique Delage, C\u00e9line Delsuc, Pascale Desplebains, Catherine Flachat Berne, Fabienne La\u00een\u00e9, Myriam Lieby, Mathieu Menaut<\/p>\n<\/div>\n","protected":false},"excerpt":{"rendered":"<p>Compte rendu CAPD du 8 juin 2009 <br \/>(prochaine CAPD le 26 juin) <br \/>Note d&rsquo;ambiance : <br \/>Nous nous attendions \u00e0 une CAPD difficile mais c&rsquo;\u00e9tait un euph\u00e9misme ! <br \/>D\u00e8s 9h30, l&rsquo;IA suspendait la s\u00e9ance. <br \/>Malgr\u00e9 notre demande commune avec le SE, l&rsquo;IA a refus\u00e9 d&rsquo;organiser une deuxi\u00e8me phase de mouvement avec la possibilit\u00e9 pour les coll\u00e8gues de faire des v\u0153ux. <br \/>Son ma\u00eetre mot est : ob\u00e9issance aveugle et absolue aux \u00ab ordres \u00bb minist\u00e9riels. <br \/>Elle en a litt\u00e9ralement \u00ab martel\u00e9 \u00bb la CAPD malgr\u00e9 \u00e0 (&#8230;)<br \/>\n&#8211;<br \/>\n<a href=\"http:\/\/86.snuipp.fr\/spip.php?rubrique79\" rel=\"directory\">CAPD : Compte-Rendu et D\u00e9clarations du SNUipp<\/a><\/p>\n","protected":false},"author":1,"featured_media":0,"comment_status":"open","ping_status":"open","sticky":false,"template":"","format":"standard","meta":{"footnotes":""},"categories":[14],"tags":[],"class_list":["post-1743","post","type-post","status-publish","format-standard","hentry","category-a-la-une"],"yoast_head":"<!-- This site is optimized with the Yoast SEO plugin v26.6 - https:\/\/yoast.com\/wordpress\/plugins\/seo\/ -->\n<title>Compte-rendu de la CAPD du 8 juin 2009 - FSU-SNUipp 86<\/title>\n<meta name=\"robots\" content=\"index, follow, max-snippet:-1, max-image-preview:large, max-video-preview:-1\" \/>\n<link rel=\"canonical\" href=\"https:\/\/snuipp86.fr\/index.php\/2009\/05\/31\/compte-rendu-de-la-capd-du-8-juin-2009\/\" \/>\n<meta property=\"og:locale\" content=\"fr_FR\" \/>\n<meta property=\"og:type\" content=\"article\" \/>\n<meta property=\"og:title\" content=\"Compte-rendu de la CAPD du 8 juin 2009 - FSU-SNUipp 86\" \/>\n<meta property=\"og:description\" content=\"Compte rendu CAPD du 8 juin 2009 (prochaine CAPD le 26 juin) Note d&#039;ambiance : Nous nous attendions \u00e0 une CAPD difficile mais c&#039;\u00e9tait un euph\u00e9misme ! D\u00e8s 9h30, l&#039;IA suspendait la s\u00e9ance. Malgr\u00e9 notre demande commune avec le SE, l&#039;IA a refus\u00e9 d&#039;organiser une deuxi\u00e8me phase de mouvement avec la possibilit\u00e9 pour les coll\u00e8gues de faire des v\u0153ux. Son ma\u00eetre mot est : ob\u00e9issance aveugle et absolue aux \u00ab ordres \u00bb minist\u00e9riels. Elle en a litt\u00e9ralement \u00ab martel\u00e9 \u00bb la CAPD malgr\u00e9 \u00e0 (...) - CAPD : Compte-Rendu et D\u00e9clarations du SNUipp\" \/>\n<meta property=\"og:url\" content=\"https:\/\/snuipp86.fr\/index.php\/2009\/05\/31\/compte-rendu-de-la-capd-du-8-juin-2009\/\" \/>\n<meta property=\"og:site_name\" content=\"FSU-SNUipp 86\" \/>\n<meta property=\"article:published_time\" content=\"2009-05-31T06:26:00+00:00\" \/>\n<meta name=\"author\" content=\"WP86Admin\" \/>\n<meta name=\"twitter:card\" content=\"summary_large_image\" \/>\n<meta name=\"twitter:label1\" content=\"\u00c9crit par\" \/>\n\t<meta name=\"twitter:data1\" content=\"WP86Admin\" \/>\n\t<meta name=\"twitter:label2\" content=\"Dur\u00e9e de lecture estim\u00e9e\" \/>\n\t<meta name=\"twitter:data2\" content=\"5 minutes\" \/>\n<script type=\"application\/ld+json\" class=\"yoast-schema-graph\">{\"@context\":\"https:\/\/schema.org\",\"@graph\":[{\"@type\":\"WebPage\",\"@id\":\"https:\/\/snuipp86.fr\/index.php\/2009\/05\/31\/compte-rendu-de-la-capd-du-8-juin-2009\/\",\"url\":\"https:\/\/snuipp86.fr\/index.php\/2009\/05\/31\/compte-rendu-de-la-capd-du-8-juin-2009\/\",\"name\":\"Compte-rendu de la CAPD du 8 juin 2009 - FSU-SNUipp 86\",\"isPartOf\":{\"@id\":\"https:\/\/snuipp86.fr\/#website\"},\"datePublished\":\"2009-05-31T06:26:00+00:00\",\"author\":{\"@id\":\"https:\/\/snuipp86.fr\/#\/schema\/person\/901b28b9ae1c7a63a6a940102e52a7a2\"},\"breadcrumb\":{\"@id\":\"https:\/\/snuipp86.fr\/index.php\/2009\/05\/31\/compte-rendu-de-la-capd-du-8-juin-2009\/#breadcrumb\"},\"inLanguage\":\"fr-FR\",\"potentialAction\":[{\"@type\":\"ReadAction\",\"target\":[\"https:\/\/snuipp86.fr\/index.php\/2009\/05\/31\/compte-rendu-de-la-capd-du-8-juin-2009\/\"]}]},{\"@type\":\"BreadcrumbList\",\"@id\":\"https:\/\/snuipp86.fr\/index.php\/2009\/05\/31\/compte-rendu-de-la-capd-du-8-juin-2009\/#breadcrumb\",\"itemListElement\":[{\"@type\":\"ListItem\",\"position\":1,\"name\":\"Accueil\",\"item\":\"https:\/\/snuipp86.fr\/\"},{\"@type\":\"ListItem\",\"position\":2,\"name\":\"Compte-rendu de la CAPD du 8 juin 2009 &#8211;\"}]},{\"@type\":\"WebSite\",\"@id\":\"https:\/\/snuipp86.fr\/#website\",\"url\":\"https:\/\/snuipp86.fr\/\",\"name\":\"FSU-SNUipp 86\",\"description\":\"Des id\u00e9es qui font l&#039;\u00e9cole\",\"potentialAction\":[{\"@type\":\"SearchAction\",\"target\":{\"@type\":\"EntryPoint\",\"urlTemplate\":\"https:\/\/snuipp86.fr\/?s={search_term_string}\"},\"query-input\":{\"@type\":\"PropertyValueSpecification\",\"valueRequired\":true,\"valueName\":\"search_term_string\"}}],\"inLanguage\":\"fr-FR\"},{\"@type\":\"Person\",\"@id\":\"https:\/\/snuipp86.fr\/#\/schema\/person\/901b28b9ae1c7a63a6a940102e52a7a2\",\"name\":\"WP86Admin\",\"image\":{\"@type\":\"ImageObject\",\"inLanguage\":\"fr-FR\",\"@id\":\"https:\/\/snuipp86.fr\/#\/schema\/person\/image\/\",\"url\":\"https:\/\/secure.gravatar.com\/avatar\/0099845c7ec05dc10d777d8ab4f5142c5ba316283821af2459738ad469a37a1a?s=96&d=mm&r=g\",\"contentUrl\":\"https:\/\/secure.gravatar.com\/avatar\/0099845c7ec05dc10d777d8ab4f5142c5ba316283821af2459738ad469a37a1a?s=96&d=mm&r=g\",\"caption\":\"WP86Admin\"},\"url\":\"https:\/\/snuipp86.fr\/index.php\/author\/wp86admin\/\"}]}<\/script>\n<!-- \/ Yoast SEO plugin. -->","yoast_head_json":{"title":"Compte-rendu de la CAPD du 8 juin 2009 - FSU-SNUipp 86","robots":{"index":"index","follow":"follow","max-snippet":"max-snippet:-1","max-image-preview":"max-image-preview:large","max-video-preview":"max-video-preview:-1"},"canonical":"https:\/\/snuipp86.fr\/index.php\/2009\/05\/31\/compte-rendu-de-la-capd-du-8-juin-2009\/","og_locale":"fr_FR","og_type":"article","og_title":"Compte-rendu de la CAPD du 8 juin 2009 - FSU-SNUipp 86","og_description":"Compte rendu CAPD du 8 juin 2009 (prochaine CAPD le 26 juin) Note d'ambiance : Nous nous attendions \u00e0 une CAPD difficile mais c'\u00e9tait un euph\u00e9misme ! D\u00e8s 9h30, l'IA suspendait la s\u00e9ance. Malgr\u00e9 notre demande commune avec le SE, l'IA a refus\u00e9 d'organiser une deuxi\u00e8me phase de mouvement avec la possibilit\u00e9 pour les coll\u00e8gues de faire des v\u0153ux. Son ma\u00eetre mot est : ob\u00e9issance aveugle et absolue aux \u00ab ordres \u00bb minist\u00e9riels. Elle en a litt\u00e9ralement \u00ab martel\u00e9 \u00bb la CAPD malgr\u00e9 \u00e0 (...) - CAPD : Compte-Rendu et D\u00e9clarations du SNUipp","og_url":"https:\/\/snuipp86.fr\/index.php\/2009\/05\/31\/compte-rendu-de-la-capd-du-8-juin-2009\/","og_site_name":"FSU-SNUipp 86","article_published_time":"2009-05-31T06:26:00+00:00","author":"WP86Admin","twitter_card":"summary_large_image","twitter_misc":{"\u00c9crit par":"WP86Admin","Dur\u00e9e de lecture estim\u00e9e":"5 minutes"},"schema":{"@context":"https:\/\/schema.org","@graph":[{"@type":"WebPage","@id":"https:\/\/snuipp86.fr\/index.php\/2009\/05\/31\/compte-rendu-de-la-capd-du-8-juin-2009\/","url":"https:\/\/snuipp86.fr\/index.php\/2009\/05\/31\/compte-rendu-de-la-capd-du-8-juin-2009\/","name":"Compte-rendu de la CAPD du 8 juin 2009 - FSU-SNUipp 86","isPartOf":{"@id":"https:\/\/snuipp86.fr\/#website"},"datePublished":"2009-05-31T06:26:00+00:00","author":{"@id":"https:\/\/snuipp86.fr\/#\/schema\/person\/901b28b9ae1c7a63a6a940102e52a7a2"},"breadcrumb":{"@id":"https:\/\/snuipp86.fr\/index.php\/2009\/05\/31\/compte-rendu-de-la-capd-du-8-juin-2009\/#breadcrumb"},"inLanguage":"fr-FR","potentialAction":[{"@type":"ReadAction","target":["https:\/\/snuipp86.fr\/index.php\/2009\/05\/31\/compte-rendu-de-la-capd-du-8-juin-2009\/"]}]},{"@type":"BreadcrumbList","@id":"https:\/\/snuipp86.fr\/index.php\/2009\/05\/31\/compte-rendu-de-la-capd-du-8-juin-2009\/#breadcrumb","itemListElement":[{"@type":"ListItem","position":1,"name":"Accueil","item":"https:\/\/snuipp86.fr\/"},{"@type":"ListItem","position":2,"name":"Compte-rendu de la CAPD du 8 juin 2009 &#8211;"}]},{"@type":"WebSite","@id":"https:\/\/snuipp86.fr\/#website","url":"https:\/\/snuipp86.fr\/","name":"FSU-SNUipp 86","description":"Des id\u00e9es qui font l&#039;\u00e9cole","potentialAction":[{"@type":"SearchAction","target":{"@type":"EntryPoint","urlTemplate":"https:\/\/snuipp86.fr\/?s={search_term_string}"},"query-input":{"@type":"PropertyValueSpecification","valueRequired":true,"valueName":"search_term_string"}}],"inLanguage":"fr-FR"},{"@type":"Person","@id":"https:\/\/snuipp86.fr\/#\/schema\/person\/901b28b9ae1c7a63a6a940102e52a7a2","name":"WP86Admin","image":{"@type":"ImageObject","inLanguage":"fr-FR","@id":"https:\/\/snuipp86.fr\/#\/schema\/person\/image\/","url":"https:\/\/secure.gravatar.com\/avatar\/0099845c7ec05dc10d777d8ab4f5142c5ba316283821af2459738ad469a37a1a?s=96&d=mm&r=g","contentUrl":"https:\/\/secure.gravatar.com\/avatar\/0099845c7ec05dc10d777d8ab4f5142c5ba316283821af2459738ad469a37a1a?s=96&d=mm&r=g","caption":"WP86Admin"},"url":"https:\/\/snuipp86.fr\/index.php\/author\/wp86admin\/"}]}},"_links":{"self":[{"href":"https:\/\/snuipp86.fr\/index.php\/wp-json\/wp\/v2\/posts\/1743","targetHints":{"allow":["GET"]}}],"collection":[{"href":"https:\/\/snuipp86.fr\/index.php\/wp-json\/wp\/v2\/posts"}],"about":[{"href":"https:\/\/snuipp86.fr\/index.php\/wp-json\/wp\/v2\/types\/post"}],"author":[{"embeddable":true,"href":"https:\/\/snuipp86.fr\/index.php\/wp-json\/wp\/v2\/users\/1"}],"replies":[{"embeddable":true,"href":"https:\/\/snuipp86.fr\/index.php\/wp-json\/wp\/v2\/comments?post=1743"}],"version-history":[{"count":0,"href":"https:\/\/snuipp86.fr\/index.php\/wp-json\/wp\/v2\/posts\/1743\/revisions"}],"wp:attachment":[{"href":"https:\/\/snuipp86.fr\/index.php\/wp-json\/wp\/v2\/media?parent=1743"}],"wp:term":[{"taxonomy":"category","embeddable":true,"href":"https:\/\/snuipp86.fr\/index.php\/wp-json\/wp\/v2\/categories?post=1743"},{"taxonomy":"post_tag","embeddable":true,"href":"https:\/\/snuipp86.fr\/index.php\/wp-json\/wp\/v2\/tags?post=1743"}],"curies":[{"name":"wp","href":"https:\/\/api.w.org\/{rel}","templated":true}]}}