{"id":1757,"date":"2009-04-30T04:57:00","date_gmt":"2009-04-30T04:57:00","guid":{"rendered":"http:\/\/localhost\/wordpress\/2009\/04\/30\/signer-la-petition-l-inscription-des-services-publics-dans-la-constitution\/"},"modified":"2009-04-30T04:57:00","modified_gmt":"2009-04-30T04:57:00","slug":"signer-la-petition-l-inscription-des-services-publics-dans-la-constitution","status":"publish","type":"post","link":"https:\/\/snuipp86.fr\/index.php\/2009\/04\/30\/signer-la-petition-l-inscription-des-services-publics-dans-la-constitution\/","title":{"rendered":"SIGNER LA PETITION : L&rsquo; INSCRIPTION DES SERVICES PUBLICS DANS LA CONSTITUTION"},"content":{"rendered":"<div class='rss_texte'>\n<h3 class=\"spip\">INSCRIPTION DES SERVICES PUBLICS DANS LA CONSTITUTION. BIS<\/h3>\n<p class=\"spip\">Bonjour \u00e0 tous,<\/p>\n<p class=\"spip\">Cette p\u00e9tition concerne tous les fran\u00e7ais et a son importance.<\/p>\n<p class=\"spip\">En simple citoyen attach\u00e9 aux services publics, on ne peut que s&rsquo;associer \u00e0 cette p\u00e9tition pour<\/p>\n<p class=\"spip\"><strong class=\"spip\">L&rsquo; INSCRIPTION DES SERVICES PUBLICS DANS LA CONSTITUTION.<\/strong><\/p>\n<p class=\"spip\">A diffuser largement autour de vous.<\/p>\n<p class=\"spip\"><strong class=\"spip\">Il faut plus de 4 millions de signatures !<\/strong> (A ce jour il y en a 50.000 !)<\/p>\n<p class=\"spip\">Elle a \u00e9t\u00e9 initi\u00e9e par Michel Vauzelle, Pr\u00e9sident de la R\u00e9gion PACA, D\u00e9put\u00e9 \u00e0 l&rsquo;Assembl\u00e9e Nationale et ancien Garde des Sceaux.<\/p>\n<p class=\"spip\">Si la p\u00e9tition atteint 10 % du corps \u00e9lectoral, <strong class=\"spip\">le gouvernement sera oblig\u00e9 de proc\u00e9der \u00e0 un r\u00e9f\u00e9rendum national<\/strong> (c&rsquo;est stipul\u00e9 dans les textes de la Constitution) soit 4, 4 millions de signatures : c&rsquo;est \u00e9norme mais r\u00e9alisable si tout le monde s&rsquo;y met !<\/p>\n<p class=\"spip\">CETTE PROPOSITION EST LOIN D&rsquo;\u00caTRE FANTAISISTE OU IDEALISTE, CLIQUEZ <a href=\"http:\/\/www.referendum-servicespublics.com\/\" class=\"spip_out\">ICI<\/a> OU ALLEZ SUR LE SITE CI-DESSOUS POUR EN SAVOIR PLUS ET VOUS JOINDRE A LA LISTE DES SIGNATURES.<\/p>\n<p class=\"spip\">http:\/\/www.referendum-servicespublics.com\/<\/p>\n<\/div>\n","protected":false},"excerpt":{"rendered":"<p>INSCRIPTION DES SERVICES PUBLICS DANS LA CONSTITUTION. BIS <br \/>Bonjour \u00e0 tous, <br \/>Cette p\u00e9tition concerne tous les fran\u00e7ais et a son importance. <br \/>En simple citoyen attach\u00e9 aux services publics, on ne peut que s&rsquo;associer \u00e0 cette p\u00e9tition pour <br \/>L&rsquo; INSCRIPTION DES SERVICES PUBLICS DANS LA CONSTITUTION. <br \/>A diffuser largement autour de vous. <br \/>Il faut plus de 4 millions de signatures ! (A ce jour il y en a 50.000 !) <br \/>Elle a \u00e9t\u00e9 initi\u00e9e par Michel Vauzelle, Pr\u00e9sident de la R\u00e9gion PACA, D\u00e9put\u00e9 \u00e0 l&rsquo;Assembl\u00e9e (&#8230;)<br \/>\n&#8211;<br \/>\n<a href=\"http:\/\/86.snuipp.fr\/spip.php?rubrique136\" rel=\"directory\">P\u00c9TITIONS<\/a><\/p>\n","protected":false},"author":1,"featured_media":0,"comment_status":"open","ping_status":"open","sticky":false,"template":"","format":"standard","meta":{"footnotes":""},"categories":[14],"tags":[],"class_list":["post-1757","post","type-post","status-publish","format-standard","hentry","category-a-la-une"],"yoast_head":"<!-- This site is optimized with the Yoast SEO plugin v26.6 - https:\/\/yoast.com\/wordpress\/plugins\/seo\/ -->\n<title>SIGNER LA PETITION : L&#039; INSCRIPTION DES SERVICES PUBLICS DANS LA CONSTITUTION - FSU-SNUipp 86<\/title>\n<meta name=\"robots\" content=\"index, follow, max-snippet:-1, max-image-preview:large, max-video-preview:-1\" \/>\n<link rel=\"canonical\" href=\"https:\/\/snuipp86.fr\/index.php\/2009\/04\/30\/signer-la-petition-l-inscription-des-services-publics-dans-la-constitution\/\" \/>\n<meta property=\"og:locale\" content=\"fr_FR\" \/>\n<meta property=\"og:type\" content=\"article\" \/>\n<meta property=\"og:title\" content=\"SIGNER LA PETITION : L&#039; INSCRIPTION DES SERVICES PUBLICS DANS LA CONSTITUTION - FSU-SNUipp 86\" \/>\n<meta property=\"og:description\" content=\"INSCRIPTION DES SERVICES PUBLICS DANS LA CONSTITUTION. BIS Bonjour \u00e0 tous, Cette p\u00e9tition concerne tous les fran\u00e7ais et a son importance. En simple citoyen attach\u00e9 aux services publics, on ne peut que s&#039;associer \u00e0 cette p\u00e9tition pour L&#039; INSCRIPTION DES SERVICES PUBLICS DANS LA CONSTITUTION. A diffuser largement autour de vous. Il faut plus de 4 millions de signatures ! (A ce jour il y en a 50.000 !) Elle a \u00e9t\u00e9 initi\u00e9e par Michel Vauzelle, Pr\u00e9sident de la R\u00e9gion PACA, D\u00e9put\u00e9 \u00e0 l&#039;Assembl\u00e9e (...) - P\u00c9TITIONS\" \/>\n<meta property=\"og:url\" content=\"https:\/\/snuipp86.fr\/index.php\/2009\/04\/30\/signer-la-petition-l-inscription-des-services-publics-dans-la-constitution\/\" \/>\n<meta property=\"og:site_name\" content=\"FSU-SNUipp 86\" \/>\n<meta property=\"article:published_time\" content=\"2009-04-30T04:57:00+00:00\" \/>\n<meta name=\"author\" content=\"WP86Admin\" \/>\n<meta name=\"twitter:card\" content=\"summary_large_image\" \/>\n<meta name=\"twitter:label1\" content=\"\u00c9crit par\" \/>\n\t<meta name=\"twitter:data1\" content=\"WP86Admin\" \/>\n\t<meta name=\"twitter:label2\" content=\"Dur\u00e9e de lecture estim\u00e9e\" \/>\n\t<meta name=\"twitter:data2\" content=\"1 minute\" \/>\n<script type=\"application\/ld+json\" class=\"yoast-schema-graph\">{\"@context\":\"https:\/\/schema.org\",\"@graph\":[{\"@type\":\"WebPage\",\"@id\":\"https:\/\/snuipp86.fr\/index.php\/2009\/04\/30\/signer-la-petition-l-inscription-des-services-publics-dans-la-constitution\/\",\"url\":\"https:\/\/snuipp86.fr\/index.php\/2009\/04\/30\/signer-la-petition-l-inscription-des-services-publics-dans-la-constitution\/\",\"name\":\"SIGNER LA PETITION : L' INSCRIPTION DES SERVICES PUBLICS DANS LA CONSTITUTION - FSU-SNUipp 86\",\"isPartOf\":{\"@id\":\"https:\/\/snuipp86.fr\/#website\"},\"datePublished\":\"2009-04-30T04:57:00+00:00\",\"author\":{\"@id\":\"https:\/\/snuipp86.fr\/#\/schema\/person\/901b28b9ae1c7a63a6a940102e52a7a2\"},\"breadcrumb\":{\"@id\":\"https:\/\/snuipp86.fr\/index.php\/2009\/04\/30\/signer-la-petition-l-inscription-des-services-publics-dans-la-constitution\/#breadcrumb\"},\"inLanguage\":\"fr-FR\",\"potentialAction\":[{\"@type\":\"ReadAction\",\"target\":[\"https:\/\/snuipp86.fr\/index.php\/2009\/04\/30\/signer-la-petition-l-inscription-des-services-publics-dans-la-constitution\/\"]}]},{\"@type\":\"BreadcrumbList\",\"@id\":\"https:\/\/snuipp86.fr\/index.php\/2009\/04\/30\/signer-la-petition-l-inscription-des-services-publics-dans-la-constitution\/#breadcrumb\",\"itemListElement\":[{\"@type\":\"ListItem\",\"position\":1,\"name\":\"Accueil\",\"item\":\"https:\/\/snuipp86.fr\/\"},{\"@type\":\"ListItem\",\"position\":2,\"name\":\"SIGNER LA PETITION : L&#8217; INSCRIPTION DES SERVICES PUBLICS DANS LA CONSTITUTION\"}]},{\"@type\":\"WebSite\",\"@id\":\"https:\/\/snuipp86.fr\/#website\",\"url\":\"https:\/\/snuipp86.fr\/\",\"name\":\"FSU-SNUipp 86\",\"description\":\"Des id\u00e9es qui font l&#039;\u00e9cole\",\"potentialAction\":[{\"@type\":\"SearchAction\",\"target\":{\"@type\":\"EntryPoint\",\"urlTemplate\":\"https:\/\/snuipp86.fr\/?s={search_term_string}\"},\"query-input\":{\"@type\":\"PropertyValueSpecification\",\"valueRequired\":true,\"valueName\":\"search_term_string\"}}],\"inLanguage\":\"fr-FR\"},{\"@type\":\"Person\",\"@id\":\"https:\/\/snuipp86.fr\/#\/schema\/person\/901b28b9ae1c7a63a6a940102e52a7a2\",\"name\":\"WP86Admin\",\"image\":{\"@type\":\"ImageObject\",\"inLanguage\":\"fr-FR\",\"@id\":\"https:\/\/snuipp86.fr\/#\/schema\/person\/image\/\",\"url\":\"https:\/\/secure.gravatar.com\/avatar\/0099845c7ec05dc10d777d8ab4f5142c5ba316283821af2459738ad469a37a1a?s=96&d=mm&r=g\",\"contentUrl\":\"https:\/\/secure.gravatar.com\/avatar\/0099845c7ec05dc10d777d8ab4f5142c5ba316283821af2459738ad469a37a1a?s=96&d=mm&r=g\",\"caption\":\"WP86Admin\"},\"url\":\"https:\/\/snuipp86.fr\/index.php\/author\/wp86admin\/\"}]}<\/script>\n<!-- \/ Yoast SEO plugin. -->","yoast_head_json":{"title":"SIGNER LA PETITION : L' INSCRIPTION DES SERVICES PUBLICS DANS LA CONSTITUTION - FSU-SNUipp 86","robots":{"index":"index","follow":"follow","max-snippet":"max-snippet:-1","max-image-preview":"max-image-preview:large","max-video-preview":"max-video-preview:-1"},"canonical":"https:\/\/snuipp86.fr\/index.php\/2009\/04\/30\/signer-la-petition-l-inscription-des-services-publics-dans-la-constitution\/","og_locale":"fr_FR","og_type":"article","og_title":"SIGNER LA PETITION : L' INSCRIPTION DES SERVICES PUBLICS DANS LA CONSTITUTION - FSU-SNUipp 86","og_description":"INSCRIPTION DES SERVICES PUBLICS DANS LA CONSTITUTION. BIS Bonjour \u00e0 tous, Cette p\u00e9tition concerne tous les fran\u00e7ais et a son importance. En simple citoyen attach\u00e9 aux services publics, on ne peut que s'associer \u00e0 cette p\u00e9tition pour L' INSCRIPTION DES SERVICES PUBLICS DANS LA CONSTITUTION. A diffuser largement autour de vous. Il faut plus de 4 millions de signatures ! (A ce jour il y en a 50.000 !) Elle a \u00e9t\u00e9 initi\u00e9e par Michel Vauzelle, Pr\u00e9sident de la R\u00e9gion PACA, D\u00e9put\u00e9 \u00e0 l'Assembl\u00e9e (...) - P\u00c9TITIONS","og_url":"https:\/\/snuipp86.fr\/index.php\/2009\/04\/30\/signer-la-petition-l-inscription-des-services-publics-dans-la-constitution\/","og_site_name":"FSU-SNUipp 86","article_published_time":"2009-04-30T04:57:00+00:00","author":"WP86Admin","twitter_card":"summary_large_image","twitter_misc":{"\u00c9crit par":"WP86Admin","Dur\u00e9e de lecture estim\u00e9e":"1 minute"},"schema":{"@context":"https:\/\/schema.org","@graph":[{"@type":"WebPage","@id":"https:\/\/snuipp86.fr\/index.php\/2009\/04\/30\/signer-la-petition-l-inscription-des-services-publics-dans-la-constitution\/","url":"https:\/\/snuipp86.fr\/index.php\/2009\/04\/30\/signer-la-petition-l-inscription-des-services-publics-dans-la-constitution\/","name":"SIGNER LA PETITION : L' INSCRIPTION DES SERVICES PUBLICS DANS LA CONSTITUTION - FSU-SNUipp 86","isPartOf":{"@id":"https:\/\/snuipp86.fr\/#website"},"datePublished":"2009-04-30T04:57:00+00:00","author":{"@id":"https:\/\/snuipp86.fr\/#\/schema\/person\/901b28b9ae1c7a63a6a940102e52a7a2"},"breadcrumb":{"@id":"https:\/\/snuipp86.fr\/index.php\/2009\/04\/30\/signer-la-petition-l-inscription-des-services-publics-dans-la-constitution\/#breadcrumb"},"inLanguage":"fr-FR","potentialAction":[{"@type":"ReadAction","target":["https:\/\/snuipp86.fr\/index.php\/2009\/04\/30\/signer-la-petition-l-inscription-des-services-publics-dans-la-constitution\/"]}]},{"@type":"BreadcrumbList","@id":"https:\/\/snuipp86.fr\/index.php\/2009\/04\/30\/signer-la-petition-l-inscription-des-services-publics-dans-la-constitution\/#breadcrumb","itemListElement":[{"@type":"ListItem","position":1,"name":"Accueil","item":"https:\/\/snuipp86.fr\/"},{"@type":"ListItem","position":2,"name":"SIGNER LA PETITION : L&#8217; INSCRIPTION DES SERVICES PUBLICS DANS LA CONSTITUTION"}]},{"@type":"WebSite","@id":"https:\/\/snuipp86.fr\/#website","url":"https:\/\/snuipp86.fr\/","name":"FSU-SNUipp 86","description":"Des id\u00e9es qui font l&#039;\u00e9cole","potentialAction":[{"@type":"SearchAction","target":{"@type":"EntryPoint","urlTemplate":"https:\/\/snuipp86.fr\/?s={search_term_string}"},"query-input":{"@type":"PropertyValueSpecification","valueRequired":true,"valueName":"search_term_string"}}],"inLanguage":"fr-FR"},{"@type":"Person","@id":"https:\/\/snuipp86.fr\/#\/schema\/person\/901b28b9ae1c7a63a6a940102e52a7a2","name":"WP86Admin","image":{"@type":"ImageObject","inLanguage":"fr-FR","@id":"https:\/\/snuipp86.fr\/#\/schema\/person\/image\/","url":"https:\/\/secure.gravatar.com\/avatar\/0099845c7ec05dc10d777d8ab4f5142c5ba316283821af2459738ad469a37a1a?s=96&d=mm&r=g","contentUrl":"https:\/\/secure.gravatar.com\/avatar\/0099845c7ec05dc10d777d8ab4f5142c5ba316283821af2459738ad469a37a1a?s=96&d=mm&r=g","caption":"WP86Admin"},"url":"https:\/\/snuipp86.fr\/index.php\/author\/wp86admin\/"}]}},"_links":{"self":[{"href":"https:\/\/snuipp86.fr\/index.php\/wp-json\/wp\/v2\/posts\/1757","targetHints":{"allow":["GET"]}}],"collection":[{"href":"https:\/\/snuipp86.fr\/index.php\/wp-json\/wp\/v2\/posts"}],"about":[{"href":"https:\/\/snuipp86.fr\/index.php\/wp-json\/wp\/v2\/types\/post"}],"author":[{"embeddable":true,"href":"https:\/\/snuipp86.fr\/index.php\/wp-json\/wp\/v2\/users\/1"}],"replies":[{"embeddable":true,"href":"https:\/\/snuipp86.fr\/index.php\/wp-json\/wp\/v2\/comments?post=1757"}],"version-history":[{"count":0,"href":"https:\/\/snuipp86.fr\/index.php\/wp-json\/wp\/v2\/posts\/1757\/revisions"}],"wp:attachment":[{"href":"https:\/\/snuipp86.fr\/index.php\/wp-json\/wp\/v2\/media?parent=1757"}],"wp:term":[{"taxonomy":"category","embeddable":true,"href":"https:\/\/snuipp86.fr\/index.php\/wp-json\/wp\/v2\/categories?post=1757"},{"taxonomy":"post_tag","embeddable":true,"href":"https:\/\/snuipp86.fr\/index.php\/wp-json\/wp\/v2\/tags?post=1757"}],"curies":[{"name":"wp","href":"https:\/\/api.w.org\/{rel}","templated":true}]}}