{"id":1763,"date":"2009-03-31T06:25:00","date_gmt":"2009-03-31T06:25:00","guid":{"rendered":"http:\/\/localhost\/wordpress\/2009\/03\/31\/les-jardins-dveil-le-retour\/"},"modified":"2009-03-31T06:25:00","modified_gmt":"2009-03-31T06:25:00","slug":"les-jardins-dveil-le-retour","status":"publish","type":"post","link":"https:\/\/snuipp86.fr\/index.php\/2009\/03\/31\/les-jardins-dveil-le-retour\/","title":{"rendered":"Les jardins d&rsquo;\u00e9veil : le retour !&#8230;"},"content":{"rendered":"<div class='rss_texte'>\n<p class=\"spip\"><strong class=\"spip\">Morano : l&rsquo;Etat va cr\u00e9er 100.000 places en cr\u00e8che, lancer \u00e0 la rentr\u00e9e des jardins d&rsquo;\u00e9veil<\/strong><br \/>\nPARIS , 4 avril 2009 (AFP) &#8211; L&rsquo;Etat va renforcer ses efforts financiers pour permettre la cr\u00e9ation de 100.000 places en cr\u00e8che, a annonc\u00e9 samedi la secr\u00e9taire d&rsquo;Etat \u00e0 la Famille au Journal du Dimanche, en indiquant que les jardins d&rsquo;\u00e9veil pour les 2-3 ans seraient exp\u00e9riment\u00e9s \u00ab\u00a0d\u00e8s la rentr\u00e9e\u00a0\u00bb.<\/p>\n<p class=\"spip\">\u00ab\u00a0Nous tiendrons les objectifs d\u00e9finis par le pr\u00e9sident de la R\u00e9publique de cr\u00e9er 200.000 offres de garde suppl\u00e9mentaires\u00a0\u00bb, a affirm\u00e9 la secr\u00e9taire d&rsquo;Etat dans l&rsquo;\u00e9dition du samedi du JDD.<\/p>\n<p class=\"spip\">Selon elle, \u00ab\u00a0l&rsquo;Etat fait un effort consid\u00e9rable en augmentant le Fonds national d&rsquo;action sociale (Fnas) de 7,5% par an, soit 1,2 milliard d&rsquo;euros suppl\u00e9mentaires, pour la cr\u00e9ation de 100.000 places en cr\u00e8ches\u00a0\u00bb. Les autres offres de gardes se feront par les \u00ab\u00a0nouvelles dispositions de diversification des modes de garde vot\u00e9es par le Parlement (regroupement d&rsquo;assistantes maternelles, passage de 3 \u00e0 4 enfants par agr\u00e9ment)\u00a0\u00bb, et \u00ab\u00a0le d\u00e9veloppement de l&rsquo;accueil collectif : cr\u00e8ches classiques, d&rsquo;entreprise, cr\u00e9ation de jardins d&rsquo;\u00e9veil, optimisation des places de cr\u00e8ches hospitali\u00e8res&#8230;\u00a0\u00bb, a pr\u00e9cis\u00e9 Mme Morano.<br \/>\nLes jardins d&rsquo;\u00e9veil pour les 2-3 ans seront exp\u00e9riment\u00e9s \u00ab\u00a0d\u00e8s la rentr\u00e9e\u00a0\u00bb et \u00ab\u00a0int\u00e9gr\u00e9s dans les \u00e9coles lorsque cela est possible\u00a0\u00bb, a-t-elle dit.<\/p>\n<p class=\"spip\">\u00ab\u00a0Le financement de 8.000 places (en jardins d&rsquo;\u00e9veil) est pr\u00e9vu dans la nouvelle convention que nous signerons avec la Caf\u00a0\u00bb, a-t-elle ajout\u00e9. Il sera assur\u00e9 par la Caf, les collectivit\u00e9s locales, les parents en fonction de leurs revenus, et \u00ab\u00a0les entreprises qui dans le cadre de leur politique familiale pourront financer les places de jardins d&rsquo;\u00e9veil tout comme elles financent des places de berceaux\u00a0\u00bb.<\/p>\n<p class=\"spip\">Selon une \u00e9tude de la Drees (statistique des minist\u00e8res sociaux), 63% des enfants de moins de trois ans sont gard\u00e9s par leurs parents la majeure partie de la semaine, contre 18% par une assistante maternelle et 10% dans une structure d&rsquo;accueil collectif. La secr\u00e9taire d&rsquo;Etat a annonc\u00e9 aussi l&rsquo;\u00e9largissement du num\u00e9ro d&rsquo;appel \u00ab\u00a0119, enfance en danger\u00a0\u00bb aux familles en d\u00e9tresse, avec une \u00ab\u00a0campagne de sensibilisation nationale pour que ce num\u00e9ro devienne un r\u00e9flexe comme celui des pompiers ou du Samu\u00a0\u00bb.<br \/>\nSelon elle, pr\u00e8s de 2% des enfants de moins de 18 ans sont concern\u00e9s par des maltraitances. \u00ab\u00a0En 2008, nous avons enregistr\u00e9 46 homicides d&rsquo;enfants de moins de quinze ans\u00a0\u00bb, rel\u00e8ve-t-elle, d\u00e9plorant que des \u00ab\u00a0personnes en situation de profonde d\u00e9tresse ne trouvent pas d&rsquo;\u00e9coute pour se raccrocher et passent \u00e0 l&rsquo;acte d&rsquo;extermination de toute leur famille\u00a0\u00bb.<\/p>\n<hr class=\"spip\" \/>\n<hr class=\"spip\" \/>\n<p class=\"spip\">Communiqu\u00e9 national du SNUipp\/FSU<\/p>\n<p class=\"spip\">Jardins d&rsquo;\u00e9veil : subterfuge et tour de passe passe !* 8000 places partiellement financ\u00e9es et \u2026 14 000 supprim\u00e9es<\/p>\n<p class=\"spip\">Nadine Morano secr\u00e9taire d&rsquo;Etat \u00e0 la famille et Xavier Darcos, ministre de l&rsquo;Education Nationale viennent d&rsquo;annoncer l&rsquo;exp\u00e9rimentation de jardin d&rsquo;\u00e9veil dans les \u00e9coles maternelles en septembre 2009.<\/p>\n<p class=\"spip\">Le ministre avait pourtant affirm\u00e9 que les conditions d&rsquo;inscriptions \u00e0 l&rsquo;\u00e9cole maternelle n&rsquo;\u00e9taient pas modifi\u00e9es \u00e0 la rentr\u00e9e 2009 : il s&rsquo;agit bien avec cette annonce, de substituer \u00e0 l&rsquo;\u00e9cole maternelle, lieu d&rsquo;\u00e9ducation et d&rsquo;apprentissage, une garderie beaucoup plus co\u00fbteuse pour les familles.<\/p>\n<p class=\"spip\">De plus l&rsquo;annonce du financement partiel de 8000 places \u00e0 la rentr\u00e9e 2009 ne peut cacher la baisse r\u00e9guli\u00e8re de la scolarisation des \u00e9l\u00e8ves de moins de trois ans \u00e0 l&rsquo;\u00e9cole maternelle. En effet le taux de scolarisation des enfants de moins de 3 ans est pass\u00e9 de 35,4 % en 2000 \u00e0 21,3 % \u00e0 la rentr\u00e9e 2008 (chiffres MEN) : ce sont 14 000 \u00e9l\u00e8ves suppl\u00e9mentaires qui chaque ann\u00e9e ne trouvent pas de place \u00e0 l&rsquo;\u00e9cole maternelle ! Pour maintenir le m\u00eame taux de scolarisation en 2008 qu&rsquo;en 2000 il aurait fallu inscrire 113 000 \u00e9l\u00e8ves suppl\u00e9mentaires !<\/p>\n<p class=\"spip\">Ainsi au temps des excuses apr\u00e8s les propos blessants prononc\u00e9s vis \u00e0 vis des enseignants de maternelle n&rsquo;aura pas succ\u00e9d\u00e9 le temps des mesures positives en faveur des \u00e9l\u00e8ves.<\/p>\n<p class=\"spip\">Alors que l&rsquo;int\u00e9r\u00eat des enfants n\u00e9cessite de travailler la compl\u00e9mentarit\u00e9 et la continuit\u00e9 entre les structures d&rsquo;accueil de la petite enfance et l&rsquo;\u00e9cole maternelle, cette mesure cache mal la volont\u00e9 d&rsquo;\u00e9conomiser des postes \u00e0 l&rsquo;\u00e9cole maternelle, de remettre en cause le principe de gratuit\u00e9 et d&rsquo;aboutir \u00e0 une r\u00e9duction des ambitions du service public d&rsquo;Education.<\/p>\n<p class=\"spip\">Cette mesure revient sur la loi actuelle qui pr\u00e9voit la scolarisation des enfants de moins de trois ans, en priorit\u00e9, dans les \u00e9coles situ\u00e9es dans un environnement social d\u00e9favoris\u00e9.<\/p>\n<p class=\"spip\">Pour le SNUipp, l&rsquo;\u00e9cole maternelle est une v\u00e9ritable \u00e9cole. Premi\u00e8re scolarisation des \u00e9l\u00e8ves, authentique lieu de pr\u00e9vention et de lutte contre les in\u00e9galit\u00e9s, elle m\u00e9rite mieux que des a priori et des pol\u00e9miques.<\/p>\n<p class=\"spip\">Le SNUipp r\u00e9affirme la n\u00e9cessit\u00e9 de scolariser tous les enfants dont les familles en font la demande y compris \u00e0 partir de l&rsquo;\u00e2ge de deux ans. Il appelle les enseignants des \u00e9coles et les parents \u00e0 multiplier les initiatives en faveur d&rsquo;un d\u00e9veloppement de l&rsquo;\u00e9cole maternelle.<\/p>\n<p class=\"spip\">Paris le 5 avril 2009<\/p>\n<\/div>\n","protected":false},"excerpt":{"rendered":"<p>Morano : l&rsquo;Etat va cr\u00e9er 100.000 places en cr\u00e8che, lancer \u00e0 la rentr\u00e9e des jardins d&rsquo;\u00e9veil PARIS , 4 avril 2009 (AFP) &#8211; L&rsquo;Etat va renforcer ses efforts financiers pour permettre la cr\u00e9ation de 100.000 places en cr\u00e8che, a annonc\u00e9 samedi la secr\u00e9taire d&rsquo;Etat \u00e0 la Famille au Journal du Dimanche, en indiquant que les jardins d&rsquo;\u00e9veil pour les 2-3 ans seraient exp\u00e9riment\u00e9s \u00ab\u00a0d\u00e8s la rentr\u00e9e\u00a0\u00bb. <br \/>\u00ab\u00a0Nous tiendrons les objectifs d\u00e9finis par le pr\u00e9sident de la R\u00e9publique de cr\u00e9er 200.000 offres de garde (&#8230;)<br \/>\n&#8211;<br \/>\n<a href=\"http:\/\/86.snuipp.fr\/spip.php?rubrique70\" rel=\"directory\">Maternelle<\/a><\/p>\n","protected":false},"author":1,"featured_media":0,"comment_status":"open","ping_status":"open","sticky":false,"template":"","format":"standard","meta":{"footnotes":""},"categories":[14],"tags":[],"class_list":["post-1763","post","type-post","status-publish","format-standard","hentry","category-a-la-une"],"yoast_head":"<!-- This site is optimized with the Yoast SEO plugin v26.6 - https:\/\/yoast.com\/wordpress\/plugins\/seo\/ -->\n<title>Les jardins d&#039;\u00e9veil : le retour !... - FSU-SNUipp 86<\/title>\n<meta name=\"robots\" content=\"index, follow, max-snippet:-1, max-image-preview:large, max-video-preview:-1\" \/>\n<link rel=\"canonical\" href=\"https:\/\/snuipp86.fr\/index.php\/2009\/03\/31\/les-jardins-dveil-le-retour\/\" \/>\n<meta property=\"og:locale\" content=\"fr_FR\" \/>\n<meta property=\"og:type\" content=\"article\" \/>\n<meta property=\"og:title\" content=\"Les jardins d&#039;\u00e9veil : le retour !... - FSU-SNUipp 86\" \/>\n<meta property=\"og:description\" content=\"Morano : l&#039;Etat va cr\u00e9er 100.000 places en cr\u00e8che, lancer \u00e0 la rentr\u00e9e des jardins d&#039;\u00e9veil PARIS , 4 avril 2009 (AFP) - L&#039;Etat va renforcer ses efforts financiers pour permettre la cr\u00e9ation de 100.000 places en cr\u00e8che, a annonc\u00e9 samedi la secr\u00e9taire d&#039;Etat \u00e0 la Famille au Journal du Dimanche, en indiquant que les jardins d&#039;\u00e9veil pour les 2-3 ans seraient exp\u00e9riment\u00e9s &quot;d\u00e8s la rentr\u00e9e&quot;. &quot;Nous tiendrons les objectifs d\u00e9finis par le pr\u00e9sident de la R\u00e9publique de cr\u00e9er 200.000 offres de garde (...) - Maternelle\" \/>\n<meta property=\"og:url\" content=\"https:\/\/snuipp86.fr\/index.php\/2009\/03\/31\/les-jardins-dveil-le-retour\/\" \/>\n<meta property=\"og:site_name\" content=\"FSU-SNUipp 86\" \/>\n<meta property=\"article:published_time\" content=\"2009-03-31T06:25:00+00:00\" \/>\n<meta name=\"author\" content=\"WP86Admin\" \/>\n<meta name=\"twitter:card\" content=\"summary_large_image\" \/>\n<meta name=\"twitter:label1\" content=\"\u00c9crit par\" \/>\n\t<meta name=\"twitter:data1\" content=\"WP86Admin\" \/>\n\t<meta name=\"twitter:label2\" content=\"Dur\u00e9e de lecture estim\u00e9e\" \/>\n\t<meta name=\"twitter:data2\" content=\"4 minutes\" \/>\n<script type=\"application\/ld+json\" class=\"yoast-schema-graph\">{\"@context\":\"https:\/\/schema.org\",\"@graph\":[{\"@type\":\"WebPage\",\"@id\":\"https:\/\/snuipp86.fr\/index.php\/2009\/03\/31\/les-jardins-dveil-le-retour\/\",\"url\":\"https:\/\/snuipp86.fr\/index.php\/2009\/03\/31\/les-jardins-dveil-le-retour\/\",\"name\":\"Les jardins d'\u00e9veil : le retour !... - FSU-SNUipp 86\",\"isPartOf\":{\"@id\":\"https:\/\/snuipp86.fr\/#website\"},\"datePublished\":\"2009-03-31T06:25:00+00:00\",\"author\":{\"@id\":\"https:\/\/snuipp86.fr\/#\/schema\/person\/901b28b9ae1c7a63a6a940102e52a7a2\"},\"breadcrumb\":{\"@id\":\"https:\/\/snuipp86.fr\/index.php\/2009\/03\/31\/les-jardins-dveil-le-retour\/#breadcrumb\"},\"inLanguage\":\"fr-FR\",\"potentialAction\":[{\"@type\":\"ReadAction\",\"target\":[\"https:\/\/snuipp86.fr\/index.php\/2009\/03\/31\/les-jardins-dveil-le-retour\/\"]}]},{\"@type\":\"BreadcrumbList\",\"@id\":\"https:\/\/snuipp86.fr\/index.php\/2009\/03\/31\/les-jardins-dveil-le-retour\/#breadcrumb\",\"itemListElement\":[{\"@type\":\"ListItem\",\"position\":1,\"name\":\"Accueil\",\"item\":\"https:\/\/snuipp86.fr\/\"},{\"@type\":\"ListItem\",\"position\":2,\"name\":\"Les jardins d&#8217;\u00e9veil : le retour !&#8230;\"}]},{\"@type\":\"WebSite\",\"@id\":\"https:\/\/snuipp86.fr\/#website\",\"url\":\"https:\/\/snuipp86.fr\/\",\"name\":\"FSU-SNUipp 86\",\"description\":\"Des id\u00e9es qui font l&#039;\u00e9cole\",\"potentialAction\":[{\"@type\":\"SearchAction\",\"target\":{\"@type\":\"EntryPoint\",\"urlTemplate\":\"https:\/\/snuipp86.fr\/?s={search_term_string}\"},\"query-input\":{\"@type\":\"PropertyValueSpecification\",\"valueRequired\":true,\"valueName\":\"search_term_string\"}}],\"inLanguage\":\"fr-FR\"},{\"@type\":\"Person\",\"@id\":\"https:\/\/snuipp86.fr\/#\/schema\/person\/901b28b9ae1c7a63a6a940102e52a7a2\",\"name\":\"WP86Admin\",\"image\":{\"@type\":\"ImageObject\",\"inLanguage\":\"fr-FR\",\"@id\":\"https:\/\/snuipp86.fr\/#\/schema\/person\/image\/\",\"url\":\"https:\/\/secure.gravatar.com\/avatar\/0099845c7ec05dc10d777d8ab4f5142c5ba316283821af2459738ad469a37a1a?s=96&d=mm&r=g\",\"contentUrl\":\"https:\/\/secure.gravatar.com\/avatar\/0099845c7ec05dc10d777d8ab4f5142c5ba316283821af2459738ad469a37a1a?s=96&d=mm&r=g\",\"caption\":\"WP86Admin\"},\"url\":\"https:\/\/snuipp86.fr\/index.php\/author\/wp86admin\/\"}]}<\/script>\n<!-- \/ Yoast SEO plugin. -->","yoast_head_json":{"title":"Les jardins d'\u00e9veil : le retour !... - FSU-SNUipp 86","robots":{"index":"index","follow":"follow","max-snippet":"max-snippet:-1","max-image-preview":"max-image-preview:large","max-video-preview":"max-video-preview:-1"},"canonical":"https:\/\/snuipp86.fr\/index.php\/2009\/03\/31\/les-jardins-dveil-le-retour\/","og_locale":"fr_FR","og_type":"article","og_title":"Les jardins d'\u00e9veil : le retour !... - FSU-SNUipp 86","og_description":"Morano : l'Etat va cr\u00e9er 100.000 places en cr\u00e8che, lancer \u00e0 la rentr\u00e9e des jardins d'\u00e9veil PARIS , 4 avril 2009 (AFP) - L'Etat va renforcer ses efforts financiers pour permettre la cr\u00e9ation de 100.000 places en cr\u00e8che, a annonc\u00e9 samedi la secr\u00e9taire d'Etat \u00e0 la Famille au Journal du Dimanche, en indiquant que les jardins d'\u00e9veil pour les 2-3 ans seraient exp\u00e9riment\u00e9s \"d\u00e8s la rentr\u00e9e\". \"Nous tiendrons les objectifs d\u00e9finis par le pr\u00e9sident de la R\u00e9publique de cr\u00e9er 200.000 offres de garde (...) - Maternelle","og_url":"https:\/\/snuipp86.fr\/index.php\/2009\/03\/31\/les-jardins-dveil-le-retour\/","og_site_name":"FSU-SNUipp 86","article_published_time":"2009-03-31T06:25:00+00:00","author":"WP86Admin","twitter_card":"summary_large_image","twitter_misc":{"\u00c9crit par":"WP86Admin","Dur\u00e9e de lecture estim\u00e9e":"4 minutes"},"schema":{"@context":"https:\/\/schema.org","@graph":[{"@type":"WebPage","@id":"https:\/\/snuipp86.fr\/index.php\/2009\/03\/31\/les-jardins-dveil-le-retour\/","url":"https:\/\/snuipp86.fr\/index.php\/2009\/03\/31\/les-jardins-dveil-le-retour\/","name":"Les jardins d'\u00e9veil : le retour !... - FSU-SNUipp 86","isPartOf":{"@id":"https:\/\/snuipp86.fr\/#website"},"datePublished":"2009-03-31T06:25:00+00:00","author":{"@id":"https:\/\/snuipp86.fr\/#\/schema\/person\/901b28b9ae1c7a63a6a940102e52a7a2"},"breadcrumb":{"@id":"https:\/\/snuipp86.fr\/index.php\/2009\/03\/31\/les-jardins-dveil-le-retour\/#breadcrumb"},"inLanguage":"fr-FR","potentialAction":[{"@type":"ReadAction","target":["https:\/\/snuipp86.fr\/index.php\/2009\/03\/31\/les-jardins-dveil-le-retour\/"]}]},{"@type":"BreadcrumbList","@id":"https:\/\/snuipp86.fr\/index.php\/2009\/03\/31\/les-jardins-dveil-le-retour\/#breadcrumb","itemListElement":[{"@type":"ListItem","position":1,"name":"Accueil","item":"https:\/\/snuipp86.fr\/"},{"@type":"ListItem","position":2,"name":"Les jardins d&#8217;\u00e9veil : le retour !&#8230;"}]},{"@type":"WebSite","@id":"https:\/\/snuipp86.fr\/#website","url":"https:\/\/snuipp86.fr\/","name":"FSU-SNUipp 86","description":"Des id\u00e9es qui font l&#039;\u00e9cole","potentialAction":[{"@type":"SearchAction","target":{"@type":"EntryPoint","urlTemplate":"https:\/\/snuipp86.fr\/?s={search_term_string}"},"query-input":{"@type":"PropertyValueSpecification","valueRequired":true,"valueName":"search_term_string"}}],"inLanguage":"fr-FR"},{"@type":"Person","@id":"https:\/\/snuipp86.fr\/#\/schema\/person\/901b28b9ae1c7a63a6a940102e52a7a2","name":"WP86Admin","image":{"@type":"ImageObject","inLanguage":"fr-FR","@id":"https:\/\/snuipp86.fr\/#\/schema\/person\/image\/","url":"https:\/\/secure.gravatar.com\/avatar\/0099845c7ec05dc10d777d8ab4f5142c5ba316283821af2459738ad469a37a1a?s=96&d=mm&r=g","contentUrl":"https:\/\/secure.gravatar.com\/avatar\/0099845c7ec05dc10d777d8ab4f5142c5ba316283821af2459738ad469a37a1a?s=96&d=mm&r=g","caption":"WP86Admin"},"url":"https:\/\/snuipp86.fr\/index.php\/author\/wp86admin\/"}]}},"_links":{"self":[{"href":"https:\/\/snuipp86.fr\/index.php\/wp-json\/wp\/v2\/posts\/1763","targetHints":{"allow":["GET"]}}],"collection":[{"href":"https:\/\/snuipp86.fr\/index.php\/wp-json\/wp\/v2\/posts"}],"about":[{"href":"https:\/\/snuipp86.fr\/index.php\/wp-json\/wp\/v2\/types\/post"}],"author":[{"embeddable":true,"href":"https:\/\/snuipp86.fr\/index.php\/wp-json\/wp\/v2\/users\/1"}],"replies":[{"embeddable":true,"href":"https:\/\/snuipp86.fr\/index.php\/wp-json\/wp\/v2\/comments?post=1763"}],"version-history":[{"count":0,"href":"https:\/\/snuipp86.fr\/index.php\/wp-json\/wp\/v2\/posts\/1763\/revisions"}],"wp:attachment":[{"href":"https:\/\/snuipp86.fr\/index.php\/wp-json\/wp\/v2\/media?parent=1763"}],"wp:term":[{"taxonomy":"category","embeddable":true,"href":"https:\/\/snuipp86.fr\/index.php\/wp-json\/wp\/v2\/categories?post=1763"},{"taxonomy":"post_tag","embeddable":true,"href":"https:\/\/snuipp86.fr\/index.php\/wp-json\/wp\/v2\/tags?post=1763"}],"curies":[{"name":"wp","href":"https:\/\/api.w.org\/{rel}","templated":true}]}}