{"id":177,"date":"2018-04-04T20:31:37","date_gmt":"2018-04-04T20:31:37","guid":{"rendered":"http:\/\/localhost\/wordpress\/2018\/04\/04\/fonction-publique-un-nouveau-contrat-social\/"},"modified":"2018-04-04T20:31:37","modified_gmt":"2018-04-04T20:31:37","slug":"fonction-publique-un-nouveau-contrat-social","status":"publish","type":"post","link":"https:\/\/snuipp86.fr\/index.php\/2018\/04\/04\/fonction-publique-un-nouveau-contrat-social\/","title":{"rendered":"Fonction publique : un nouveau contrat social ?"},"content":{"rendered":"<p><img decoding=\"async\" src=\"https:\/\/snuipp86.fr\/wp-content\/spip\/IMG\/arton3848.png\" alt=\"\" align=\"right\" width=\"789\" height=\"434\" class=\"spip_logos\" \/><\/p>\n","protected":false},"excerpt":{"rendered":"<p>Les objectifs affich\u00e9s par le minist\u00e8re de l&rsquo;Action et des Comptes publics pour faire \u00e9voluer le fonctionnement de la Fonction publique et le statut de ses agents dissimulent mal des bouleversements et des r\u00e9gressions plus qu&rsquo;inqui\u00e9tantes pour les salari\u00e9s comme pour les usagers. D\u00e9cryptage des quatre chantiers cens\u00e9s guider une concertation qui semble bien mal engag\u00e9e.<br \/>\n&#8211;<br \/>\n<a href=\"http:\/\/86.snuipp.fr\/spip.php?rubrique249\" rel=\"directory\">L&rsquo;ACTUALIT\u00c9<\/a><br \/>\n\/<br \/>\n<a href=\"http:\/\/86.snuipp.fr\/spip.php?mot310\" rel=\"tag\">Les r\u00e9formes<\/a><\/p>\n","protected":false},"author":1,"featured_media":0,"comment_status":"open","ping_status":"open","sticky":false,"template":"","format":"standard","meta":{"footnotes":""},"categories":[14],"tags":[],"class_list":["post-177","post","type-post","status-publish","format-standard","hentry","category-a-la-une"],"yoast_head":"<!-- This site is optimized with the Yoast SEO plugin v26.6 - https:\/\/yoast.com\/wordpress\/plugins\/seo\/ -->\n<title>Fonction publique : un nouveau contrat social ? - FSU-SNUipp 86<\/title>\n<meta name=\"robots\" content=\"index, follow, max-snippet:-1, max-image-preview:large, max-video-preview:-1\" \/>\n<link rel=\"canonical\" href=\"https:\/\/snuipp86.fr\/index.php\/2018\/04\/04\/fonction-publique-un-nouveau-contrat-social\/\" \/>\n<meta property=\"og:locale\" content=\"fr_FR\" \/>\n<meta property=\"og:type\" content=\"article\" \/>\n<meta property=\"og:title\" content=\"Fonction publique : un nouveau contrat social ? - FSU-SNUipp 86\" \/>\n<meta property=\"og:description\" content=\"Les objectifs affich\u00e9s par le minist\u00e8re de l&#039;Action et des Comptes publics pour faire \u00e9voluer le fonctionnement de la Fonction publique et le statut de ses agents dissimulent mal des bouleversements et des r\u00e9gressions plus qu&#039;inqui\u00e9tantes pour les salari\u00e9s comme pour les usagers. D\u00e9cryptage des quatre chantiers cens\u00e9s guider une concertation qui semble bien mal engag\u00e9e. - L&#039;ACTUALIT\u00c9 \/ Les r\u00e9formes\" \/>\n<meta property=\"og:url\" content=\"https:\/\/snuipp86.fr\/index.php\/2018\/04\/04\/fonction-publique-un-nouveau-contrat-social\/\" \/>\n<meta property=\"og:site_name\" content=\"FSU-SNUipp 86\" \/>\n<meta property=\"article:published_time\" content=\"2018-04-04T20:31:37+00:00\" \/>\n<meta property=\"og:image\" content=\"http:\/\/snuipp86.fr\/wp-content\/spip\/IMG\/arton3848.png\" \/>\n<meta name=\"author\" content=\"WP86Admin\" \/>\n<meta name=\"twitter:card\" content=\"summary_large_image\" \/>\n<meta name=\"twitter:label1\" content=\"\u00c9crit par\" \/>\n\t<meta name=\"twitter:data1\" content=\"WP86Admin\" \/>\n<script type=\"application\/ld+json\" class=\"yoast-schema-graph\">{\"@context\":\"https:\/\/schema.org\",\"@graph\":[{\"@type\":\"WebPage\",\"@id\":\"https:\/\/snuipp86.fr\/index.php\/2018\/04\/04\/fonction-publique-un-nouveau-contrat-social\/\",\"url\":\"https:\/\/snuipp86.fr\/index.php\/2018\/04\/04\/fonction-publique-un-nouveau-contrat-social\/\",\"name\":\"Fonction publique : un nouveau contrat social ? - FSU-SNUipp 86\",\"isPartOf\":{\"@id\":\"https:\/\/snuipp86.fr\/#website\"},\"primaryImageOfPage\":{\"@id\":\"https:\/\/snuipp86.fr\/index.php\/2018\/04\/04\/fonction-publique-un-nouveau-contrat-social\/#primaryimage\"},\"image\":{\"@id\":\"https:\/\/snuipp86.fr\/index.php\/2018\/04\/04\/fonction-publique-un-nouveau-contrat-social\/#primaryimage\"},\"thumbnailUrl\":\"http:\/\/snuipp86.fr\/wp-content\/spip\/IMG\/arton3848.png\",\"datePublished\":\"2018-04-04T20:31:37+00:00\",\"author\":{\"@id\":\"https:\/\/snuipp86.fr\/#\/schema\/person\/901b28b9ae1c7a63a6a940102e52a7a2\"},\"breadcrumb\":{\"@id\":\"https:\/\/snuipp86.fr\/index.php\/2018\/04\/04\/fonction-publique-un-nouveau-contrat-social\/#breadcrumb\"},\"inLanguage\":\"fr-FR\",\"potentialAction\":[{\"@type\":\"ReadAction\",\"target\":[\"https:\/\/snuipp86.fr\/index.php\/2018\/04\/04\/fonction-publique-un-nouveau-contrat-social\/\"]}]},{\"@type\":\"ImageObject\",\"inLanguage\":\"fr-FR\",\"@id\":\"https:\/\/snuipp86.fr\/index.php\/2018\/04\/04\/fonction-publique-un-nouveau-contrat-social\/#primaryimage\",\"url\":\"http:\/\/snuipp86.fr\/wp-content\/spip\/IMG\/arton3848.png\",\"contentUrl\":\"http:\/\/snuipp86.fr\/wp-content\/spip\/IMG\/arton3848.png\"},{\"@type\":\"BreadcrumbList\",\"@id\":\"https:\/\/snuipp86.fr\/index.php\/2018\/04\/04\/fonction-publique-un-nouveau-contrat-social\/#breadcrumb\",\"itemListElement\":[{\"@type\":\"ListItem\",\"position\":1,\"name\":\"Accueil\",\"item\":\"https:\/\/snuipp86.fr\/\"},{\"@type\":\"ListItem\",\"position\":2,\"name\":\"Fonction publique : un nouveau contrat social ?\"}]},{\"@type\":\"WebSite\",\"@id\":\"https:\/\/snuipp86.fr\/#website\",\"url\":\"https:\/\/snuipp86.fr\/\",\"name\":\"FSU-SNUipp 86\",\"description\":\"Des id\u00e9es qui font l&#039;\u00e9cole\",\"potentialAction\":[{\"@type\":\"SearchAction\",\"target\":{\"@type\":\"EntryPoint\",\"urlTemplate\":\"https:\/\/snuipp86.fr\/?s={search_term_string}\"},\"query-input\":{\"@type\":\"PropertyValueSpecification\",\"valueRequired\":true,\"valueName\":\"search_term_string\"}}],\"inLanguage\":\"fr-FR\"},{\"@type\":\"Person\",\"@id\":\"https:\/\/snuipp86.fr\/#\/schema\/person\/901b28b9ae1c7a63a6a940102e52a7a2\",\"name\":\"WP86Admin\",\"image\":{\"@type\":\"ImageObject\",\"inLanguage\":\"fr-FR\",\"@id\":\"https:\/\/snuipp86.fr\/#\/schema\/person\/image\/\",\"url\":\"https:\/\/secure.gravatar.com\/avatar\/0099845c7ec05dc10d777d8ab4f5142c5ba316283821af2459738ad469a37a1a?s=96&d=mm&r=g\",\"contentUrl\":\"https:\/\/secure.gravatar.com\/avatar\/0099845c7ec05dc10d777d8ab4f5142c5ba316283821af2459738ad469a37a1a?s=96&d=mm&r=g\",\"caption\":\"WP86Admin\"},\"url\":\"https:\/\/snuipp86.fr\/index.php\/author\/wp86admin\/\"}]}<\/script>\n<!-- \/ Yoast SEO plugin. -->","yoast_head_json":{"title":"Fonction publique : un nouveau contrat social ? - FSU-SNUipp 86","robots":{"index":"index","follow":"follow","max-snippet":"max-snippet:-1","max-image-preview":"max-image-preview:large","max-video-preview":"max-video-preview:-1"},"canonical":"https:\/\/snuipp86.fr\/index.php\/2018\/04\/04\/fonction-publique-un-nouveau-contrat-social\/","og_locale":"fr_FR","og_type":"article","og_title":"Fonction publique : un nouveau contrat social ? - FSU-SNUipp 86","og_description":"Les objectifs affich\u00e9s par le minist\u00e8re de l'Action et des Comptes publics pour faire \u00e9voluer le fonctionnement de la Fonction publique et le statut de ses agents dissimulent mal des bouleversements et des r\u00e9gressions plus qu'inqui\u00e9tantes pour les salari\u00e9s comme pour les usagers. D\u00e9cryptage des quatre chantiers cens\u00e9s guider une concertation qui semble bien mal engag\u00e9e. - L'ACTUALIT\u00c9 \/ Les r\u00e9formes","og_url":"https:\/\/snuipp86.fr\/index.php\/2018\/04\/04\/fonction-publique-un-nouveau-contrat-social\/","og_site_name":"FSU-SNUipp 86","article_published_time":"2018-04-04T20:31:37+00:00","og_image":[{"url":"http:\/\/snuipp86.fr\/wp-content\/spip\/IMG\/arton3848.png","type":"","width":"","height":""}],"author":"WP86Admin","twitter_card":"summary_large_image","twitter_misc":{"\u00c9crit par":"WP86Admin"},"schema":{"@context":"https:\/\/schema.org","@graph":[{"@type":"WebPage","@id":"https:\/\/snuipp86.fr\/index.php\/2018\/04\/04\/fonction-publique-un-nouveau-contrat-social\/","url":"https:\/\/snuipp86.fr\/index.php\/2018\/04\/04\/fonction-publique-un-nouveau-contrat-social\/","name":"Fonction publique : un nouveau contrat social ? - FSU-SNUipp 86","isPartOf":{"@id":"https:\/\/snuipp86.fr\/#website"},"primaryImageOfPage":{"@id":"https:\/\/snuipp86.fr\/index.php\/2018\/04\/04\/fonction-publique-un-nouveau-contrat-social\/#primaryimage"},"image":{"@id":"https:\/\/snuipp86.fr\/index.php\/2018\/04\/04\/fonction-publique-un-nouveau-contrat-social\/#primaryimage"},"thumbnailUrl":"http:\/\/snuipp86.fr\/wp-content\/spip\/IMG\/arton3848.png","datePublished":"2018-04-04T20:31:37+00:00","author":{"@id":"https:\/\/snuipp86.fr\/#\/schema\/person\/901b28b9ae1c7a63a6a940102e52a7a2"},"breadcrumb":{"@id":"https:\/\/snuipp86.fr\/index.php\/2018\/04\/04\/fonction-publique-un-nouveau-contrat-social\/#breadcrumb"},"inLanguage":"fr-FR","potentialAction":[{"@type":"ReadAction","target":["https:\/\/snuipp86.fr\/index.php\/2018\/04\/04\/fonction-publique-un-nouveau-contrat-social\/"]}]},{"@type":"ImageObject","inLanguage":"fr-FR","@id":"https:\/\/snuipp86.fr\/index.php\/2018\/04\/04\/fonction-publique-un-nouveau-contrat-social\/#primaryimage","url":"http:\/\/snuipp86.fr\/wp-content\/spip\/IMG\/arton3848.png","contentUrl":"http:\/\/snuipp86.fr\/wp-content\/spip\/IMG\/arton3848.png"},{"@type":"BreadcrumbList","@id":"https:\/\/snuipp86.fr\/index.php\/2018\/04\/04\/fonction-publique-un-nouveau-contrat-social\/#breadcrumb","itemListElement":[{"@type":"ListItem","position":1,"name":"Accueil","item":"https:\/\/snuipp86.fr\/"},{"@type":"ListItem","position":2,"name":"Fonction publique : un nouveau contrat social ?"}]},{"@type":"WebSite","@id":"https:\/\/snuipp86.fr\/#website","url":"https:\/\/snuipp86.fr\/","name":"FSU-SNUipp 86","description":"Des id\u00e9es qui font l&#039;\u00e9cole","potentialAction":[{"@type":"SearchAction","target":{"@type":"EntryPoint","urlTemplate":"https:\/\/snuipp86.fr\/?s={search_term_string}"},"query-input":{"@type":"PropertyValueSpecification","valueRequired":true,"valueName":"search_term_string"}}],"inLanguage":"fr-FR"},{"@type":"Person","@id":"https:\/\/snuipp86.fr\/#\/schema\/person\/901b28b9ae1c7a63a6a940102e52a7a2","name":"WP86Admin","image":{"@type":"ImageObject","inLanguage":"fr-FR","@id":"https:\/\/snuipp86.fr\/#\/schema\/person\/image\/","url":"https:\/\/secure.gravatar.com\/avatar\/0099845c7ec05dc10d777d8ab4f5142c5ba316283821af2459738ad469a37a1a?s=96&d=mm&r=g","contentUrl":"https:\/\/secure.gravatar.com\/avatar\/0099845c7ec05dc10d777d8ab4f5142c5ba316283821af2459738ad469a37a1a?s=96&d=mm&r=g","caption":"WP86Admin"},"url":"https:\/\/snuipp86.fr\/index.php\/author\/wp86admin\/"}]}},"_links":{"self":[{"href":"https:\/\/snuipp86.fr\/index.php\/wp-json\/wp\/v2\/posts\/177","targetHints":{"allow":["GET"]}}],"collection":[{"href":"https:\/\/snuipp86.fr\/index.php\/wp-json\/wp\/v2\/posts"}],"about":[{"href":"https:\/\/snuipp86.fr\/index.php\/wp-json\/wp\/v2\/types\/post"}],"author":[{"embeddable":true,"href":"https:\/\/snuipp86.fr\/index.php\/wp-json\/wp\/v2\/users\/1"}],"replies":[{"embeddable":true,"href":"https:\/\/snuipp86.fr\/index.php\/wp-json\/wp\/v2\/comments?post=177"}],"version-history":[{"count":0,"href":"https:\/\/snuipp86.fr\/index.php\/wp-json\/wp\/v2\/posts\/177\/revisions"}],"wp:attachment":[{"href":"https:\/\/snuipp86.fr\/index.php\/wp-json\/wp\/v2\/media?parent=177"}],"wp:term":[{"taxonomy":"category","embeddable":true,"href":"https:\/\/snuipp86.fr\/index.php\/wp-json\/wp\/v2\/categories?post=177"},{"taxonomy":"post_tag","embeddable":true,"href":"https:\/\/snuipp86.fr\/index.php\/wp-json\/wp\/v2\/tags?post=177"}],"curies":[{"name":"wp","href":"https:\/\/api.w.org\/{rel}","templated":true}]}}