{"id":17756,"date":"2019-06-06T16:26:50","date_gmt":"2019-06-06T14:26:50","guid":{"rendered":"http:\/\/localhost\/wordpress\/2019\/06\/06\/ouvertures-et-fermetures-projet-de-lia-au-6-juin\/"},"modified":"2019-09-23T14:46:33","modified_gmt":"2019-09-23T12:46:33","slug":"ouvertures-et-fermetures-projet-de-lia-au-6-juin","status":"publish","type":"post","link":"https:\/\/snuipp86.fr\/index.php\/2019\/06\/06\/ouvertures-et-fermetures-projet-de-lia-au-6-juin\/","title":{"rendered":"Ouvertures et fermetures : projet de l&rsquo;IA au 6 juin"},"content":{"rendered":"<p><img decoding=\"async\" src=\"https:\/\/snuipp86.fr\/wp-content\/spip\/IMG\/arton4341.png\" alt=\"\" align=\"right\" width=\"142\" height=\"142\" class=\"spip_logos\" \/><\/p>\n<div class='rss_texte'>\n<p class=\"spip\">Le CTSD d&rsquo;ajustement se tiendra le mardi 11 juin \u00e0 14h. L&rsquo;IA prononcera des ouvertures et des fermetures de classes et\/ou de dispositifs.<\/p>\n<p class=\"spip\">Ce jeudi matin se tenait un groupe de travail pr\u00e9paratoire. L&rsquo;IA a comme projet de :<\/p>\n<p class=\"spip\"><strong class=\"spip\"><br \/>\nProjet d&rsquo; Ouvertures<\/strong><\/p>\n<p class=\"spip\"><img decoding=\"async\" src=\"https:\/\/snuipp86.fr\/wp-content\/spip\/cache-vignettes\/L8xH11\/puce-68c92.gif\" width='8' height='11' alt=\"-\" style='height:11px;width:8px;' class='' \/> Vouneuil \/s Biard Cousteau \u00e9l\u00e9m<br \/>\n<br \/><img decoding=\"async\" src=\"https:\/\/snuipp86.fr\/wp-content\/spip\/cache-vignettes\/L8xH11\/puce-68c92.gif\" width='8' height='11' alt=\"-\" style='height:11px;width:8px;' class='' \/> St Julien L&rsquo;Ars &#8211; Th\u00e9odore Monod mat<\/p>\n<p class=\"spip\"><strong class=\"spip\"><br \/>\nProjet d&rsquo;annulations de fermetures prononc\u00e9es en f\u00e9vrier<\/strong><\/p>\n<p class=\"spip\"><img decoding=\"async\" src=\"https:\/\/snuipp86.fr\/wp-content\/spip\/cache-vignettes\/L8xH11\/puce-68c92.gif\" width='8' height='11' alt=\"-\" style='height:11px;width:8px;' class='' \/> Coussay &#8211; Leign\u00e9 les Bois<br \/>\n<br \/><img decoding=\"async\" src=\"https:\/\/snuipp86.fr\/wp-content\/spip\/cache-vignettes\/L8xH11\/puce-68c92.gif\" width='8' height='11' alt=\"-\" style='height:11px;width:8px;' class='' \/> Beuxes &#8211; Sammar\u00e7olles<\/p>\n<p class=\"spip\"><strong class=\"spip\">Projet de Fermetures<\/strong><\/p>\n<p class=\"spip\"><img decoding=\"async\" src=\"https:\/\/snuipp86.fr\/wp-content\/spip\/cache-vignettes\/L8xH11\/puce-68c92.gif\" width='8' height='11' alt=\"-\" style='height:11px;width:8px;' class='' \/> Availles Limouzine prim <br \/><img decoding=\"async\" src=\"https:\/\/snuipp86.fr\/wp-content\/spip\/cache-vignettes\/L8xH11\/puce-68c92.gif\" width='8' height='11' alt=\"-\" style='height:11px;width:8px;' class='' \/> Moulismes prim <br \/><img decoding=\"async\" src=\"https:\/\/snuipp86.fr\/wp-content\/spip\/cache-vignettes\/L8xH11\/puce-68c92.gif\" width='8' height='11' alt=\"-\" style='height:11px;width:8px;' class='' \/> St L\u00e9ger de Montbrillais (en attente du nb d&rsquo;inscrits)<\/p>\n<p class=\"spip\"><strong class=\"spip\"><br \/>\nAutres projets<\/strong><\/p>\n<p class=\"spip\"><img decoding=\"async\" src=\"https:\/\/snuipp86.fr\/wp-content\/spip\/cache-vignettes\/L8xH11\/puce-68c92.gif\" width='8' height='11' alt=\"-\" style='height:11px;width:8px;' class='' \/> Transfert de la fermeture de Sanxay sur Jazeneuil dans le RPI Curzay-Sanxay-Jazeneuil<br \/>\n<br \/><img decoding=\"async\" src=\"https:\/\/snuipp86.fr\/wp-content\/spip\/cache-vignettes\/L8xH11\/puce-68c92.gif\" width='8' height='11' alt=\"-\" style='height:11px;width:8px;' class='' \/> Augmentation de la d\u00e9charge de direction de POITIERS P. Blet (5cl) de 0.08 pour passer \u00e0 1\/3<br \/>\n<br \/><img decoding=\"async\" src=\"https:\/\/snuipp86.fr\/wp-content\/spip\/cache-vignettes\/L8xH11\/puce-68c92.gif\" width='8' height='11' alt=\"-\" style='height:11px;width:8px;' class='' \/> Augmentation de la d\u00e9charge de direction de L&rsquo;ISLE JOURDAIN &#8211; \u00e9cole primaire (4cl) de 0,08 pour passer \u00e0 1\/3<br \/>\n<br \/><img decoding=\"async\" src=\"https:\/\/snuipp86.fr\/wp-content\/spip\/cache-vignettes\/L8xH11\/puce-68c92.gif\" width='8' height='11' alt=\"-\" style='height:11px;width:8px;' class='' \/> Les \u00e9coles de Smarves seraint maintenues dans Poitiers Sud au lieu de Poitiers Ouest<\/p>\n<p class=\"spip\">Retrouvez le compte rendu complet ci-dessous<\/p>\n<dl class='spip_document_3990 spip_documents spip_documents_center' >\n<dt><a href=\"https:\/\/snuipp86.fr\/wp-content\/spip\/IMG\/pdf\/Groupe_de_travail_du_6_juin.pdf\" title='PDF - 436.8 ko' type=\"application\/pdf\"><img src='https:\/\/snuipp86.fr\/wp-content\/spip\/cache-vignettes\/L52xH52\/pdf-d7486.png' width='52' height='52' alt='PDF - 436.8 ko' style='height:52px;width:52px;' class=' format_png' \/><\/a><\/dt>\n<dt class='spip_doc_titre' style='width:120px;'><strong>Groupe de travail du 6 juin<\/strong><\/dt>\n<\/dl>\n<p class=\"spip\"><i class=\"spip\"><br \/>\nVos repr\u00e9sentant-es FSU \/ CGT : Fr\u00e9d\u00e9ric Belly, Fr\u00e9d\u00e9rique Delage, Anne-Sophie Decha, Charles Girault, Matthieu Menaut<\/i><\/p>\n<\/div>\n","protected":false},"excerpt":{"rendered":"<p>Le CTSD d&rsquo;ajustement se tiendra le mardi 11 juin \u00e0 14h. L&rsquo;IA prononcera des ouvertures et des fermetures de classes et\/ou de dispositifs. <br \/>Ce jeudi matin se tenait un groupe de travail pr\u00e9paratoire. L&rsquo;IA a comme projet de : <br \/>Projet d&rsquo; Ouvertures <br \/>Vouneuil \/s Biard Cousteau \u00e9l\u00e9m <br \/>St Julien L&rsquo;Ars &#8211; Th\u00e9odore Monod mat <br \/>Projet d&rsquo;annulations de fermetures prononc\u00e9es en f\u00e9vrier <br \/>Coussay &#8211; Leign\u00e9 les Bois <br \/>Beuxes &#8211; Sammar\u00e7olles <br \/>Projet de Fermetures <br \/>Availles Limouzine prim <br \/>Moulismes prim <br \/>St (&#8230;)<br \/>\n&#8211;<br \/>\n<a href=\"http:\/\/86.snuipp.fr\/spip.php?rubrique159\" rel=\"directory\">Carte scolaire<\/a><br \/>\n\/<br \/>\n<a href=\"http:\/\/86.snuipp.fr\/spip.php?mot320\" rel=\"tag\">Rythmes scolaires<\/a><\/p>\n","protected":false},"author":1,"featured_media":0,"comment_status":"open","ping_status":"open","sticky":false,"template":"","format":"standard","meta":{"footnotes":""},"categories":[14],"tags":[4],"class_list":["post-17756","post","type-post","status-publish","format-standard","hentry","category-a-la-une","tag-csa86"],"yoast_head":"<!-- This site is optimized with the Yoast SEO plugin v26.6 - https:\/\/yoast.com\/wordpress\/plugins\/seo\/ -->\n<title>Ouvertures et fermetures : projet de l&#039;IA au 6 juin - FSU-SNUipp 86<\/title>\n<meta name=\"robots\" content=\"index, follow, max-snippet:-1, max-image-preview:large, max-video-preview:-1\" \/>\n<link rel=\"canonical\" href=\"https:\/\/snuipp86.fr\/index.php\/2019\/06\/06\/ouvertures-et-fermetures-projet-de-lia-au-6-juin\/\" \/>\n<meta property=\"og:locale\" content=\"fr_FR\" \/>\n<meta property=\"og:type\" content=\"article\" \/>\n<meta property=\"og:title\" content=\"Ouvertures et fermetures : projet de l&#039;IA au 6 juin - FSU-SNUipp 86\" \/>\n<meta property=\"og:description\" content=\"Le CTSD d&#039;ajustement se tiendra le mardi 11 juin \u00e0 14h. L&#039;IA prononcera des ouvertures et des fermetures de classes et\/ou de dispositifs. Ce jeudi matin se tenait un groupe de travail pr\u00e9paratoire. L&#039;IA a comme projet de : Projet d&#039; Ouvertures Vouneuil \/s Biard Cousteau \u00e9l\u00e9m St Julien L&#039;Ars - Th\u00e9odore Monod mat Projet d&#039;annulations de fermetures prononc\u00e9es en f\u00e9vrier Coussay - Leign\u00e9 les Bois Beuxes - Sammar\u00e7olles Projet de Fermetures Availles Limouzine prim Moulismes prim St (...) - Carte scolaire \/ Rythmes scolaires\" \/>\n<meta property=\"og:url\" content=\"https:\/\/snuipp86.fr\/index.php\/2019\/06\/06\/ouvertures-et-fermetures-projet-de-lia-au-6-juin\/\" \/>\n<meta property=\"og:site_name\" content=\"FSU-SNUipp 86\" \/>\n<meta property=\"article:published_time\" content=\"2019-06-06T14:26:50+00:00\" \/>\n<meta property=\"article:modified_time\" content=\"2019-09-23T12:46:33+00:00\" \/>\n<meta property=\"og:image\" content=\"http:\/\/snuipp86.fr\/wp-content\/spip\/IMG\/arton4341.png\" \/>\n<meta name=\"author\" content=\"WP86Admin\" \/>\n<meta name=\"twitter:card\" content=\"summary_large_image\" \/>\n<meta name=\"twitter:label1\" content=\"\u00c9crit par\" \/>\n\t<meta name=\"twitter:data1\" content=\"WP86Admin\" \/>\n\t<meta name=\"twitter:label2\" content=\"Dur\u00e9e de lecture estim\u00e9e\" \/>\n\t<meta name=\"twitter:data2\" content=\"1 minute\" \/>\n<script type=\"application\/ld+json\" class=\"yoast-schema-graph\">{\"@context\":\"https:\/\/schema.org\",\"@graph\":[{\"@type\":\"WebPage\",\"@id\":\"https:\/\/snuipp86.fr\/index.php\/2019\/06\/06\/ouvertures-et-fermetures-projet-de-lia-au-6-juin\/\",\"url\":\"https:\/\/snuipp86.fr\/index.php\/2019\/06\/06\/ouvertures-et-fermetures-projet-de-lia-au-6-juin\/\",\"name\":\"Ouvertures et fermetures : projet de l'IA au 6 juin - FSU-SNUipp 86\",\"isPartOf\":{\"@id\":\"https:\/\/snuipp86.fr\/#website\"},\"primaryImageOfPage\":{\"@id\":\"https:\/\/snuipp86.fr\/index.php\/2019\/06\/06\/ouvertures-et-fermetures-projet-de-lia-au-6-juin\/#primaryimage\"},\"image\":{\"@id\":\"https:\/\/snuipp86.fr\/index.php\/2019\/06\/06\/ouvertures-et-fermetures-projet-de-lia-au-6-juin\/#primaryimage\"},\"thumbnailUrl\":\"http:\/\/snuipp86.fr\/wp-content\/spip\/IMG\/arton4341.png\",\"datePublished\":\"2019-06-06T14:26:50+00:00\",\"dateModified\":\"2019-09-23T12:46:33+00:00\",\"author\":{\"@id\":\"https:\/\/snuipp86.fr\/#\/schema\/person\/901b28b9ae1c7a63a6a940102e52a7a2\"},\"breadcrumb\":{\"@id\":\"https:\/\/snuipp86.fr\/index.php\/2019\/06\/06\/ouvertures-et-fermetures-projet-de-lia-au-6-juin\/#breadcrumb\"},\"inLanguage\":\"fr-FR\",\"potentialAction\":[{\"@type\":\"ReadAction\",\"target\":[\"https:\/\/snuipp86.fr\/index.php\/2019\/06\/06\/ouvertures-et-fermetures-projet-de-lia-au-6-juin\/\"]}]},{\"@type\":\"ImageObject\",\"inLanguage\":\"fr-FR\",\"@id\":\"https:\/\/snuipp86.fr\/index.php\/2019\/06\/06\/ouvertures-et-fermetures-projet-de-lia-au-6-juin\/#primaryimage\",\"url\":\"http:\/\/snuipp86.fr\/wp-content\/spip\/IMG\/arton4341.png\",\"contentUrl\":\"http:\/\/snuipp86.fr\/wp-content\/spip\/IMG\/arton4341.png\"},{\"@type\":\"BreadcrumbList\",\"@id\":\"https:\/\/snuipp86.fr\/index.php\/2019\/06\/06\/ouvertures-et-fermetures-projet-de-lia-au-6-juin\/#breadcrumb\",\"itemListElement\":[{\"@type\":\"ListItem\",\"position\":1,\"name\":\"Accueil\",\"item\":\"https:\/\/snuipp86.fr\/\"},{\"@type\":\"ListItem\",\"position\":2,\"name\":\"Ouvertures et fermetures : projet de l&#8217;IA au 6 juin\"}]},{\"@type\":\"WebSite\",\"@id\":\"https:\/\/snuipp86.fr\/#website\",\"url\":\"https:\/\/snuipp86.fr\/\",\"name\":\"FSU-SNUipp 86\",\"description\":\"Des id\u00e9es qui font l&#039;\u00e9cole\",\"potentialAction\":[{\"@type\":\"SearchAction\",\"target\":{\"@type\":\"EntryPoint\",\"urlTemplate\":\"https:\/\/snuipp86.fr\/?s={search_term_string}\"},\"query-input\":{\"@type\":\"PropertyValueSpecification\",\"valueRequired\":true,\"valueName\":\"search_term_string\"}}],\"inLanguage\":\"fr-FR\"},{\"@type\":\"Person\",\"@id\":\"https:\/\/snuipp86.fr\/#\/schema\/person\/901b28b9ae1c7a63a6a940102e52a7a2\",\"name\":\"WP86Admin\",\"image\":{\"@type\":\"ImageObject\",\"inLanguage\":\"fr-FR\",\"@id\":\"https:\/\/snuipp86.fr\/#\/schema\/person\/image\/\",\"url\":\"https:\/\/secure.gravatar.com\/avatar\/0099845c7ec05dc10d777d8ab4f5142c5ba316283821af2459738ad469a37a1a?s=96&d=mm&r=g\",\"contentUrl\":\"https:\/\/secure.gravatar.com\/avatar\/0099845c7ec05dc10d777d8ab4f5142c5ba316283821af2459738ad469a37a1a?s=96&d=mm&r=g\",\"caption\":\"WP86Admin\"},\"url\":\"https:\/\/snuipp86.fr\/index.php\/author\/wp86admin\/\"}]}<\/script>\n<!-- \/ Yoast SEO plugin. -->","yoast_head_json":{"title":"Ouvertures et fermetures : projet de l'IA au 6 juin - FSU-SNUipp 86","robots":{"index":"index","follow":"follow","max-snippet":"max-snippet:-1","max-image-preview":"max-image-preview:large","max-video-preview":"max-video-preview:-1"},"canonical":"https:\/\/snuipp86.fr\/index.php\/2019\/06\/06\/ouvertures-et-fermetures-projet-de-lia-au-6-juin\/","og_locale":"fr_FR","og_type":"article","og_title":"Ouvertures et fermetures : projet de l'IA au 6 juin - FSU-SNUipp 86","og_description":"Le CTSD d'ajustement se tiendra le mardi 11 juin \u00e0 14h. L'IA prononcera des ouvertures et des fermetures de classes et\/ou de dispositifs. Ce jeudi matin se tenait un groupe de travail pr\u00e9paratoire. L'IA a comme projet de : Projet d' Ouvertures Vouneuil \/s Biard Cousteau \u00e9l\u00e9m St Julien L'Ars - Th\u00e9odore Monod mat Projet d'annulations de fermetures prononc\u00e9es en f\u00e9vrier Coussay - Leign\u00e9 les Bois Beuxes - Sammar\u00e7olles Projet de Fermetures Availles Limouzine prim Moulismes prim St (...) - Carte scolaire \/ Rythmes scolaires","og_url":"https:\/\/snuipp86.fr\/index.php\/2019\/06\/06\/ouvertures-et-fermetures-projet-de-lia-au-6-juin\/","og_site_name":"FSU-SNUipp 86","article_published_time":"2019-06-06T14:26:50+00:00","article_modified_time":"2019-09-23T12:46:33+00:00","og_image":[{"url":"http:\/\/snuipp86.fr\/wp-content\/spip\/IMG\/arton4341.png","type":"","width":"","height":""}],"author":"WP86Admin","twitter_card":"summary_large_image","twitter_misc":{"\u00c9crit par":"WP86Admin","Dur\u00e9e de lecture estim\u00e9e":"1 minute"},"schema":{"@context":"https:\/\/schema.org","@graph":[{"@type":"WebPage","@id":"https:\/\/snuipp86.fr\/index.php\/2019\/06\/06\/ouvertures-et-fermetures-projet-de-lia-au-6-juin\/","url":"https:\/\/snuipp86.fr\/index.php\/2019\/06\/06\/ouvertures-et-fermetures-projet-de-lia-au-6-juin\/","name":"Ouvertures et fermetures : projet de l'IA au 6 juin - FSU-SNUipp 86","isPartOf":{"@id":"https:\/\/snuipp86.fr\/#website"},"primaryImageOfPage":{"@id":"https:\/\/snuipp86.fr\/index.php\/2019\/06\/06\/ouvertures-et-fermetures-projet-de-lia-au-6-juin\/#primaryimage"},"image":{"@id":"https:\/\/snuipp86.fr\/index.php\/2019\/06\/06\/ouvertures-et-fermetures-projet-de-lia-au-6-juin\/#primaryimage"},"thumbnailUrl":"http:\/\/snuipp86.fr\/wp-content\/spip\/IMG\/arton4341.png","datePublished":"2019-06-06T14:26:50+00:00","dateModified":"2019-09-23T12:46:33+00:00","author":{"@id":"https:\/\/snuipp86.fr\/#\/schema\/person\/901b28b9ae1c7a63a6a940102e52a7a2"},"breadcrumb":{"@id":"https:\/\/snuipp86.fr\/index.php\/2019\/06\/06\/ouvertures-et-fermetures-projet-de-lia-au-6-juin\/#breadcrumb"},"inLanguage":"fr-FR","potentialAction":[{"@type":"ReadAction","target":["https:\/\/snuipp86.fr\/index.php\/2019\/06\/06\/ouvertures-et-fermetures-projet-de-lia-au-6-juin\/"]}]},{"@type":"ImageObject","inLanguage":"fr-FR","@id":"https:\/\/snuipp86.fr\/index.php\/2019\/06\/06\/ouvertures-et-fermetures-projet-de-lia-au-6-juin\/#primaryimage","url":"http:\/\/snuipp86.fr\/wp-content\/spip\/IMG\/arton4341.png","contentUrl":"http:\/\/snuipp86.fr\/wp-content\/spip\/IMG\/arton4341.png"},{"@type":"BreadcrumbList","@id":"https:\/\/snuipp86.fr\/index.php\/2019\/06\/06\/ouvertures-et-fermetures-projet-de-lia-au-6-juin\/#breadcrumb","itemListElement":[{"@type":"ListItem","position":1,"name":"Accueil","item":"https:\/\/snuipp86.fr\/"},{"@type":"ListItem","position":2,"name":"Ouvertures et fermetures : projet de l&#8217;IA au 6 juin"}]},{"@type":"WebSite","@id":"https:\/\/snuipp86.fr\/#website","url":"https:\/\/snuipp86.fr\/","name":"FSU-SNUipp 86","description":"Des id\u00e9es qui font l&#039;\u00e9cole","potentialAction":[{"@type":"SearchAction","target":{"@type":"EntryPoint","urlTemplate":"https:\/\/snuipp86.fr\/?s={search_term_string}"},"query-input":{"@type":"PropertyValueSpecification","valueRequired":true,"valueName":"search_term_string"}}],"inLanguage":"fr-FR"},{"@type":"Person","@id":"https:\/\/snuipp86.fr\/#\/schema\/person\/901b28b9ae1c7a63a6a940102e52a7a2","name":"WP86Admin","image":{"@type":"ImageObject","inLanguage":"fr-FR","@id":"https:\/\/snuipp86.fr\/#\/schema\/person\/image\/","url":"https:\/\/secure.gravatar.com\/avatar\/0099845c7ec05dc10d777d8ab4f5142c5ba316283821af2459738ad469a37a1a?s=96&d=mm&r=g","contentUrl":"https:\/\/secure.gravatar.com\/avatar\/0099845c7ec05dc10d777d8ab4f5142c5ba316283821af2459738ad469a37a1a?s=96&d=mm&r=g","caption":"WP86Admin"},"url":"https:\/\/snuipp86.fr\/index.php\/author\/wp86admin\/"}]}},"_links":{"self":[{"href":"https:\/\/snuipp86.fr\/index.php\/wp-json\/wp\/v2\/posts\/17756","targetHints":{"allow":["GET"]}}],"collection":[{"href":"https:\/\/snuipp86.fr\/index.php\/wp-json\/wp\/v2\/posts"}],"about":[{"href":"https:\/\/snuipp86.fr\/index.php\/wp-json\/wp\/v2\/types\/post"}],"author":[{"embeddable":true,"href":"https:\/\/snuipp86.fr\/index.php\/wp-json\/wp\/v2\/users\/1"}],"replies":[{"embeddable":true,"href":"https:\/\/snuipp86.fr\/index.php\/wp-json\/wp\/v2\/comments?post=17756"}],"version-history":[{"count":0,"href":"https:\/\/snuipp86.fr\/index.php\/wp-json\/wp\/v2\/posts\/17756\/revisions"}],"wp:attachment":[{"href":"https:\/\/snuipp86.fr\/index.php\/wp-json\/wp\/v2\/media?parent=17756"}],"wp:term":[{"taxonomy":"category","embeddable":true,"href":"https:\/\/snuipp86.fr\/index.php\/wp-json\/wp\/v2\/categories?post=17756"},{"taxonomy":"post_tag","embeddable":true,"href":"https:\/\/snuipp86.fr\/index.php\/wp-json\/wp\/v2\/tags?post=17756"}],"curies":[{"name":"wp","href":"https:\/\/api.w.org\/{rel}","templated":true}]}}